{"id":66554,"date":"2015-07-10T12:05:51","date_gmt":"2015-07-10T10:05:51","guid":{"rendered":"https:\/\/www.welovecycling.com\/?p=66554"},"modified":"2015-07-14T15:43:34","modified_gmt":"2015-07-14T13:43:34","slug":"5-winners-head-to-the-tour","status":"publish","type":"post","link":"https:\/\/www.welovecycling.com\/wide\/2015\/07\/10\/5-winners-head-to-the-tour\/","title":{"rendered":"5 Winners Head to the Tour"},"content":{"rendered":"<p><span style=\"color: #000000\"><strong>Big congratulations to our 5 winners! They&#8217;ll\u00a0be heading to the Tour de France next week for a 3-day all-inclusive trip that includes a helicopter flyover of the peloton. But our TdF contest isn&#8217;t\u00a0over yet \u2013 <a href=\"https:\/\/www.welovecycling.com\/appen\/\" target=\"_blank\">you can still win<\/a> the official Green Jersey signed by every rider who wore it during this year\u2019s race.<\/strong><\/span><!--more--><\/p>\n<p><span style=\"color: #993300\"><strong>We&#8217;re contacting the winners by\u00a0email, so be sure to\u00a0check your inbox.<\/strong><\/span><\/p>\n<p>Our winners will start things off with an early morning ride with former Tour de France great Stephen Roche. Along the way he\u2019ll share stories from his Tour experiences and the world of cycling, as well as training tips and what our winners can expect on the day\u2019s stage.<\/p>\n<p><img loading=\"lazy\" decoding=\"async\" class=\"alignnone size-medium wp-image-66557\" src=\"https:\/\/d2p6e6u75xmxt8.cloudfront.net\/2\/2015\/07\/StephenRoche-600x292.jpg\" alt=\"\" width=\"600\" height=\"292\" \/><br \/>\n<em>Photo: \u0160koda AUTO<\/em><\/p>\n<p>After breakfast, our winners will head to Muret for the start of Stage 13, from where they\u2019ll hop into a \u0160koda VIP car to ride along and experience the Tour in action. This will be topped by a thrilling helicopter flyover of the peloton, giving our winners a complete bird\u2019s-eye view of the race.<\/p>\n<p><img loading=\"lazy\" decoding=\"async\" class=\"alignnone size-medium wp-image-66558\" src=\"https:\/\/d2p6e6u75xmxt8.cloudfront.net\/2\/2015\/07\/profimedia-0018535285-600x416.jpg\" alt=\"\" width=\"600\" height=\"416\" \/><\/p>\n<p>Back on the ground, our winners will enjoy a pleasant and delicious roadside picnic, after which they\u2019ll head to the finish line in Rodez to see the stage winners cross and enjoy the award ceremony.<\/p>\n<p><img loading=\"lazy\" decoding=\"async\" class=\"alignnone size-medium wp-image-66559\" src=\"https:\/\/d2p6e6u75xmxt8.cloudfront.net\/2\/2015\/07\/profimedia-0165739022-600x400.jpg\" alt=\"\" width=\"600\" height=\"400\" \/><\/p>\n","protected":false},"excerpt":{"rendered":"<p>Big congratulations to our 5 winners! They&#8217;ll\u00a0be heading to the Tour de France next week for a 3-day all-inclusive trip [&hellip;]<\/p>\n","protected":false},"author":14,"featured_media":66560,"comment_status":"open","ping_status":"open","sticky":false,"template":"","format":"standard","meta":{"footnotes":""},"categories":[329],"tags":[],"global-categories":[],"class_list":["post-66554","post","type-post","status-publish","format-standard","has-post-thumbnail","hentry","category-road-cycling"],"yoast_head":"<!-- This site is optimized with the Yoast SEO Premium plugin v25.3 (Yoast SEO v25.9) - https:\/\/yoast.com\/wordpress\/plugins\/seo\/ -->\n<title>5 Winners Head to the Tour - \u0160koda We Love Cycling<\/title>\n<meta name=\"description\" content=\"Big congratulations to our 5 winners! They&#039;ll be heading to the Tour de France next week for a 3-day all-inclusive trip.\" \/>\n<meta name=\"robots\" content=\"index, follow, max-snippet:-1, max-image-preview:large, max-video-preview:-1\" \/>\n<link rel=\"canonical\" href=\"https:\/\/www.welovecycling.com\/wide\/2015\/07\/10\/5-winners-head-to-the-tour\/\" \/>\n<meta property=\"og:locale\" content=\"en_US\" \/>\n<meta property=\"og:type\" content=\"article\" \/>\n<meta property=\"og:title\" content=\"5 Winners Head to the Tour\" \/>\n<meta property=\"og:description\" content=\"Big congratulations to our 5 winners! They&#039;ll be heading to the Tour de France next week for a 3-day all-inclusive trip.\" \/>\n<meta property=\"og:url\" content=\"https:\/\/www.welovecycling.com\/wide\/2015\/07\/10\/5-winners-head-to-the-tour\/\" \/>\n<meta property=\"og:site_name\" content=\"\u0160koda We Love Cycling\" \/>\n<meta property=\"article:published_time\" content=\"2015-07-10T10:05:51+00:00\" \/>\n<meta property=\"article:modified_time\" content=\"2015-07-14T13:43:34+00:00\" \/>\n<meta property=\"og:image\" content=\"https:\/\/d2p6e6u75xmxt8.cloudfront.net\/2\/2015\/07\/opener14.webp\" \/>\n\t<meta property=\"og:image:width\" content=\"525\" \/>\n\t<meta property=\"og:image:height\" content=\"350\" \/>\n\t<meta property=\"og:image:type\" content=\"image\/webp\" \/>\n<meta name=\"twitter:card\" content=\"summary_large_image\" \/>\n<meta name=\"twitter:label1\" content=\"Written by\" \/>\n\t<meta name=\"twitter:data1\" content=\"Brian Fleming\" \/>\n\t<meta name=\"twitter:label2\" content=\"Est. reading time\" \/>\n\t<meta name=\"twitter:data2\" content=\"1 minute\" \/>\n<script type=\"application\/ld+json\" class=\"yoast-schema-graph\">{\"@context\":\"https:\/\/schema.org\",\"@graph\":[{\"@type\":\"WebPage\",\"@id\":\"https:\/\/www.welovecycling.com\/wide\/2015\/07\/10\/5-winners-head-to-the-tour\/\",\"url\":\"https:\/\/www.welovecycling.com\/wide\/2015\/07\/10\/5-winners-head-to-the-tour\/\",\"name\":\"5 Winners Head to the Tour - \u0160koda We Love Cycling\",\"isPartOf\":{\"@id\":\"https:\/\/www.welovecycling.com\/wide\/#website\"},\"primaryImageOfPage\":{\"@id\":\"https:\/\/www.welovecycling.com\/wide\/2015\/07\/10\/5-winners-head-to-the-tour\/#primaryimage\"},\"image\":{\"@id\":\"https:\/\/www.welovecycling.com\/wide\/2015\/07\/10\/5-winners-head-to-the-tour\/#primaryimage\"},\"thumbnailUrl\":\"https:\/\/d2p6e6u75xmxt8.cloudfront.net\/2\/2015\/07\/opener14.webp\",\"datePublished\":\"2015-07-10T10:05:51+00:00\",\"dateModified\":\"2015-07-14T13:43:34+00:00\",\"author\":{\"@id\":\"\"},\"description\":\"Big congratulations to our 5 winners! They'll be heading to the Tour de France next week for a 3-day all-inclusive trip.\",\"breadcrumb\":{\"@id\":\"https:\/\/www.welovecycling.com\/wide\/2015\/07\/10\/5-winners-head-to-the-tour\/#breadcrumb\"},\"inLanguage\":\"en-US\",\"potentialAction\":[{\"@type\":\"ReadAction\",\"target\":[\"https:\/\/www.welovecycling.com\/wide\/2015\/07\/10\/5-winners-head-to-the-tour\/\"]}]},{\"@type\":\"ImageObject\",\"inLanguage\":\"en-US\",\"@id\":\"https:\/\/www.welovecycling.com\/wide\/2015\/07\/10\/5-winners-head-to-the-tour\/#primaryimage\",\"url\":\"https:\/\/d2p6e6u75xmxt8.cloudfront.net\/2\/2015\/07\/opener14.webp\",\"contentUrl\":\"https:\/\/d2p6e6u75xmxt8.cloudfront.net\/2\/2015\/07\/opener14.webp\",\"width\":525,\"height\":350},{\"@type\":\"BreadcrumbList\",\"@id\":\"https:\/\/www.welovecycling.com\/wide\/2015\/07\/10\/5-winners-head-to-the-tour\/#breadcrumb\",\"itemListElement\":[{\"@type\":\"ListItem\",\"position\":1,\"name\":\"Home\",\"item\":\"https:\/\/www.welovecycling.com\/wide\/\"},{\"@type\":\"ListItem\",\"position\":2,\"name\":\"5 Winners Head to the Tour\"}]},{\"@type\":\"WebSite\",\"@id\":\"https:\/\/www.welovecycling.com\/wide\/#website\",\"url\":\"https:\/\/www.welovecycling.com\/wide\/\",\"name\":\"\u0160koda We Love Cycling\",\"description\":\"\u0160koda We Love Cycling magazine\",\"alternateName\":\"\u0160koda WLC\",\"potentialAction\":[{\"@type\":\"SearchAction\",\"target\":{\"@type\":\"EntryPoint\",\"urlTemplate\":\"https:\/\/www.welovecycling.com\/wide\/?s={search_term_string}\"},\"query-input\":{\"@type\":\"PropertyValueSpecification\",\"valueRequired\":true,\"valueName\":\"search_term_string\"}}],\"inLanguage\":\"en-US\"},{\"@type\":\"Person\",\"@id\":\"\",\"url\":\"https:\/\/www.welovecycling.com\/wide\/author\/\"}]}<\/script>\n<!-- \/ Yoast SEO Premium plugin. -->","yoast_head_json":{"title":"5 Winners Head to the Tour - \u0160koda We Love Cycling","description":"Big congratulations to our 5 winners! They'll be heading to the Tour de France next week for a 3-day all-inclusive trip.","robots":{"index":"index","follow":"follow","max-snippet":"max-snippet:-1","max-image-preview":"max-image-preview:large","max-video-preview":"max-video-preview:-1"},"canonical":"https:\/\/www.welovecycling.com\/wide\/2015\/07\/10\/5-winners-head-to-the-tour\/","og_locale":"en_US","og_type":"article","og_title":"5 Winners Head to the Tour","og_description":"Big congratulations to our 5 winners! They'll be heading to the Tour de France next week for a 3-day all-inclusive trip.","og_url":"https:\/\/www.welovecycling.com\/wide\/2015\/07\/10\/5-winners-head-to-the-tour\/","og_site_name":"\u0160koda We Love Cycling","article_published_time":"2015-07-10T10:05:51+00:00","article_modified_time":"2015-07-14T13:43:34+00:00","og_image":[{"width":525,"height":350,"url":"https:\/\/d2p6e6u75xmxt8.cloudfront.net\/2\/2015\/07\/opener14.webp","type":"image\/webp"}],"twitter_card":"summary_large_image","twitter_misc":{"Written by":"Brian Fleming","Est. reading time":"1 minute"},"schema":{"@context":"https:\/\/schema.org","@graph":[{"@type":"WebPage","@id":"https:\/\/www.welovecycling.com\/wide\/2015\/07\/10\/5-winners-head-to-the-tour\/","url":"https:\/\/www.welovecycling.com\/wide\/2015\/07\/10\/5-winners-head-to-the-tour\/","name":"5 Winners Head to the Tour - \u0160koda We Love Cycling","isPartOf":{"@id":"https:\/\/www.welovecycling.com\/wide\/#website"},"primaryImageOfPage":{"@id":"https:\/\/www.welovecycling.com\/wide\/2015\/07\/10\/5-winners-head-to-the-tour\/#primaryimage"},"image":{"@id":"https:\/\/www.welovecycling.com\/wide\/2015\/07\/10\/5-winners-head-to-the-tour\/#primaryimage"},"thumbnailUrl":"https:\/\/d2p6e6u75xmxt8.cloudfront.net\/2\/2015\/07\/opener14.webp","datePublished":"2015-07-10T10:05:51+00:00","dateModified":"2015-07-14T13:43:34+00:00","author":{"@id":""},"description":"Big congratulations to our 5 winners! They'll be heading to the Tour de France next week for a 3-day all-inclusive trip.","breadcrumb":{"@id":"https:\/\/www.welovecycling.com\/wide\/2015\/07\/10\/5-winners-head-to-the-tour\/#breadcrumb"},"inLanguage":"en-US","potentialAction":[{"@type":"ReadAction","target":["https:\/\/www.welovecycling.com\/wide\/2015\/07\/10\/5-winners-head-to-the-tour\/"]}]},{"@type":"ImageObject","inLanguage":"en-US","@id":"https:\/\/www.welovecycling.com\/wide\/2015\/07\/10\/5-winners-head-to-the-tour\/#primaryimage","url":"https:\/\/d2p6e6u75xmxt8.cloudfront.net\/2\/2015\/07\/opener14.webp","contentUrl":"https:\/\/d2p6e6u75xmxt8.cloudfront.net\/2\/2015\/07\/opener14.webp","width":525,"height":350},{"@type":"BreadcrumbList","@id":"https:\/\/www.welovecycling.com\/wide\/2015\/07\/10\/5-winners-head-to-the-tour\/#breadcrumb","itemListElement":[{"@type":"ListItem","position":1,"name":"Home","item":"https:\/\/www.welovecycling.com\/wide\/"},{"@type":"ListItem","position":2,"name":"5 Winners Head to the Tour"}]},{"@type":"WebSite","@id":"https:\/\/www.welovecycling.com\/wide\/#website","url":"https:\/\/www.welovecycling.com\/wide\/","name":"\u0160koda We Love Cycling","description":"\u0160koda We Love Cycling magazine","alternateName":"\u0160koda WLC","potentialAction":[{"@type":"SearchAction","target":{"@type":"EntryPoint","urlTemplate":"https:\/\/www.welovecycling.com\/wide\/?s={search_term_string}"},"query-input":{"@type":"PropertyValueSpecification","valueRequired":true,"valueName":"search_term_string"}}],"inLanguage":"en-US"},{"@type":"Person","@id":"","url":"https:\/\/www.welovecycling.com\/wide\/author\/"}]}},"_links":{"self":[{"href":"https:\/\/www.welovecycling.com\/wide\/wp-json\/wp\/v2\/posts\/66554","targetHints":{"allow":["GET"]}}],"collection":[{"href":"https:\/\/www.welovecycling.com\/wide\/wp-json\/wp\/v2\/posts"}],"about":[{"href":"https:\/\/www.welovecycling.com\/wide\/wp-json\/wp\/v2\/types\/post"}],"author":[{"embeddable":true,"href":"https:\/\/www.welovecycling.com\/wide\/wp-json\/wp\/v2\/users\/14"}],"replies":[{"embeddable":true,"href":"https:\/\/www.welovecycling.com\/wide\/wp-json\/wp\/v2\/comments?post=66554"}],"version-history":[{"count":2,"href":"https:\/\/www.welovecycling.com\/wide\/wp-json\/wp\/v2\/posts\/66554\/revisions"}],"predecessor-version":[{"id":83590,"href":"https:\/\/www.welovecycling.com\/wide\/wp-json\/wp\/v2\/posts\/66554\/revisions\/83590"}],"wp:featuredmedia":[{"embeddable":true,"href":"https:\/\/www.welovecycling.com\/wide\/wp-json\/wp\/v2\/media\/66560"}],"wp:attachment":[{"href":"https:\/\/www.welovecycling.com\/wide\/wp-json\/wp\/v2\/media?parent=66554"}],"wp:term":[{"taxonomy":"category","embeddable":true,"href":"https:\/\/www.welovecycling.com\/wide\/wp-json\/wp\/v2\/categories?post=66554"},{"taxonomy":"post_tag","embeddable":true,"href":"https:\/\/www.welovecycling.com\/wide\/wp-json\/wp\/v2\/tags?post=66554"},{"taxonomy":"global-categories","embeddable":true,"href":"https:\/\/www.welovecycling.com\/wide\/wp-json\/wp\/v2\/global-categories?post=66554"}],"curies":[{"name":"wp","href":"https:\/\/api.w.org\/{rel}","templated":true}]}}