{"id":62626,"date":"2015-07-09T16:47:46","date_gmt":"2015-07-09T14:47:46","guid":{"rendered":"https:\/\/www.welovecycling.com\/?p=62626"},"modified":"2015-07-09T16:47:46","modified_gmt":"2015-07-09T14:47:46","slug":"green-jersey-andre-greipel-interview-after-stage-5","status":"publish","type":"post","link":"https:\/\/www.welovecycling.com\/wide\/2015\/07\/09\/green-jersey-andre-greipel-interview-after-stage-5\/","title":{"rendered":"Green Jersey: Andr\u00e9 Greipel interview after stage 5"},"content":{"rendered":"<p><strong>Following\u00a0the fifth stage of the 2015 Tour de France yesterday, we interviewed the winner of the Green Jersey, Andr\u00e9 Greipel, and asked him about this, his second Green Jersey win. According to him, the most important aspect of a sprinter is being first.<\/strong><\/p>\n<div class=\"embed-controller-wrapper\">\n<div class=\"embed-wrapper\"><iframe title=\"Green Jersey 2015: Andr\u00e9 Greipel interview after stage 5\" width=\"500\" height=\"281\" data-src=\"https:\/\/www.youtube.com\/embed\/tFSqUFhvhiM?feature=oembed\" frameborder=\"0\" allow=\"accelerometer; autoplay; clipboard-write; encrypted-media; gyroscope; picture-in-picture; web-share\" referrerpolicy=\"strict-origin-when-cross-origin\" allowfullscreen><\/iframe><\/div>\n<\/div>\n","protected":false},"excerpt":{"rendered":"<p>Following\u00a0the fifth stage of the 2015 Tour de France yesterday, we interviewed the winner of the Green Jersey, Andr\u00e9 Greipel, [&hellip;]<\/p>\n","protected":false},"author":14,"featured_media":62633,"comment_status":"open","ping_status":"open","sticky":false,"template":"","format":"standard","meta":{"footnotes":""},"categories":[329],"tags":[],"global-categories":[],"class_list":["post-62626","post","type-post","status-publish","format-standard","has-post-thumbnail","hentry","category-road-cycling"],"yoast_head":"<!-- This site is optimized with the Yoast SEO Premium plugin v25.3 (Yoast SEO v25.9) - https:\/\/yoast.com\/wordpress\/plugins\/seo\/ -->\n<title>Green Jersey: Andr\u00e9 Greipel interview after stage 5 - \u0160koda We Love Cycling<\/title>\n<meta name=\"description\" content=\"Following\u00a0the fifth stage of the 2015 Tour de France yesterday, we interviewed the winner of the Green Jersey, Andr\u00e9 Greipel, and asked him about this,\" \/>\n<meta name=\"robots\" content=\"index, follow, max-snippet:-1, max-image-preview:large, max-video-preview:-1\" \/>\n<link rel=\"canonical\" href=\"https:\/\/www.welovecycling.com\/wide\/2015\/07\/09\/green-jersey-andre-greipel-interview-after-stage-5\/\" \/>\n<meta property=\"og:locale\" content=\"en_US\" \/>\n<meta property=\"og:type\" content=\"article\" \/>\n<meta property=\"og:title\" content=\"Green Jersey: Andr\u00e9 Greipel interview after stage 5\" \/>\n<meta property=\"og:description\" content=\"Following\u00a0the fifth stage of the 2015 Tour de France yesterday, we interviewed the winner of the Green Jersey, Andr\u00e9 Greipel, and asked him about this,\" \/>\n<meta property=\"og:url\" content=\"https:\/\/www.welovecycling.com\/wide\/2015\/07\/09\/green-jersey-andre-greipel-interview-after-stage-5\/\" \/>\n<meta property=\"og:site_name\" content=\"\u0160koda We Love Cycling\" \/>\n<meta property=\"article:published_time\" content=\"2015-07-09T14:47:46+00:00\" \/>\n<meta property=\"og:image\" content=\"https:\/\/d2p6e6u75xmxt8.cloudfront.net\/2\/2015\/07\/opener13.webp\" \/>\n\t<meta property=\"og:image:width\" content=\"525\" \/>\n\t<meta property=\"og:image:height\" content=\"350\" \/>\n\t<meta property=\"og:image:type\" content=\"image\/webp\" \/>\n<meta name=\"twitter:card\" content=\"summary_large_image\" \/>\n<meta name=\"twitter:label1\" content=\"Written by\" \/>\n\t<meta name=\"twitter:data1\" content=\"Brian Fleming\" \/>\n<script type=\"application\/ld+json\" class=\"yoast-schema-graph\">{\"@context\":\"https:\/\/schema.org\",\"@graph\":[{\"@type\":\"WebPage\",\"@id\":\"https:\/\/www.welovecycling.com\/wide\/2015\/07\/09\/green-jersey-andre-greipel-interview-after-stage-5\/\",\"url\":\"https:\/\/www.welovecycling.com\/wide\/2015\/07\/09\/green-jersey-andre-greipel-interview-after-stage-5\/\",\"name\":\"Green Jersey: Andr\u00e9 Greipel interview after stage 5 - \u0160koda We Love Cycling\",\"isPartOf\":{\"@id\":\"https:\/\/www.welovecycling.com\/wide\/#website\"},\"primaryImageOfPage\":{\"@id\":\"https:\/\/www.welovecycling.com\/wide\/2015\/07\/09\/green-jersey-andre-greipel-interview-after-stage-5\/#primaryimage\"},\"image\":{\"@id\":\"https:\/\/www.welovecycling.com\/wide\/2015\/07\/09\/green-jersey-andre-greipel-interview-after-stage-5\/#primaryimage\"},\"thumbnailUrl\":\"https:\/\/d2p6e6u75xmxt8.cloudfront.net\/2\/2015\/07\/opener13.webp\",\"datePublished\":\"2015-07-09T14:47:46+00:00\",\"author\":{\"@id\":\"\"},\"description\":\"Following\u00a0the fifth stage of the 2015 Tour de France yesterday, we interviewed the winner of the Green Jersey, Andr\u00e9 Greipel, and asked him about this,\",\"breadcrumb\":{\"@id\":\"https:\/\/www.welovecycling.com\/wide\/2015\/07\/09\/green-jersey-andre-greipel-interview-after-stage-5\/#breadcrumb\"},\"inLanguage\":\"en-US\",\"potentialAction\":[{\"@type\":\"ReadAction\",\"target\":[\"https:\/\/www.welovecycling.com\/wide\/2015\/07\/09\/green-jersey-andre-greipel-interview-after-stage-5\/\"]}]},{\"@type\":\"ImageObject\",\"inLanguage\":\"en-US\",\"@id\":\"https:\/\/www.welovecycling.com\/wide\/2015\/07\/09\/green-jersey-andre-greipel-interview-after-stage-5\/#primaryimage\",\"url\":\"https:\/\/d2p6e6u75xmxt8.cloudfront.net\/2\/2015\/07\/opener13.webp\",\"contentUrl\":\"https:\/\/d2p6e6u75xmxt8.cloudfront.net\/2\/2015\/07\/opener13.webp\",\"width\":525,\"height\":350},{\"@type\":\"BreadcrumbList\",\"@id\":\"https:\/\/www.welovecycling.com\/wide\/2015\/07\/09\/green-jersey-andre-greipel-interview-after-stage-5\/#breadcrumb\",\"itemListElement\":[{\"@type\":\"ListItem\",\"position\":1,\"name\":\"Home\",\"item\":\"https:\/\/www.welovecycling.com\/wide\/\"},{\"@type\":\"ListItem\",\"position\":2,\"name\":\"Green Jersey: Andr\u00e9 Greipel interview after stage 5\"}]},{\"@type\":\"WebSite\",\"@id\":\"https:\/\/www.welovecycling.com\/wide\/#website\",\"url\":\"https:\/\/www.welovecycling.com\/wide\/\",\"name\":\"\u0160koda We Love Cycling\",\"description\":\"\u0160koda We Love Cycling magazine\",\"alternateName\":\"\u0160koda WLC\",\"potentialAction\":[{\"@type\":\"SearchAction\",\"target\":{\"@type\":\"EntryPoint\",\"urlTemplate\":\"https:\/\/www.welovecycling.com\/wide\/?s={search_term_string}\"},\"query-input\":{\"@type\":\"PropertyValueSpecification\",\"valueRequired\":true,\"valueName\":\"search_term_string\"}}],\"inLanguage\":\"en-US\"},{\"@type\":\"Person\",\"@id\":\"\",\"url\":\"https:\/\/www.welovecycling.com\/wide\/author\/\"}]}<\/script>\n<!-- \/ Yoast SEO Premium plugin. -->","yoast_head_json":{"title":"Green Jersey: Andr\u00e9 Greipel interview after stage 5 - \u0160koda We Love Cycling","description":"Following\u00a0the fifth stage of the 2015 Tour de France yesterday, we interviewed the winner of the Green Jersey, Andr\u00e9 Greipel, and asked him about this,","robots":{"index":"index","follow":"follow","max-snippet":"max-snippet:-1","max-image-preview":"max-image-preview:large","max-video-preview":"max-video-preview:-1"},"canonical":"https:\/\/www.welovecycling.com\/wide\/2015\/07\/09\/green-jersey-andre-greipel-interview-after-stage-5\/","og_locale":"en_US","og_type":"article","og_title":"Green Jersey: Andr\u00e9 Greipel interview after stage 5","og_description":"Following\u00a0the fifth stage of the 2015 Tour de France yesterday, we interviewed the winner of the Green Jersey, Andr\u00e9 Greipel, and asked him about this,","og_url":"https:\/\/www.welovecycling.com\/wide\/2015\/07\/09\/green-jersey-andre-greipel-interview-after-stage-5\/","og_site_name":"\u0160koda We Love Cycling","article_published_time":"2015-07-09T14:47:46+00:00","og_image":[{"width":525,"height":350,"url":"https:\/\/d2p6e6u75xmxt8.cloudfront.net\/2\/2015\/07\/opener13.webp","type":"image\/webp"}],"twitter_card":"summary_large_image","twitter_misc":{"Written by":"Brian Fleming"},"schema":{"@context":"https:\/\/schema.org","@graph":[{"@type":"WebPage","@id":"https:\/\/www.welovecycling.com\/wide\/2015\/07\/09\/green-jersey-andre-greipel-interview-after-stage-5\/","url":"https:\/\/www.welovecycling.com\/wide\/2015\/07\/09\/green-jersey-andre-greipel-interview-after-stage-5\/","name":"Green Jersey: Andr\u00e9 Greipel interview after stage 5 - \u0160koda We Love Cycling","isPartOf":{"@id":"https:\/\/www.welovecycling.com\/wide\/#website"},"primaryImageOfPage":{"@id":"https:\/\/www.welovecycling.com\/wide\/2015\/07\/09\/green-jersey-andre-greipel-interview-after-stage-5\/#primaryimage"},"image":{"@id":"https:\/\/www.welovecycling.com\/wide\/2015\/07\/09\/green-jersey-andre-greipel-interview-after-stage-5\/#primaryimage"},"thumbnailUrl":"https:\/\/d2p6e6u75xmxt8.cloudfront.net\/2\/2015\/07\/opener13.webp","datePublished":"2015-07-09T14:47:46+00:00","author":{"@id":""},"description":"Following\u00a0the fifth stage of the 2015 Tour de France yesterday, we interviewed the winner of the Green Jersey, Andr\u00e9 Greipel, and asked him about this,","breadcrumb":{"@id":"https:\/\/www.welovecycling.com\/wide\/2015\/07\/09\/green-jersey-andre-greipel-interview-after-stage-5\/#breadcrumb"},"inLanguage":"en-US","potentialAction":[{"@type":"ReadAction","target":["https:\/\/www.welovecycling.com\/wide\/2015\/07\/09\/green-jersey-andre-greipel-interview-after-stage-5\/"]}]},{"@type":"ImageObject","inLanguage":"en-US","@id":"https:\/\/www.welovecycling.com\/wide\/2015\/07\/09\/green-jersey-andre-greipel-interview-after-stage-5\/#primaryimage","url":"https:\/\/d2p6e6u75xmxt8.cloudfront.net\/2\/2015\/07\/opener13.webp","contentUrl":"https:\/\/d2p6e6u75xmxt8.cloudfront.net\/2\/2015\/07\/opener13.webp","width":525,"height":350},{"@type":"BreadcrumbList","@id":"https:\/\/www.welovecycling.com\/wide\/2015\/07\/09\/green-jersey-andre-greipel-interview-after-stage-5\/#breadcrumb","itemListElement":[{"@type":"ListItem","position":1,"name":"Home","item":"https:\/\/www.welovecycling.com\/wide\/"},{"@type":"ListItem","position":2,"name":"Green Jersey: Andr\u00e9 Greipel interview after stage 5"}]},{"@type":"WebSite","@id":"https:\/\/www.welovecycling.com\/wide\/#website","url":"https:\/\/www.welovecycling.com\/wide\/","name":"\u0160koda We Love Cycling","description":"\u0160koda We Love Cycling magazine","alternateName":"\u0160koda WLC","potentialAction":[{"@type":"SearchAction","target":{"@type":"EntryPoint","urlTemplate":"https:\/\/www.welovecycling.com\/wide\/?s={search_term_string}"},"query-input":{"@type":"PropertyValueSpecification","valueRequired":true,"valueName":"search_term_string"}}],"inLanguage":"en-US"},{"@type":"Person","@id":"","url":"https:\/\/www.welovecycling.com\/wide\/author\/"}]}},"_links":{"self":[{"href":"https:\/\/www.welovecycling.com\/wide\/wp-json\/wp\/v2\/posts\/62626","targetHints":{"allow":["GET"]}}],"collection":[{"href":"https:\/\/www.welovecycling.com\/wide\/wp-json\/wp\/v2\/posts"}],"about":[{"href":"https:\/\/www.welovecycling.com\/wide\/wp-json\/wp\/v2\/types\/post"}],"author":[{"embeddable":true,"href":"https:\/\/www.welovecycling.com\/wide\/wp-json\/wp\/v2\/users\/14"}],"replies":[{"embeddable":true,"href":"https:\/\/www.welovecycling.com\/wide\/wp-json\/wp\/v2\/comments?post=62626"}],"version-history":[{"count":2,"href":"https:\/\/www.welovecycling.com\/wide\/wp-json\/wp\/v2\/posts\/62626\/revisions"}],"predecessor-version":[{"id":62699,"href":"https:\/\/www.welovecycling.com\/wide\/wp-json\/wp\/v2\/posts\/62626\/revisions\/62699"}],"wp:featuredmedia":[{"embeddable":true,"href":"https:\/\/www.welovecycling.com\/wide\/wp-json\/wp\/v2\/media\/62633"}],"wp:attachment":[{"href":"https:\/\/www.welovecycling.com\/wide\/wp-json\/wp\/v2\/media?parent=62626"}],"wp:term":[{"taxonomy":"category","embeddable":true,"href":"https:\/\/www.welovecycling.com\/wide\/wp-json\/wp\/v2\/categories?post=62626"},{"taxonomy":"post_tag","embeddable":true,"href":"https:\/\/www.welovecycling.com\/wide\/wp-json\/wp\/v2\/tags?post=62626"},{"taxonomy":"global-categories","embeddable":true,"href":"https:\/\/www.welovecycling.com\/wide\/wp-json\/wp\/v2\/global-categories?post=62626"}],"curies":[{"name":"wp","href":"https:\/\/api.w.org\/{rel}","templated":true}]}}