{"id":5891,"date":"2014-09-14T20:11:31","date_gmt":"2014-09-14T20:11:31","guid":{"rendered":"https:\/\/www.welovecycling.com\/?p=5891"},"modified":"2016-05-03T08:22:56","modified_gmt":"2016-05-03T08:22:56","slug":"best-2014-la-vuelta","status":"publish","type":"post","link":"https:\/\/www.welovecycling.com\/wide\/2014\/09\/14\/best-2014-la-vuelta\/","title":{"rendered":"The Best of the 2014 La Vuelta"},"content":{"rendered":"<p><strong>The 2014 La Vuelta is over. Again, it was full of dramatic and beautiful moments. Here&#8217;s a selection of the most interesting ones!<\/strong><!--more--><\/p>\n<p>1. This is how happiness looks like. Australian Adam Hansen of Lotto &#8211; Belisol celebrates after winning the 19th stage.<\/p>\n<p><a href=\"https:\/\/d2p6e6u75xmxt8.cloudfront.net\/2\/2014\/09\/1.jpg.jpg\"><img loading=\"lazy\" decoding=\"async\" class=\"alignnone size-medium wp-image-25495\" src=\"https:\/\/d2p6e6u75xmxt8.cloudfront.net\/2\/2014\/09\/1.jpg-620x413.jpg\" alt=\"News - Sept. 12, 2014\" width=\"620\" height=\"413\" \/><\/a><br \/>\n<em>(Photo: Profimedia.cz)<\/em><\/p>\n<p>2. The bitter end of a fight: Italian Gianluca Brambilla (pictured) and Russia&#8217;s Ivan Rovny were disqualified from the race after a fight in the peloton. Both men landed punches and elbowed each other whilst continuing to cycle.<\/p>\n<p><a href=\"https:\/\/d2p6e6u75xmxt8.cloudfront.net\/2\/2014\/09\/2.jpg.jpg\"><img loading=\"lazy\" decoding=\"async\" class=\"alignnone size-medium wp-image-25496\" src=\"https:\/\/d2p6e6u75xmxt8.cloudfront.net\/2\/2014\/09\/2.jpg-620x412.jpg\" alt=\"Cycling: 69th Tour of Spain 2014 \/ Stage 16\" width=\"620\" height=\"412\" \/><\/a><br \/>\n<em>(Photo: Profimedia.cz)<\/em><\/p>\n<p>3. After winning the Giro d\u2019Italia and skipping the Tour de France, Nairo Quintana was a hot favourite. He had an excellent opportunity to win his second grand tour of the season. But after his second crash he wasn&#8217;t able to continue in the race.<\/p>\n<p><a href=\"https:\/\/d2p6e6u75xmxt8.cloudfront.net\/2\/2014\/09\/3.jpg.jpg\"><img loading=\"lazy\" decoding=\"async\" class=\"alignnone size-medium wp-image-25497\" src=\"https:\/\/d2p6e6u75xmxt8.cloudfront.net\/2\/2014\/09\/3.jpg-620x412.jpg\" alt=\"Cycling: 69th Tour of Spain 2014 \/ Stage 11\" width=\"620\" height=\"412\" \/><\/a><br \/>\n<em>(Photo: Profimedia.cz)<\/em><\/p>\n<p>4. In the middle of the race, the peloton faced extreme Africa-like heat. The average temperature was as high as 36 deg Celsius and the riders were exhausted.<\/p>\n<p><a href=\"https:\/\/d2p6e6u75xmxt8.cloudfront.net\/2\/2014\/09\/4.jpg.jpg\"><img loading=\"lazy\" decoding=\"async\" class=\"alignnone size-medium wp-image-25498\" src=\"https:\/\/d2p6e6u75xmxt8.cloudfront.net\/2\/2014\/09\/4.jpg-620x412.jpg\" alt=\"Cycling: 69th Tour of Spain 2014 \/ Stage 13\" width=\"620\" height=\"412\" \/><\/a><br \/>\n<em>(Photo: Profimedia.cz)<\/em><\/p>\n<p>5. The podium hostesses are almost always models or aspiring models.<\/p>\n<p><a href=\"https:\/\/d2p6e6u75xmxt8.cloudfront.net\/2\/2014\/09\/5.jpg.jpg\"><img loading=\"lazy\" decoding=\"async\" class=\"alignnone size-medium wp-image-25499\" src=\"https:\/\/d2p6e6u75xmxt8.cloudfront.net\/2\/2014\/09\/5.jpg-620x412.jpg\" alt=\"Cycling: 69th Tour of Spain 2014 \/ Stage 10\" width=\"620\" height=\"412\" \/><\/a><br \/>\n<em>(Photo: Profimedia.cz)<\/em><\/p>\n<p>6. Sheriff Alberto. Having recovered from the injury which ended his Tour de France challenge,\u00a0 Alberto Contador decided he would ride the Vuelta a Espana after all. And he finished the Spanish Grand Tour in red jersey. What a surprise!<\/p>\n<p><a href=\"https:\/\/d2p6e6u75xmxt8.cloudfront.net\/2\/2014\/09\/6.jpg.jpg\"><img loading=\"lazy\" decoding=\"async\" class=\"alignnone size-medium wp-image-25500\" src=\"https:\/\/d2p6e6u75xmxt8.cloudfront.net\/2\/2014\/09\/6.jpg-620x412.jpg\" alt=\"Cycling: 69th Tour of Spain 2014 \/ Stage 18\" width=\"620\" height=\"412\" \/><\/a><br \/>\n<em>(Photo: Profimedia.cz)<\/em><\/p>\n<p>7. Another punch? One day after fisticuffs between Brambilla and Rovny, Philip Deignan announced that Joaquin Rodriguez had punched him in the face and split his lip. &#8220;I am surprised to hear about this two days after it happened. There was nothing to it,&#8221; said Rodriguez, winner of 18th Stage.<\/p>\n<p><a href=\"https:\/\/d2p6e6u75xmxt8.cloudfront.net\/2\/2014\/09\/7.jpg.jpg\"><img loading=\"lazy\" decoding=\"async\" class=\"alignnone size-medium wp-image-25501\" src=\"https:\/\/d2p6e6u75xmxt8.cloudfront.net\/2\/2014\/09\/7.jpg-620x376.jpg\" alt=\"Cycling: 69th Tour of Spain 2014 \/ Stage 18\" width=\"620\" height=\"376\" \/><\/a><br \/>\n<em>(Photo: Profimedia.cz)<\/em><\/p>\n<p>8. Alberto Contador (nicknamed El Pistolero de Pinto) celebrates as he crosses the finish line. He\u00a0 won Spanish Grand Tour for the 3rd time.<\/p>\n<p><a href=\"https:\/\/d2p6e6u75xmxt8.cloudfront.net\/2\/2014\/09\/8.jpg\"><img loading=\"lazy\" decoding=\"async\" class=\"alignnone size-medium wp-image-25502\" src=\"https:\/\/d2p6e6u75xmxt8.cloudfront.net\/2\/2014\/09\/8-620x450.jpg\" alt=\"8\" width=\"620\" height=\"450\" \/><\/a><br \/>\n<em>(Photo: Profimedia.cz)<\/em><\/p>\n<p>9. British cyclist Christopher Froome fought with Contador to his last breath. &#8220;Emptied the tank out there today, what a battle! Thank you for all the support,&#8221; wrote the second man of the 2014 La Vuelta on his Twitter.<\/p>\n<p><a href=\"https:\/\/d2p6e6u75xmxt8.cloudfront.net\/2\/2014\/09\/9.jpg\"><img loading=\"lazy\" decoding=\"async\" class=\"alignnone size-medium wp-image-25503\" src=\"https:\/\/d2p6e6u75xmxt8.cloudfront.net\/2\/2014\/09\/9-620x456.jpg\" alt=\"9\" width=\"620\" height=\"456\" \/><\/a><br \/>\n<em>(Photo: Profimedia.cz)<\/em><\/p>\n<p>10. Exhaustion: French racing talent Barguil Warren after Stage 20.<\/p>\n<p><a href=\"https:\/\/d2p6e6u75xmxt8.cloudfront.net\/2\/2014\/09\/10.jpg\"><img loading=\"lazy\" decoding=\"async\" class=\"alignnone size-medium wp-image-25504\" src=\"https:\/\/d2p6e6u75xmxt8.cloudfront.net\/2\/2014\/09\/10-620x412.jpg\" alt=\"Cycling: 69th Tour of Spain 2014 \/ Stage 20\" width=\"620\" height=\"412\" \/><\/a><br \/>\n<em>(Photo: Profimedia.cz)<\/em><\/p>\n","protected":false},"excerpt":{"rendered":"<p>The 2014 La Vuelta is over. Again, it was full of dramatic and beautiful moments. Here&#8217;s a selection of the [&hellip;]<\/p>\n","protected":false},"author":5,"featured_media":5892,"comment_status":"open","ping_status":"open","sticky":false,"template":"","format":"standard","meta":{"footnotes":""},"categories":[329],"tags":[],"global-categories":[],"class_list":["post-5891","post","type-post","status-publish","format-standard","has-post-thumbnail","hentry","category-road-cycling"],"yoast_head":"<!-- This site is optimized with the Yoast SEO Premium plugin v25.3 (Yoast SEO v25.9) - https:\/\/yoast.com\/wordpress\/plugins\/seo\/ -->\n<title>The Best of the 2014 La Vuelta - \u0160koda We Love Cycling<\/title>\n<meta name=\"description\" content=\"The 2014 La Vuelta is over. Again, it was full of dramatic and beautiful moments. Here&#039;s a selection of the most interesting ones! 1. This is how\" \/>\n<meta name=\"robots\" content=\"index, follow, max-snippet:-1, max-image-preview:large, max-video-preview:-1\" \/>\n<link rel=\"canonical\" href=\"https:\/\/www.welovecycling.com\/wide\/2014\/09\/14\/best-2014-la-vuelta\/\" \/>\n<meta property=\"og:locale\" content=\"en_US\" \/>\n<meta property=\"og:type\" content=\"article\" \/>\n<meta property=\"og:title\" content=\"The Best of the 2014 La Vuelta\" \/>\n<meta property=\"og:description\" content=\"The 2014 La Vuelta is over. Again, it was full of dramatic and beautiful moments. Here&#039;s a selection of the most interesting ones! 1. This is how\" \/>\n<meta property=\"og:url\" content=\"https:\/\/www.welovecycling.com\/wide\/2014\/09\/14\/best-2014-la-vuelta\/\" \/>\n<meta property=\"og:site_name\" content=\"\u0160koda We Love Cycling\" \/>\n<meta property=\"article:published_time\" content=\"2014-09-14T20:11:31+00:00\" \/>\n<meta property=\"article:modified_time\" content=\"2016-05-03T08:22:56+00:00\" \/>\n<meta property=\"og:image\" content=\"https:\/\/d2p6e6u75xmxt8.cloudfront.net\/2\/2014\/09\/vuelta-f.webp\" \/>\n\t<meta property=\"og:image:width\" content=\"525\" \/>\n\t<meta property=\"og:image:height\" content=\"350\" \/>\n\t<meta property=\"og:image:type\" content=\"image\/webp\" \/>\n<meta name=\"twitter:card\" content=\"summary_large_image\" \/>\n<meta name=\"twitter:label1\" content=\"Written by\" \/>\n\t<meta name=\"twitter:data1\" content=\"Adam Ulrich\" \/>\n\t<meta name=\"twitter:label2\" content=\"Est. reading time\" \/>\n\t<meta name=\"twitter:data2\" content=\"2 minutes\" \/>\n<script type=\"application\/ld+json\" class=\"yoast-schema-graph\">{\"@context\":\"https:\/\/schema.org\",\"@graph\":[{\"@type\":\"WebPage\",\"@id\":\"https:\/\/www.welovecycling.com\/wide\/2014\/09\/14\/best-2014-la-vuelta\/\",\"url\":\"https:\/\/www.welovecycling.com\/wide\/2014\/09\/14\/best-2014-la-vuelta\/\",\"name\":\"The Best of the 2014 La Vuelta - \u0160koda We Love Cycling\",\"isPartOf\":{\"@id\":\"https:\/\/www.welovecycling.com\/wide\/#website\"},\"primaryImageOfPage\":{\"@id\":\"https:\/\/www.welovecycling.com\/wide\/2014\/09\/14\/best-2014-la-vuelta\/#primaryimage\"},\"image\":{\"@id\":\"https:\/\/www.welovecycling.com\/wide\/2014\/09\/14\/best-2014-la-vuelta\/#primaryimage\"},\"thumbnailUrl\":\"https:\/\/d2p6e6u75xmxt8.cloudfront.net\/2\/2014\/09\/vuelta-f.webp\",\"datePublished\":\"2014-09-14T20:11:31+00:00\",\"dateModified\":\"2016-05-03T08:22:56+00:00\",\"author\":{\"@id\":\"\"},\"description\":\"The 2014 La Vuelta is over. Again, it was full of dramatic and beautiful moments. Here's a selection of the most interesting ones! 1. This is how\",\"breadcrumb\":{\"@id\":\"https:\/\/www.welovecycling.com\/wide\/2014\/09\/14\/best-2014-la-vuelta\/#breadcrumb\"},\"inLanguage\":\"en-US\",\"potentialAction\":[{\"@type\":\"ReadAction\",\"target\":[\"https:\/\/www.welovecycling.com\/wide\/2014\/09\/14\/best-2014-la-vuelta\/\"]}]},{\"@type\":\"ImageObject\",\"inLanguage\":\"en-US\",\"@id\":\"https:\/\/www.welovecycling.com\/wide\/2014\/09\/14\/best-2014-la-vuelta\/#primaryimage\",\"url\":\"https:\/\/d2p6e6u75xmxt8.cloudfront.net\/2\/2014\/09\/vuelta-f.webp\",\"contentUrl\":\"https:\/\/d2p6e6u75xmxt8.cloudfront.net\/2\/2014\/09\/vuelta-f.webp\",\"width\":525,\"height\":350},{\"@type\":\"BreadcrumbList\",\"@id\":\"https:\/\/www.welovecycling.com\/wide\/2014\/09\/14\/best-2014-la-vuelta\/#breadcrumb\",\"itemListElement\":[{\"@type\":\"ListItem\",\"position\":1,\"name\":\"Home\",\"item\":\"https:\/\/www.welovecycling.com\/wide\/\"},{\"@type\":\"ListItem\",\"position\":2,\"name\":\"The Best of the 2014 La Vuelta\"}]},{\"@type\":\"WebSite\",\"@id\":\"https:\/\/www.welovecycling.com\/wide\/#website\",\"url\":\"https:\/\/www.welovecycling.com\/wide\/\",\"name\":\"\u0160koda We Love Cycling\",\"description\":\"\u0160koda We Love Cycling magazine\",\"alternateName\":\"\u0160koda WLC\",\"potentialAction\":[{\"@type\":\"SearchAction\",\"target\":{\"@type\":\"EntryPoint\",\"urlTemplate\":\"https:\/\/www.welovecycling.com\/wide\/?s={search_term_string}\"},\"query-input\":{\"@type\":\"PropertyValueSpecification\",\"valueRequired\":true,\"valueName\":\"search_term_string\"}}],\"inLanguage\":\"en-US\"},{\"@type\":\"Person\",\"@id\":\"\",\"url\":\"https:\/\/www.welovecycling.com\/wide\/author\/\"}]}<\/script>\n<!-- \/ Yoast SEO Premium plugin. -->","yoast_head_json":{"title":"The Best of the 2014 La Vuelta - \u0160koda We Love Cycling","description":"The 2014 La Vuelta is over. Again, it was full of dramatic and beautiful moments. Here's a selection of the most interesting ones! 1. This is how","robots":{"index":"index","follow":"follow","max-snippet":"max-snippet:-1","max-image-preview":"max-image-preview:large","max-video-preview":"max-video-preview:-1"},"canonical":"https:\/\/www.welovecycling.com\/wide\/2014\/09\/14\/best-2014-la-vuelta\/","og_locale":"en_US","og_type":"article","og_title":"The Best of the 2014 La Vuelta","og_description":"The 2014 La Vuelta is over. Again, it was full of dramatic and beautiful moments. Here's a selection of the most interesting ones! 1. This is how","og_url":"https:\/\/www.welovecycling.com\/wide\/2014\/09\/14\/best-2014-la-vuelta\/","og_site_name":"\u0160koda We Love Cycling","article_published_time":"2014-09-14T20:11:31+00:00","article_modified_time":"2016-05-03T08:22:56+00:00","og_image":[{"width":525,"height":350,"url":"https:\/\/d2p6e6u75xmxt8.cloudfront.net\/2\/2014\/09\/vuelta-f.webp","type":"image\/webp"}],"twitter_card":"summary_large_image","twitter_misc":{"Written by":"Adam Ulrich","Est. reading time":"2 minutes"},"schema":{"@context":"https:\/\/schema.org","@graph":[{"@type":"WebPage","@id":"https:\/\/www.welovecycling.com\/wide\/2014\/09\/14\/best-2014-la-vuelta\/","url":"https:\/\/www.welovecycling.com\/wide\/2014\/09\/14\/best-2014-la-vuelta\/","name":"The Best of the 2014 La Vuelta - \u0160koda We Love Cycling","isPartOf":{"@id":"https:\/\/www.welovecycling.com\/wide\/#website"},"primaryImageOfPage":{"@id":"https:\/\/www.welovecycling.com\/wide\/2014\/09\/14\/best-2014-la-vuelta\/#primaryimage"},"image":{"@id":"https:\/\/www.welovecycling.com\/wide\/2014\/09\/14\/best-2014-la-vuelta\/#primaryimage"},"thumbnailUrl":"https:\/\/d2p6e6u75xmxt8.cloudfront.net\/2\/2014\/09\/vuelta-f.webp","datePublished":"2014-09-14T20:11:31+00:00","dateModified":"2016-05-03T08:22:56+00:00","author":{"@id":""},"description":"The 2014 La Vuelta is over. Again, it was full of dramatic and beautiful moments. Here's a selection of the most interesting ones! 1. This is how","breadcrumb":{"@id":"https:\/\/www.welovecycling.com\/wide\/2014\/09\/14\/best-2014-la-vuelta\/#breadcrumb"},"inLanguage":"en-US","potentialAction":[{"@type":"ReadAction","target":["https:\/\/www.welovecycling.com\/wide\/2014\/09\/14\/best-2014-la-vuelta\/"]}]},{"@type":"ImageObject","inLanguage":"en-US","@id":"https:\/\/www.welovecycling.com\/wide\/2014\/09\/14\/best-2014-la-vuelta\/#primaryimage","url":"https:\/\/d2p6e6u75xmxt8.cloudfront.net\/2\/2014\/09\/vuelta-f.webp","contentUrl":"https:\/\/d2p6e6u75xmxt8.cloudfront.net\/2\/2014\/09\/vuelta-f.webp","width":525,"height":350},{"@type":"BreadcrumbList","@id":"https:\/\/www.welovecycling.com\/wide\/2014\/09\/14\/best-2014-la-vuelta\/#breadcrumb","itemListElement":[{"@type":"ListItem","position":1,"name":"Home","item":"https:\/\/www.welovecycling.com\/wide\/"},{"@type":"ListItem","position":2,"name":"The Best of the 2014 La Vuelta"}]},{"@type":"WebSite","@id":"https:\/\/www.welovecycling.com\/wide\/#website","url":"https:\/\/www.welovecycling.com\/wide\/","name":"\u0160koda We Love Cycling","description":"\u0160koda We Love Cycling magazine","alternateName":"\u0160koda WLC","potentialAction":[{"@type":"SearchAction","target":{"@type":"EntryPoint","urlTemplate":"https:\/\/www.welovecycling.com\/wide\/?s={search_term_string}"},"query-input":{"@type":"PropertyValueSpecification","valueRequired":true,"valueName":"search_term_string"}}],"inLanguage":"en-US"},{"@type":"Person","@id":"","url":"https:\/\/www.welovecycling.com\/wide\/author\/"}]}},"_links":{"self":[{"href":"https:\/\/www.welovecycling.com\/wide\/wp-json\/wp\/v2\/posts\/5891","targetHints":{"allow":["GET"]}}],"collection":[{"href":"https:\/\/www.welovecycling.com\/wide\/wp-json\/wp\/v2\/posts"}],"about":[{"href":"https:\/\/www.welovecycling.com\/wide\/wp-json\/wp\/v2\/types\/post"}],"author":[{"embeddable":true,"href":"https:\/\/www.welovecycling.com\/wide\/wp-json\/wp\/v2\/users\/5"}],"replies":[{"embeddable":true,"href":"https:\/\/www.welovecycling.com\/wide\/wp-json\/wp\/v2\/comments?post=5891"}],"version-history":[{"count":2,"href":"https:\/\/www.welovecycling.com\/wide\/wp-json\/wp\/v2\/posts\/5891\/revisions"}],"predecessor-version":[{"id":140309,"href":"https:\/\/www.welovecycling.com\/wide\/wp-json\/wp\/v2\/posts\/5891\/revisions\/140309"}],"wp:featuredmedia":[{"embeddable":true,"href":"https:\/\/www.welovecycling.com\/wide\/wp-json\/wp\/v2\/media\/5892"}],"wp:attachment":[{"href":"https:\/\/www.welovecycling.com\/wide\/wp-json\/wp\/v2\/media?parent=5891"}],"wp:term":[{"taxonomy":"category","embeddable":true,"href":"https:\/\/www.welovecycling.com\/wide\/wp-json\/wp\/v2\/categories?post=5891"},{"taxonomy":"post_tag","embeddable":true,"href":"https:\/\/www.welovecycling.com\/wide\/wp-json\/wp\/v2\/tags?post=5891"},{"taxonomy":"global-categories","embeddable":true,"href":"https:\/\/www.welovecycling.com\/wide\/wp-json\/wp\/v2\/global-categories?post=5891"}],"curies":[{"name":"wp","href":"https:\/\/api.w.org\/{rel}","templated":true}]}}