{"id":5887,"date":"2014-09-11T19:44:58","date_gmt":"2014-09-11T18:44:58","guid":{"rendered":"https:\/\/www.welovecycling.com\/?p=5887"},"modified":"2015-08-17T09:55:28","modified_gmt":"2015-08-17T07:55:28","slug":"photo-gallery-making-dream-come-true","status":"publish","type":"post","link":"https:\/\/www.welovecycling.com\/wide\/2014\/09\/11\/photo-gallery-making-dream-come-true\/","title":{"rendered":"Photo Gallery: <br>Making a Dream Come True"},"content":{"rendered":"<p><strong>Handicapped rider Michal Kosik got back on wheels. Together with his friend Richard Gasperotti they went to the steep slopes of Alpes-de-Haute-Provence in France. Enjoy more photos from this very special event!<\/strong><\/p>\n<p><!--more--><\/p>\n<p>We have already brought you an <a title=\"interview\" href=\"https:\/\/www.welovecycling.com\/5870\/took-us-five-years-build-quad\/\" target=\"_blank\">interview with Michal Kosik<\/a> as well as the &#8220;<a title=\"video\" href=\"https:\/\/www.welovecycling.com\/5878\/back-wheels-full-video\/\" target=\"_blank\">Back on Wheels<\/a>&#8221; video. You are familiar with Michal&#8217;s story. But the pictures are worth thousands of words.<\/p>\n<p><strong>1. Inspecting the area<\/strong><\/p>\n<p><a href=\"https:\/\/d2p6e6u75xmxt8.cloudfront.net\/2\/2014\/09\/011.jpg\"><img loading=\"lazy\" decoding=\"async\" class=\"alignnone size-medium wp-image-25506\" src=\"https:\/\/d2p6e6u75xmxt8.cloudfront.net\/2\/2014\/09\/011-620x412.jpg\" alt=\"01\" width=\"620\" height=\"412\" \/><\/a><\/p>\n<p>&nbsp;<\/p>\n<p><strong>2. Heavy work<\/strong><\/p>\n<p><a href=\"https:\/\/d2p6e6u75xmxt8.cloudfront.net\/2\/2014\/09\/021.jpg\"><img loading=\"lazy\" decoding=\"async\" class=\"alignnone size-medium wp-image-25507\" src=\"https:\/\/d2p6e6u75xmxt8.cloudfront.net\/2\/2014\/09\/021-620x412.jpg\" alt=\"02\" width=\"620\" height=\"412\" \/><\/a><\/p>\n<p>&nbsp;<\/p>\n<p><strong>3. The summit<\/strong><\/p>\n<p><a href=\"https:\/\/d2p6e6u75xmxt8.cloudfront.net\/2\/2014\/09\/031.jpg\"><img loading=\"lazy\" decoding=\"async\" class=\"alignnone size-medium wp-image-25508\" src=\"https:\/\/d2p6e6u75xmxt8.cloudfront.net\/2\/2014\/09\/031-620x412.jpg\" alt=\"03\" width=\"620\" height=\"412\" \/><\/a><\/p>\n<p>&nbsp;<\/p>\n<p><strong>4. The fun begins!<\/strong><\/p>\n<p><a href=\"https:\/\/d2p6e6u75xmxt8.cloudfront.net\/2\/2014\/09\/041.jpg\"><img loading=\"lazy\" decoding=\"async\" class=\"alignnone size-medium wp-image-25509\" src=\"https:\/\/d2p6e6u75xmxt8.cloudfront.net\/2\/2014\/09\/041-620x412.jpg\" alt=\"04\" width=\"620\" height=\"412\" \/><\/a><\/p>\n<p>&nbsp;<\/p>\n<p><strong>5. Riding together<\/strong><\/p>\n<p><a href=\"https:\/\/d2p6e6u75xmxt8.cloudfront.net\/2\/2014\/09\/051.jpg\"><img loading=\"lazy\" decoding=\"async\" class=\"alignnone size-medium wp-image-25510\" src=\"https:\/\/d2p6e6u75xmxt8.cloudfront.net\/2\/2014\/09\/051-620x412.jpg\" alt=\"05\" width=\"620\" height=\"412\" \/><\/a><\/p>\n<p>&nbsp;<\/p>\n<p><strong>6. Treacherous terrain<\/strong><\/p>\n<p><a href=\"https:\/\/d2p6e6u75xmxt8.cloudfront.net\/2\/2014\/09\/061.jpg\"><img loading=\"lazy\" decoding=\"async\" class=\"alignnone size-medium wp-image-25511\" src=\"https:\/\/d2p6e6u75xmxt8.cloudfront.net\/2\/2014\/09\/061-620x412.jpg\" alt=\"06\" width=\"620\" height=\"412\" \/><\/a><\/p>\n<p>&nbsp;<\/p>\n<p><strong>7. After the ride<\/strong><\/p>\n<p><a href=\"https:\/\/d2p6e6u75xmxt8.cloudfront.net\/2\/2014\/09\/071.jpg\"><img loading=\"lazy\" decoding=\"async\" class=\"alignnone size-medium wp-image-25512\" src=\"https:\/\/d2p6e6u75xmxt8.cloudfront.net\/2\/2014\/09\/071-620x412.jpg\" alt=\"07\" width=\"620\" height=\"412\" \/><\/a><\/p>\n<p>&nbsp;<\/p>\n<p><strong>8. The timelapse<br \/>\n<\/strong><\/p>\n<p><a href=\"https:\/\/d2p6e6u75xmxt8.cloudfront.net\/2\/2014\/09\/08.jpg\"><img loading=\"lazy\" decoding=\"async\" class=\"alignnone size-medium wp-image-25514\" src=\"https:\/\/d2p6e6u75xmxt8.cloudfront.net\/2\/2014\/09\/08-620x412.jpg\" alt=\"08\" width=\"620\" height=\"412\" \/><\/a><\/p>\n<p>&nbsp;<\/p>\n<p><strong>9. Climbing again<\/strong><\/p>\n<p><a href=\"https:\/\/d2p6e6u75xmxt8.cloudfront.net\/2\/2014\/09\/09.jpg\"><img loading=\"lazy\" decoding=\"async\" class=\"alignnone size-medium wp-image-25515\" src=\"https:\/\/d2p6e6u75xmxt8.cloudfront.net\/2\/2014\/09\/09-620x412.jpg\" alt=\"09\" width=\"620\" height=\"412\" \/><\/a><\/p>\n<p>&nbsp;<\/p>\n<p><strong>10. Flying high<br \/>\n<\/strong><\/p>\n<p><a href=\"https:\/\/d2p6e6u75xmxt8.cloudfront.net\/2\/2014\/09\/101.jpg\"><img loading=\"lazy\" decoding=\"async\" class=\"alignnone size-medium wp-image-25516\" src=\"https:\/\/d2p6e6u75xmxt8.cloudfront.net\/2\/2014\/09\/101-620x412.jpg\" alt=\"10\" width=\"620\" height=\"412\" \/><\/a><\/p>\n<p>&nbsp;<\/p>\n<p><strong>11. Smiling<\/strong><\/p>\n<p><a href=\"https:\/\/d2p6e6u75xmxt8.cloudfront.net\/2\/2014\/09\/12.jpg\"><img loading=\"lazy\" decoding=\"async\" class=\"alignnone size-medium wp-image-25518\" src=\"https:\/\/d2p6e6u75xmxt8.cloudfront.net\/2\/2014\/09\/12-620x412.jpg\" alt=\"12\" width=\"620\" height=\"412\" \/><\/a><\/p>\n<p>&nbsp;<\/p>\n<p><strong>12. One last ride<br \/>\n<\/strong><\/p>\n<p><a href=\"https:\/\/d2p6e6u75xmxt8.cloudfront.net\/2\/2014\/09\/13.jpg\"><img loading=\"lazy\" decoding=\"async\" class=\"alignnone size-medium wp-image-25519\" src=\"https:\/\/d2p6e6u75xmxt8.cloudfront.net\/2\/2014\/09\/13-620x412.jpg\" alt=\"13\" width=\"620\" height=\"412\" \/><\/a><\/p>\n","protected":false},"excerpt":{"rendered":"<p>Handicapped rider Michal Kosik got back on wheels. Together with his friend Richard Gasperotti they went to the steep slopes [&hellip;]<\/p>\n","protected":false},"author":5,"featured_media":5888,"comment_status":"open","ping_status":"open","sticky":false,"template":"","format":"standard","meta":{"footnotes":""},"categories":[328],"tags":[],"global-categories":[],"class_list":["post-5887","post","type-post","status-publish","format-standard","has-post-thumbnail","hentry","category-outdoor-mountain"],"yoast_head":"<!-- This site is optimized with the Yoast SEO Premium plugin v25.3 (Yoast SEO v25.9) - https:\/\/yoast.com\/wordpress\/plugins\/seo\/ -->\n<title>Photo Gallery: Making a Dream Come True - \u0160koda We Love Cycling<\/title>\n<meta name=\"description\" content=\"Handicapped rider Michal Kosik got back on wheels. Together with his friend Richard Gasperotti they went to the steep slopes of Alpes-de-Haute-Provence in\" \/>\n<meta name=\"robots\" content=\"index, follow, max-snippet:-1, max-image-preview:large, max-video-preview:-1\" \/>\n<link rel=\"canonical\" href=\"https:\/\/www.welovecycling.com\/wide\/2014\/09\/11\/photo-gallery-making-dream-come-true\/\" \/>\n<meta property=\"og:locale\" content=\"en_US\" \/>\n<meta property=\"og:type\" content=\"article\" \/>\n<meta property=\"og:title\" content=\"Photo Gallery: Making a Dream Come True\" \/>\n<meta property=\"og:description\" content=\"Handicapped rider Michal Kosik got back on wheels. Together with his friend Richard Gasperotti they went to the steep slopes of Alpes-de-Haute-Provence in\" \/>\n<meta property=\"og:url\" content=\"https:\/\/www.welovecycling.com\/wide\/2014\/09\/11\/photo-gallery-making-dream-come-true\/\" \/>\n<meta property=\"og:site_name\" content=\"\u0160koda We Love Cycling\" \/>\n<meta property=\"article:published_time\" content=\"2014-09-11T18:44:58+00:00\" \/>\n<meta property=\"article:modified_time\" content=\"2015-08-17T07:55:28+00:00\" \/>\n<meta property=\"og:image\" content=\"https:\/\/d2p6e6u75xmxt8.cloudfront.net\/2\/2014\/09\/dream-feat.webp\" \/>\n\t<meta property=\"og:image:width\" content=\"525\" \/>\n\t<meta property=\"og:image:height\" content=\"350\" \/>\n\t<meta property=\"og:image:type\" content=\"image\/webp\" \/>\n<meta name=\"twitter:card\" content=\"summary_large_image\" \/>\n<meta name=\"twitter:label1\" content=\"Written by\" \/>\n\t<meta name=\"twitter:data1\" content=\"Vratislav \u0160lap\u00e1k\" \/>\n\t<meta name=\"twitter:label2\" content=\"Est. reading time\" \/>\n\t<meta name=\"twitter:data2\" content=\"1 minute\" \/>\n<script type=\"application\/ld+json\" class=\"yoast-schema-graph\">{\"@context\":\"https:\/\/schema.org\",\"@graph\":[{\"@type\":\"WebPage\",\"@id\":\"https:\/\/www.welovecycling.com\/wide\/2014\/09\/11\/photo-gallery-making-dream-come-true\/\",\"url\":\"https:\/\/www.welovecycling.com\/wide\/2014\/09\/11\/photo-gallery-making-dream-come-true\/\",\"name\":\"Photo Gallery: Making a Dream Come True - \u0160koda We Love Cycling\",\"isPartOf\":{\"@id\":\"https:\/\/www.welovecycling.com\/wide\/#website\"},\"primaryImageOfPage\":{\"@id\":\"https:\/\/www.welovecycling.com\/wide\/2014\/09\/11\/photo-gallery-making-dream-come-true\/#primaryimage\"},\"image\":{\"@id\":\"https:\/\/www.welovecycling.com\/wide\/2014\/09\/11\/photo-gallery-making-dream-come-true\/#primaryimage\"},\"thumbnailUrl\":\"https:\/\/d2p6e6u75xmxt8.cloudfront.net\/2\/2014\/09\/dream-feat.webp\",\"datePublished\":\"2014-09-11T18:44:58+00:00\",\"dateModified\":\"2015-08-17T07:55:28+00:00\",\"author\":{\"@id\":\"\"},\"description\":\"Handicapped rider Michal Kosik got back on wheels. Together with his friend Richard Gasperotti they went to the steep slopes of Alpes-de-Haute-Provence in\",\"breadcrumb\":{\"@id\":\"https:\/\/www.welovecycling.com\/wide\/2014\/09\/11\/photo-gallery-making-dream-come-true\/#breadcrumb\"},\"inLanguage\":\"en-US\",\"potentialAction\":[{\"@type\":\"ReadAction\",\"target\":[\"https:\/\/www.welovecycling.com\/wide\/2014\/09\/11\/photo-gallery-making-dream-come-true\/\"]}]},{\"@type\":\"ImageObject\",\"inLanguage\":\"en-US\",\"@id\":\"https:\/\/www.welovecycling.com\/wide\/2014\/09\/11\/photo-gallery-making-dream-come-true\/#primaryimage\",\"url\":\"https:\/\/d2p6e6u75xmxt8.cloudfront.net\/2\/2014\/09\/dream-feat.webp\",\"contentUrl\":\"https:\/\/d2p6e6u75xmxt8.cloudfront.net\/2\/2014\/09\/dream-feat.webp\",\"width\":525,\"height\":350},{\"@type\":\"BreadcrumbList\",\"@id\":\"https:\/\/www.welovecycling.com\/wide\/2014\/09\/11\/photo-gallery-making-dream-come-true\/#breadcrumb\",\"itemListElement\":[{\"@type\":\"ListItem\",\"position\":1,\"name\":\"Home\",\"item\":\"https:\/\/www.welovecycling.com\/wide\/\"},{\"@type\":\"ListItem\",\"position\":2,\"name\":\"Photo Gallery: Making a Dream Come True\"}]},{\"@type\":\"WebSite\",\"@id\":\"https:\/\/www.welovecycling.com\/wide\/#website\",\"url\":\"https:\/\/www.welovecycling.com\/wide\/\",\"name\":\"\u0160koda We Love Cycling\",\"description\":\"\u0160koda We Love Cycling magazine\",\"alternateName\":\"\u0160koda WLC\",\"potentialAction\":[{\"@type\":\"SearchAction\",\"target\":{\"@type\":\"EntryPoint\",\"urlTemplate\":\"https:\/\/www.welovecycling.com\/wide\/?s={search_term_string}\"},\"query-input\":{\"@type\":\"PropertyValueSpecification\",\"valueRequired\":true,\"valueName\":\"search_term_string\"}}],\"inLanguage\":\"en-US\"},{\"@type\":\"Person\",\"@id\":\"\",\"url\":\"https:\/\/www.welovecycling.com\/wide\/author\/\"}]}<\/script>\n<!-- \/ Yoast SEO Premium plugin. -->","yoast_head_json":{"title":"Photo Gallery: Making a Dream Come True - \u0160koda We Love Cycling","description":"Handicapped rider Michal Kosik got back on wheels. Together with his friend Richard Gasperotti they went to the steep slopes of Alpes-de-Haute-Provence in","robots":{"index":"index","follow":"follow","max-snippet":"max-snippet:-1","max-image-preview":"max-image-preview:large","max-video-preview":"max-video-preview:-1"},"canonical":"https:\/\/www.welovecycling.com\/wide\/2014\/09\/11\/photo-gallery-making-dream-come-true\/","og_locale":"en_US","og_type":"article","og_title":"Photo Gallery: Making a Dream Come True","og_description":"Handicapped rider Michal Kosik got back on wheels. Together with his friend Richard Gasperotti they went to the steep slopes of Alpes-de-Haute-Provence in","og_url":"https:\/\/www.welovecycling.com\/wide\/2014\/09\/11\/photo-gallery-making-dream-come-true\/","og_site_name":"\u0160koda We Love Cycling","article_published_time":"2014-09-11T18:44:58+00:00","article_modified_time":"2015-08-17T07:55:28+00:00","og_image":[{"width":525,"height":350,"url":"https:\/\/d2p6e6u75xmxt8.cloudfront.net\/2\/2014\/09\/dream-feat.webp","type":"image\/webp"}],"twitter_card":"summary_large_image","twitter_misc":{"Written by":"Vratislav \u0160lap\u00e1k","Est. reading time":"1 minute"},"schema":{"@context":"https:\/\/schema.org","@graph":[{"@type":"WebPage","@id":"https:\/\/www.welovecycling.com\/wide\/2014\/09\/11\/photo-gallery-making-dream-come-true\/","url":"https:\/\/www.welovecycling.com\/wide\/2014\/09\/11\/photo-gallery-making-dream-come-true\/","name":"Photo Gallery: Making a Dream Come True - \u0160koda We Love Cycling","isPartOf":{"@id":"https:\/\/www.welovecycling.com\/wide\/#website"},"primaryImageOfPage":{"@id":"https:\/\/www.welovecycling.com\/wide\/2014\/09\/11\/photo-gallery-making-dream-come-true\/#primaryimage"},"image":{"@id":"https:\/\/www.welovecycling.com\/wide\/2014\/09\/11\/photo-gallery-making-dream-come-true\/#primaryimage"},"thumbnailUrl":"https:\/\/d2p6e6u75xmxt8.cloudfront.net\/2\/2014\/09\/dream-feat.webp","datePublished":"2014-09-11T18:44:58+00:00","dateModified":"2015-08-17T07:55:28+00:00","author":{"@id":""},"description":"Handicapped rider Michal Kosik got back on wheels. Together with his friend Richard Gasperotti they went to the steep slopes of Alpes-de-Haute-Provence in","breadcrumb":{"@id":"https:\/\/www.welovecycling.com\/wide\/2014\/09\/11\/photo-gallery-making-dream-come-true\/#breadcrumb"},"inLanguage":"en-US","potentialAction":[{"@type":"ReadAction","target":["https:\/\/www.welovecycling.com\/wide\/2014\/09\/11\/photo-gallery-making-dream-come-true\/"]}]},{"@type":"ImageObject","inLanguage":"en-US","@id":"https:\/\/www.welovecycling.com\/wide\/2014\/09\/11\/photo-gallery-making-dream-come-true\/#primaryimage","url":"https:\/\/d2p6e6u75xmxt8.cloudfront.net\/2\/2014\/09\/dream-feat.webp","contentUrl":"https:\/\/d2p6e6u75xmxt8.cloudfront.net\/2\/2014\/09\/dream-feat.webp","width":525,"height":350},{"@type":"BreadcrumbList","@id":"https:\/\/www.welovecycling.com\/wide\/2014\/09\/11\/photo-gallery-making-dream-come-true\/#breadcrumb","itemListElement":[{"@type":"ListItem","position":1,"name":"Home","item":"https:\/\/www.welovecycling.com\/wide\/"},{"@type":"ListItem","position":2,"name":"Photo Gallery: Making a Dream Come True"}]},{"@type":"WebSite","@id":"https:\/\/www.welovecycling.com\/wide\/#website","url":"https:\/\/www.welovecycling.com\/wide\/","name":"\u0160koda We Love Cycling","description":"\u0160koda We Love Cycling magazine","alternateName":"\u0160koda WLC","potentialAction":[{"@type":"SearchAction","target":{"@type":"EntryPoint","urlTemplate":"https:\/\/www.welovecycling.com\/wide\/?s={search_term_string}"},"query-input":{"@type":"PropertyValueSpecification","valueRequired":true,"valueName":"search_term_string"}}],"inLanguage":"en-US"},{"@type":"Person","@id":"","url":"https:\/\/www.welovecycling.com\/wide\/author\/"}]}},"_links":{"self":[{"href":"https:\/\/www.welovecycling.com\/wide\/wp-json\/wp\/v2\/posts\/5887","targetHints":{"allow":["GET"]}}],"collection":[{"href":"https:\/\/www.welovecycling.com\/wide\/wp-json\/wp\/v2\/posts"}],"about":[{"href":"https:\/\/www.welovecycling.com\/wide\/wp-json\/wp\/v2\/types\/post"}],"author":[{"embeddable":true,"href":"https:\/\/www.welovecycling.com\/wide\/wp-json\/wp\/v2\/users\/5"}],"replies":[{"embeddable":true,"href":"https:\/\/www.welovecycling.com\/wide\/wp-json\/wp\/v2\/comments?post=5887"}],"version-history":[{"count":2,"href":"https:\/\/www.welovecycling.com\/wide\/wp-json\/wp\/v2\/posts\/5887\/revisions"}],"predecessor-version":[{"id":131233,"href":"https:\/\/www.welovecycling.com\/wide\/wp-json\/wp\/v2\/posts\/5887\/revisions\/131233"}],"wp:featuredmedia":[{"embeddable":true,"href":"https:\/\/www.welovecycling.com\/wide\/wp-json\/wp\/v2\/media\/5888"}],"wp:attachment":[{"href":"https:\/\/www.welovecycling.com\/wide\/wp-json\/wp\/v2\/media?parent=5887"}],"wp:term":[{"taxonomy":"category","embeddable":true,"href":"https:\/\/www.welovecycling.com\/wide\/wp-json\/wp\/v2\/categories?post=5887"},{"taxonomy":"post_tag","embeddable":true,"href":"https:\/\/www.welovecycling.com\/wide\/wp-json\/wp\/v2\/tags?post=5887"},{"taxonomy":"global-categories","embeddable":true,"href":"https:\/\/www.welovecycling.com\/wide\/wp-json\/wp\/v2\/global-categories?post=5887"}],"curies":[{"name":"wp","href":"https:\/\/api.w.org\/{rel}","templated":true}]}}