{"id":5711,"date":"2014-07-27T14:07:54","date_gmt":"2014-07-27T14:07:54","guid":{"rendered":"https:\/\/www.welovecycling.com\/?p=5711"},"modified":"2016-05-03T08:24:10","modified_gmt":"2016-05-03T08:24:10","slug":"tears-triumphs-emotional-tour","status":"publish","type":"post","link":"https:\/\/www.welovecycling.com\/wide\/2014\/07\/27\/tears-triumphs-emotional-tour\/","title":{"rendered":"Tears and Triumphs: An Emotional Tour"},"content":{"rendered":"<p>Tour de France is very emotional. Here are the moments that defined this year!<\/p>\n<p><!--more--><\/p>\n<p>Britain is in tears right after the very first stage: Cavendish falls and is badly injured and for him the Tour is over 300 yards from the finishing line &#8211; in front of his mother and Prime Minister David Cameron.<\/p>\n<p><a href=\"https:\/\/d2p6e6u75xmxt8.cloudfront.net\/2\/2014\/07\/cavendish2.jpg\"><img loading=\"lazy\" decoding=\"async\" class=\"alignnone size-medium wp-image-25335\" src=\"https:\/\/d2p6e6u75xmxt8.cloudfront.net\/2\/2014\/07\/cavendish2-620x408.jpg\" alt=\"cavendish2\" width=\"620\" height=\"408\" \/><\/a><br \/>\n<em>(Photo: Profimedia.cz)<\/em><\/p>\n<p>Stage 5, cobbled sections and heavy rain. The outcome? Chris Froome crashes out of the Tour! Last year&#8217;s defending champion and clear favourite for this year&#8217;s title had to be driven to hospital after a series of falls and injuries.<\/p>\n<p><a href=\"https:\/\/d2p6e6u75xmxt8.cloudfront.net\/2\/2014\/07\/froome2.jpg\"><img loading=\"lazy\" decoding=\"async\" class=\"alignnone size-medium wp-image-25336\" src=\"https:\/\/d2p6e6u75xmxt8.cloudfront.net\/2\/2014\/07\/froome2-620x412.jpg\" alt=\"Cycling: 101th Tour de France \/ Stage 4\" width=\"620\" height=\"412\" \/><\/a><br \/>\n<em>(Photo: Profimedia.cz)<\/em><\/p>\n<p>Stage 7: Peter Sagan loses by a tyre. Stage goes down to a photo-finish, which reveals that Matteo Trentin has edged Sagan by centimetres. Here you can see Trentin&#8217;s reaction right after the race. Sagan finished second during four stages of the 2014 Tour!<\/p>\n<p><a href=\"https:\/\/d2p6e6u75xmxt8.cloudfront.net\/2\/2014\/07\/sagan2.jpg\"><img loading=\"lazy\" decoding=\"async\" class=\"alignnone size-medium wp-image-25337\" src=\"https:\/\/d2p6e6u75xmxt8.cloudfront.net\/2\/2014\/07\/sagan2-620x412.jpg\" alt=\"sagan2\" width=\"620\" height=\"412\" \/><\/a><br \/>\n<em>(Photo: Profimedia.cz)<\/em><\/p>\n<p>New Zealand&#8217;s Jack Bauer and Switzerland&#8217;s Martin Elmiger lead a break for over 200 kilometres but are swallowed up by the peloton in sight of the finishing line and Norway&#8217;s Alexander Kristoff wins the stage. The sprinters snatch victory from them just before the line. The famous photo shows Bauer crying helplessly.<\/p>\n<p><a href=\"https:\/\/d2p6e6u75xmxt8.cloudfront.net\/2\/2014\/07\/bauer.jpg\"><img loading=\"lazy\" decoding=\"async\" class=\"alignnone size-medium wp-image-25338\" src=\"https:\/\/d2p6e6u75xmxt8.cloudfront.net\/2\/2014\/07\/bauer-620x413.jpg\" alt=\"bauer\" width=\"620\" height=\"413\" \/><\/a><br \/>\n<em>(Photo: Profimedia.cz)<\/em><\/p>\n<p>Alberto Contador breaks his shinbone on a descent, yet still manages another 18 km. His team manager is shown helping him but later Contador had to give up and go to hospital anyway.<\/p>\n<p><a href=\"https:\/\/d2p6e6u75xmxt8.cloudfront.net\/2\/2014\/07\/contador.jpg\"><img loading=\"lazy\" decoding=\"async\" class=\"alignnone size-medium wp-image-25339\" src=\"https:\/\/d2p6e6u75xmxt8.cloudfront.net\/2\/2014\/07\/contador-620x412.jpg\" alt=\"contador\" width=\"620\" height=\"412\" \/><\/a><br \/>\n<em>(Photo: Profimedia.cz)<\/em><\/p>\n<p>Poland&#8217;s Rafal Majka was originally not even supposed to be riding in the Tour, but after being brought in as a replacement for Czech rider Roman Kreuziger, the young racer performs fantastically well, winning two stages and recording a second and a third, and also grabs the polka dot jersey as King of the Mountains.<\/p>\n<p><a href=\"https:\/\/d2p6e6u75xmxt8.cloudfront.net\/2\/2014\/07\/majka.jpg\"><img loading=\"lazy\" decoding=\"async\" class=\"alignnone size-medium wp-image-25340\" src=\"https:\/\/d2p6e6u75xmxt8.cloudfront.net\/2\/2014\/07\/majka-620x413.jpg\" alt=\"Cycling: 101th Tour de France \/ Stage 17\" width=\"620\" height=\"413\" \/><\/a><br \/>\n<em>(Photo: Profimedia.cz)<\/em><\/p>\n<p>France celebrates the win of yellow jersey after three years of waiting. Tony Gallopin claims it on the Bastille Day.<\/p>\n<p><a href=\"https:\/\/d2p6e6u75xmxt8.cloudfront.net\/2\/2014\/07\/Gallopin.jpg\"><img loading=\"lazy\" decoding=\"async\" class=\"alignnone size-medium wp-image-25341\" src=\"https:\/\/d2p6e6u75xmxt8.cloudfront.net\/2\/2014\/07\/Gallopin-620x412.jpg\" alt=\"Gallopin\" width=\"620\" height=\"412\" \/><\/a><br \/>\n<em>(Photo: Profimedia.cz)<\/em><\/p>\n","protected":false},"excerpt":{"rendered":"<p>Tour de France is very emotional. Here are the moments that defined this year!<\/p>\n","protected":false},"author":5,"featured_media":5712,"comment_status":"open","ping_status":"open","sticky":false,"template":"","format":"standard","meta":{"footnotes":""},"categories":[329],"tags":[],"global-categories":[],"class_list":["post-5711","post","type-post","status-publish","format-standard","has-post-thumbnail","hentry","category-road-cycling"],"yoast_head":"<!-- This site is optimized with the Yoast SEO Premium plugin v25.3 (Yoast SEO v25.9) - https:\/\/yoast.com\/wordpress\/plugins\/seo\/ -->\n<title>Tears and Triumphs: An Emotional Tour - \u0160koda We Love Cycling<\/title>\n<meta name=\"description\" content=\"Tour de France is very emotional. Here are the moments that defined this year! Britain is in tears right after the very first stage: Cavendish falls and\" \/>\n<meta name=\"robots\" content=\"index, follow, max-snippet:-1, max-image-preview:large, max-video-preview:-1\" \/>\n<link rel=\"canonical\" href=\"https:\/\/www.welovecycling.com\/wide\/2014\/07\/27\/tears-triumphs-emotional-tour\/\" \/>\n<meta property=\"og:locale\" content=\"en_US\" \/>\n<meta property=\"og:type\" content=\"article\" \/>\n<meta property=\"og:title\" content=\"Tears and Triumphs: An Emotional Tour\" \/>\n<meta property=\"og:description\" content=\"Tour de France is very emotional. Here are the moments that defined this year! Britain is in tears right after the very first stage: Cavendish falls and\" \/>\n<meta property=\"og:url\" content=\"https:\/\/www.welovecycling.com\/wide\/2014\/07\/27\/tears-triumphs-emotional-tour\/\" \/>\n<meta property=\"og:site_name\" content=\"\u0160koda We Love Cycling\" \/>\n<meta property=\"article:published_time\" content=\"2014-07-27T14:07:54+00:00\" \/>\n<meta property=\"article:modified_time\" content=\"2016-05-03T08:24:10+00:00\" \/>\n<meta property=\"og:image\" content=\"https:\/\/d2p6e6u75xmxt8.cloudfront.net\/2\/2014\/07\/bauerb.webp\" \/>\n\t<meta property=\"og:image:width\" content=\"525\" \/>\n\t<meta property=\"og:image:height\" content=\"350\" \/>\n\t<meta property=\"og:image:type\" content=\"image\/webp\" \/>\n<meta name=\"twitter:card\" content=\"summary_large_image\" \/>\n<meta name=\"twitter:label1\" content=\"Written by\" \/>\n\t<meta name=\"twitter:data1\" content=\"Vratislav \u0160lap\u00e1k\" \/>\n\t<meta name=\"twitter:label2\" content=\"Est. reading time\" \/>\n\t<meta name=\"twitter:data2\" content=\"2 minutes\" \/>\n<script type=\"application\/ld+json\" class=\"yoast-schema-graph\">{\"@context\":\"https:\/\/schema.org\",\"@graph\":[{\"@type\":\"WebPage\",\"@id\":\"https:\/\/www.welovecycling.com\/wide\/2014\/07\/27\/tears-triumphs-emotional-tour\/\",\"url\":\"https:\/\/www.welovecycling.com\/wide\/2014\/07\/27\/tears-triumphs-emotional-tour\/\",\"name\":\"Tears and Triumphs: An Emotional Tour - \u0160koda We Love Cycling\",\"isPartOf\":{\"@id\":\"https:\/\/www.welovecycling.com\/wide\/#website\"},\"primaryImageOfPage\":{\"@id\":\"https:\/\/www.welovecycling.com\/wide\/2014\/07\/27\/tears-triumphs-emotional-tour\/#primaryimage\"},\"image\":{\"@id\":\"https:\/\/www.welovecycling.com\/wide\/2014\/07\/27\/tears-triumphs-emotional-tour\/#primaryimage\"},\"thumbnailUrl\":\"https:\/\/d2p6e6u75xmxt8.cloudfront.net\/2\/2014\/07\/bauerb.webp\",\"datePublished\":\"2014-07-27T14:07:54+00:00\",\"dateModified\":\"2016-05-03T08:24:10+00:00\",\"author\":{\"@id\":\"\"},\"description\":\"Tour de France is very emotional. Here are the moments that defined this year! Britain is in tears right after the very first stage: Cavendish falls and\",\"breadcrumb\":{\"@id\":\"https:\/\/www.welovecycling.com\/wide\/2014\/07\/27\/tears-triumphs-emotional-tour\/#breadcrumb\"},\"inLanguage\":\"en-US\",\"potentialAction\":[{\"@type\":\"ReadAction\",\"target\":[\"https:\/\/www.welovecycling.com\/wide\/2014\/07\/27\/tears-triumphs-emotional-tour\/\"]}]},{\"@type\":\"ImageObject\",\"inLanguage\":\"en-US\",\"@id\":\"https:\/\/www.welovecycling.com\/wide\/2014\/07\/27\/tears-triumphs-emotional-tour\/#primaryimage\",\"url\":\"https:\/\/d2p6e6u75xmxt8.cloudfront.net\/2\/2014\/07\/bauerb.webp\",\"contentUrl\":\"https:\/\/d2p6e6u75xmxt8.cloudfront.net\/2\/2014\/07\/bauerb.webp\",\"width\":525,\"height\":350},{\"@type\":\"BreadcrumbList\",\"@id\":\"https:\/\/www.welovecycling.com\/wide\/2014\/07\/27\/tears-triumphs-emotional-tour\/#breadcrumb\",\"itemListElement\":[{\"@type\":\"ListItem\",\"position\":1,\"name\":\"Home\",\"item\":\"https:\/\/www.welovecycling.com\/wide\/\"},{\"@type\":\"ListItem\",\"position\":2,\"name\":\"Tears and Triumphs: An Emotional Tour\"}]},{\"@type\":\"WebSite\",\"@id\":\"https:\/\/www.welovecycling.com\/wide\/#website\",\"url\":\"https:\/\/www.welovecycling.com\/wide\/\",\"name\":\"\u0160koda We Love Cycling\",\"description\":\"\u0160koda We Love Cycling magazine\",\"alternateName\":\"\u0160koda WLC\",\"potentialAction\":[{\"@type\":\"SearchAction\",\"target\":{\"@type\":\"EntryPoint\",\"urlTemplate\":\"https:\/\/www.welovecycling.com\/wide\/?s={search_term_string}\"},\"query-input\":{\"@type\":\"PropertyValueSpecification\",\"valueRequired\":true,\"valueName\":\"search_term_string\"}}],\"inLanguage\":\"en-US\"},{\"@type\":\"Person\",\"@id\":\"\",\"url\":\"https:\/\/www.welovecycling.com\/wide\/author\/\"}]}<\/script>\n<!-- \/ Yoast SEO Premium plugin. -->","yoast_head_json":{"title":"Tears and Triumphs: An Emotional Tour - \u0160koda We Love Cycling","description":"Tour de France is very emotional. Here are the moments that defined this year! Britain is in tears right after the very first stage: Cavendish falls and","robots":{"index":"index","follow":"follow","max-snippet":"max-snippet:-1","max-image-preview":"max-image-preview:large","max-video-preview":"max-video-preview:-1"},"canonical":"https:\/\/www.welovecycling.com\/wide\/2014\/07\/27\/tears-triumphs-emotional-tour\/","og_locale":"en_US","og_type":"article","og_title":"Tears and Triumphs: An Emotional Tour","og_description":"Tour de France is very emotional. Here are the moments that defined this year! Britain is in tears right after the very first stage: Cavendish falls and","og_url":"https:\/\/www.welovecycling.com\/wide\/2014\/07\/27\/tears-triumphs-emotional-tour\/","og_site_name":"\u0160koda We Love Cycling","article_published_time":"2014-07-27T14:07:54+00:00","article_modified_time":"2016-05-03T08:24:10+00:00","og_image":[{"width":525,"height":350,"url":"https:\/\/d2p6e6u75xmxt8.cloudfront.net\/2\/2014\/07\/bauerb.webp","type":"image\/webp"}],"twitter_card":"summary_large_image","twitter_misc":{"Written by":"Vratislav \u0160lap\u00e1k","Est. reading time":"2 minutes"},"schema":{"@context":"https:\/\/schema.org","@graph":[{"@type":"WebPage","@id":"https:\/\/www.welovecycling.com\/wide\/2014\/07\/27\/tears-triumphs-emotional-tour\/","url":"https:\/\/www.welovecycling.com\/wide\/2014\/07\/27\/tears-triumphs-emotional-tour\/","name":"Tears and Triumphs: An Emotional Tour - \u0160koda We Love Cycling","isPartOf":{"@id":"https:\/\/www.welovecycling.com\/wide\/#website"},"primaryImageOfPage":{"@id":"https:\/\/www.welovecycling.com\/wide\/2014\/07\/27\/tears-triumphs-emotional-tour\/#primaryimage"},"image":{"@id":"https:\/\/www.welovecycling.com\/wide\/2014\/07\/27\/tears-triumphs-emotional-tour\/#primaryimage"},"thumbnailUrl":"https:\/\/d2p6e6u75xmxt8.cloudfront.net\/2\/2014\/07\/bauerb.webp","datePublished":"2014-07-27T14:07:54+00:00","dateModified":"2016-05-03T08:24:10+00:00","author":{"@id":""},"description":"Tour de France is very emotional. Here are the moments that defined this year! Britain is in tears right after the very first stage: Cavendish falls and","breadcrumb":{"@id":"https:\/\/www.welovecycling.com\/wide\/2014\/07\/27\/tears-triumphs-emotional-tour\/#breadcrumb"},"inLanguage":"en-US","potentialAction":[{"@type":"ReadAction","target":["https:\/\/www.welovecycling.com\/wide\/2014\/07\/27\/tears-triumphs-emotional-tour\/"]}]},{"@type":"ImageObject","inLanguage":"en-US","@id":"https:\/\/www.welovecycling.com\/wide\/2014\/07\/27\/tears-triumphs-emotional-tour\/#primaryimage","url":"https:\/\/d2p6e6u75xmxt8.cloudfront.net\/2\/2014\/07\/bauerb.webp","contentUrl":"https:\/\/d2p6e6u75xmxt8.cloudfront.net\/2\/2014\/07\/bauerb.webp","width":525,"height":350},{"@type":"BreadcrumbList","@id":"https:\/\/www.welovecycling.com\/wide\/2014\/07\/27\/tears-triumphs-emotional-tour\/#breadcrumb","itemListElement":[{"@type":"ListItem","position":1,"name":"Home","item":"https:\/\/www.welovecycling.com\/wide\/"},{"@type":"ListItem","position":2,"name":"Tears and Triumphs: An Emotional Tour"}]},{"@type":"WebSite","@id":"https:\/\/www.welovecycling.com\/wide\/#website","url":"https:\/\/www.welovecycling.com\/wide\/","name":"\u0160koda We Love Cycling","description":"\u0160koda We Love Cycling magazine","alternateName":"\u0160koda WLC","potentialAction":[{"@type":"SearchAction","target":{"@type":"EntryPoint","urlTemplate":"https:\/\/www.welovecycling.com\/wide\/?s={search_term_string}"},"query-input":{"@type":"PropertyValueSpecification","valueRequired":true,"valueName":"search_term_string"}}],"inLanguage":"en-US"},{"@type":"Person","@id":"","url":"https:\/\/www.welovecycling.com\/wide\/author\/"}]}},"_links":{"self":[{"href":"https:\/\/www.welovecycling.com\/wide\/wp-json\/wp\/v2\/posts\/5711","targetHints":{"allow":["GET"]}}],"collection":[{"href":"https:\/\/www.welovecycling.com\/wide\/wp-json\/wp\/v2\/posts"}],"about":[{"href":"https:\/\/www.welovecycling.com\/wide\/wp-json\/wp\/v2\/types\/post"}],"author":[{"embeddable":true,"href":"https:\/\/www.welovecycling.com\/wide\/wp-json\/wp\/v2\/users\/5"}],"replies":[{"embeddable":true,"href":"https:\/\/www.welovecycling.com\/wide\/wp-json\/wp\/v2\/comments?post=5711"}],"version-history":[{"count":2,"href":"https:\/\/www.welovecycling.com\/wide\/wp-json\/wp\/v2\/posts\/5711\/revisions"}],"predecessor-version":[{"id":140313,"href":"https:\/\/www.welovecycling.com\/wide\/wp-json\/wp\/v2\/posts\/5711\/revisions\/140313"}],"wp:featuredmedia":[{"embeddable":true,"href":"https:\/\/www.welovecycling.com\/wide\/wp-json\/wp\/v2\/media\/5712"}],"wp:attachment":[{"href":"https:\/\/www.welovecycling.com\/wide\/wp-json\/wp\/v2\/media?parent=5711"}],"wp:term":[{"taxonomy":"category","embeddable":true,"href":"https:\/\/www.welovecycling.com\/wide\/wp-json\/wp\/v2\/categories?post=5711"},{"taxonomy":"post_tag","embeddable":true,"href":"https:\/\/www.welovecycling.com\/wide\/wp-json\/wp\/v2\/tags?post=5711"},{"taxonomy":"global-categories","embeddable":true,"href":"https:\/\/www.welovecycling.com\/wide\/wp-json\/wp\/v2\/global-categories?post=5711"}],"curies":[{"name":"wp","href":"https:\/\/api.w.org\/{rel}","templated":true}]}}