{"id":5570,"date":"2014-07-15T21:59:08","date_gmt":"2014-07-15T20:59:08","guid":{"rendered":"https:\/\/www.welovecycling.com\/?p=5570"},"modified":"2014-11-18T20:57:03","modified_gmt":"2014-11-18T19:57:03","slug":"great-sadness","status":"publish","type":"post","link":"https:\/\/www.welovecycling.com\/wide\/2014\/07\/15\/great-sadness\/","title":{"rendered":"Great Sadness!"},"content":{"rendered":"<p>The first half of the 2014 Tour has been filled with drama as Alberto Contador joined Chris Froome and Mark Cavendish on the list of heavy favourites forced to abandon the race prematurely, in addition to other racers whose hopes ended early.<\/p>\n<p><!--more--><\/p>\n<p>Swiss Mathias Frank of IAM Cycling finished stage 7 before heading to the Tour mobile medical clinic and then to the CHUR in Nancy where his road to victory came to a hault.<\/p>\n<p><a href=\"https:\/\/d2p6e6u75xmxt8.cloudfront.net\/2\/2014\/07\/1.jpg\"><img loading=\"lazy\" decoding=\"async\" src=\"https:\/\/d2p6e6u75xmxt8.cloudfront.net\/2\/2014\/07\/1-620x413.jpg\" alt=\"News - July 11, 2014\" width=\"620\" height=\"413\" class=\"alignnone size-medium wp-image-25387\" \/><\/a><br \/>\n<em>(Photo: Profimedia.cz)<\/em><\/p>\n<p>Mark Cavendish was first from the Tour podium candidate shortlist out of the race. &#8220;I&#8217;m absolutely devastated,&#8221; proclaimed Cavendish.<\/p>\n<p><a href=\"https:\/\/d2p6e6u75xmxt8.cloudfront.net\/2\/2014\/07\/2.jpg\"><img loading=\"lazy\" decoding=\"async\" src=\"https:\/\/d2p6e6u75xmxt8.cloudfront.net\/2\/2014\/07\/2-620x519.jpg\" alt=\"The Royals attend the Tour De France -Yorkshire\" width=\"620\" height=\"519\" class=\"alignnone size-medium wp-image-25388\" \/><\/a><br \/>\n<em>(Photo: Profimedia.cz)<\/em><\/p>\n<p>Mark Cavendish&#8217;s mother Adele and British Prime Minister David Cameron could be seen wincing as they watched the drama unfold during the opening stage in Yorkshire where Cavendish&#8217;s mother lives.<\/p>\n<p><a href=\"https:\/\/d2p6e6u75xmxt8.cloudfront.net\/2\/2014\/07\/2-1.jpg\"><img loading=\"lazy\" decoding=\"async\" src=\"https:\/\/d2p6e6u75xmxt8.cloudfront.net\/2\/2014\/07\/2-1-620x406.jpg\" alt=\"The Royals attend the Tour De France -Yorkshire\" width=\"620\" height=\"406\" class=\"alignnone size-medium wp-image-25389\" \/><\/a><br \/>\n<em>(Photo: Profimedia.cz)<\/em><\/p>\n<p><span style=\"color: #4d4d4d;\">Spain\u2019s Alberto Contador knee injury after a fall during the tenth stage of the Tour ended his chances of victory.<\/span><\/p>\n<p><a href=\"https:\/\/d2p6e6u75xmxt8.cloudfront.net\/2\/2014\/07\/profimedia-0198918870.jpg\"><img loading=\"lazy\" decoding=\"async\" class=\"alignnone size-medium wp-image-5575\" src=\"https:\/\/d2p6e6u75xmxt8.cloudfront.net\/2\/2014\/07\/profimedia-0198918870-480x319.jpg\" alt=\"Cycling: 101th Tour de France \/ Stage 10\" width=\"480\" height=\"319\" \/><br \/>\n<\/a><em>(Photo: Profimedia.cz)<\/em><\/p>\n<p>Germany&#8217;s Paul Voss, Belgium&#8217;s Jurgen Van Den Broeck and Estonia&#8217;s Tanel Kangert lie after a fall during the seventh stage.<\/p>\n<p><a href=\"https:\/\/d2p6e6u75xmxt8.cloudfront.net\/2\/2014\/07\/profimedia-0198735497.jpg\"><img loading=\"lazy\" decoding=\"async\" src=\"https:\/\/d2p6e6u75xmxt8.cloudfront.net\/2\/2014\/07\/profimedia-0198735497-620x412.jpg\" alt=\"profimedia-0198735497\" width=\"620\" height=\"412\" class=\"alignnone size-medium wp-image-25390\" \/><\/a><br \/>\n<em>(Photo: Profimedia.cz)<\/em><\/p>\n<p>Belgian Jurgen Van Den Broeck of Lotto flipped his bike and went off the wet cobblestone road during the fifth stage, leaving him out of contention.<\/p>\n<p><a href=\"https:\/\/d2p6e6u75xmxt8.cloudfront.net\/2\/2014\/07\/4.jpg\"><img loading=\"lazy\" decoding=\"async\" src=\"https:\/\/d2p6e6u75xmxt8.cloudfront.net\/2\/2014\/07\/4-620x413.jpg\" alt=\"News - July 9, 2014\" width=\"620\" height=\"413\" class=\"alignnone size-medium wp-image-25391\" \/><\/a><br \/>\n<em>(Photo: Profimedia.cz)<\/em><\/p>\n<p>Netherland&#8217;s Stef Clement receiving medical assistance after a fall during the seventh stage of the Tour was the final straw for a potential win.<\/p>\n<p><a href=\"https:\/\/d2p6e6u75xmxt8.cloudfront.net\/2\/2014\/07\/5.jpg\"><img loading=\"lazy\" decoding=\"async\" src=\"https:\/\/d2p6e6u75xmxt8.cloudfront.net\/2\/2014\/07\/5-620x412.jpg\" alt=\"5\" width=\"620\" height=\"412\" class=\"alignnone size-medium wp-image-25392\" \/><\/a><br \/>\n<em>(Photo: Profimedia.cz)<\/em><\/p>\n<p><em>Text: Pavel Eichler<\/em><\/p>\n","protected":false},"excerpt":{"rendered":"<p>The first half of the 2014 Tour has been filled with drama as Alberto Contador joined Chris Froome and Mark [&hellip;]<\/p>\n","protected":false},"author":5,"featured_media":5571,"comment_status":"open","ping_status":"open","sticky":false,"template":"","format":"standard","meta":{"footnotes":""},"categories":[329],"tags":[],"global-categories":[],"class_list":["post-5570","post","type-post","status-publish","format-standard","has-post-thumbnail","hentry","category-road-cycling"],"yoast_head":"<!-- This site is optimized with the Yoast SEO Premium plugin v25.3 (Yoast SEO v25.9) - https:\/\/yoast.com\/wordpress\/plugins\/seo\/ -->\n<title>Great Sadness! - \u0160koda We Love Cycling<\/title>\n<meta name=\"description\" content=\"The first half of the 2014 Tour has been filled with drama as Alberto Contador joined Chris Froome and Mark Cavendish on the list of heavy favourites\" \/>\n<meta name=\"robots\" content=\"index, follow, max-snippet:-1, max-image-preview:large, max-video-preview:-1\" \/>\n<link rel=\"canonical\" href=\"https:\/\/www.welovecycling.com\/wide\/2014\/07\/15\/great-sadness\/\" \/>\n<meta property=\"og:locale\" content=\"en_US\" \/>\n<meta property=\"og:type\" content=\"article\" \/>\n<meta property=\"og:title\" content=\"Great Sadness!\" \/>\n<meta property=\"og:description\" content=\"The first half of the 2014 Tour has been filled with drama as Alberto Contador joined Chris Froome and Mark Cavendish on the list of heavy favourites\" \/>\n<meta property=\"og:url\" content=\"https:\/\/www.welovecycling.com\/wide\/2014\/07\/15\/great-sadness\/\" \/>\n<meta property=\"og:site_name\" content=\"\u0160koda We Love Cycling\" \/>\n<meta property=\"article:published_time\" content=\"2014-07-15T20:59:08+00:00\" \/>\n<meta property=\"article:modified_time\" content=\"2014-11-18T19:57:03+00:00\" \/>\n<meta property=\"og:image\" content=\"https:\/\/d2p6e6u75xmxt8.cloudfront.net\/2\/2014\/07\/header_image_sadness.webp\" \/>\n\t<meta property=\"og:image:width\" content=\"525\" \/>\n\t<meta property=\"og:image:height\" content=\"350\" \/>\n\t<meta property=\"og:image:type\" content=\"image\/webp\" \/>\n<meta name=\"twitter:card\" content=\"summary_large_image\" \/>\n<meta name=\"twitter:label1\" content=\"Written by\" \/>\n\t<meta name=\"twitter:data1\" content=\"\" \/>\n\t<meta name=\"twitter:label2\" content=\"Est. reading time\" \/>\n\t<meta name=\"twitter:data2\" content=\"1 minute\" \/>\n<script type=\"application\/ld+json\" class=\"yoast-schema-graph\">{\"@context\":\"https:\/\/schema.org\",\"@graph\":[{\"@type\":\"WebPage\",\"@id\":\"https:\/\/www.welovecycling.com\/wide\/2014\/07\/15\/great-sadness\/\",\"url\":\"https:\/\/www.welovecycling.com\/wide\/2014\/07\/15\/great-sadness\/\",\"name\":\"Great Sadness! - \u0160koda We Love Cycling\",\"isPartOf\":{\"@id\":\"https:\/\/www.welovecycling.com\/wide\/#website\"},\"primaryImageOfPage\":{\"@id\":\"https:\/\/www.welovecycling.com\/wide\/2014\/07\/15\/great-sadness\/#primaryimage\"},\"image\":{\"@id\":\"https:\/\/www.welovecycling.com\/wide\/2014\/07\/15\/great-sadness\/#primaryimage\"},\"thumbnailUrl\":\"https:\/\/d2p6e6u75xmxt8.cloudfront.net\/2\/2014\/07\/header_image_sadness.webp\",\"datePublished\":\"2014-07-15T20:59:08+00:00\",\"dateModified\":\"2014-11-18T19:57:03+00:00\",\"author\":{\"@id\":\"\"},\"description\":\"The first half of the 2014 Tour has been filled with drama as Alberto Contador joined Chris Froome and Mark Cavendish on the list of heavy favourites\",\"breadcrumb\":{\"@id\":\"https:\/\/www.welovecycling.com\/wide\/2014\/07\/15\/great-sadness\/#breadcrumb\"},\"inLanguage\":\"en-US\",\"potentialAction\":[{\"@type\":\"ReadAction\",\"target\":[\"https:\/\/www.welovecycling.com\/wide\/2014\/07\/15\/great-sadness\/\"]}]},{\"@type\":\"ImageObject\",\"inLanguage\":\"en-US\",\"@id\":\"https:\/\/www.welovecycling.com\/wide\/2014\/07\/15\/great-sadness\/#primaryimage\",\"url\":\"https:\/\/d2p6e6u75xmxt8.cloudfront.net\/2\/2014\/07\/header_image_sadness.webp\",\"contentUrl\":\"https:\/\/d2p6e6u75xmxt8.cloudfront.net\/2\/2014\/07\/header_image_sadness.webp\",\"width\":525,\"height\":350},{\"@type\":\"BreadcrumbList\",\"@id\":\"https:\/\/www.welovecycling.com\/wide\/2014\/07\/15\/great-sadness\/#breadcrumb\",\"itemListElement\":[{\"@type\":\"ListItem\",\"position\":1,\"name\":\"Home\",\"item\":\"https:\/\/www.welovecycling.com\/wide\/\"},{\"@type\":\"ListItem\",\"position\":2,\"name\":\"Great Sadness!\"}]},{\"@type\":\"WebSite\",\"@id\":\"https:\/\/www.welovecycling.com\/wide\/#website\",\"url\":\"https:\/\/www.welovecycling.com\/wide\/\",\"name\":\"\u0160koda We Love Cycling\",\"description\":\"\u0160koda We Love Cycling magazine\",\"alternateName\":\"\u0160koda WLC\",\"potentialAction\":[{\"@type\":\"SearchAction\",\"target\":{\"@type\":\"EntryPoint\",\"urlTemplate\":\"https:\/\/www.welovecycling.com\/wide\/?s={search_term_string}\"},\"query-input\":{\"@type\":\"PropertyValueSpecification\",\"valueRequired\":true,\"valueName\":\"search_term_string\"}}],\"inLanguage\":\"en-US\"},{\"@type\":\"Person\",\"@id\":\"\",\"url\":\"https:\/\/www.welovecycling.com\/wide\/author\/\"}]}<\/script>\n<!-- \/ Yoast SEO Premium plugin. -->","yoast_head_json":{"title":"Great Sadness! - \u0160koda We Love Cycling","description":"The first half of the 2014 Tour has been filled with drama as Alberto Contador joined Chris Froome and Mark Cavendish on the list of heavy favourites","robots":{"index":"index","follow":"follow","max-snippet":"max-snippet:-1","max-image-preview":"max-image-preview:large","max-video-preview":"max-video-preview:-1"},"canonical":"https:\/\/www.welovecycling.com\/wide\/2014\/07\/15\/great-sadness\/","og_locale":"en_US","og_type":"article","og_title":"Great Sadness!","og_description":"The first half of the 2014 Tour has been filled with drama as Alberto Contador joined Chris Froome and Mark Cavendish on the list of heavy favourites","og_url":"https:\/\/www.welovecycling.com\/wide\/2014\/07\/15\/great-sadness\/","og_site_name":"\u0160koda We Love Cycling","article_published_time":"2014-07-15T20:59:08+00:00","article_modified_time":"2014-11-18T19:57:03+00:00","og_image":[{"width":525,"height":350,"url":"https:\/\/d2p6e6u75xmxt8.cloudfront.net\/2\/2014\/07\/header_image_sadness.webp","type":"image\/webp"}],"twitter_card":"summary_large_image","twitter_misc":{"Written by":"","Est. reading time":"1 minute"},"schema":{"@context":"https:\/\/schema.org","@graph":[{"@type":"WebPage","@id":"https:\/\/www.welovecycling.com\/wide\/2014\/07\/15\/great-sadness\/","url":"https:\/\/www.welovecycling.com\/wide\/2014\/07\/15\/great-sadness\/","name":"Great Sadness! - \u0160koda We Love Cycling","isPartOf":{"@id":"https:\/\/www.welovecycling.com\/wide\/#website"},"primaryImageOfPage":{"@id":"https:\/\/www.welovecycling.com\/wide\/2014\/07\/15\/great-sadness\/#primaryimage"},"image":{"@id":"https:\/\/www.welovecycling.com\/wide\/2014\/07\/15\/great-sadness\/#primaryimage"},"thumbnailUrl":"https:\/\/d2p6e6u75xmxt8.cloudfront.net\/2\/2014\/07\/header_image_sadness.webp","datePublished":"2014-07-15T20:59:08+00:00","dateModified":"2014-11-18T19:57:03+00:00","author":{"@id":""},"description":"The first half of the 2014 Tour has been filled with drama as Alberto Contador joined Chris Froome and Mark Cavendish on the list of heavy favourites","breadcrumb":{"@id":"https:\/\/www.welovecycling.com\/wide\/2014\/07\/15\/great-sadness\/#breadcrumb"},"inLanguage":"en-US","potentialAction":[{"@type":"ReadAction","target":["https:\/\/www.welovecycling.com\/wide\/2014\/07\/15\/great-sadness\/"]}]},{"@type":"ImageObject","inLanguage":"en-US","@id":"https:\/\/www.welovecycling.com\/wide\/2014\/07\/15\/great-sadness\/#primaryimage","url":"https:\/\/d2p6e6u75xmxt8.cloudfront.net\/2\/2014\/07\/header_image_sadness.webp","contentUrl":"https:\/\/d2p6e6u75xmxt8.cloudfront.net\/2\/2014\/07\/header_image_sadness.webp","width":525,"height":350},{"@type":"BreadcrumbList","@id":"https:\/\/www.welovecycling.com\/wide\/2014\/07\/15\/great-sadness\/#breadcrumb","itemListElement":[{"@type":"ListItem","position":1,"name":"Home","item":"https:\/\/www.welovecycling.com\/wide\/"},{"@type":"ListItem","position":2,"name":"Great Sadness!"}]},{"@type":"WebSite","@id":"https:\/\/www.welovecycling.com\/wide\/#website","url":"https:\/\/www.welovecycling.com\/wide\/","name":"\u0160koda We Love Cycling","description":"\u0160koda We Love Cycling magazine","alternateName":"\u0160koda WLC","potentialAction":[{"@type":"SearchAction","target":{"@type":"EntryPoint","urlTemplate":"https:\/\/www.welovecycling.com\/wide\/?s={search_term_string}"},"query-input":{"@type":"PropertyValueSpecification","valueRequired":true,"valueName":"search_term_string"}}],"inLanguage":"en-US"},{"@type":"Person","@id":"","url":"https:\/\/www.welovecycling.com\/wide\/author\/"}]}},"_links":{"self":[{"href":"https:\/\/www.welovecycling.com\/wide\/wp-json\/wp\/v2\/posts\/5570","targetHints":{"allow":["GET"]}}],"collection":[{"href":"https:\/\/www.welovecycling.com\/wide\/wp-json\/wp\/v2\/posts"}],"about":[{"href":"https:\/\/www.welovecycling.com\/wide\/wp-json\/wp\/v2\/types\/post"}],"author":[{"embeddable":true,"href":"https:\/\/www.welovecycling.com\/wide\/wp-json\/wp\/v2\/users\/5"}],"replies":[{"embeddable":true,"href":"https:\/\/www.welovecycling.com\/wide\/wp-json\/wp\/v2\/comments?post=5570"}],"version-history":[{"count":2,"href":"https:\/\/www.welovecycling.com\/wide\/wp-json\/wp\/v2\/posts\/5570\/revisions"}],"predecessor-version":[{"id":25393,"href":"https:\/\/www.welovecycling.com\/wide\/wp-json\/wp\/v2\/posts\/5570\/revisions\/25393"}],"wp:featuredmedia":[{"embeddable":true,"href":"https:\/\/www.welovecycling.com\/wide\/wp-json\/wp\/v2\/media\/5571"}],"wp:attachment":[{"href":"https:\/\/www.welovecycling.com\/wide\/wp-json\/wp\/v2\/media?parent=5570"}],"wp:term":[{"taxonomy":"category","embeddable":true,"href":"https:\/\/www.welovecycling.com\/wide\/wp-json\/wp\/v2\/categories?post=5570"},{"taxonomy":"post_tag","embeddable":true,"href":"https:\/\/www.welovecycling.com\/wide\/wp-json\/wp\/v2\/tags?post=5570"},{"taxonomy":"global-categories","embeddable":true,"href":"https:\/\/www.welovecycling.com\/wide\/wp-json\/wp\/v2\/global-categories?post=5570"}],"curies":[{"name":"wp","href":"https:\/\/api.w.org\/{rel}","templated":true}]}}