{"id":5175,"date":"2014-06-03T07:29:10","date_gmt":"2014-06-03T07:29:10","guid":{"rendered":"https:\/\/www.welovecycling.com\/?p=5175"},"modified":"2016-05-03T08:25:57","modified_gmt":"2016-05-03T08:25:57","slug":"dont-hold-going-uphill","status":"publish","type":"post","link":"https:\/\/www.welovecycling.com\/wide\/2014\/06\/03\/dont-hold-going-uphill\/","title":{"rendered":"(Don&#8217;t) Hold On, We&#8217;re Going Uphill"},"content":{"rendered":"<p>Nowhere in the rules does it say anything about support vehicles being used as \u2018lifts\u2019, but that\u2019s exactly what always been happening and continues to get worse.<\/p>\n<p><a href=\"https:\/\/d2p6e6u75xmxt8.cloudfront.net\/2\/2014\/06\/podvadeni3-karusel.jpg\"><img loading=\"lazy\" decoding=\"async\" src=\"https:\/\/d2p6e6u75xmxt8.cloudfront.net\/2\/2014\/06\/podvadeni3-karusel.jpg\" alt=\"podvadeni3-karusel\" width=\"600\" height=\"380\" class=\"alignnone size-full wp-image-25233\" \/><\/a><br \/>\n<em>(Photo: Profimedia.cz)<\/em><\/p>\n<p><!--more-->Back in the early days of the Tour de France, there weren\u2019t many cars that could go a great deal faster than a bicycle with a fit rider astride it, but even in the second year that the Tour was staged, suspicions were being raised that riders were not only getting dragged along by cars, but were even clambering into them and getting a ride. Small wonder really, when most of them were amateurs and with the prize money being two thousand francs for the winner, it must have acted as a powerful lure against every rider\u2019s sense of honour and fair play. Even the winner of the first year of the Tour, Maurice Garin, was sucked in.<\/p>\n<p>Although the spectators were up against him, unhappy with the first-class conditions he was being granted compared to the other riders (he was the only one whose food was taken care of by the organiser!), Garin managed to win the second year of the Tour as well, but he did not savour his victory for very long. The French cycling authorities started looking into what had happened over the course of the race and this led to the disqualification of nine riders, including the top four. Garin subsequently was banned from taking part in cycling races for two years and although the reason has never been divulged, it is assumed that they made unauthorised use of cars and trains during the race.<\/p>\n<p>Either respect tradition or create a new tier to the Tour seems to be the only way on how a clean and even race can be achieved.<\/p>\n<p><a href=\"https:\/\/d2p6e6u75xmxt8.cloudfront.net\/2\/2014\/06\/podvadeni2-karusel.jpg\"><img loading=\"lazy\" decoding=\"async\" src=\"https:\/\/d2p6e6u75xmxt8.cloudfront.net\/2\/2014\/06\/podvadeni2-karusel.jpg\" alt=\"podvadeni2-karusel\" width=\"600\" height=\"380\" class=\"alignnone size-full wp-image-25231\" \/><\/a><br \/>\n<em>(Photo: Profimedia.cz)<\/em><\/p>\n<p>Holding onto the vehicle with one hand and cramming your mouth with food with the other always used to be accepted. Discreetly of course, so never allowing your legs to rest against the handlebars, hardier souls would even pretend that they were still pedalling. No one bothers sticking to that now though and if necessary they just hitch on and get dragged right through the peloton. Yes, it isn&#8217;t very sporting, but it gives the rider a breather and you cannot blame them for feeling a bit leg-weary sometimes.<\/p>\n<p>The other choice is to bring in a new jersey for the rider who holds on the longest to a car that a) changes speed b) zigzags wildly or c) tries to shake off the rider like a bucking bronco. It would be like a tandem race and to spice it up the rider could be dragged along by a tow rope with one end a) clamped between his teeth b) hooked onto his nipples or c) down below. A new extreme sport with a golden future and the riders know that. I guess that\u2019s why they keep training regularly.<\/p>\n<p>Text: Jan Hanzl\u00edk<\/p>\n","protected":false},"excerpt":{"rendered":"<p>Nowhere in the rules does it say anything about support vehicles being used as \u2018lifts\u2019, but that\u2019s exactly what always [&hellip;]<\/p>\n","protected":false},"author":5,"featured_media":5176,"comment_status":"open","ping_status":"open","sticky":false,"template":"","format":"standard","meta":{"footnotes":""},"categories":[328],"tags":[],"global-categories":[],"class_list":["post-5175","post","type-post","status-publish","format-standard","has-post-thumbnail","hentry","category-outdoor-mountain"],"yoast_head":"<!-- This site is optimized with the Yoast SEO Premium plugin v25.3 (Yoast SEO v25.9) - https:\/\/yoast.com\/wordpress\/plugins\/seo\/ -->\n<title>(Don&#039;t) Hold On, We&#039;re Going Uphill - \u0160koda We Love Cycling<\/title>\n<meta name=\"description\" content=\"Nowhere in the rules does it say anything about support vehicles being used as \u2018lifts\u2019, but that\u2019s exactly what always been happening and continues to get\" \/>\n<meta name=\"robots\" content=\"index, follow, max-snippet:-1, max-image-preview:large, max-video-preview:-1\" \/>\n<link rel=\"canonical\" href=\"https:\/\/www.welovecycling.com\/wide\/2014\/06\/03\/dont-hold-going-uphill\/\" \/>\n<meta property=\"og:locale\" content=\"en_US\" \/>\n<meta property=\"og:type\" content=\"article\" \/>\n<meta property=\"og:title\" content=\"(Don&#039;t) Hold On, We&#039;re Going Uphill\" \/>\n<meta property=\"og:description\" content=\"Nowhere in the rules does it say anything about support vehicles being used as \u2018lifts\u2019, but that\u2019s exactly what always been happening and continues to get\" \/>\n<meta property=\"og:url\" content=\"https:\/\/www.welovecycling.com\/wide\/2014\/06\/03\/dont-hold-going-uphill\/\" \/>\n<meta property=\"og:site_name\" content=\"\u0160koda We Love Cycling\" \/>\n<meta property=\"article:published_time\" content=\"2014-06-03T07:29:10+00:00\" \/>\n<meta property=\"article:modified_time\" content=\"2016-05-03T08:25:57+00:00\" \/>\n<meta property=\"og:image\" content=\"https:\/\/d2p6e6u75xmxt8.cloudfront.net\/2\/2014\/06\/podvadeni2-featured.webp\" \/>\n\t<meta property=\"og:image:width\" content=\"525\" \/>\n\t<meta property=\"og:image:height\" content=\"350\" \/>\n\t<meta property=\"og:image:type\" content=\"image\/webp\" \/>\n<meta name=\"twitter:card\" content=\"summary_large_image\" \/>\n<meta name=\"twitter:label1\" content=\"Written by\" \/>\n\t<meta name=\"twitter:data1\" content=\"\" \/>\n\t<meta name=\"twitter:label2\" content=\"Est. reading time\" \/>\n\t<meta name=\"twitter:data2\" content=\"2 minutes\" \/>\n<script type=\"application\/ld+json\" class=\"yoast-schema-graph\">{\"@context\":\"https:\/\/schema.org\",\"@graph\":[{\"@type\":\"WebPage\",\"@id\":\"https:\/\/www.welovecycling.com\/wide\/2014\/06\/03\/dont-hold-going-uphill\/\",\"url\":\"https:\/\/www.welovecycling.com\/wide\/2014\/06\/03\/dont-hold-going-uphill\/\",\"name\":\"(Don't) Hold On, We're Going Uphill - \u0160koda We Love Cycling\",\"isPartOf\":{\"@id\":\"https:\/\/www.welovecycling.com\/wide\/#website\"},\"primaryImageOfPage\":{\"@id\":\"https:\/\/www.welovecycling.com\/wide\/2014\/06\/03\/dont-hold-going-uphill\/#primaryimage\"},\"image\":{\"@id\":\"https:\/\/www.welovecycling.com\/wide\/2014\/06\/03\/dont-hold-going-uphill\/#primaryimage\"},\"thumbnailUrl\":\"https:\/\/d2p6e6u75xmxt8.cloudfront.net\/2\/2014\/06\/podvadeni2-featured.webp\",\"datePublished\":\"2014-06-03T07:29:10+00:00\",\"dateModified\":\"2016-05-03T08:25:57+00:00\",\"author\":{\"@id\":\"\"},\"description\":\"Nowhere in the rules does it say anything about support vehicles being used as \u2018lifts\u2019, but that\u2019s exactly what always been happening and continues to get\",\"breadcrumb\":{\"@id\":\"https:\/\/www.welovecycling.com\/wide\/2014\/06\/03\/dont-hold-going-uphill\/#breadcrumb\"},\"inLanguage\":\"en-US\",\"potentialAction\":[{\"@type\":\"ReadAction\",\"target\":[\"https:\/\/www.welovecycling.com\/wide\/2014\/06\/03\/dont-hold-going-uphill\/\"]}]},{\"@type\":\"ImageObject\",\"inLanguage\":\"en-US\",\"@id\":\"https:\/\/www.welovecycling.com\/wide\/2014\/06\/03\/dont-hold-going-uphill\/#primaryimage\",\"url\":\"https:\/\/d2p6e6u75xmxt8.cloudfront.net\/2\/2014\/06\/podvadeni2-featured.webp\",\"contentUrl\":\"https:\/\/d2p6e6u75xmxt8.cloudfront.net\/2\/2014\/06\/podvadeni2-featured.webp\",\"width\":525,\"height\":350},{\"@type\":\"BreadcrumbList\",\"@id\":\"https:\/\/www.welovecycling.com\/wide\/2014\/06\/03\/dont-hold-going-uphill\/#breadcrumb\",\"itemListElement\":[{\"@type\":\"ListItem\",\"position\":1,\"name\":\"Home\",\"item\":\"https:\/\/www.welovecycling.com\/wide\/\"},{\"@type\":\"ListItem\",\"position\":2,\"name\":\"(Don&#8217;t) Hold On, We&#8217;re Going Uphill\"}]},{\"@type\":\"WebSite\",\"@id\":\"https:\/\/www.welovecycling.com\/wide\/#website\",\"url\":\"https:\/\/www.welovecycling.com\/wide\/\",\"name\":\"\u0160koda We Love Cycling\",\"description\":\"\u0160koda We Love Cycling magazine\",\"alternateName\":\"\u0160koda WLC\",\"potentialAction\":[{\"@type\":\"SearchAction\",\"target\":{\"@type\":\"EntryPoint\",\"urlTemplate\":\"https:\/\/www.welovecycling.com\/wide\/?s={search_term_string}\"},\"query-input\":{\"@type\":\"PropertyValueSpecification\",\"valueRequired\":true,\"valueName\":\"search_term_string\"}}],\"inLanguage\":\"en-US\"},{\"@type\":\"Person\",\"@id\":\"\",\"url\":\"https:\/\/www.welovecycling.com\/wide\/author\/\"}]}<\/script>\n<!-- \/ Yoast SEO Premium plugin. -->","yoast_head_json":{"title":"(Don't) Hold On, We're Going Uphill - \u0160koda We Love Cycling","description":"Nowhere in the rules does it say anything about support vehicles being used as \u2018lifts\u2019, but that\u2019s exactly what always been happening and continues to get","robots":{"index":"index","follow":"follow","max-snippet":"max-snippet:-1","max-image-preview":"max-image-preview:large","max-video-preview":"max-video-preview:-1"},"canonical":"https:\/\/www.welovecycling.com\/wide\/2014\/06\/03\/dont-hold-going-uphill\/","og_locale":"en_US","og_type":"article","og_title":"(Don't) Hold On, We're Going Uphill","og_description":"Nowhere in the rules does it say anything about support vehicles being used as \u2018lifts\u2019, but that\u2019s exactly what always been happening and continues to get","og_url":"https:\/\/www.welovecycling.com\/wide\/2014\/06\/03\/dont-hold-going-uphill\/","og_site_name":"\u0160koda We Love Cycling","article_published_time":"2014-06-03T07:29:10+00:00","article_modified_time":"2016-05-03T08:25:57+00:00","og_image":[{"width":525,"height":350,"url":"https:\/\/d2p6e6u75xmxt8.cloudfront.net\/2\/2014\/06\/podvadeni2-featured.webp","type":"image\/webp"}],"twitter_card":"summary_large_image","twitter_misc":{"Written by":"","Est. reading time":"2 minutes"},"schema":{"@context":"https:\/\/schema.org","@graph":[{"@type":"WebPage","@id":"https:\/\/www.welovecycling.com\/wide\/2014\/06\/03\/dont-hold-going-uphill\/","url":"https:\/\/www.welovecycling.com\/wide\/2014\/06\/03\/dont-hold-going-uphill\/","name":"(Don't) Hold On, We're Going Uphill - \u0160koda We Love Cycling","isPartOf":{"@id":"https:\/\/www.welovecycling.com\/wide\/#website"},"primaryImageOfPage":{"@id":"https:\/\/www.welovecycling.com\/wide\/2014\/06\/03\/dont-hold-going-uphill\/#primaryimage"},"image":{"@id":"https:\/\/www.welovecycling.com\/wide\/2014\/06\/03\/dont-hold-going-uphill\/#primaryimage"},"thumbnailUrl":"https:\/\/d2p6e6u75xmxt8.cloudfront.net\/2\/2014\/06\/podvadeni2-featured.webp","datePublished":"2014-06-03T07:29:10+00:00","dateModified":"2016-05-03T08:25:57+00:00","author":{"@id":""},"description":"Nowhere in the rules does it say anything about support vehicles being used as \u2018lifts\u2019, but that\u2019s exactly what always been happening and continues to get","breadcrumb":{"@id":"https:\/\/www.welovecycling.com\/wide\/2014\/06\/03\/dont-hold-going-uphill\/#breadcrumb"},"inLanguage":"en-US","potentialAction":[{"@type":"ReadAction","target":["https:\/\/www.welovecycling.com\/wide\/2014\/06\/03\/dont-hold-going-uphill\/"]}]},{"@type":"ImageObject","inLanguage":"en-US","@id":"https:\/\/www.welovecycling.com\/wide\/2014\/06\/03\/dont-hold-going-uphill\/#primaryimage","url":"https:\/\/d2p6e6u75xmxt8.cloudfront.net\/2\/2014\/06\/podvadeni2-featured.webp","contentUrl":"https:\/\/d2p6e6u75xmxt8.cloudfront.net\/2\/2014\/06\/podvadeni2-featured.webp","width":525,"height":350},{"@type":"BreadcrumbList","@id":"https:\/\/www.welovecycling.com\/wide\/2014\/06\/03\/dont-hold-going-uphill\/#breadcrumb","itemListElement":[{"@type":"ListItem","position":1,"name":"Home","item":"https:\/\/www.welovecycling.com\/wide\/"},{"@type":"ListItem","position":2,"name":"(Don&#8217;t) Hold On, We&#8217;re Going Uphill"}]},{"@type":"WebSite","@id":"https:\/\/www.welovecycling.com\/wide\/#website","url":"https:\/\/www.welovecycling.com\/wide\/","name":"\u0160koda We Love Cycling","description":"\u0160koda We Love Cycling magazine","alternateName":"\u0160koda WLC","potentialAction":[{"@type":"SearchAction","target":{"@type":"EntryPoint","urlTemplate":"https:\/\/www.welovecycling.com\/wide\/?s={search_term_string}"},"query-input":{"@type":"PropertyValueSpecification","valueRequired":true,"valueName":"search_term_string"}}],"inLanguage":"en-US"},{"@type":"Person","@id":"","url":"https:\/\/www.welovecycling.com\/wide\/author\/"}]}},"_links":{"self":[{"href":"https:\/\/www.welovecycling.com\/wide\/wp-json\/wp\/v2\/posts\/5175","targetHints":{"allow":["GET"]}}],"collection":[{"href":"https:\/\/www.welovecycling.com\/wide\/wp-json\/wp\/v2\/posts"}],"about":[{"href":"https:\/\/www.welovecycling.com\/wide\/wp-json\/wp\/v2\/types\/post"}],"author":[{"embeddable":true,"href":"https:\/\/www.welovecycling.com\/wide\/wp-json\/wp\/v2\/users\/5"}],"replies":[{"embeddable":true,"href":"https:\/\/www.welovecycling.com\/wide\/wp-json\/wp\/v2\/comments?post=5175"}],"version-history":[{"count":2,"href":"https:\/\/www.welovecycling.com\/wide\/wp-json\/wp\/v2\/posts\/5175\/revisions"}],"predecessor-version":[{"id":140321,"href":"https:\/\/www.welovecycling.com\/wide\/wp-json\/wp\/v2\/posts\/5175\/revisions\/140321"}],"wp:featuredmedia":[{"embeddable":true,"href":"https:\/\/www.welovecycling.com\/wide\/wp-json\/wp\/v2\/media\/5176"}],"wp:attachment":[{"href":"https:\/\/www.welovecycling.com\/wide\/wp-json\/wp\/v2\/media?parent=5175"}],"wp:term":[{"taxonomy":"category","embeddable":true,"href":"https:\/\/www.welovecycling.com\/wide\/wp-json\/wp\/v2\/categories?post=5175"},{"taxonomy":"post_tag","embeddable":true,"href":"https:\/\/www.welovecycling.com\/wide\/wp-json\/wp\/v2\/tags?post=5175"},{"taxonomy":"global-categories","embeddable":true,"href":"https:\/\/www.welovecycling.com\/wide\/wp-json\/wp\/v2\/global-categories?post=5175"}],"curies":[{"name":"wp","href":"https:\/\/api.w.org\/{rel}","templated":true}]}}