{"id":26857,"date":"2015-04-29T15:08:41","date_gmt":"2015-04-29T13:08:41","guid":{"rendered":"https:\/\/www.welovecycling.com\/?p=26857"},"modified":"2015-06-08T12:22:41","modified_gmt":"2015-06-08T10:22:41","slug":"a-day-of-pro-coaching","status":"publish","type":"post","link":"https:\/\/www.welovecycling.com\/wide\/2015\/04\/29\/a-day-of-pro-coaching\/","title":{"rendered":"A Day of Pro Coaching"},"content":{"rendered":"<p><strong>At WeLoveCycling our name says it all. We simply love cycling and want to share our passion for riding with others. That\u2019s why we set up a one-day training camp for some of our friends and colleagues. What better way to build biking confidence and have fun than a day spent riding trails and rocking the bike park with a pro?<\/strong><\/p>\n<p><!--more--><\/p>\n<div id='gallery-1' class='gallery galleryid-26857 gallery-columns-3 gallery-size-medium'><figure class='gallery-item'>\n\t\t\t<div class='gallery-icon landscape'>\n\t\t\t\t<a href='https:\/\/d2p6e6u75xmxt8.cloudfront.net\/2\/2015\/05\/AG9C4963_1.webp'><img loading=\"lazy\" decoding=\"async\" width=\"300\" height=\"200\" src=\"https:\/\/d2p6e6u75xmxt8.cloudfront.net\/2\/2015\/05\/AG9C4963_1-300x200.webp\" class=\"attachment-medium size-medium\" alt=\"\" srcset=\"https:\/\/d2p6e6u75xmxt8.cloudfront.net\/2\/2015\/05\/AG9C4963_1-300x200.webp 300w, https:\/\/d2p6e6u75xmxt8.cloudfront.net\/2\/2015\/05\/AG9C4963_1-768x512.webp 768w, https:\/\/d2p6e6u75xmxt8.cloudfront.net\/2\/2015\/05\/AG9C4963_1-272x182.webp 272w, https:\/\/d2p6e6u75xmxt8.cloudfront.net\/2\/2015\/05\/AG9C4963_1.webp 900w\" sizes=\"auto, (max-width: 300px) 100vw, 300px\" \/><\/a>\n\t\t\t<\/div><\/figure><figure class='gallery-item'>\n\t\t\t<div class='gallery-icon landscape'>\n\t\t\t\t<a href='https:\/\/d2p6e6u75xmxt8.cloudfront.net\/2\/2015\/05\/AG9C5005_1.webp'><img loading=\"lazy\" decoding=\"async\" width=\"300\" height=\"200\" src=\"https:\/\/d2p6e6u75xmxt8.cloudfront.net\/2\/2015\/05\/AG9C5005_1-300x200.webp\" class=\"attachment-medium size-medium\" alt=\"\" srcset=\"https:\/\/d2p6e6u75xmxt8.cloudfront.net\/2\/2015\/05\/AG9C5005_1-300x200.webp 300w, https:\/\/d2p6e6u75xmxt8.cloudfront.net\/2\/2015\/05\/AG9C5005_1-768x512.webp 768w, https:\/\/d2p6e6u75xmxt8.cloudfront.net\/2\/2015\/05\/AG9C5005_1-272x182.webp 272w, https:\/\/d2p6e6u75xmxt8.cloudfront.net\/2\/2015\/05\/AG9C5005_1.webp 900w\" sizes=\"auto, (max-width: 300px) 100vw, 300px\" \/><\/a>\n\t\t\t<\/div><\/figure><figure class='gallery-item'>\n\t\t\t<div class='gallery-icon landscape'>\n\t\t\t\t<a href='https:\/\/d2p6e6u75xmxt8.cloudfront.net\/2\/2015\/05\/AG9C4982_1.webp'><img loading=\"lazy\" decoding=\"async\" width=\"300\" height=\"200\" src=\"https:\/\/d2p6e6u75xmxt8.cloudfront.net\/2\/2015\/05\/AG9C4982_1-300x200.webp\" class=\"attachment-medium size-medium\" alt=\"\" srcset=\"https:\/\/d2p6e6u75xmxt8.cloudfront.net\/2\/2015\/05\/AG9C4982_1-300x200.webp 300w, https:\/\/d2p6e6u75xmxt8.cloudfront.net\/2\/2015\/05\/AG9C4982_1-768x512.webp 768w, https:\/\/d2p6e6u75xmxt8.cloudfront.net\/2\/2015\/05\/AG9C4982_1-272x182.webp 272w, https:\/\/d2p6e6u75xmxt8.cloudfront.net\/2\/2015\/05\/AG9C4982_1.webp 900w\" sizes=\"auto, (max-width: 300px) 100vw, 300px\" \/><\/a>\n\t\t\t<\/div><\/figure>\n\t\t<\/div>\n\n<p>With ten years of mountain biking coaching under his belt, WLC ambassador and pro cyclist Richard \u201cGaspi\u201d Gasperotti was just the right person to take seven cycling enthusiasts out for a day of riding thrills.<\/p>\n<p><a href=\"https:\/\/d2p6e6u75xmxt8.cloudfront.net\/2\/2015\/05\/AG9C5379_1.jpg\"><img loading=\"lazy\" decoding=\"async\" class=\"alignnone size-medium wp-image-26860\" src=\"https:\/\/d2p6e6u75xmxt8.cloudfront.net\/2\/2015\/05\/AG9C5379_1-600x400.jpg\" alt=\"\" width=\"600\" height=\"400\" \/><\/a><\/p>\n<p>Gathering early on a sunny Saturday morning in May on the hilly outskirts of Prague, he didn\u2019t waste any time. After some stretching, Gaspi got everyone up and going on their bikes, while a <a href=\"http:\/\/www.skoda-auto.com\/en\/models\/new-octavia-combi\/overview\/\" target=\"_blank\">\u0160koda Octavia Combi<\/a> brought up the rear with three extra bikes, just in case.<\/p>\n<p><a href=\"https:\/\/d2p6e6u75xmxt8.cloudfront.net\/2\/2015\/05\/AG9C4975_1.jpg\"><img loading=\"lazy\" decoding=\"async\" class=\"alignnone size-medium wp-image-26864\" src=\"https:\/\/d2p6e6u75xmxt8.cloudfront.net\/2\/2015\/05\/AG9C4975_1-600x400.jpg\" alt=\"\" width=\"600\" height=\"400\" \/><\/a><\/p>\n<p>Just like in any other sport, a good coach lays the foundation for an athlete\u2019s improved performance. Gaspi started by teaching our riders fundamental safety skills to help boost their confidence on any kind of terrain and in any situation. He then stopped periodically to highlight different techniques for shifting, cornering, climbing, staying balanced and rocketing down hill.<\/p>\n<div id='gallery-2' class='gallery galleryid-26857 gallery-columns-3 gallery-size-medium'><figure class='gallery-item'>\n\t\t\t<div class='gallery-icon landscape'>\n\t\t\t\t<a href='https:\/\/d2p6e6u75xmxt8.cloudfront.net\/2\/2015\/05\/AG9C5052_1.webp'><img loading=\"lazy\" decoding=\"async\" width=\"300\" height=\"200\" src=\"https:\/\/d2p6e6u75xmxt8.cloudfront.net\/2\/2015\/05\/AG9C5052_1-300x200.webp\" class=\"attachment-medium size-medium\" alt=\"\" srcset=\"https:\/\/d2p6e6u75xmxt8.cloudfront.net\/2\/2015\/05\/AG9C5052_1-300x200.webp 300w, https:\/\/d2p6e6u75xmxt8.cloudfront.net\/2\/2015\/05\/AG9C5052_1-768x512.webp 768w, https:\/\/d2p6e6u75xmxt8.cloudfront.net\/2\/2015\/05\/AG9C5052_1-272x182.webp 272w, https:\/\/d2p6e6u75xmxt8.cloudfront.net\/2\/2015\/05\/AG9C5052_1.webp 900w\" sizes=\"auto, (max-width: 300px) 100vw, 300px\" \/><\/a>\n\t\t\t<\/div><\/figure><figure class='gallery-item'>\n\t\t\t<div class='gallery-icon landscape'>\n\t\t\t\t<a href='https:\/\/d2p6e6u75xmxt8.cloudfront.net\/2\/2015\/05\/AG9C5281_1.webp'><img loading=\"lazy\" decoding=\"async\" width=\"300\" height=\"200\" src=\"https:\/\/d2p6e6u75xmxt8.cloudfront.net\/2\/2015\/05\/AG9C5281_1-300x200.webp\" class=\"attachment-medium size-medium\" alt=\"\" srcset=\"https:\/\/d2p6e6u75xmxt8.cloudfront.net\/2\/2015\/05\/AG9C5281_1-300x200.webp 300w, https:\/\/d2p6e6u75xmxt8.cloudfront.net\/2\/2015\/05\/AG9C5281_1-768x512.webp 768w, https:\/\/d2p6e6u75xmxt8.cloudfront.net\/2\/2015\/05\/AG9C5281_1-272x182.webp 272w, https:\/\/d2p6e6u75xmxt8.cloudfront.net\/2\/2015\/05\/AG9C5281_1.webp 900w\" sizes=\"auto, (max-width: 300px) 100vw, 300px\" \/><\/a>\n\t\t\t<\/div><\/figure><figure class='gallery-item'>\n\t\t\t<div class='gallery-icon landscape'>\n\t\t\t\t<a href='https:\/\/d2p6e6u75xmxt8.cloudfront.net\/2\/2015\/05\/AG9C5227_1.webp'><img loading=\"lazy\" decoding=\"async\" width=\"300\" height=\"200\" src=\"https:\/\/d2p6e6u75xmxt8.cloudfront.net\/2\/2015\/05\/AG9C5227_1-300x200.webp\" class=\"attachment-medium size-medium\" alt=\"\" srcset=\"https:\/\/d2p6e6u75xmxt8.cloudfront.net\/2\/2015\/05\/AG9C5227_1-300x200.webp 300w, https:\/\/d2p6e6u75xmxt8.cloudfront.net\/2\/2015\/05\/AG9C5227_1-768x512.webp 768w, https:\/\/d2p6e6u75xmxt8.cloudfront.net\/2\/2015\/05\/AG9C5227_1-272x182.webp 272w, https:\/\/d2p6e6u75xmxt8.cloudfront.net\/2\/2015\/05\/AG9C5227_1.webp 900w\" sizes=\"auto, (max-width: 300px) 100vw, 300px\" \/><\/a>\n\t\t\t<\/div><\/figure>\n\t\t<\/div>\n\n<p>You don\u2019t get better without taking some knocks along the way, though. The day saw a few \u201cendoes\u201d \u2013 that\u2019s cycling lingo for going end-over-end over the handlebars \u2013 as well as other painful moments. But Gaspi and crew were there all the way to give each of our riders the individual attention they needed to bring their skills up to speed. And the riders? They loved every minute of it.<\/p>\n<div id='gallery-3' class='gallery galleryid-26857 gallery-columns-3 gallery-size-medium'><figure class='gallery-item'>\n\t\t\t<div class='gallery-icon landscape'>\n\t\t\t\t<a href='https:\/\/d2p6e6u75xmxt8.cloudfront.net\/2\/2015\/05\/AG9C5040_1.webp'><img loading=\"lazy\" decoding=\"async\" width=\"300\" height=\"200\" src=\"https:\/\/d2p6e6u75xmxt8.cloudfront.net\/2\/2015\/05\/AG9C5040_1-300x200.webp\" class=\"attachment-medium size-medium\" alt=\"\" srcset=\"https:\/\/d2p6e6u75xmxt8.cloudfront.net\/2\/2015\/05\/AG9C5040_1-300x200.webp 300w, https:\/\/d2p6e6u75xmxt8.cloudfront.net\/2\/2015\/05\/AG9C5040_1-768x512.webp 768w, https:\/\/d2p6e6u75xmxt8.cloudfront.net\/2\/2015\/05\/AG9C5040_1-272x182.webp 272w, https:\/\/d2p6e6u75xmxt8.cloudfront.net\/2\/2015\/05\/AG9C5040_1.webp 900w\" sizes=\"auto, (max-width: 300px) 100vw, 300px\" \/><\/a>\n\t\t\t<\/div><\/figure><figure class='gallery-item'>\n\t\t\t<div class='gallery-icon landscape'>\n\t\t\t\t<a href='https:\/\/d2p6e6u75xmxt8.cloudfront.net\/2\/2015\/05\/AG9C5030_1.webp'><img loading=\"lazy\" decoding=\"async\" width=\"300\" height=\"200\" src=\"https:\/\/d2p6e6u75xmxt8.cloudfront.net\/2\/2015\/05\/AG9C5030_1-300x200.webp\" class=\"attachment-medium size-medium\" alt=\"\" srcset=\"https:\/\/d2p6e6u75xmxt8.cloudfront.net\/2\/2015\/05\/AG9C5030_1-300x200.webp 300w, https:\/\/d2p6e6u75xmxt8.cloudfront.net\/2\/2015\/05\/AG9C5030_1-768x512.webp 768w, https:\/\/d2p6e6u75xmxt8.cloudfront.net\/2\/2015\/05\/AG9C5030_1-272x182.webp 272w, https:\/\/d2p6e6u75xmxt8.cloudfront.net\/2\/2015\/05\/AG9C5030_1.webp 900w\" sizes=\"auto, (max-width: 300px) 100vw, 300px\" \/><\/a>\n\t\t\t<\/div><\/figure><figure class='gallery-item'>\n\t\t\t<div class='gallery-icon landscape'>\n\t\t\t\t<a href='https:\/\/d2p6e6u75xmxt8.cloudfront.net\/2\/2015\/05\/AG9C5331_1.webp'><img loading=\"lazy\" decoding=\"async\" width=\"300\" height=\"200\" src=\"https:\/\/d2p6e6u75xmxt8.cloudfront.net\/2\/2015\/05\/AG9C5331_1-300x200.webp\" class=\"attachment-medium size-medium\" alt=\"\" srcset=\"https:\/\/d2p6e6u75xmxt8.cloudfront.net\/2\/2015\/05\/AG9C5331_1-300x200.webp 300w, https:\/\/d2p6e6u75xmxt8.cloudfront.net\/2\/2015\/05\/AG9C5331_1-768x512.webp 768w, https:\/\/d2p6e6u75xmxt8.cloudfront.net\/2\/2015\/05\/AG9C5331_1-272x182.webp 272w, https:\/\/d2p6e6u75xmxt8.cloudfront.net\/2\/2015\/05\/AG9C5331_1.webp 900w\" sizes=\"auto, (max-width: 300px) 100vw, 300px\" \/><\/a>\n\t\t\t<\/div><\/figure>\n\t\t<\/div>\n\n<p>Meanwhile, three lucky winners of our recent Adventure Camp contest will be heading to Lago di Garda in a few weeks for three days of professional coaching and riding on the world famous trails surrounding the scenic Italian lakes.<\/p>\n<p><strong>If you missed your chance to enter the contest, make sure to follow us regularly so you can stay up to date on all our contests, news, stories and films on WeLoveCycling.com.<\/strong><\/p>\n","protected":false},"excerpt":{"rendered":"<p>At WeLoveCycling our name says it all. We simply love cycling and want to share our passion for riding with [&hellip;]<\/p>\n","protected":false},"author":14,"featured_media":26858,"comment_status":"open","ping_status":"open","sticky":false,"template":"","format":"standard","meta":{"footnotes":""},"categories":[328],"tags":[],"global-categories":[],"class_list":["post-26857","post","type-post","status-publish","format-standard","has-post-thumbnail","hentry","category-outdoor-mountain"],"yoast_head":"<!-- This site is optimized with the Yoast SEO Premium plugin v25.3 (Yoast SEO v25.9) - https:\/\/yoast.com\/wordpress\/plugins\/seo\/ -->\n<title>A Day of Pro Coaching - \u0160koda We Love Cycling<\/title>\n<meta name=\"description\" content=\"At WeLoveCycling our name says it all. We simply love cycling and want to share our passion for riding with others. That\u2019s why we set up a one-day\" \/>\n<meta name=\"robots\" content=\"index, follow, max-snippet:-1, max-image-preview:large, max-video-preview:-1\" \/>\n<link rel=\"canonical\" href=\"https:\/\/www.welovecycling.com\/wide\/2015\/04\/29\/a-day-of-pro-coaching\/\" \/>\n<meta property=\"og:locale\" content=\"en_US\" \/>\n<meta property=\"og:type\" content=\"article\" \/>\n<meta property=\"og:title\" content=\"A Day of Pro Coaching\" \/>\n<meta property=\"og:description\" content=\"At WeLoveCycling our name says it all. We simply love cycling and want to share our passion for riding with others. That\u2019s why we set up a one-day\" \/>\n<meta property=\"og:url\" content=\"https:\/\/www.welovecycling.com\/wide\/2015\/04\/29\/a-day-of-pro-coaching\/\" \/>\n<meta property=\"og:site_name\" content=\"\u0160koda We Love Cycling\" \/>\n<meta property=\"article:published_time\" content=\"2015-04-29T13:08:41+00:00\" \/>\n<meta property=\"article:modified_time\" content=\"2015-06-08T10:22:41+00:00\" \/>\n<meta property=\"og:image\" content=\"https:\/\/d2p6e6u75xmxt8.cloudfront.net\/2\/2015\/05\/opener14.webp\" \/>\n\t<meta property=\"og:image:width\" content=\"525\" \/>\n\t<meta property=\"og:image:height\" content=\"350\" \/>\n\t<meta property=\"og:image:type\" content=\"image\/webp\" \/>\n<meta name=\"twitter:card\" content=\"summary_large_image\" \/>\n<meta name=\"twitter:label1\" content=\"Written by\" \/>\n\t<meta name=\"twitter:data1\" content=\"Adam Marsal\" \/>\n\t<meta name=\"twitter:label2\" content=\"Est. reading time\" \/>\n\t<meta name=\"twitter:data2\" content=\"2 minutes\" \/>\n<script type=\"application\/ld+json\" class=\"yoast-schema-graph\">{\"@context\":\"https:\/\/schema.org\",\"@graph\":[{\"@type\":\"WebPage\",\"@id\":\"https:\/\/www.welovecycling.com\/wide\/2015\/04\/29\/a-day-of-pro-coaching\/\",\"url\":\"https:\/\/www.welovecycling.com\/wide\/2015\/04\/29\/a-day-of-pro-coaching\/\",\"name\":\"A Day of Pro Coaching - \u0160koda We Love Cycling\",\"isPartOf\":{\"@id\":\"https:\/\/www.welovecycling.com\/wide\/#website\"},\"primaryImageOfPage\":{\"@id\":\"https:\/\/www.welovecycling.com\/wide\/2015\/04\/29\/a-day-of-pro-coaching\/#primaryimage\"},\"image\":{\"@id\":\"https:\/\/www.welovecycling.com\/wide\/2015\/04\/29\/a-day-of-pro-coaching\/#primaryimage\"},\"thumbnailUrl\":\"https:\/\/d2p6e6u75xmxt8.cloudfront.net\/2\/2015\/05\/opener14.webp\",\"datePublished\":\"2015-04-29T13:08:41+00:00\",\"dateModified\":\"2015-06-08T10:22:41+00:00\",\"author\":{\"@id\":\"\"},\"description\":\"At WeLoveCycling our name says it all. We simply love cycling and want to share our passion for riding with others. That\u2019s why we set up a one-day\",\"breadcrumb\":{\"@id\":\"https:\/\/www.welovecycling.com\/wide\/2015\/04\/29\/a-day-of-pro-coaching\/#breadcrumb\"},\"inLanguage\":\"en-US\",\"potentialAction\":[{\"@type\":\"ReadAction\",\"target\":[\"https:\/\/www.welovecycling.com\/wide\/2015\/04\/29\/a-day-of-pro-coaching\/\"]}]},{\"@type\":\"ImageObject\",\"inLanguage\":\"en-US\",\"@id\":\"https:\/\/www.welovecycling.com\/wide\/2015\/04\/29\/a-day-of-pro-coaching\/#primaryimage\",\"url\":\"https:\/\/d2p6e6u75xmxt8.cloudfront.net\/2\/2015\/05\/opener14.webp\",\"contentUrl\":\"https:\/\/d2p6e6u75xmxt8.cloudfront.net\/2\/2015\/05\/opener14.webp\",\"width\":525,\"height\":350},{\"@type\":\"BreadcrumbList\",\"@id\":\"https:\/\/www.welovecycling.com\/wide\/2015\/04\/29\/a-day-of-pro-coaching\/#breadcrumb\",\"itemListElement\":[{\"@type\":\"ListItem\",\"position\":1,\"name\":\"Home\",\"item\":\"https:\/\/www.welovecycling.com\/wide\/\"},{\"@type\":\"ListItem\",\"position\":2,\"name\":\"A Day of Pro Coaching\"}]},{\"@type\":\"WebSite\",\"@id\":\"https:\/\/www.welovecycling.com\/wide\/#website\",\"url\":\"https:\/\/www.welovecycling.com\/wide\/\",\"name\":\"\u0160koda We Love Cycling\",\"description\":\"\u0160koda We Love Cycling magazine\",\"alternateName\":\"\u0160koda WLC\",\"potentialAction\":[{\"@type\":\"SearchAction\",\"target\":{\"@type\":\"EntryPoint\",\"urlTemplate\":\"https:\/\/www.welovecycling.com\/wide\/?s={search_term_string}\"},\"query-input\":{\"@type\":\"PropertyValueSpecification\",\"valueRequired\":true,\"valueName\":\"search_term_string\"}}],\"inLanguage\":\"en-US\"},{\"@type\":\"Person\",\"@id\":\"\",\"url\":\"https:\/\/www.welovecycling.com\/wide\/author\/\"}]}<\/script>\n<!-- \/ Yoast SEO Premium plugin. -->","yoast_head_json":{"title":"A Day of Pro Coaching - \u0160koda We Love Cycling","description":"At WeLoveCycling our name says it all. We simply love cycling and want to share our passion for riding with others. That\u2019s why we set up a one-day","robots":{"index":"index","follow":"follow","max-snippet":"max-snippet:-1","max-image-preview":"max-image-preview:large","max-video-preview":"max-video-preview:-1"},"canonical":"https:\/\/www.welovecycling.com\/wide\/2015\/04\/29\/a-day-of-pro-coaching\/","og_locale":"en_US","og_type":"article","og_title":"A Day of Pro Coaching","og_description":"At WeLoveCycling our name says it all. We simply love cycling and want to share our passion for riding with others. That\u2019s why we set up a one-day","og_url":"https:\/\/www.welovecycling.com\/wide\/2015\/04\/29\/a-day-of-pro-coaching\/","og_site_name":"\u0160koda We Love Cycling","article_published_time":"2015-04-29T13:08:41+00:00","article_modified_time":"2015-06-08T10:22:41+00:00","og_image":[{"width":525,"height":350,"url":"https:\/\/d2p6e6u75xmxt8.cloudfront.net\/2\/2015\/05\/opener14.webp","type":"image\/webp"}],"twitter_card":"summary_large_image","twitter_misc":{"Written by":"Adam Marsal","Est. reading time":"2 minutes"},"schema":{"@context":"https:\/\/schema.org","@graph":[{"@type":"WebPage","@id":"https:\/\/www.welovecycling.com\/wide\/2015\/04\/29\/a-day-of-pro-coaching\/","url":"https:\/\/www.welovecycling.com\/wide\/2015\/04\/29\/a-day-of-pro-coaching\/","name":"A Day of Pro Coaching - \u0160koda We Love Cycling","isPartOf":{"@id":"https:\/\/www.welovecycling.com\/wide\/#website"},"primaryImageOfPage":{"@id":"https:\/\/www.welovecycling.com\/wide\/2015\/04\/29\/a-day-of-pro-coaching\/#primaryimage"},"image":{"@id":"https:\/\/www.welovecycling.com\/wide\/2015\/04\/29\/a-day-of-pro-coaching\/#primaryimage"},"thumbnailUrl":"https:\/\/d2p6e6u75xmxt8.cloudfront.net\/2\/2015\/05\/opener14.webp","datePublished":"2015-04-29T13:08:41+00:00","dateModified":"2015-06-08T10:22:41+00:00","author":{"@id":""},"description":"At WeLoveCycling our name says it all. We simply love cycling and want to share our passion for riding with others. That\u2019s why we set up a one-day","breadcrumb":{"@id":"https:\/\/www.welovecycling.com\/wide\/2015\/04\/29\/a-day-of-pro-coaching\/#breadcrumb"},"inLanguage":"en-US","potentialAction":[{"@type":"ReadAction","target":["https:\/\/www.welovecycling.com\/wide\/2015\/04\/29\/a-day-of-pro-coaching\/"]}]},{"@type":"ImageObject","inLanguage":"en-US","@id":"https:\/\/www.welovecycling.com\/wide\/2015\/04\/29\/a-day-of-pro-coaching\/#primaryimage","url":"https:\/\/d2p6e6u75xmxt8.cloudfront.net\/2\/2015\/05\/opener14.webp","contentUrl":"https:\/\/d2p6e6u75xmxt8.cloudfront.net\/2\/2015\/05\/opener14.webp","width":525,"height":350},{"@type":"BreadcrumbList","@id":"https:\/\/www.welovecycling.com\/wide\/2015\/04\/29\/a-day-of-pro-coaching\/#breadcrumb","itemListElement":[{"@type":"ListItem","position":1,"name":"Home","item":"https:\/\/www.welovecycling.com\/wide\/"},{"@type":"ListItem","position":2,"name":"A Day of Pro Coaching"}]},{"@type":"WebSite","@id":"https:\/\/www.welovecycling.com\/wide\/#website","url":"https:\/\/www.welovecycling.com\/wide\/","name":"\u0160koda We Love Cycling","description":"\u0160koda We Love Cycling magazine","alternateName":"\u0160koda WLC","potentialAction":[{"@type":"SearchAction","target":{"@type":"EntryPoint","urlTemplate":"https:\/\/www.welovecycling.com\/wide\/?s={search_term_string}"},"query-input":{"@type":"PropertyValueSpecification","valueRequired":true,"valueName":"search_term_string"}}],"inLanguage":"en-US"},{"@type":"Person","@id":"","url":"https:\/\/www.welovecycling.com\/wide\/author\/"}]}},"_links":{"self":[{"href":"https:\/\/www.welovecycling.com\/wide\/wp-json\/wp\/v2\/posts\/26857","targetHints":{"allow":["GET"]}}],"collection":[{"href":"https:\/\/www.welovecycling.com\/wide\/wp-json\/wp\/v2\/posts"}],"about":[{"href":"https:\/\/www.welovecycling.com\/wide\/wp-json\/wp\/v2\/types\/post"}],"author":[{"embeddable":true,"href":"https:\/\/www.welovecycling.com\/wide\/wp-json\/wp\/v2\/users\/14"}],"replies":[{"embeddable":true,"href":"https:\/\/www.welovecycling.com\/wide\/wp-json\/wp\/v2\/comments?post=26857"}],"version-history":[{"count":2,"href":"https:\/\/www.welovecycling.com\/wide\/wp-json\/wp\/v2\/posts\/26857\/revisions"}],"predecessor-version":[{"id":26950,"href":"https:\/\/www.welovecycling.com\/wide\/wp-json\/wp\/v2\/posts\/26857\/revisions\/26950"}],"wp:featuredmedia":[{"embeddable":true,"href":"https:\/\/www.welovecycling.com\/wide\/wp-json\/wp\/v2\/media\/26858"}],"wp:attachment":[{"href":"https:\/\/www.welovecycling.com\/wide\/wp-json\/wp\/v2\/media?parent=26857"}],"wp:term":[{"taxonomy":"category","embeddable":true,"href":"https:\/\/www.welovecycling.com\/wide\/wp-json\/wp\/v2\/categories?post=26857"},{"taxonomy":"post_tag","embeddable":true,"href":"https:\/\/www.welovecycling.com\/wide\/wp-json\/wp\/v2\/tags?post=26857"},{"taxonomy":"global-categories","embeddable":true,"href":"https:\/\/www.welovecycling.com\/wide\/wp-json\/wp\/v2\/global-categories?post=26857"}],"curies":[{"name":"wp","href":"https:\/\/api.w.org\/{rel}","templated":true}]}}