{"id":26728,"date":"2015-05-15T15:17:19","date_gmt":"2015-05-15T13:17:19","guid":{"rendered":"https:\/\/www.welovecycling.com\/?p=26728"},"modified":"2015-08-05T13:15:16","modified_gmt":"2015-08-05T11:15:16","slug":"3-strong-riders-wanted-for-letape-du-tour-2015","status":"publish","type":"post","link":"https:\/\/www.welovecycling.com\/wide\/2015\/05\/15\/3-strong-riders-wanted-for-letape-du-tour-2015\/","title":{"rendered":"3 Strong Riders Wanted for l&#8217;\u00c9tape du Tour 2015!"},"content":{"rendered":"<p><strong>Are you ready to ride the Tour de France\u2019s Alpine stage? Enter our L&#8217;\u00c9tape du Tour\u00a0contest to find out and be one of three riders to represent WeLoveCycling at the L&#8217;\u00c9tape du Tour\u00a02015!<\/strong><!--more--><\/p>\n<a  href=\"\/le-etape-du-tour-2015-contest\" title=\"titulek\" class=\"relbutton btn-wlc btn-primary\">Enter the contest now<\/a>\n<p><strong>How:<\/strong> <a href=\"https:\/\/www.welovecycling.com\/le-etape-du-tour-2015-contest\/\" target=\"_blank\">Just send us a screenshot from your cycling app<\/a>\u00a0with the furthest distance a day you rode either this or last season, along with a pic of yourself with your bike. We\u2019ll select three strong riders to join our ambassador on the WeLoveCycling team for the backbreaking 142-kilometre race from Saint-Jean-de-Maurienne to La Toussuire.<\/p>\n<p><a href=\"https:\/\/d2p6e6u75xmxt8.cloudfront.net\/2\/2015\/05\/elevation-profile.png\"><img loading=\"lazy\" decoding=\"async\" class=\"alignnone size-medium wp-image-26729\" src=\"https:\/\/d2p6e6u75xmxt8.cloudfront.net\/2\/2015\/05\/elevation-profile-600x162.png\" alt=\"\" width=\"600\" height=\"162\" \/><\/a><\/p>\n<h2>What is l\u2019\u00c9tape du Tour<\/h2>\n<p>The annual <a href=\"https:\/\/www.welovecycling.com\/blog\/26657\/can-you-handle-the-letape-du-tour\/\" target=\"_blank\">L&#8217;\u00c9tape du Tour<\/a> \u2013 which this year will be held on Sunday, July 19, 2015 \u2013\u00a0lets thousands of amateur cyclists from around the world compete under tournament conditions. The race replicates stage 19 of this year\u2019s Tour and features closed roads, support cars, feeding stations and a broom wagon to pick up the stragglers.<\/p>\n<div class=\"embed-controller-wrapper\">\n<div class=\"embed-wrapper\"><iframe title=\"L&#039;Etape du Tour 2015 - Teaser\" width=\"500\" height=\"281\" data-src=\"https:\/\/www.youtube.com\/embed\/fZKOwgtOt70?feature=oembed\" frameborder=\"0\" allow=\"accelerometer; autoplay; clipboard-write; encrypted-media; gyroscope; picture-in-picture; web-share\" referrerpolicy=\"strict-origin-when-cross-origin\" allowfullscreen><\/iframe><\/div>\n<\/div>\n<p>Registration for the race has already closed, but we have three places on the WeLoveCycling team for tough riders with legs of steel. Just enter below.<\/p>\n<a  href=\"\/le-etape-du-tour-2015-contest\" title=\"titulek\" class=\"relbutton btn-wlc btn-primary\">I have legs of steel!<\/a>\n<p>Along with the race registration, we\u2019ll pay for your flights, transportation, accommodation and meals.<\/p>\n","protected":false},"excerpt":{"rendered":"<p>Are you ready to ride the Tour de France\u2019s Alpine stage? Enter our L&#8217;\u00c9tape du Tour\u00a0contest to find out and [&hellip;]<\/p>\n","protected":false},"author":14,"featured_media":26746,"comment_status":"open","ping_status":"open","sticky":false,"template":"","format":"standard","meta":{"footnotes":""},"categories":[328,329],"tags":[],"global-categories":[],"class_list":["post-26728","post","type-post","status-publish","format-standard","has-post-thumbnail","hentry","category-outdoor-mountain","category-road-cycling"],"yoast_head":"<!-- This site is optimized with the Yoast SEO Premium plugin v25.3 (Yoast SEO v25.9) - https:\/\/yoast.com\/wordpress\/plugins\/seo\/ -->\n<title>3 Strong Riders Wanted for l&#039;\u00c9tape du Tour 2015! - \u0160koda We Love Cycling<\/title>\n<meta name=\"description\" content=\"Are you ready to ride the Tour de France\u2019s Alpine stage? Enter our contest and be one of three riders to represent WeLoveCycling at the L&#039;\u00c9tape du Tour!\" \/>\n<meta name=\"robots\" content=\"index, follow, max-snippet:-1, max-image-preview:large, max-video-preview:-1\" \/>\n<link rel=\"canonical\" href=\"https:\/\/www.welovecycling.com\/wide\/2015\/05\/15\/3-strong-riders-wanted-for-letape-du-tour-2015\/\" \/>\n<meta property=\"og:locale\" content=\"en_US\" \/>\n<meta property=\"og:type\" content=\"article\" \/>\n<meta property=\"og:title\" content=\"3 Strong Riders Wanted for l&#039;\u00c9tape du Tour 2015!\" \/>\n<meta property=\"og:description\" content=\"Are you ready to ride the Tour de France\u2019s Alpine stage? Enter our contest and be one of three riders to represent WeLoveCycling at the L&#039;\u00c9tape du Tour!\" \/>\n<meta property=\"og:url\" content=\"https:\/\/www.welovecycling.com\/wide\/2015\/05\/15\/3-strong-riders-wanted-for-letape-du-tour-2015\/\" \/>\n<meta property=\"og:site_name\" content=\"\u0160koda We Love Cycling\" \/>\n<meta property=\"article:published_time\" content=\"2015-05-15T13:17:19+00:00\" \/>\n<meta property=\"article:modified_time\" content=\"2015-08-05T11:15:16+00:00\" \/>\n<meta property=\"og:image\" content=\"https:\/\/d2p6e6u75xmxt8.cloudfront.net\/2\/2015\/05\/M7C_banner-950x350.webp\" \/>\n\t<meta property=\"og:image:width\" content=\"525\" \/>\n\t<meta property=\"og:image:height\" content=\"350\" \/>\n\t<meta property=\"og:image:type\" content=\"image\/webp\" \/>\n<meta name=\"twitter:card\" content=\"summary_large_image\" \/>\n<meta name=\"twitter:label1\" content=\"Written by\" \/>\n\t<meta name=\"twitter:data1\" content=\"Vratislav \u0160lap\u00e1k\" \/>\n\t<meta name=\"twitter:label2\" content=\"Est. reading time\" \/>\n\t<meta name=\"twitter:data2\" content=\"1 minute\" \/>\n<script type=\"application\/ld+json\" class=\"yoast-schema-graph\">{\"@context\":\"https:\/\/schema.org\",\"@graph\":[{\"@type\":\"WebPage\",\"@id\":\"https:\/\/www.welovecycling.com\/wide\/2015\/05\/15\/3-strong-riders-wanted-for-letape-du-tour-2015\/\",\"url\":\"https:\/\/www.welovecycling.com\/wide\/2015\/05\/15\/3-strong-riders-wanted-for-letape-du-tour-2015\/\",\"name\":\"3 Strong Riders Wanted for l'\u00c9tape du Tour 2015! - \u0160koda We Love Cycling\",\"isPartOf\":{\"@id\":\"https:\/\/www.welovecycling.com\/wide\/#website\"},\"primaryImageOfPage\":{\"@id\":\"https:\/\/www.welovecycling.com\/wide\/2015\/05\/15\/3-strong-riders-wanted-for-letape-du-tour-2015\/#primaryimage\"},\"image\":{\"@id\":\"https:\/\/www.welovecycling.com\/wide\/2015\/05\/15\/3-strong-riders-wanted-for-letape-du-tour-2015\/#primaryimage\"},\"thumbnailUrl\":\"https:\/\/d2p6e6u75xmxt8.cloudfront.net\/2\/2015\/05\/M7C_banner-950x350.webp\",\"datePublished\":\"2015-05-15T13:17:19+00:00\",\"dateModified\":\"2015-08-05T11:15:16+00:00\",\"author\":{\"@id\":\"\"},\"description\":\"Are you ready to ride the Tour de France\u2019s Alpine stage? Enter our contest and be one of three riders to represent WeLoveCycling at the L'\u00c9tape du Tour!\",\"breadcrumb\":{\"@id\":\"https:\/\/www.welovecycling.com\/wide\/2015\/05\/15\/3-strong-riders-wanted-for-letape-du-tour-2015\/#breadcrumb\"},\"inLanguage\":\"en-US\",\"potentialAction\":[{\"@type\":\"ReadAction\",\"target\":[\"https:\/\/www.welovecycling.com\/wide\/2015\/05\/15\/3-strong-riders-wanted-for-letape-du-tour-2015\/\"]}]},{\"@type\":\"ImageObject\",\"inLanguage\":\"en-US\",\"@id\":\"https:\/\/www.welovecycling.com\/wide\/2015\/05\/15\/3-strong-riders-wanted-for-letape-du-tour-2015\/#primaryimage\",\"url\":\"https:\/\/d2p6e6u75xmxt8.cloudfront.net\/2\/2015\/05\/M7C_banner-950x350.webp\",\"contentUrl\":\"https:\/\/d2p6e6u75xmxt8.cloudfront.net\/2\/2015\/05\/M7C_banner-950x350.webp\",\"width\":525,\"height\":350},{\"@type\":\"BreadcrumbList\",\"@id\":\"https:\/\/www.welovecycling.com\/wide\/2015\/05\/15\/3-strong-riders-wanted-for-letape-du-tour-2015\/#breadcrumb\",\"itemListElement\":[{\"@type\":\"ListItem\",\"position\":1,\"name\":\"Home\",\"item\":\"https:\/\/www.welovecycling.com\/wide\/\"},{\"@type\":\"ListItem\",\"position\":2,\"name\":\"3 Strong Riders Wanted for l&#8217;\u00c9tape du Tour 2015!\"}]},{\"@type\":\"WebSite\",\"@id\":\"https:\/\/www.welovecycling.com\/wide\/#website\",\"url\":\"https:\/\/www.welovecycling.com\/wide\/\",\"name\":\"\u0160koda We Love Cycling\",\"description\":\"\u0160koda We Love Cycling magazine\",\"alternateName\":\"\u0160koda WLC\",\"potentialAction\":[{\"@type\":\"SearchAction\",\"target\":{\"@type\":\"EntryPoint\",\"urlTemplate\":\"https:\/\/www.welovecycling.com\/wide\/?s={search_term_string}\"},\"query-input\":{\"@type\":\"PropertyValueSpecification\",\"valueRequired\":true,\"valueName\":\"search_term_string\"}}],\"inLanguage\":\"en-US\"},{\"@type\":\"Person\",\"@id\":\"\",\"url\":\"https:\/\/www.welovecycling.com\/wide\/author\/\"}]}<\/script>\n<!-- \/ Yoast SEO Premium plugin. -->","yoast_head_json":{"title":"3 Strong Riders Wanted for l'\u00c9tape du Tour 2015! - \u0160koda We Love Cycling","description":"Are you ready to ride the Tour de France\u2019s Alpine stage? Enter our contest and be one of three riders to represent WeLoveCycling at the L'\u00c9tape du Tour!","robots":{"index":"index","follow":"follow","max-snippet":"max-snippet:-1","max-image-preview":"max-image-preview:large","max-video-preview":"max-video-preview:-1"},"canonical":"https:\/\/www.welovecycling.com\/wide\/2015\/05\/15\/3-strong-riders-wanted-for-letape-du-tour-2015\/","og_locale":"en_US","og_type":"article","og_title":"3 Strong Riders Wanted for l'\u00c9tape du Tour 2015!","og_description":"Are you ready to ride the Tour de France\u2019s Alpine stage? Enter our contest and be one of three riders to represent WeLoveCycling at the L'\u00c9tape du Tour!","og_url":"https:\/\/www.welovecycling.com\/wide\/2015\/05\/15\/3-strong-riders-wanted-for-letape-du-tour-2015\/","og_site_name":"\u0160koda We Love Cycling","article_published_time":"2015-05-15T13:17:19+00:00","article_modified_time":"2015-08-05T11:15:16+00:00","og_image":[{"width":525,"height":350,"url":"https:\/\/d2p6e6u75xmxt8.cloudfront.net\/2\/2015\/05\/M7C_banner-950x350.webp","type":"image\/webp"}],"twitter_card":"summary_large_image","twitter_misc":{"Written by":"Vratislav \u0160lap\u00e1k","Est. reading time":"1 minute"},"schema":{"@context":"https:\/\/schema.org","@graph":[{"@type":"WebPage","@id":"https:\/\/www.welovecycling.com\/wide\/2015\/05\/15\/3-strong-riders-wanted-for-letape-du-tour-2015\/","url":"https:\/\/www.welovecycling.com\/wide\/2015\/05\/15\/3-strong-riders-wanted-for-letape-du-tour-2015\/","name":"3 Strong Riders Wanted for l'\u00c9tape du Tour 2015! - \u0160koda We Love Cycling","isPartOf":{"@id":"https:\/\/www.welovecycling.com\/wide\/#website"},"primaryImageOfPage":{"@id":"https:\/\/www.welovecycling.com\/wide\/2015\/05\/15\/3-strong-riders-wanted-for-letape-du-tour-2015\/#primaryimage"},"image":{"@id":"https:\/\/www.welovecycling.com\/wide\/2015\/05\/15\/3-strong-riders-wanted-for-letape-du-tour-2015\/#primaryimage"},"thumbnailUrl":"https:\/\/d2p6e6u75xmxt8.cloudfront.net\/2\/2015\/05\/M7C_banner-950x350.webp","datePublished":"2015-05-15T13:17:19+00:00","dateModified":"2015-08-05T11:15:16+00:00","author":{"@id":""},"description":"Are you ready to ride the Tour de France\u2019s Alpine stage? Enter our contest and be one of three riders to represent WeLoveCycling at the L'\u00c9tape du Tour!","breadcrumb":{"@id":"https:\/\/www.welovecycling.com\/wide\/2015\/05\/15\/3-strong-riders-wanted-for-letape-du-tour-2015\/#breadcrumb"},"inLanguage":"en-US","potentialAction":[{"@type":"ReadAction","target":["https:\/\/www.welovecycling.com\/wide\/2015\/05\/15\/3-strong-riders-wanted-for-letape-du-tour-2015\/"]}]},{"@type":"ImageObject","inLanguage":"en-US","@id":"https:\/\/www.welovecycling.com\/wide\/2015\/05\/15\/3-strong-riders-wanted-for-letape-du-tour-2015\/#primaryimage","url":"https:\/\/d2p6e6u75xmxt8.cloudfront.net\/2\/2015\/05\/M7C_banner-950x350.webp","contentUrl":"https:\/\/d2p6e6u75xmxt8.cloudfront.net\/2\/2015\/05\/M7C_banner-950x350.webp","width":525,"height":350},{"@type":"BreadcrumbList","@id":"https:\/\/www.welovecycling.com\/wide\/2015\/05\/15\/3-strong-riders-wanted-for-letape-du-tour-2015\/#breadcrumb","itemListElement":[{"@type":"ListItem","position":1,"name":"Home","item":"https:\/\/www.welovecycling.com\/wide\/"},{"@type":"ListItem","position":2,"name":"3 Strong Riders Wanted for l&#8217;\u00c9tape du Tour 2015!"}]},{"@type":"WebSite","@id":"https:\/\/www.welovecycling.com\/wide\/#website","url":"https:\/\/www.welovecycling.com\/wide\/","name":"\u0160koda We Love Cycling","description":"\u0160koda We Love Cycling magazine","alternateName":"\u0160koda WLC","potentialAction":[{"@type":"SearchAction","target":{"@type":"EntryPoint","urlTemplate":"https:\/\/www.welovecycling.com\/wide\/?s={search_term_string}"},"query-input":{"@type":"PropertyValueSpecification","valueRequired":true,"valueName":"search_term_string"}}],"inLanguage":"en-US"},{"@type":"Person","@id":"","url":"https:\/\/www.welovecycling.com\/wide\/author\/"}]}},"_links":{"self":[{"href":"https:\/\/www.welovecycling.com\/wide\/wp-json\/wp\/v2\/posts\/26728","targetHints":{"allow":["GET"]}}],"collection":[{"href":"https:\/\/www.welovecycling.com\/wide\/wp-json\/wp\/v2\/posts"}],"about":[{"href":"https:\/\/www.welovecycling.com\/wide\/wp-json\/wp\/v2\/types\/post"}],"author":[{"embeddable":true,"href":"https:\/\/www.welovecycling.com\/wide\/wp-json\/wp\/v2\/users\/14"}],"replies":[{"embeddable":true,"href":"https:\/\/www.welovecycling.com\/wide\/wp-json\/wp\/v2\/comments?post=26728"}],"version-history":[{"count":2,"href":"https:\/\/www.welovecycling.com\/wide\/wp-json\/wp\/v2\/posts\/26728\/revisions"}],"predecessor-version":[{"id":131180,"href":"https:\/\/www.welovecycling.com\/wide\/wp-json\/wp\/v2\/posts\/26728\/revisions\/131180"}],"wp:featuredmedia":[{"embeddable":true,"href":"https:\/\/www.welovecycling.com\/wide\/wp-json\/wp\/v2\/media\/26746"}],"wp:attachment":[{"href":"https:\/\/www.welovecycling.com\/wide\/wp-json\/wp\/v2\/media?parent=26728"}],"wp:term":[{"taxonomy":"category","embeddable":true,"href":"https:\/\/www.welovecycling.com\/wide\/wp-json\/wp\/v2\/categories?post=26728"},{"taxonomy":"post_tag","embeddable":true,"href":"https:\/\/www.welovecycling.com\/wide\/wp-json\/wp\/v2\/tags?post=26728"},{"taxonomy":"global-categories","embeddable":true,"href":"https:\/\/www.welovecycling.com\/wide\/wp-json\/wp\/v2\/global-categories?post=26728"}],"curies":[{"name":"wp","href":"https:\/\/api.w.org\/{rel}","templated":true}]}}