{"id":26657,"date":"2015-05-01T12:00:15","date_gmt":"2015-05-01T11:00:15","guid":{"rendered":"https:\/\/www.welovecycling.com\/?p=26657"},"modified":"2015-08-05T13:16:22","modified_gmt":"2015-08-05T11:16:22","slug":"can-you-handle-the-letape-du-tour","status":"publish","type":"post","link":"https:\/\/www.welovecycling.com\/wide\/2015\/05\/01\/can-you-handle-the-letape-du-tour\/","title":{"rendered":"Can you handle the L&#8217;\u00c9tape du Tour?"},"content":{"rendered":"<p><strong>First held in 1993, the L&#8217;\u00c9tape du Tour\u00a0lets thousands of amateur cyclists from around the world compete in a race along one of the Tour de France stages under tournament conditions.<\/strong><!--more--><\/p>\n<p>This year\u2019s L&#8217;\u00c9tape du Tour will be held on Sunday, July 19 2015. It&#8217;s a break day for the Tour and it&#8217;s not for the feint of heart. Replicating stage 19 of this year\u2019s Tour de France, the 142 kilometre route from Saint-Jean-de-Maurienne (553m) tops out on the Col de la Croir de Fer (2,067m) before finishing at La Toussuire (1,705m).<\/p>\n<lite-youtube videoid=fZKOwgtOt70 params=\"enablejsapi=1\" style=\"background-image: url('https:\/\/i.ytimg.com\/vi_webp\/fZKOwgtOt70\/maxresdefault.webp');\"><\/lite-youtube>\n<p>The original idea behind the L&#8217;\u00c9tape du Tour was to allow amateur cyclists to experience the breathtaking beauty and muscle-burning rigor of the Tour de France mountain stages. And with up to 11,000 riders participating in the event, the concept has not changed in the two decades since the first race. The race features closed roads, support cars, feeding stations and a broom wagon to pick up the stragglers.<\/p>\n<p><a href=\"https:\/\/d2p6e6u75xmxt8.cloudfront.net\/2\/2015\/04\/profil2015.jpg\"><img loading=\"lazy\" decoding=\"async\" class=\"alignnone size-full wp-image-26660\" src=\"https:\/\/d2p6e6u75xmxt8.cloudfront.net\/2\/2015\/04\/profil2015.jpg\" alt=\"\" width=\"500\" height=\"283\" \/><\/a><a href=\"http:\/\/beta.welovecycling.com\/wp-content\/uploads\/2015\/04\/profil2015.jpg\"><br \/>\n<\/a><em>l\u2019\u00c9tape du Tour 2015 elevation profile \/ Photo: <a href=\"http:\/\/www.letapedutour.com\/ET1\/us\/the-route.html\" target=\"_blank\">l\u2019\u00c9tape du Tour website<\/a><\/em><\/p>\n<p>Participants are mostly men in their 40s, geared up in all the latest kit, with a handful of women and some lean and wiry old-timers on old-school steel-framed bikes filling out the ranks. The race usually starts quite early, with participants distributed according to their ability levels: the fastest at the front and the slowest at the back.[cite align=&#8221;right&#8221; width=\u201c20%\u201d]\u201dMany riders don\u2019t finish the race at all\u201d[\/cite]The peloton quickly stretches out, creating a constant flow of cyclists on the route. The last riders usually take over 10 hours to cross the finish line, though historically there have always been many who don\u2019t finish the race at all and end up taking a bus or lorry back.<\/p>\n<p><a href=\"https:\/\/d2p6e6u75xmxt8.cloudfront.net\/2\/2015\/04\/raleigh2.jpg\"><img loading=\"lazy\" decoding=\"async\" class=\"alignnone size-medium wp-image-26661\" src=\"https:\/\/d2p6e6u75xmxt8.cloudfront.net\/2\/2015\/04\/raleigh2-600x458.jpg\" alt=\"\" width=\"600\" height=\"458\" \/><\/a><a href=\"http:\/\/beta.welovecycling.com\/wp-content\/uploads\/2015\/04\/profimedia-0238786934.jpg\"><br \/>\n<\/a><i>Dave Sim at l\u2019\u00c9tape du Tour on his Raleigh<\/i><\/p>\n<p>Notable moments in the history of the L&#8217;\u00c9tape du Tour\u00a0include famed cyclist and three-time Tour de France winner Greg LeMond racing with his son in 2007. After the race he was quoted as saying, \u201cI had the time of my life, despite getting 650th place. I was impressed that I even finished.\u201d<\/p>\n<p><a href=\"https:\/\/youtu.be\/wPsIKN5H-4M\">https:\/\/youtu.be\/wPsIKN5H-4M<\/a><\/p>\n<p>Registration for the L&#8217;\u00c9tape du Tour 2015\u00a0is already closed, but if you think you can tackle the backbreaking climbs and keep up with the pelaton, we\u2019ll be giving away 6 spots in the starting line, along with airfare, transport and accommodation. Contest winners will be part of the WLC Team and wear WeLoveCycling jerseys.<\/p>\n<p><strong>Look for our L&#8217;\u00c9tape du Tour\u00a02015 contest coming soon on WeLoveCycling.<\/strong><\/p>\n","protected":false},"excerpt":{"rendered":"<p>First held in 1993, the L&#8217;\u00c9tape du Tour\u00a0lets thousands of amateur cyclists from around the world compete in a race [&hellip;]<\/p>\n","protected":false},"author":14,"featured_media":26658,"comment_status":"open","ping_status":"open","sticky":false,"template":"","format":"standard","meta":{"footnotes":""},"categories":[329],"tags":[],"global-categories":[],"class_list":["post-26657","post","type-post","status-publish","format-standard","has-post-thumbnail","hentry","category-road-cycling"],"yoast_head":"<!-- This site is optimized with the Yoast SEO Premium plugin v25.3 (Yoast SEO v25.9) - https:\/\/yoast.com\/wordpress\/plugins\/seo\/ -->\n<title>Can you handle the L&#039;\u00c9tape du Tour? - \u0160koda We Love Cycling<\/title>\n<meta name=\"description\" content=\"First held in 1993, the L&#039;\u00c9tape du Tour\u00a0lets thousands of amateur cyclists from around the world compete in a race along one of the Tour de France stages\" \/>\n<meta name=\"robots\" content=\"index, follow, max-snippet:-1, max-image-preview:large, max-video-preview:-1\" \/>\n<link rel=\"canonical\" href=\"https:\/\/www.welovecycling.com\/wide\/2015\/05\/01\/can-you-handle-the-letape-du-tour\/\" \/>\n<meta property=\"og:locale\" content=\"en_US\" \/>\n<meta property=\"og:type\" content=\"article\" \/>\n<meta property=\"og:title\" content=\"Can you handle the L&#039;\u00c9tape du Tour?\" \/>\n<meta property=\"og:description\" content=\"First held in 1993, the L&#039;\u00c9tape du Tour\u00a0lets thousands of amateur cyclists from around the world compete in a race along one of the Tour de France stages\" \/>\n<meta property=\"og:url\" content=\"https:\/\/www.welovecycling.com\/wide\/2015\/05\/01\/can-you-handle-the-letape-du-tour\/\" \/>\n<meta property=\"og:site_name\" content=\"\u0160koda We Love Cycling\" \/>\n<meta property=\"article:published_time\" content=\"2015-05-01T11:00:15+00:00\" \/>\n<meta property=\"article:modified_time\" content=\"2015-08-05T11:16:22+00:00\" \/>\n<meta property=\"og:image\" content=\"https:\/\/d2p6e6u75xmxt8.cloudfront.net\/2\/2015\/04\/opener13.webp\" \/>\n\t<meta property=\"og:image:width\" content=\"525\" \/>\n\t<meta property=\"og:image:height\" content=\"350\" \/>\n\t<meta property=\"og:image:type\" content=\"image\/webp\" \/>\n<meta name=\"twitter:card\" content=\"summary_large_image\" \/>\n<meta name=\"twitter:label1\" content=\"Written by\" \/>\n\t<meta name=\"twitter:data1\" content=\"Vratislav \u0160lap\u00e1k\" \/>\n\t<meta name=\"twitter:label2\" content=\"Est. reading time\" \/>\n\t<meta name=\"twitter:data2\" content=\"2 minutes\" \/>\n<script type=\"application\/ld+json\" class=\"yoast-schema-graph\">{\"@context\":\"https:\/\/schema.org\",\"@graph\":[{\"@type\":\"WebPage\",\"@id\":\"https:\/\/www.welovecycling.com\/wide\/2015\/05\/01\/can-you-handle-the-letape-du-tour\/\",\"url\":\"https:\/\/www.welovecycling.com\/wide\/2015\/05\/01\/can-you-handle-the-letape-du-tour\/\",\"name\":\"Can you handle the L'\u00c9tape du Tour? - \u0160koda We Love Cycling\",\"isPartOf\":{\"@id\":\"https:\/\/www.welovecycling.com\/wide\/#website\"},\"primaryImageOfPage\":{\"@id\":\"https:\/\/www.welovecycling.com\/wide\/2015\/05\/01\/can-you-handle-the-letape-du-tour\/#primaryimage\"},\"image\":{\"@id\":\"https:\/\/www.welovecycling.com\/wide\/2015\/05\/01\/can-you-handle-the-letape-du-tour\/#primaryimage\"},\"thumbnailUrl\":\"https:\/\/d2p6e6u75xmxt8.cloudfront.net\/2\/2015\/04\/opener13.webp\",\"datePublished\":\"2015-05-01T11:00:15+00:00\",\"dateModified\":\"2015-08-05T11:16:22+00:00\",\"author\":{\"@id\":\"\"},\"description\":\"First held in 1993, the L'\u00c9tape du Tour\u00a0lets thousands of amateur cyclists from around the world compete in a race along one of the Tour de France stages\",\"breadcrumb\":{\"@id\":\"https:\/\/www.welovecycling.com\/wide\/2015\/05\/01\/can-you-handle-the-letape-du-tour\/#breadcrumb\"},\"inLanguage\":\"en-US\",\"potentialAction\":[{\"@type\":\"ReadAction\",\"target\":[\"https:\/\/www.welovecycling.com\/wide\/2015\/05\/01\/can-you-handle-the-letape-du-tour\/\"]}]},{\"@type\":\"ImageObject\",\"inLanguage\":\"en-US\",\"@id\":\"https:\/\/www.welovecycling.com\/wide\/2015\/05\/01\/can-you-handle-the-letape-du-tour\/#primaryimage\",\"url\":\"https:\/\/d2p6e6u75xmxt8.cloudfront.net\/2\/2015\/04\/opener13.webp\",\"contentUrl\":\"https:\/\/d2p6e6u75xmxt8.cloudfront.net\/2\/2015\/04\/opener13.webp\",\"width\":525,\"height\":350},{\"@type\":\"BreadcrumbList\",\"@id\":\"https:\/\/www.welovecycling.com\/wide\/2015\/05\/01\/can-you-handle-the-letape-du-tour\/#breadcrumb\",\"itemListElement\":[{\"@type\":\"ListItem\",\"position\":1,\"name\":\"Home\",\"item\":\"https:\/\/www.welovecycling.com\/wide\/\"},{\"@type\":\"ListItem\",\"position\":2,\"name\":\"Can you handle the L&#8217;\u00c9tape du Tour?\"}]},{\"@type\":\"WebSite\",\"@id\":\"https:\/\/www.welovecycling.com\/wide\/#website\",\"url\":\"https:\/\/www.welovecycling.com\/wide\/\",\"name\":\"\u0160koda We Love Cycling\",\"description\":\"\u0160koda We Love Cycling magazine\",\"alternateName\":\"\u0160koda WLC\",\"potentialAction\":[{\"@type\":\"SearchAction\",\"target\":{\"@type\":\"EntryPoint\",\"urlTemplate\":\"https:\/\/www.welovecycling.com\/wide\/?s={search_term_string}\"},\"query-input\":{\"@type\":\"PropertyValueSpecification\",\"valueRequired\":true,\"valueName\":\"search_term_string\"}}],\"inLanguage\":\"en-US\"},{\"@type\":\"Person\",\"@id\":\"\",\"url\":\"https:\/\/www.welovecycling.com\/wide\/author\/\"}]}<\/script>\n<!-- \/ Yoast SEO Premium plugin. -->","yoast_head_json":{"title":"Can you handle the L'\u00c9tape du Tour? - \u0160koda We Love Cycling","description":"First held in 1993, the L'\u00c9tape du Tour\u00a0lets thousands of amateur cyclists from around the world compete in a race along one of the Tour de France stages","robots":{"index":"index","follow":"follow","max-snippet":"max-snippet:-1","max-image-preview":"max-image-preview:large","max-video-preview":"max-video-preview:-1"},"canonical":"https:\/\/www.welovecycling.com\/wide\/2015\/05\/01\/can-you-handle-the-letape-du-tour\/","og_locale":"en_US","og_type":"article","og_title":"Can you handle the L'\u00c9tape du Tour?","og_description":"First held in 1993, the L'\u00c9tape du Tour\u00a0lets thousands of amateur cyclists from around the world compete in a race along one of the Tour de France stages","og_url":"https:\/\/www.welovecycling.com\/wide\/2015\/05\/01\/can-you-handle-the-letape-du-tour\/","og_site_name":"\u0160koda We Love Cycling","article_published_time":"2015-05-01T11:00:15+00:00","article_modified_time":"2015-08-05T11:16:22+00:00","og_image":[{"width":525,"height":350,"url":"https:\/\/d2p6e6u75xmxt8.cloudfront.net\/2\/2015\/04\/opener13.webp","type":"image\/webp"}],"twitter_card":"summary_large_image","twitter_misc":{"Written by":"Vratislav \u0160lap\u00e1k","Est. reading time":"2 minutes"},"schema":{"@context":"https:\/\/schema.org","@graph":[{"@type":"WebPage","@id":"https:\/\/www.welovecycling.com\/wide\/2015\/05\/01\/can-you-handle-the-letape-du-tour\/","url":"https:\/\/www.welovecycling.com\/wide\/2015\/05\/01\/can-you-handle-the-letape-du-tour\/","name":"Can you handle the L'\u00c9tape du Tour? - \u0160koda We Love Cycling","isPartOf":{"@id":"https:\/\/www.welovecycling.com\/wide\/#website"},"primaryImageOfPage":{"@id":"https:\/\/www.welovecycling.com\/wide\/2015\/05\/01\/can-you-handle-the-letape-du-tour\/#primaryimage"},"image":{"@id":"https:\/\/www.welovecycling.com\/wide\/2015\/05\/01\/can-you-handle-the-letape-du-tour\/#primaryimage"},"thumbnailUrl":"https:\/\/d2p6e6u75xmxt8.cloudfront.net\/2\/2015\/04\/opener13.webp","datePublished":"2015-05-01T11:00:15+00:00","dateModified":"2015-08-05T11:16:22+00:00","author":{"@id":""},"description":"First held in 1993, the L'\u00c9tape du Tour\u00a0lets thousands of amateur cyclists from around the world compete in a race along one of the Tour de France stages","breadcrumb":{"@id":"https:\/\/www.welovecycling.com\/wide\/2015\/05\/01\/can-you-handle-the-letape-du-tour\/#breadcrumb"},"inLanguage":"en-US","potentialAction":[{"@type":"ReadAction","target":["https:\/\/www.welovecycling.com\/wide\/2015\/05\/01\/can-you-handle-the-letape-du-tour\/"]}]},{"@type":"ImageObject","inLanguage":"en-US","@id":"https:\/\/www.welovecycling.com\/wide\/2015\/05\/01\/can-you-handle-the-letape-du-tour\/#primaryimage","url":"https:\/\/d2p6e6u75xmxt8.cloudfront.net\/2\/2015\/04\/opener13.webp","contentUrl":"https:\/\/d2p6e6u75xmxt8.cloudfront.net\/2\/2015\/04\/opener13.webp","width":525,"height":350},{"@type":"BreadcrumbList","@id":"https:\/\/www.welovecycling.com\/wide\/2015\/05\/01\/can-you-handle-the-letape-du-tour\/#breadcrumb","itemListElement":[{"@type":"ListItem","position":1,"name":"Home","item":"https:\/\/www.welovecycling.com\/wide\/"},{"@type":"ListItem","position":2,"name":"Can you handle the L&#8217;\u00c9tape du Tour?"}]},{"@type":"WebSite","@id":"https:\/\/www.welovecycling.com\/wide\/#website","url":"https:\/\/www.welovecycling.com\/wide\/","name":"\u0160koda We Love Cycling","description":"\u0160koda We Love Cycling magazine","alternateName":"\u0160koda WLC","potentialAction":[{"@type":"SearchAction","target":{"@type":"EntryPoint","urlTemplate":"https:\/\/www.welovecycling.com\/wide\/?s={search_term_string}"},"query-input":{"@type":"PropertyValueSpecification","valueRequired":true,"valueName":"search_term_string"}}],"inLanguage":"en-US"},{"@type":"Person","@id":"","url":"https:\/\/www.welovecycling.com\/wide\/author\/"}]}},"_links":{"self":[{"href":"https:\/\/www.welovecycling.com\/wide\/wp-json\/wp\/v2\/posts\/26657","targetHints":{"allow":["GET"]}}],"collection":[{"href":"https:\/\/www.welovecycling.com\/wide\/wp-json\/wp\/v2\/posts"}],"about":[{"href":"https:\/\/www.welovecycling.com\/wide\/wp-json\/wp\/v2\/types\/post"}],"author":[{"embeddable":true,"href":"https:\/\/www.welovecycling.com\/wide\/wp-json\/wp\/v2\/users\/14"}],"replies":[{"embeddable":true,"href":"https:\/\/www.welovecycling.com\/wide\/wp-json\/wp\/v2\/comments?post=26657"}],"version-history":[{"count":2,"href":"https:\/\/www.welovecycling.com\/wide\/wp-json\/wp\/v2\/posts\/26657\/revisions"}],"predecessor-version":[{"id":131181,"href":"https:\/\/www.welovecycling.com\/wide\/wp-json\/wp\/v2\/posts\/26657\/revisions\/131181"}],"wp:featuredmedia":[{"embeddable":true,"href":"https:\/\/www.welovecycling.com\/wide\/wp-json\/wp\/v2\/media\/26658"}],"wp:attachment":[{"href":"https:\/\/www.welovecycling.com\/wide\/wp-json\/wp\/v2\/media?parent=26657"}],"wp:term":[{"taxonomy":"category","embeddable":true,"href":"https:\/\/www.welovecycling.com\/wide\/wp-json\/wp\/v2\/categories?post=26657"},{"taxonomy":"post_tag","embeddable":true,"href":"https:\/\/www.welovecycling.com\/wide\/wp-json\/wp\/v2\/tags?post=26657"},{"taxonomy":"global-categories","embeddable":true,"href":"https:\/\/www.welovecycling.com\/wide\/wp-json\/wp\/v2\/global-categories?post=26657"}],"curies":[{"name":"wp","href":"https:\/\/api.w.org\/{rel}","templated":true}]}}