{"id":26633,"date":"2015-04-28T12:14:05","date_gmt":"2015-04-28T11:14:05","guid":{"rendered":"https:\/\/www.welovecycling.com\/?p=26633"},"modified":"2015-04-30T13:30:50","modified_gmt":"2015-04-30T12:30:50","slug":"no-more-forest-wars","status":"publish","type":"post","link":"https:\/\/www.welovecycling.com\/wide\/2015\/04\/28\/no-more-forest-wars\/","title":{"rendered":"No more forest wars!"},"content":{"rendered":"<p><strong>Forest traffic is sometimes so busy that hikers and bikers are increasingly jostling for space. Tensions are running high. But there is a man who\u2019s nature-friendly approach became a world-wide standard of sustainable trail building. Read the fantastic story of Dafydd Davis.<\/strong><br \/>\n<!--more--><\/p>\n<p>\u201dThe right trail in the right place, in the right way!\u201d is the Dafydd credo. While many bikers can be accused of damaging the surface of trails by their wheels, Dafydd comes out with the idea of the holistic approach that enables trails to be developed in ways that are truly sustainable in the widest possible sense. \u201dIt is important that this is done in ways that are sympathetic to the landscape, land use, environment and habitat,\u201d Dafydd says on his lectures held through the world.<\/p>\n<p><a href=\"https:\/\/d2p6e6u75xmxt8.cloudfront.net\/2\/2015\/04\/p4pb11669666.jpg\"><img loading=\"lazy\" decoding=\"async\" class=\"alignnone size-medium wp-image-26635\" src=\"https:\/\/d2p6e6u75xmxt8.cloudfront.net\/2\/2015\/04\/p4pb11669666-600x400.jpg\" alt=\"\" width=\"600\" height=\"400\" \/><\/a><br \/>\n<em>Photo: <a href=\"http:\/\/www.jankaslphoto.com\/\" target=\"_blank\">Jan Kasl<\/a><\/em><\/p>\n<h2><strong>More fun for bikers, no harm to nature<\/strong><\/h2>\n<p>Dafydd was responsible for the development and management of the UK\u2019s first purpose built mountain bike trails at Coed y Brenin in North Wales. The forest park soon developed a reputation for excellent riding conditions, allowing Davis to approach the new Welsh Assembly and gain funding to develop more riding in Coed Y Brenin, as well as trails in four other Welsh forests.<\/p>\n<p>This was achieved, and in 2002 the International Mountain Bicycling Association announced Wales to be the world&#8217;s top mountain biking destination. Dafydd was also responsible for developing and refining the \u2018Trail Centre\u2019 model, which is now prevalent throughout the UK and elsewhere. The trails have minimal effects on the countryside but even though can be extremely enjoyable. Watch how the original Dafydd\u2019s trails were tested by world cup winning members of the Atherthon\u2019s family.<\/p>\n<p><a href=\"https:\/\/www.youtube.com\/watch?v=auw7K8XAhc8\">https:\/\/www.youtube.com\/watch?v=auw7K8XAhc8<\/a><\/p>\n<h2><strong>Twenty years of experience<\/strong><\/h2>\n<p>As a climber, expert mountain biker and fell runner, he is more aware than most of the impact that trails can make upon the landscape. His work is praised by the local riders from many countries, because his standards are now used worldwide.<\/p>\n<p><a href=\"http:\/\/beta.welovecycling.com\/wp-content\/uploads\/2015\/04\/11148616_822725977807830_3610397491389587040_n.jpg\"><img loading=\"lazy\" decoding=\"async\" class=\"alignnone size-medium wp-image-27067\" src=\"http:\/\/beta.welovecycling.com\/wp-content\/uploads\/2015\/04\/11148616_822725977807830_3610397491389587040_n-600x600.jpg\" alt=\"\" width=\"600\" height=\"600\" \/><\/a><br \/>\n<em>Photo: Daffyd Davis\/<a href=\"https:\/\/www.facebook.com\/TrailsByDafyddDavis\" target=\"_blank\">Facebook<\/a><\/em><\/p>\n<p>His understanding of the impacts of trails is based upon nearly 20 years of working in this field. He has worked on projects within the UK and Ireland, the Czech Republic, Poland, Canada, Australia, Japan and Israel ranging from individual trail development projects to the development of policies and strategies for land management organisations.<\/p>\n<p><a href=\"https:\/\/www.welovecycling.com\/skoda-adventure-camp\" target=\"_blank\"><img loading=\"lazy\" decoding=\"async\" class=\"alignnone wp-image-26636 size-medium\" src=\"https:\/\/d2p6e6u75xmxt8.cloudfront.net\/2\/2015\/04\/article_bottom_banner2-600x140.png\" alt=\"\" width=\"600\" height=\"140\" \/><\/a><\/p>\n","protected":false},"excerpt":{"rendered":"<p>Forest traffic is sometimes so busy that hikers and bikers are increasingly jostling for space. Tensions are running high. But [&hellip;]<\/p>\n","protected":false},"author":14,"featured_media":26634,"comment_status":"open","ping_status":"open","sticky":false,"template":"","format":"standard","meta":{"footnotes":""},"categories":[328],"tags":[],"global-categories":[],"class_list":["post-26633","post","type-post","status-publish","format-standard","has-post-thumbnail","hentry","category-outdoor-mountain"],"yoast_head":"<!-- This site is optimized with the Yoast SEO Premium plugin v25.3 (Yoast SEO v25.9) - https:\/\/yoast.com\/wordpress\/plugins\/seo\/ -->\n<title>No more forest wars! - \u0160koda We Love Cycling<\/title>\n<meta name=\"description\" content=\"Forest traffic is sometimes so busy that hikers and bikers are increasingly jostling for space. Tensions are running high. But there is a man who\u2019s\" \/>\n<meta name=\"robots\" content=\"index, follow, max-snippet:-1, max-image-preview:large, max-video-preview:-1\" \/>\n<link rel=\"canonical\" href=\"https:\/\/www.welovecycling.com\/wide\/2015\/04\/28\/no-more-forest-wars\/\" \/>\n<meta property=\"og:locale\" content=\"en_US\" \/>\n<meta property=\"og:type\" content=\"article\" \/>\n<meta property=\"og:title\" content=\"No more forest wars!\" \/>\n<meta property=\"og:description\" content=\"Forest traffic is sometimes so busy that hikers and bikers are increasingly jostling for space. Tensions are running high. But there is a man who\u2019s\" \/>\n<meta property=\"og:url\" content=\"https:\/\/www.welovecycling.com\/wide\/2015\/04\/28\/no-more-forest-wars\/\" \/>\n<meta property=\"og:site_name\" content=\"\u0160koda We Love Cycling\" \/>\n<meta property=\"article:published_time\" content=\"2015-04-28T11:14:05+00:00\" \/>\n<meta property=\"article:modified_time\" content=\"2015-04-30T12:30:50+00:00\" \/>\n<meta property=\"og:image\" content=\"https:\/\/d2p6e6u75xmxt8.cloudfront.net\/2\/2015\/04\/opener41.webp\" \/>\n\t<meta property=\"og:image:width\" content=\"525\" \/>\n\t<meta property=\"og:image:height\" content=\"350\" \/>\n\t<meta property=\"og:image:type\" content=\"image\/webp\" \/>\n<meta name=\"twitter:card\" content=\"summary_large_image\" \/>\n<meta name=\"twitter:label1\" content=\"Written by\" \/>\n\t<meta name=\"twitter:data1\" content=\"Adam Marsal\" \/>\n\t<meta name=\"twitter:label2\" content=\"Est. reading time\" \/>\n\t<meta name=\"twitter:data2\" content=\"2 minutes\" \/>\n<script type=\"application\/ld+json\" class=\"yoast-schema-graph\">{\"@context\":\"https:\/\/schema.org\",\"@graph\":[{\"@type\":\"WebPage\",\"@id\":\"https:\/\/www.welovecycling.com\/wide\/2015\/04\/28\/no-more-forest-wars\/\",\"url\":\"https:\/\/www.welovecycling.com\/wide\/2015\/04\/28\/no-more-forest-wars\/\",\"name\":\"No more forest wars! - \u0160koda We Love Cycling\",\"isPartOf\":{\"@id\":\"https:\/\/www.welovecycling.com\/wide\/#website\"},\"primaryImageOfPage\":{\"@id\":\"https:\/\/www.welovecycling.com\/wide\/2015\/04\/28\/no-more-forest-wars\/#primaryimage\"},\"image\":{\"@id\":\"https:\/\/www.welovecycling.com\/wide\/2015\/04\/28\/no-more-forest-wars\/#primaryimage\"},\"thumbnailUrl\":\"https:\/\/d2p6e6u75xmxt8.cloudfront.net\/2\/2015\/04\/opener41.webp\",\"datePublished\":\"2015-04-28T11:14:05+00:00\",\"dateModified\":\"2015-04-30T12:30:50+00:00\",\"author\":{\"@id\":\"\"},\"description\":\"Forest traffic is sometimes so busy that hikers and bikers are increasingly jostling for space. Tensions are running high. But there is a man who\u2019s\",\"breadcrumb\":{\"@id\":\"https:\/\/www.welovecycling.com\/wide\/2015\/04\/28\/no-more-forest-wars\/#breadcrumb\"},\"inLanguage\":\"en-US\",\"potentialAction\":[{\"@type\":\"ReadAction\",\"target\":[\"https:\/\/www.welovecycling.com\/wide\/2015\/04\/28\/no-more-forest-wars\/\"]}]},{\"@type\":\"ImageObject\",\"inLanguage\":\"en-US\",\"@id\":\"https:\/\/www.welovecycling.com\/wide\/2015\/04\/28\/no-more-forest-wars\/#primaryimage\",\"url\":\"https:\/\/d2p6e6u75xmxt8.cloudfront.net\/2\/2015\/04\/opener41.webp\",\"contentUrl\":\"https:\/\/d2p6e6u75xmxt8.cloudfront.net\/2\/2015\/04\/opener41.webp\",\"width\":525,\"height\":350},{\"@type\":\"BreadcrumbList\",\"@id\":\"https:\/\/www.welovecycling.com\/wide\/2015\/04\/28\/no-more-forest-wars\/#breadcrumb\",\"itemListElement\":[{\"@type\":\"ListItem\",\"position\":1,\"name\":\"Home\",\"item\":\"https:\/\/www.welovecycling.com\/wide\/\"},{\"@type\":\"ListItem\",\"position\":2,\"name\":\"No more forest wars!\"}]},{\"@type\":\"WebSite\",\"@id\":\"https:\/\/www.welovecycling.com\/wide\/#website\",\"url\":\"https:\/\/www.welovecycling.com\/wide\/\",\"name\":\"\u0160koda We Love Cycling\",\"description\":\"\u0160koda We Love Cycling magazine\",\"alternateName\":\"\u0160koda WLC\",\"potentialAction\":[{\"@type\":\"SearchAction\",\"target\":{\"@type\":\"EntryPoint\",\"urlTemplate\":\"https:\/\/www.welovecycling.com\/wide\/?s={search_term_string}\"},\"query-input\":{\"@type\":\"PropertyValueSpecification\",\"valueRequired\":true,\"valueName\":\"search_term_string\"}}],\"inLanguage\":\"en-US\"},{\"@type\":\"Person\",\"@id\":\"\",\"url\":\"https:\/\/www.welovecycling.com\/wide\/author\/\"}]}<\/script>\n<!-- \/ Yoast SEO Premium plugin. -->","yoast_head_json":{"title":"No more forest wars! - \u0160koda We Love Cycling","description":"Forest traffic is sometimes so busy that hikers and bikers are increasingly jostling for space. Tensions are running high. But there is a man who\u2019s","robots":{"index":"index","follow":"follow","max-snippet":"max-snippet:-1","max-image-preview":"max-image-preview:large","max-video-preview":"max-video-preview:-1"},"canonical":"https:\/\/www.welovecycling.com\/wide\/2015\/04\/28\/no-more-forest-wars\/","og_locale":"en_US","og_type":"article","og_title":"No more forest wars!","og_description":"Forest traffic is sometimes so busy that hikers and bikers are increasingly jostling for space. Tensions are running high. But there is a man who\u2019s","og_url":"https:\/\/www.welovecycling.com\/wide\/2015\/04\/28\/no-more-forest-wars\/","og_site_name":"\u0160koda We Love Cycling","article_published_time":"2015-04-28T11:14:05+00:00","article_modified_time":"2015-04-30T12:30:50+00:00","og_image":[{"width":525,"height":350,"url":"https:\/\/d2p6e6u75xmxt8.cloudfront.net\/2\/2015\/04\/opener41.webp","type":"image\/webp"}],"twitter_card":"summary_large_image","twitter_misc":{"Written by":"Adam Marsal","Est. reading time":"2 minutes"},"schema":{"@context":"https:\/\/schema.org","@graph":[{"@type":"WebPage","@id":"https:\/\/www.welovecycling.com\/wide\/2015\/04\/28\/no-more-forest-wars\/","url":"https:\/\/www.welovecycling.com\/wide\/2015\/04\/28\/no-more-forest-wars\/","name":"No more forest wars! - \u0160koda We Love Cycling","isPartOf":{"@id":"https:\/\/www.welovecycling.com\/wide\/#website"},"primaryImageOfPage":{"@id":"https:\/\/www.welovecycling.com\/wide\/2015\/04\/28\/no-more-forest-wars\/#primaryimage"},"image":{"@id":"https:\/\/www.welovecycling.com\/wide\/2015\/04\/28\/no-more-forest-wars\/#primaryimage"},"thumbnailUrl":"https:\/\/d2p6e6u75xmxt8.cloudfront.net\/2\/2015\/04\/opener41.webp","datePublished":"2015-04-28T11:14:05+00:00","dateModified":"2015-04-30T12:30:50+00:00","author":{"@id":""},"description":"Forest traffic is sometimes so busy that hikers and bikers are increasingly jostling for space. Tensions are running high. But there is a man who\u2019s","breadcrumb":{"@id":"https:\/\/www.welovecycling.com\/wide\/2015\/04\/28\/no-more-forest-wars\/#breadcrumb"},"inLanguage":"en-US","potentialAction":[{"@type":"ReadAction","target":["https:\/\/www.welovecycling.com\/wide\/2015\/04\/28\/no-more-forest-wars\/"]}]},{"@type":"ImageObject","inLanguage":"en-US","@id":"https:\/\/www.welovecycling.com\/wide\/2015\/04\/28\/no-more-forest-wars\/#primaryimage","url":"https:\/\/d2p6e6u75xmxt8.cloudfront.net\/2\/2015\/04\/opener41.webp","contentUrl":"https:\/\/d2p6e6u75xmxt8.cloudfront.net\/2\/2015\/04\/opener41.webp","width":525,"height":350},{"@type":"BreadcrumbList","@id":"https:\/\/www.welovecycling.com\/wide\/2015\/04\/28\/no-more-forest-wars\/#breadcrumb","itemListElement":[{"@type":"ListItem","position":1,"name":"Home","item":"https:\/\/www.welovecycling.com\/wide\/"},{"@type":"ListItem","position":2,"name":"No more forest wars!"}]},{"@type":"WebSite","@id":"https:\/\/www.welovecycling.com\/wide\/#website","url":"https:\/\/www.welovecycling.com\/wide\/","name":"\u0160koda We Love Cycling","description":"\u0160koda We Love Cycling magazine","alternateName":"\u0160koda WLC","potentialAction":[{"@type":"SearchAction","target":{"@type":"EntryPoint","urlTemplate":"https:\/\/www.welovecycling.com\/wide\/?s={search_term_string}"},"query-input":{"@type":"PropertyValueSpecification","valueRequired":true,"valueName":"search_term_string"}}],"inLanguage":"en-US"},{"@type":"Person","@id":"","url":"https:\/\/www.welovecycling.com\/wide\/author\/"}]}},"_links":{"self":[{"href":"https:\/\/www.welovecycling.com\/wide\/wp-json\/wp\/v2\/posts\/26633","targetHints":{"allow":["GET"]}}],"collection":[{"href":"https:\/\/www.welovecycling.com\/wide\/wp-json\/wp\/v2\/posts"}],"about":[{"href":"https:\/\/www.welovecycling.com\/wide\/wp-json\/wp\/v2\/types\/post"}],"author":[{"embeddable":true,"href":"https:\/\/www.welovecycling.com\/wide\/wp-json\/wp\/v2\/users\/14"}],"replies":[{"embeddable":true,"href":"https:\/\/www.welovecycling.com\/wide\/wp-json\/wp\/v2\/comments?post=26633"}],"version-history":[{"count":2,"href":"https:\/\/www.welovecycling.com\/wide\/wp-json\/wp\/v2\/posts\/26633\/revisions"}],"predecessor-version":[{"id":26655,"href":"https:\/\/www.welovecycling.com\/wide\/wp-json\/wp\/v2\/posts\/26633\/revisions\/26655"}],"wp:featuredmedia":[{"embeddable":true,"href":"https:\/\/www.welovecycling.com\/wide\/wp-json\/wp\/v2\/media\/26634"}],"wp:attachment":[{"href":"https:\/\/www.welovecycling.com\/wide\/wp-json\/wp\/v2\/media?parent=26633"}],"wp:term":[{"taxonomy":"category","embeddable":true,"href":"https:\/\/www.welovecycling.com\/wide\/wp-json\/wp\/v2\/categories?post=26633"},{"taxonomy":"post_tag","embeddable":true,"href":"https:\/\/www.welovecycling.com\/wide\/wp-json\/wp\/v2\/tags?post=26633"},{"taxonomy":"global-categories","embeddable":true,"href":"https:\/\/www.welovecycling.com\/wide\/wp-json\/wp\/v2\/global-categories?post=26633"}],"curies":[{"name":"wp","href":"https:\/\/api.w.org\/{rel}","templated":true}]}}