{"id":26113,"date":"2015-02-12T16:28:49","date_gmt":"2015-02-12T15:28:49","guid":{"rendered":"https:\/\/www.welovecycling.com\/?p=26113"},"modified":"2015-02-12T17:17:24","modified_gmt":"2015-02-12T16:17:24","slug":"london-amsterdam-fixed-gear","status":"publish","type":"post","link":"https:\/\/www.welovecycling.com\/wide\/2015\/02\/12\/london-amsterdam-fixed-gear\/","title":{"rendered":"From London to Amsterdam on fixed gear"},"content":{"rendered":"<p><strong>Fixed-gear bike enthusiast Peter Janak cycled over 500 kilometres on a single speed bike for fun. During that ride he even managed to raise money for cancer research.<\/strong><\/p>\n<p><!--more--><\/p>\n<p>Peter (28) is originally from Slovakia, but he has lived in London for more than ten years. He fell in love with single speed biking as soon as he arrived to the UK. It wasn&#8217;t really a fixed gear bike in the beginning. He could coast with it and it had brakes.<\/p>\n<p><a href=\"https:\/\/d2p6e6u75xmxt8.cloudfront.net\/2\/2015\/02\/IMG_0877.jpg\"><img loading=\"lazy\" decoding=\"async\" class=\"alignnone size-medium wp-image-26117\" src=\"https:\/\/d2p6e6u75xmxt8.cloudfront.net\/2\/2015\/02\/IMG_0877-620x465.jpg\" alt=\"IMG_0877\" width=\"620\" height=\"465\" \/><\/a><\/p>\n<p>He found riding such a bike very useful for commuting in the streets of London. He soon started creating fixie bikes from older frames and parts from the eighties. And then finally he assembled one for himself.<\/p>\n<h2>Having fun while raising money for charity<\/h2>\n<p>His biggest achievements so far have been his trip from London to Amsterdam on his fixed gear bike in just four days. He made the journey with his friends Federic and Alessandro.<\/p>\n<p>They wanted to make something good out of their trip. So they decided to start a fundraising page on JustGiving. Their ride raised over \u00a31.000 for Cancer Research UK.<\/p>\n<div id='gallery-1' class='gallery galleryid-26113 gallery-columns-3 gallery-size-medium'><figure class='gallery-item'>\n\t\t\t<div class='gallery-icon landscape'>\n\t\t\t\t<a href='https:\/\/d2p6e6u75xmxt8.cloudfront.net\/2\/2015\/02\/IMG_1090.webp'><img loading=\"lazy\" decoding=\"async\" width=\"300\" height=\"225\" src=\"https:\/\/d2p6e6u75xmxt8.cloudfront.net\/2\/2015\/02\/IMG_1090-300x225.webp\" class=\"attachment-medium size-medium\" alt=\"\" srcset=\"https:\/\/d2p6e6u75xmxt8.cloudfront.net\/2\/2015\/02\/IMG_1090-300x225.webp 300w, https:\/\/d2p6e6u75xmxt8.cloudfront.net\/2\/2015\/02\/IMG_1090-768x576.webp 768w, https:\/\/d2p6e6u75xmxt8.cloudfront.net\/2\/2015\/02\/IMG_1090.webp 1000w\" sizes=\"auto, (max-width: 300px) 100vw, 300px\" \/><\/a>\n\t\t\t<\/div><\/figure><figure class='gallery-item'>\n\t\t\t<div class='gallery-icon landscape'>\n\t\t\t\t<a href='https:\/\/d2p6e6u75xmxt8.cloudfront.net\/2\/2015\/02\/IMG_0892.webp'><img loading=\"lazy\" decoding=\"async\" width=\"300\" height=\"225\" src=\"https:\/\/d2p6e6u75xmxt8.cloudfront.net\/2\/2015\/02\/IMG_0892-300x225.webp\" class=\"attachment-medium size-medium\" alt=\"\" srcset=\"https:\/\/d2p6e6u75xmxt8.cloudfront.net\/2\/2015\/02\/IMG_0892-300x225.webp 300w, https:\/\/d2p6e6u75xmxt8.cloudfront.net\/2\/2015\/02\/IMG_0892-768x576.webp 768w, https:\/\/d2p6e6u75xmxt8.cloudfront.net\/2\/2015\/02\/IMG_0892.webp 1000w\" sizes=\"auto, (max-width: 300px) 100vw, 300px\" \/><\/a>\n\t\t\t<\/div><\/figure><figure class='gallery-item'>\n\t\t\t<div class='gallery-icon landscape'>\n\t\t\t\t<a href='https:\/\/d2p6e6u75xmxt8.cloudfront.net\/2\/2015\/02\/10899652_10205552864971848_429677388_n.webp'><img loading=\"lazy\" decoding=\"async\" width=\"300\" height=\"225\" src=\"https:\/\/d2p6e6u75xmxt8.cloudfront.net\/2\/2015\/02\/10899652_10205552864971848_429677388_n-300x225.webp\" class=\"attachment-medium size-medium\" alt=\"\" srcset=\"https:\/\/d2p6e6u75xmxt8.cloudfront.net\/2\/2015\/02\/10899652_10205552864971848_429677388_n-300x225.webp 300w, https:\/\/d2p6e6u75xmxt8.cloudfront.net\/2\/2015\/02\/10899652_10205552864971848_429677388_n-768x576.webp 768w, https:\/\/d2p6e6u75xmxt8.cloudfront.net\/2\/2015\/02\/10899652_10205552864971848_429677388_n.webp 960w\" sizes=\"auto, (max-width: 300px) 100vw, 300px\" \/><\/a>\n\t\t\t<\/div><\/figure>\n\t\t<\/div>\n\n<h2>Where did the idea come from?<\/h2>\n<p>\u201cWhen I came to UK I&#8217;ve started to assemble new bikes and later the fixies. In that time I met Federic. We were riding bikes together in London and later we made our first trip to Brighton, which is about 90 km from London. If you\u00a0want to know more about fixed-gear bicycles watch our short documentary In the Fix!<\/p>\n<a  href=\"\/26083\/fix-berlin-vs-moscow-part-1\/\" title=\"titulek\" class=\"relbutton btn-wlc btn-primary\">watch In the Fix Part 1<\/a>\n<p>Another experience was biking trip around Paris.\u00a0Our latest idea was to make a journey from London to Amsterdam with our friend Alessandro. We made it like easy riders. We didn&#8217;t make any route research, plans or hotel reservations. We just departed from London anticipating to ride about 450 km and make it in five days. In reality it was much more\u00a0than 550 km. But we achieved it in just four days!<\/p>\n<div id='gallery-2' class='gallery galleryid-26113 gallery-columns-3 gallery-size-medium'><figure class='gallery-item'>\n\t\t\t<div class='gallery-icon portrait'>\n\t\t\t\t<a href='https:\/\/d2p6e6u75xmxt8.cloudfront.net\/2\/2015\/02\/IMG_0972.webp'><img loading=\"lazy\" decoding=\"async\" width=\"225\" height=\"300\" src=\"https:\/\/d2p6e6u75xmxt8.cloudfront.net\/2\/2015\/02\/IMG_0972-225x300.webp\" class=\"attachment-medium size-medium\" alt=\"\" srcset=\"https:\/\/d2p6e6u75xmxt8.cloudfront.net\/2\/2015\/02\/IMG_0972-225x300.webp 225w, https:\/\/d2p6e6u75xmxt8.cloudfront.net\/2\/2015\/02\/IMG_0972-768x1024.webp 768w, https:\/\/d2p6e6u75xmxt8.cloudfront.net\/2\/2015\/02\/IMG_0972.webp 1000w\" sizes=\"auto, (max-width: 225px) 100vw, 225px\" \/><\/a>\n\t\t\t<\/div><\/figure><figure class='gallery-item'>\n\t\t\t<div class='gallery-icon landscape'>\n\t\t\t\t<a href='https:\/\/d2p6e6u75xmxt8.cloudfront.net\/2\/2015\/02\/IMG_1118.webp'><img loading=\"lazy\" decoding=\"async\" width=\"300\" height=\"225\" src=\"https:\/\/d2p6e6u75xmxt8.cloudfront.net\/2\/2015\/02\/IMG_1118-300x225.webp\" class=\"attachment-medium size-medium\" alt=\"\" srcset=\"https:\/\/d2p6e6u75xmxt8.cloudfront.net\/2\/2015\/02\/IMG_1118-300x225.webp 300w, https:\/\/d2p6e6u75xmxt8.cloudfront.net\/2\/2015\/02\/IMG_1118-768x576.webp 768w, https:\/\/d2p6e6u75xmxt8.cloudfront.net\/2\/2015\/02\/IMG_1118.webp 1000w\" sizes=\"auto, (max-width: 300px) 100vw, 300px\" \/><\/a>\n\t\t\t<\/div><\/figure><figure class='gallery-item'>\n\t\t\t<div class='gallery-icon landscape'>\n\t\t\t\t<a href='https:\/\/d2p6e6u75xmxt8.cloudfront.net\/2\/2015\/02\/IMG_1156.webp'><img loading=\"lazy\" decoding=\"async\" width=\"300\" height=\"225\" src=\"https:\/\/d2p6e6u75xmxt8.cloudfront.net\/2\/2015\/02\/IMG_1156-300x225.webp\" class=\"attachment-medium size-medium\" alt=\"\" srcset=\"https:\/\/d2p6e6u75xmxt8.cloudfront.net\/2\/2015\/02\/IMG_1156-300x225.webp 300w, https:\/\/d2p6e6u75xmxt8.cloudfront.net\/2\/2015\/02\/IMG_1156-768x576.webp 768w, https:\/\/d2p6e6u75xmxt8.cloudfront.net\/2\/2015\/02\/IMG_1156.webp 1000w\" sizes=\"auto, (max-width: 300px) 100vw, 300px\" \/><\/a>\n\t\t\t<\/div><\/figure>\n\t\t<\/div>\n\n<h2>Any\u00a0travel difficulties?<\/h2>\n<p>[cite align=&#8221;right&#8221; width=&#8221;39%&#8221;]&#8221;Every single muscle under our skin was on fire&#8221;[\/cite]On the first day we arrived at Dover where we embarked on the ferry to Calais. The second day we woke up totally tired so the road to Bruges in Belgium was very difficult. The third day was even worse. Our bodies were totally exhausted, every single muscle under our skin was on fire. Soon we crossed the boarder into the Netherlands.<\/p>\n<p><a href=\"https:\/\/d2p6e6u75xmxt8.cloudfront.net\/2\/2015\/02\/IMG_0723.jpg\"><img loading=\"lazy\" decoding=\"async\" class=\"alignnone size-medium wp-image-26115\" src=\"https:\/\/d2p6e6u75xmxt8.cloudfront.net\/2\/2015\/02\/IMG_0723-620x465.jpg\" alt=\"\" width=\"620\" height=\"465\" \/><\/a><\/p>\n<p>While both of my achilles tendon were in extreme pain, Alessandro broke a bolt on his vintage saddle so we had to find a bike shop to repair it. The journey started to feel never-ending. I was hardly able to walk when I woke up the fourth day. We finally got to Amsterdam via Rotterdam &#8211; but it took us another six hours to find the accommodation.<\/p>\n<h2>Would you do it again?<\/h2>\n<p>[cite align=&#8221;right&#8221; width=&#8221;39%\u201d]&#8221;I want to make almost 1900 km in eight days&#8221;[\/cite]After couple of months we&#8217;re still thinking that this was the first and the last time to ride such a long journey on a fixed gear bike. But it doesn&#8217;t mean I stopped biking. My next bike expedition will lead from London to Slovakia where I was born. I want to make almost 1900 km in eight days and again try to open some social fundraising page to raise even more money.<\/p>\n<p><a href=\"https:\/\/d2p6e6u75xmxt8.cloudfront.net\/2\/2015\/02\/IMG_0763.jpg\"><img loading=\"lazy\" decoding=\"async\" class=\"alignnone size-medium wp-image-26116\" src=\"https:\/\/d2p6e6u75xmxt8.cloudfront.net\/2\/2015\/02\/IMG_0763-620x465.jpg\" alt=\"\" width=\"620\" height=\"465\" \/><\/a><\/p>\n<p>I&#8217;d like to thank to my father who brought me into cycling (<a href=\"https:\/\/www.welovecycling.com\/25421\/cycling-gene-contagious-passion\/\" target=\"_blank\">can it be a cycling gene?<\/a>)<b>\u00a0<\/b>and trained me hard. I&#8217;d like to thank to my mother Emilia who was always patient with me. I&#8217;d like to thank to my sister Zuzana who always took care and to my girlfriend Nina who supports me every single day!<\/p>\n<p>We wish Peter the best of luck with his upcoming summer expedition and we will report\u00a0back with the details of his 1900 kilometres journey.<\/p>\n<p><strong>Could\u00a0you make such a trip? Please tell\u00a0us in the comments below!<\/strong><\/p>\n","protected":false},"excerpt":{"rendered":"<p>Fixed-gear bike enthusiast Peter Janak cycled over 500 kilometres on a single speed bike for fun. During that ride he [&hellip;]<\/p>\n","protected":false},"author":14,"featured_media":26123,"comment_status":"open","ping_status":"open","sticky":false,"template":"","format":"standard","meta":{"footnotes":""},"categories":[329],"tags":[],"global-categories":[],"class_list":["post-26113","post","type-post","status-publish","format-standard","has-post-thumbnail","hentry","category-road-cycling"],"yoast_head":"<!-- This site is optimized with the Yoast SEO Premium plugin v25.3 (Yoast SEO v25.9) - https:\/\/yoast.com\/wordpress\/plugins\/seo\/ -->\n<title>From London to Amsterdam on fixed gear - \u0160koda We Love Cycling<\/title>\n<meta name=\"description\" content=\"Fixed-gear bike enthusiast Peter Janak cycled over 500 kilometres on a single speed bike and during that ride he even managed to raise money for charity.\" \/>\n<meta name=\"robots\" content=\"index, follow, max-snippet:-1, max-image-preview:large, max-video-preview:-1\" \/>\n<link rel=\"canonical\" href=\"https:\/\/www.welovecycling.com\/wide\/2015\/02\/12\/london-amsterdam-fixed-gear\/\" \/>\n<meta property=\"og:locale\" content=\"en_US\" \/>\n<meta property=\"og:type\" content=\"article\" \/>\n<meta property=\"og:title\" content=\"From London to Amsterdam on fixed gear\" \/>\n<meta property=\"og:description\" content=\"Fixed-gear bike enthusiast Peter Janak cycled over 500 kilometres on a single speed bike and during that ride he even managed to raise money for charity.\" \/>\n<meta property=\"og:url\" content=\"https:\/\/www.welovecycling.com\/wide\/2015\/02\/12\/london-amsterdam-fixed-gear\/\" \/>\n<meta property=\"og:site_name\" content=\"\u0160koda We Love Cycling\" \/>\n<meta property=\"article:published_time\" content=\"2015-02-12T15:28:49+00:00\" \/>\n<meta property=\"article:modified_time\" content=\"2015-02-12T16:17:24+00:00\" \/>\n<meta property=\"og:image\" content=\"https:\/\/d2p6e6u75xmxt8.cloudfront.net\/2\/2015\/02\/opener11.webp\" \/>\n\t<meta property=\"og:image:width\" content=\"525\" \/>\n\t<meta property=\"og:image:height\" content=\"350\" \/>\n\t<meta property=\"og:image:type\" content=\"image\/webp\" \/>\n<meta name=\"twitter:card\" content=\"summary_large_image\" \/>\n<meta name=\"twitter:label1\" content=\"Written by\" \/>\n\t<meta name=\"twitter:data1\" content=\"Adam Marsal\" \/>\n\t<meta name=\"twitter:label2\" content=\"Est. reading time\" \/>\n\t<meta name=\"twitter:data2\" content=\"3 minutes\" \/>\n<script type=\"application\/ld+json\" class=\"yoast-schema-graph\">{\"@context\":\"https:\/\/schema.org\",\"@graph\":[{\"@type\":\"WebPage\",\"@id\":\"https:\/\/www.welovecycling.com\/wide\/2015\/02\/12\/london-amsterdam-fixed-gear\/\",\"url\":\"https:\/\/www.welovecycling.com\/wide\/2015\/02\/12\/london-amsterdam-fixed-gear\/\",\"name\":\"From London to Amsterdam on fixed gear - \u0160koda We Love Cycling\",\"isPartOf\":{\"@id\":\"https:\/\/www.welovecycling.com\/wide\/#website\"},\"primaryImageOfPage\":{\"@id\":\"https:\/\/www.welovecycling.com\/wide\/2015\/02\/12\/london-amsterdam-fixed-gear\/#primaryimage\"},\"image\":{\"@id\":\"https:\/\/www.welovecycling.com\/wide\/2015\/02\/12\/london-amsterdam-fixed-gear\/#primaryimage\"},\"thumbnailUrl\":\"https:\/\/d2p6e6u75xmxt8.cloudfront.net\/2\/2015\/02\/opener11.webp\",\"datePublished\":\"2015-02-12T15:28:49+00:00\",\"dateModified\":\"2015-02-12T16:17:24+00:00\",\"author\":{\"@id\":\"\"},\"description\":\"Fixed-gear bike enthusiast Peter Janak cycled over 500 kilometres on a single speed bike and during that ride he even managed to raise money for charity.\",\"breadcrumb\":{\"@id\":\"https:\/\/www.welovecycling.com\/wide\/2015\/02\/12\/london-amsterdam-fixed-gear\/#breadcrumb\"},\"inLanguage\":\"en-US\",\"potentialAction\":[{\"@type\":\"ReadAction\",\"target\":[\"https:\/\/www.welovecycling.com\/wide\/2015\/02\/12\/london-amsterdam-fixed-gear\/\"]}]},{\"@type\":\"ImageObject\",\"inLanguage\":\"en-US\",\"@id\":\"https:\/\/www.welovecycling.com\/wide\/2015\/02\/12\/london-amsterdam-fixed-gear\/#primaryimage\",\"url\":\"https:\/\/d2p6e6u75xmxt8.cloudfront.net\/2\/2015\/02\/opener11.webp\",\"contentUrl\":\"https:\/\/d2p6e6u75xmxt8.cloudfront.net\/2\/2015\/02\/opener11.webp\",\"width\":525,\"height\":350},{\"@type\":\"BreadcrumbList\",\"@id\":\"https:\/\/www.welovecycling.com\/wide\/2015\/02\/12\/london-amsterdam-fixed-gear\/#breadcrumb\",\"itemListElement\":[{\"@type\":\"ListItem\",\"position\":1,\"name\":\"Home\",\"item\":\"https:\/\/www.welovecycling.com\/wide\/\"},{\"@type\":\"ListItem\",\"position\":2,\"name\":\"From London to Amsterdam on fixed gear\"}]},{\"@type\":\"WebSite\",\"@id\":\"https:\/\/www.welovecycling.com\/wide\/#website\",\"url\":\"https:\/\/www.welovecycling.com\/wide\/\",\"name\":\"\u0160koda We Love Cycling\",\"description\":\"\u0160koda We Love Cycling magazine\",\"alternateName\":\"\u0160koda WLC\",\"potentialAction\":[{\"@type\":\"SearchAction\",\"target\":{\"@type\":\"EntryPoint\",\"urlTemplate\":\"https:\/\/www.welovecycling.com\/wide\/?s={search_term_string}\"},\"query-input\":{\"@type\":\"PropertyValueSpecification\",\"valueRequired\":true,\"valueName\":\"search_term_string\"}}],\"inLanguage\":\"en-US\"},{\"@type\":\"Person\",\"@id\":\"\",\"url\":\"https:\/\/www.welovecycling.com\/wide\/author\/\"}]}<\/script>\n<!-- \/ Yoast SEO Premium plugin. -->","yoast_head_json":{"title":"From London to Amsterdam on fixed gear - \u0160koda We Love Cycling","description":"Fixed-gear bike enthusiast Peter Janak cycled over 500 kilometres on a single speed bike and during that ride he even managed to raise money for charity.","robots":{"index":"index","follow":"follow","max-snippet":"max-snippet:-1","max-image-preview":"max-image-preview:large","max-video-preview":"max-video-preview:-1"},"canonical":"https:\/\/www.welovecycling.com\/wide\/2015\/02\/12\/london-amsterdam-fixed-gear\/","og_locale":"en_US","og_type":"article","og_title":"From London to Amsterdam on fixed gear","og_description":"Fixed-gear bike enthusiast Peter Janak cycled over 500 kilometres on a single speed bike and during that ride he even managed to raise money for charity.","og_url":"https:\/\/www.welovecycling.com\/wide\/2015\/02\/12\/london-amsterdam-fixed-gear\/","og_site_name":"\u0160koda We Love Cycling","article_published_time":"2015-02-12T15:28:49+00:00","article_modified_time":"2015-02-12T16:17:24+00:00","og_image":[{"width":525,"height":350,"url":"https:\/\/d2p6e6u75xmxt8.cloudfront.net\/2\/2015\/02\/opener11.webp","type":"image\/webp"}],"twitter_card":"summary_large_image","twitter_misc":{"Written by":"Adam Marsal","Est. reading time":"3 minutes"},"schema":{"@context":"https:\/\/schema.org","@graph":[{"@type":"WebPage","@id":"https:\/\/www.welovecycling.com\/wide\/2015\/02\/12\/london-amsterdam-fixed-gear\/","url":"https:\/\/www.welovecycling.com\/wide\/2015\/02\/12\/london-amsterdam-fixed-gear\/","name":"From London to Amsterdam on fixed gear - \u0160koda We Love Cycling","isPartOf":{"@id":"https:\/\/www.welovecycling.com\/wide\/#website"},"primaryImageOfPage":{"@id":"https:\/\/www.welovecycling.com\/wide\/2015\/02\/12\/london-amsterdam-fixed-gear\/#primaryimage"},"image":{"@id":"https:\/\/www.welovecycling.com\/wide\/2015\/02\/12\/london-amsterdam-fixed-gear\/#primaryimage"},"thumbnailUrl":"https:\/\/d2p6e6u75xmxt8.cloudfront.net\/2\/2015\/02\/opener11.webp","datePublished":"2015-02-12T15:28:49+00:00","dateModified":"2015-02-12T16:17:24+00:00","author":{"@id":""},"description":"Fixed-gear bike enthusiast Peter Janak cycled over 500 kilometres on a single speed bike and during that ride he even managed to raise money for charity.","breadcrumb":{"@id":"https:\/\/www.welovecycling.com\/wide\/2015\/02\/12\/london-amsterdam-fixed-gear\/#breadcrumb"},"inLanguage":"en-US","potentialAction":[{"@type":"ReadAction","target":["https:\/\/www.welovecycling.com\/wide\/2015\/02\/12\/london-amsterdam-fixed-gear\/"]}]},{"@type":"ImageObject","inLanguage":"en-US","@id":"https:\/\/www.welovecycling.com\/wide\/2015\/02\/12\/london-amsterdam-fixed-gear\/#primaryimage","url":"https:\/\/d2p6e6u75xmxt8.cloudfront.net\/2\/2015\/02\/opener11.webp","contentUrl":"https:\/\/d2p6e6u75xmxt8.cloudfront.net\/2\/2015\/02\/opener11.webp","width":525,"height":350},{"@type":"BreadcrumbList","@id":"https:\/\/www.welovecycling.com\/wide\/2015\/02\/12\/london-amsterdam-fixed-gear\/#breadcrumb","itemListElement":[{"@type":"ListItem","position":1,"name":"Home","item":"https:\/\/www.welovecycling.com\/wide\/"},{"@type":"ListItem","position":2,"name":"From London to Amsterdam on fixed gear"}]},{"@type":"WebSite","@id":"https:\/\/www.welovecycling.com\/wide\/#website","url":"https:\/\/www.welovecycling.com\/wide\/","name":"\u0160koda We Love Cycling","description":"\u0160koda We Love Cycling magazine","alternateName":"\u0160koda WLC","potentialAction":[{"@type":"SearchAction","target":{"@type":"EntryPoint","urlTemplate":"https:\/\/www.welovecycling.com\/wide\/?s={search_term_string}"},"query-input":{"@type":"PropertyValueSpecification","valueRequired":true,"valueName":"search_term_string"}}],"inLanguage":"en-US"},{"@type":"Person","@id":"","url":"https:\/\/www.welovecycling.com\/wide\/author\/"}]}},"_links":{"self":[{"href":"https:\/\/www.welovecycling.com\/wide\/wp-json\/wp\/v2\/posts\/26113","targetHints":{"allow":["GET"]}}],"collection":[{"href":"https:\/\/www.welovecycling.com\/wide\/wp-json\/wp\/v2\/posts"}],"about":[{"href":"https:\/\/www.welovecycling.com\/wide\/wp-json\/wp\/v2\/types\/post"}],"author":[{"embeddable":true,"href":"https:\/\/www.welovecycling.com\/wide\/wp-json\/wp\/v2\/users\/14"}],"replies":[{"embeddable":true,"href":"https:\/\/www.welovecycling.com\/wide\/wp-json\/wp\/v2\/comments?post=26113"}],"version-history":[{"count":2,"href":"https:\/\/www.welovecycling.com\/wide\/wp-json\/wp\/v2\/posts\/26113\/revisions"}],"predecessor-version":[{"id":26132,"href":"https:\/\/www.welovecycling.com\/wide\/wp-json\/wp\/v2\/posts\/26113\/revisions\/26132"}],"wp:featuredmedia":[{"embeddable":true,"href":"https:\/\/www.welovecycling.com\/wide\/wp-json\/wp\/v2\/media\/26123"}],"wp:attachment":[{"href":"https:\/\/www.welovecycling.com\/wide\/wp-json\/wp\/v2\/media?parent=26113"}],"wp:term":[{"taxonomy":"category","embeddable":true,"href":"https:\/\/www.welovecycling.com\/wide\/wp-json\/wp\/v2\/categories?post=26113"},{"taxonomy":"post_tag","embeddable":true,"href":"https:\/\/www.welovecycling.com\/wide\/wp-json\/wp\/v2\/tags?post=26113"},{"taxonomy":"global-categories","embeddable":true,"href":"https:\/\/www.welovecycling.com\/wide\/wp-json\/wp\/v2\/global-categories?post=26113"}],"curies":[{"name":"wp","href":"https:\/\/api.w.org\/{rel}","templated":true}]}}