{"id":26096,"date":"2015-02-04T13:31:25","date_gmt":"2015-02-04T12:31:25","guid":{"rendered":"https:\/\/www.welovecycling.com\/?p=26096"},"modified":"2015-02-13T09:55:39","modified_gmt":"2015-02-13T08:55:39","slug":"fixie-legal","status":"publish","type":"post","link":"https:\/\/www.welovecycling.com\/wide\/2015\/02\/04\/fixie-legal\/","title":{"rendered":"Is my Fixie legal?"},"content":{"rendered":"<p><strong>When the fixie revival went international during the late 2000<\/strong><strong>\u2019<\/strong><strong>s, legal-authorities worldwide acted quickly to ensure that bicycles remained safe when on the road.<\/strong><\/p>\n<p><!--more--><\/p>\n<h2>What is a fixed-gear bike?<\/h2>\n<p>A fixed-gear bicycle has a drivetrain with no freewheel mechanism. That means no derailleur and only one speed at your disposal. It\u2019s simple but it also means that if the rear wheel is turning, the pedals turn in the same direction.\u00a0<a href=\"https:\/\/www.welovecycling.com\/25957\/demons-fixed-gear-bikes\/\" target=\"_blank\">Read more about fixies<\/a> in our article.<\/p>\n<p><a href=\"https:\/\/d2p6e6u75xmxt8.cloudfront.net\/2\/2015\/02\/profimedia-0176039458.jpg\"><img loading=\"lazy\" decoding=\"async\" class=\"alignnone size-medium wp-image-26100\" src=\"https:\/\/d2p6e6u75xmxt8.cloudfront.net\/2\/2015\/02\/profimedia-0176039458-620x413.jpg\" alt=\"Fixed gear bicycle cog\" width=\"620\" height=\"413\" \/><br \/>\n<\/a><em>Photo: Profimedia.cz<\/em><\/p>\n<p>You always have to pedal and if you want to break, you have to use your bodyweight to resist the rotation of the cranks. Authorities usually don\u2019t like people riding around without independent braking systems. In 2009, Spiegel Online described how fixies were confiscated by Berlin police and their owners were fined. You can see the life of Berlin fixed gear enthusiast in <strong>our new movie In the Fix!<\/strong><\/p>\n<a  href=\"\/26083\/fix-berlin-vs-moscow-part-1\/\" title=\"titulek\" class=\"relbutton btn-wlc btn-primary\">watch In the Fix Part 1<\/a>\n<h2><strong>When you can ride it, but you can&#8217;t buy it<\/strong><\/h2>\n<p>In 2010 Australia announced that bicycle manufacturers could face fines of up to $1.1 million or \u00a3630,000 for selling fixies without front brakes. Yet you were free to remove that front brake once you\u2019d bought the bicycle.<\/p>\n<p><a href=\"https:\/\/d2p6e6u75xmxt8.cloudfront.net\/2\/2015\/02\/profimedia-0152248670.jpg\"><img loading=\"lazy\" decoding=\"async\" class=\"alignnone size-medium wp-image-26099\" src=\"https:\/\/d2p6e6u75xmxt8.cloudfront.net\/2\/2015\/02\/profimedia-0152248670-620x410.jpg\" alt=\"Fixed gear bicycle in shop display window\" width=\"620\" height=\"410\" \/><br \/>\n<\/a><em>Photo: Profimedia.cz<\/em><\/p>\n<h2><strong>The search for &#8216;Adequate&#8217; braking system<\/strong><\/h2>\n<p>Most countries opt for the vague requirement that bicycles have \u201cadequate\u201d braking systems, and this includes Spain and the Netherlands. In Poland a bicycle must have at least one functional brake. This puts you at the mercy and discretion of whichever policeman happens to pull you over.<\/p>\n<p><a href=\"https:\/\/d2p6e6u75xmxt8.cloudfront.net\/2\/2015\/02\/darkalley1.jpg\"><img loading=\"lazy\" decoding=\"async\" class=\"alignnone size-medium wp-image-26098\" src=\"https:\/\/d2p6e6u75xmxt8.cloudfront.net\/2\/2015\/02\/darkalley1-620x465.jpg\" alt=\"Fixed gear bicycle\" width=\"620\" height=\"465\" \/><br \/>\n<\/a><em>Photo: Profimedia.cz<\/em><\/p>\n<p>The law in America can vary from state to state but it\u2019s safe to assume that using a bicycle anywhere without front and back brakes is illegal. Most states follow the same UK Consumer Product Safety Commission rules that the retail sale of bicycles without brakes is banned.<\/p>\n<h2><strong>Toronto is a fixie heaven for some<\/strong><\/h2>\n<p>When I visited Toronto in Canada a couple of years ago, I was delighted by the sheer number of restored late 80s and early 90s Peugeot road bicycles I saw, and reminded me of my first road bicycle. However, it was the first time I\u2019d seen so many fixies in one place at a time.<\/p>\n<p><a href=\"https:\/\/d2p6e6u75xmxt8.cloudfront.net\/2\/2015\/02\/profimedia-0211211760.jpg\"><img loading=\"lazy\" decoding=\"async\" class=\"alignnone size-medium wp-image-26101\" src=\"https:\/\/d2p6e6u75xmxt8.cloudfront.net\/2\/2015\/02\/profimedia-0211211760-620x413.jpg\" alt=\"Bike commuter on fixed gear bicycle\" width=\"620\" height=\"413\" \/><br \/>\n<\/a><em>Photo: Profimedia.cz<\/em><\/p>\n<h2><strong>Braking on fixed bike takes a skill<\/strong><\/h2>\n<p>It takes a great deal of skill to brake with a fixed wheel and only some people can do that. The CTC\u2019s (UK&#8217;s\u00a0national\u00a0cyclists\u00a0organisation) technical expert says, \u201cA skilled rider with a front brake will stop in half the distance [of someone with only a rear brake]. You need a front brake to be safe.\u201d<\/p>\n<p><strong>This month we are talking about fixies.<\/strong><strong>\u00a0<a href=\"https:\/\/www.welovecycling.com\/26083\/fix-berlin-vs-moscow-part-1\/\">Discover<\/a>\u00a0what our In the Fix movie is all about!<\/strong><\/p>\n","protected":false},"excerpt":{"rendered":"<p>When the fixie revival went international during the late 2000\u2019s, legal-authorities worldwide acted quickly to ensure that bicycles remained safe [&hellip;]<\/p>\n","protected":false},"author":14,"featured_media":26097,"comment_status":"open","ping_status":"open","sticky":false,"template":"","format":"standard","meta":{"footnotes":""},"categories":[330],"tags":[],"global-categories":[],"class_list":["post-26096","post","type-post","status-publish","format-standard","has-post-thumbnail","hentry","category-urban-cycling"],"yoast_head":"<!-- This site is optimized with the Yoast SEO Premium plugin v25.3 (Yoast SEO v25.9) - https:\/\/yoast.com\/wordpress\/plugins\/seo\/ -->\n<title>Is my Fixie legal? - \u0160koda We Love Cycling<\/title>\n<meta name=\"description\" content=\"Many people are talking about the beauty of cycling fixed gear. But no one tells you if you legally can. Let\u2019s find out!\" \/>\n<meta name=\"robots\" content=\"index, follow, max-snippet:-1, max-image-preview:large, max-video-preview:-1\" \/>\n<link rel=\"canonical\" href=\"https:\/\/www.welovecycling.com\/wide\/2015\/02\/04\/fixie-legal\/\" \/>\n<meta property=\"og:locale\" content=\"en_US\" \/>\n<meta property=\"og:type\" content=\"article\" \/>\n<meta property=\"og:title\" content=\"Is my Fixie legal?\" \/>\n<meta property=\"og:description\" content=\"Many people are talking about the beauty of cycling fixed gear. But no one tells you if you legally can. Let\u2019s find out!\" \/>\n<meta property=\"og:url\" content=\"https:\/\/www.welovecycling.com\/wide\/2015\/02\/04\/fixie-legal\/\" \/>\n<meta property=\"og:site_name\" content=\"\u0160koda We Love Cycling\" \/>\n<meta property=\"article:published_time\" content=\"2015-02-04T12:31:25+00:00\" \/>\n<meta property=\"article:modified_time\" content=\"2015-02-13T08:55:39+00:00\" \/>\n<meta property=\"og:image\" content=\"https:\/\/d2p6e6u75xmxt8.cloudfront.net\/2\/2015\/02\/opener1.webp\" \/>\n\t<meta property=\"og:image:width\" content=\"525\" \/>\n\t<meta property=\"og:image:height\" content=\"350\" \/>\n\t<meta property=\"og:image:type\" content=\"image\/webp\" \/>\n<meta name=\"twitter:card\" content=\"summary_large_image\" \/>\n<meta name=\"twitter:label1\" content=\"Written by\" \/>\n\t<meta name=\"twitter:data1\" content=\"Christopher Ashley\" \/>\n\t<meta name=\"twitter:label2\" content=\"Est. reading time\" \/>\n\t<meta name=\"twitter:data2\" content=\"2 minutes\" \/>\n<script type=\"application\/ld+json\" class=\"yoast-schema-graph\">{\"@context\":\"https:\/\/schema.org\",\"@graph\":[{\"@type\":\"WebPage\",\"@id\":\"https:\/\/www.welovecycling.com\/wide\/2015\/02\/04\/fixie-legal\/\",\"url\":\"https:\/\/www.welovecycling.com\/wide\/2015\/02\/04\/fixie-legal\/\",\"name\":\"Is my Fixie legal? - \u0160koda We Love Cycling\",\"isPartOf\":{\"@id\":\"https:\/\/www.welovecycling.com\/wide\/#website\"},\"primaryImageOfPage\":{\"@id\":\"https:\/\/www.welovecycling.com\/wide\/2015\/02\/04\/fixie-legal\/#primaryimage\"},\"image\":{\"@id\":\"https:\/\/www.welovecycling.com\/wide\/2015\/02\/04\/fixie-legal\/#primaryimage\"},\"thumbnailUrl\":\"https:\/\/d2p6e6u75xmxt8.cloudfront.net\/2\/2015\/02\/opener1.webp\",\"datePublished\":\"2015-02-04T12:31:25+00:00\",\"dateModified\":\"2015-02-13T08:55:39+00:00\",\"author\":{\"@id\":\"\"},\"description\":\"Many people are talking about the beauty of cycling fixed gear. But no one tells you if you legally can. Let\u2019s find out!\",\"breadcrumb\":{\"@id\":\"https:\/\/www.welovecycling.com\/wide\/2015\/02\/04\/fixie-legal\/#breadcrumb\"},\"inLanguage\":\"en-US\",\"potentialAction\":[{\"@type\":\"ReadAction\",\"target\":[\"https:\/\/www.welovecycling.com\/wide\/2015\/02\/04\/fixie-legal\/\"]}]},{\"@type\":\"ImageObject\",\"inLanguage\":\"en-US\",\"@id\":\"https:\/\/www.welovecycling.com\/wide\/2015\/02\/04\/fixie-legal\/#primaryimage\",\"url\":\"https:\/\/d2p6e6u75xmxt8.cloudfront.net\/2\/2015\/02\/opener1.webp\",\"contentUrl\":\"https:\/\/d2p6e6u75xmxt8.cloudfront.net\/2\/2015\/02\/opener1.webp\",\"width\":525,\"height\":350},{\"@type\":\"BreadcrumbList\",\"@id\":\"https:\/\/www.welovecycling.com\/wide\/2015\/02\/04\/fixie-legal\/#breadcrumb\",\"itemListElement\":[{\"@type\":\"ListItem\",\"position\":1,\"name\":\"Home\",\"item\":\"https:\/\/www.welovecycling.com\/wide\/\"},{\"@type\":\"ListItem\",\"position\":2,\"name\":\"Is my Fixie legal?\"}]},{\"@type\":\"WebSite\",\"@id\":\"https:\/\/www.welovecycling.com\/wide\/#website\",\"url\":\"https:\/\/www.welovecycling.com\/wide\/\",\"name\":\"\u0160koda We Love Cycling\",\"description\":\"\u0160koda We Love Cycling magazine\",\"alternateName\":\"\u0160koda WLC\",\"potentialAction\":[{\"@type\":\"SearchAction\",\"target\":{\"@type\":\"EntryPoint\",\"urlTemplate\":\"https:\/\/www.welovecycling.com\/wide\/?s={search_term_string}\"},\"query-input\":{\"@type\":\"PropertyValueSpecification\",\"valueRequired\":true,\"valueName\":\"search_term_string\"}}],\"inLanguage\":\"en-US\"},{\"@type\":\"Person\",\"@id\":\"\",\"url\":\"https:\/\/www.welovecycling.com\/wide\/author\/\"}]}<\/script>\n<!-- \/ Yoast SEO Premium plugin. -->","yoast_head_json":{"title":"Is my Fixie legal? - \u0160koda We Love Cycling","description":"Many people are talking about the beauty of cycling fixed gear. But no one tells you if you legally can. Let\u2019s find out!","robots":{"index":"index","follow":"follow","max-snippet":"max-snippet:-1","max-image-preview":"max-image-preview:large","max-video-preview":"max-video-preview:-1"},"canonical":"https:\/\/www.welovecycling.com\/wide\/2015\/02\/04\/fixie-legal\/","og_locale":"en_US","og_type":"article","og_title":"Is my Fixie legal?","og_description":"Many people are talking about the beauty of cycling fixed gear. But no one tells you if you legally can. Let\u2019s find out!","og_url":"https:\/\/www.welovecycling.com\/wide\/2015\/02\/04\/fixie-legal\/","og_site_name":"\u0160koda We Love Cycling","article_published_time":"2015-02-04T12:31:25+00:00","article_modified_time":"2015-02-13T08:55:39+00:00","og_image":[{"width":525,"height":350,"url":"https:\/\/d2p6e6u75xmxt8.cloudfront.net\/2\/2015\/02\/opener1.webp","type":"image\/webp"}],"twitter_card":"summary_large_image","twitter_misc":{"Written by":"Christopher Ashley","Est. reading time":"2 minutes"},"schema":{"@context":"https:\/\/schema.org","@graph":[{"@type":"WebPage","@id":"https:\/\/www.welovecycling.com\/wide\/2015\/02\/04\/fixie-legal\/","url":"https:\/\/www.welovecycling.com\/wide\/2015\/02\/04\/fixie-legal\/","name":"Is my Fixie legal? - \u0160koda We Love Cycling","isPartOf":{"@id":"https:\/\/www.welovecycling.com\/wide\/#website"},"primaryImageOfPage":{"@id":"https:\/\/www.welovecycling.com\/wide\/2015\/02\/04\/fixie-legal\/#primaryimage"},"image":{"@id":"https:\/\/www.welovecycling.com\/wide\/2015\/02\/04\/fixie-legal\/#primaryimage"},"thumbnailUrl":"https:\/\/d2p6e6u75xmxt8.cloudfront.net\/2\/2015\/02\/opener1.webp","datePublished":"2015-02-04T12:31:25+00:00","dateModified":"2015-02-13T08:55:39+00:00","author":{"@id":""},"description":"Many people are talking about the beauty of cycling fixed gear. But no one tells you if you legally can. Let\u2019s find out!","breadcrumb":{"@id":"https:\/\/www.welovecycling.com\/wide\/2015\/02\/04\/fixie-legal\/#breadcrumb"},"inLanguage":"en-US","potentialAction":[{"@type":"ReadAction","target":["https:\/\/www.welovecycling.com\/wide\/2015\/02\/04\/fixie-legal\/"]}]},{"@type":"ImageObject","inLanguage":"en-US","@id":"https:\/\/www.welovecycling.com\/wide\/2015\/02\/04\/fixie-legal\/#primaryimage","url":"https:\/\/d2p6e6u75xmxt8.cloudfront.net\/2\/2015\/02\/opener1.webp","contentUrl":"https:\/\/d2p6e6u75xmxt8.cloudfront.net\/2\/2015\/02\/opener1.webp","width":525,"height":350},{"@type":"BreadcrumbList","@id":"https:\/\/www.welovecycling.com\/wide\/2015\/02\/04\/fixie-legal\/#breadcrumb","itemListElement":[{"@type":"ListItem","position":1,"name":"Home","item":"https:\/\/www.welovecycling.com\/wide\/"},{"@type":"ListItem","position":2,"name":"Is my Fixie legal?"}]},{"@type":"WebSite","@id":"https:\/\/www.welovecycling.com\/wide\/#website","url":"https:\/\/www.welovecycling.com\/wide\/","name":"\u0160koda We Love Cycling","description":"\u0160koda We Love Cycling magazine","alternateName":"\u0160koda WLC","potentialAction":[{"@type":"SearchAction","target":{"@type":"EntryPoint","urlTemplate":"https:\/\/www.welovecycling.com\/wide\/?s={search_term_string}"},"query-input":{"@type":"PropertyValueSpecification","valueRequired":true,"valueName":"search_term_string"}}],"inLanguage":"en-US"},{"@type":"Person","@id":"","url":"https:\/\/www.welovecycling.com\/wide\/author\/"}]}},"_links":{"self":[{"href":"https:\/\/www.welovecycling.com\/wide\/wp-json\/wp\/v2\/posts\/26096","targetHints":{"allow":["GET"]}}],"collection":[{"href":"https:\/\/www.welovecycling.com\/wide\/wp-json\/wp\/v2\/posts"}],"about":[{"href":"https:\/\/www.welovecycling.com\/wide\/wp-json\/wp\/v2\/types\/post"}],"author":[{"embeddable":true,"href":"https:\/\/www.welovecycling.com\/wide\/wp-json\/wp\/v2\/users\/14"}],"replies":[{"embeddable":true,"href":"https:\/\/www.welovecycling.com\/wide\/wp-json\/wp\/v2\/comments?post=26096"}],"version-history":[{"count":2,"href":"https:\/\/www.welovecycling.com\/wide\/wp-json\/wp\/v2\/posts\/26096\/revisions"}],"predecessor-version":[{"id":26135,"href":"https:\/\/www.welovecycling.com\/wide\/wp-json\/wp\/v2\/posts\/26096\/revisions\/26135"}],"wp:featuredmedia":[{"embeddable":true,"href":"https:\/\/www.welovecycling.com\/wide\/wp-json\/wp\/v2\/media\/26097"}],"wp:attachment":[{"href":"https:\/\/www.welovecycling.com\/wide\/wp-json\/wp\/v2\/media?parent=26096"}],"wp:term":[{"taxonomy":"category","embeddable":true,"href":"https:\/\/www.welovecycling.com\/wide\/wp-json\/wp\/v2\/categories?post=26096"},{"taxonomy":"post_tag","embeddable":true,"href":"https:\/\/www.welovecycling.com\/wide\/wp-json\/wp\/v2\/tags?post=26096"},{"taxonomy":"global-categories","embeddable":true,"href":"https:\/\/www.welovecycling.com\/wide\/wp-json\/wp\/v2\/global-categories?post=26096"}],"curies":[{"name":"wp","href":"https:\/\/api.w.org\/{rel}","templated":true}]}}