{"id":25878,"date":"2015-01-14T15:50:14","date_gmt":"2015-01-14T14:50:14","guid":{"rendered":"https:\/\/www.welovecycling.com\/?p=25878"},"modified":"2015-01-14T15:50:14","modified_gmt":"2015-01-14T14:50:14","slug":"greenland-calling","status":"publish","type":"post","link":"https:\/\/www.welovecycling.com\/wide\/2015\/01\/14\/greenland-calling\/","title":{"rendered":"Greenland calling"},"content":{"rendered":"<p><strong>Feeling too cold? Warm up with pictures of \u2018summer\u2019 biking at\u2026 Greenland\u2019s glacier. Rider Petr Kraus shows some tricks on the ice.<\/strong><!--more--><\/p>\n<h2>Really cold urban riding<\/h2>\n<p>In his movie, Petr Kraus takes trail riding to Sisimiut in Greenland where he meet some local riders. During Petr\u2019s trip to Greenland he visited the town of Sisimiut, for some urban trail riding and to get to know the local riders.<\/p>\n<p><iframe loading=\"lazy\" src=\"\/\/www.youtube-nocookie.com\/embed\/SlqmdUfbRI4\" width=\"560\" height=\"315\" frameborder=\"0\" allowfullscreen=\"allowfullscreen\"><\/iframe><\/p>\n<h2>Enjoy the Northern &#8216;Summer&#8217;<\/h2>\n<p>Petr, who turns 39 in February, spent some time in Greenland, summer riding the wild country and getting to know the culture.<\/p>\n<p>In this film he gets to grips with what he finds. To ride along the seafront and to take a look at what the local BMX talent has to offer.<\/p>\n<p><a href=\"https:\/\/d2p6e6u75xmxt8.cloudfront.net\/2\/2015\/01\/kangaamiut.jpg\"><br \/>\n<\/a><a href=\"https:\/\/d2p6e6u75xmxt8.cloudfront.net\/2\/2015\/01\/kangaamiut.jpg\"><img loading=\"lazy\" decoding=\"async\" class=\"alignnone wp-image-25879 size-medium\" src=\"https:\/\/d2p6e6u75xmxt8.cloudfront.net\/2\/2015\/01\/kangaamiut-620x412.jpg\" alt=\"Greenland\" width=\"620\" height=\"412\" \/><\/a><em>Photo:\u00a0Mads Pihl\/Red Bull Content Pool,\u00a0\u00a9 Red Bull Media House<\/em><\/p>\n<p>Sisimiut is Greenland\u2019s second largest town with a population of 5,500. Despite its small size it plays host to a vibrant street culture scene, captured on the photos and movie here.<\/p>\n<h2>Youngest triple world champion<\/h2>\n<p>Petr Kraus has won the trail biking world championship title an amazing three times. He was the youngest rider to do so, when he took the title in 1994 at the tender age of eighteen.<\/p>\n<p><a href=\"https:\/\/d2p6e6u75xmxt8.cloudfront.net\/2\/2015\/01\/P-20121107-00109.jpg\"><br \/>\n<\/a><a href=\"https:\/\/d2p6e6u75xmxt8.cloudfront.net\/2\/2015\/01\/P-20121107-00109.jpg\"><img loading=\"lazy\" decoding=\"async\" class=\"alignnone wp-image-25881 size-medium\" src=\"https:\/\/d2p6e6u75xmxt8.cloudfront.net\/2\/2015\/01\/P-20121107-00109-620x412.jpg\" alt=\"Petr Kraus in Greenland\" width=\"620\" height=\"412\" \/><\/a><em>Photo:\u00a0Mads Pihl\/Red Bull Content Pool,\u00a0\u00a9 Red Bull Media House<\/em><\/p>\n<p>Over a decade on, Petr remains a pro trail rider, with a reputation for his precise and refined style. He travels all around the world with his exhibitions and still competes in a number of sport events and freestyle mountain races every year.<\/p>\n<p><a href=\"https:\/\/d2p6e6u75xmxt8.cloudfront.net\/2\/2015\/01\/top-of-the-world.jpg\"><br \/>\n<\/a><a href=\"https:\/\/d2p6e6u75xmxt8.cloudfront.net\/2\/2015\/01\/top-of-the-world.jpg\"><img loading=\"lazy\" decoding=\"async\" class=\"alignnone wp-image-25882 size-medium\" src=\"https:\/\/d2p6e6u75xmxt8.cloudfront.net\/2\/2015\/01\/top-of-the-world-620x413.jpg\" alt=\"Petr Kraus performing in Greenland\" width=\"620\" height=\"413\" \/><\/a><em>Photo:\u00a0Mads Pihl\/Red Bull Content Pool,\u00a0\u00a9 Red Bull Media House<\/em><\/p>\n<h2>The traveller<\/h2>\n<p>Throughout recent years, Petr Kraus rode the most amazing range of landscapes, creating breathtaking films and images and taking trail biking around the world. From the ancient landscapes of Cappadocia to volcanoes in Guatemala and now the stunning arctic landscape of Greenland.<\/p>\n<div id='gallery-1' class='gallery galleryid-25878 gallery-columns-3 gallery-size-medium'><figure class='gallery-item'>\n\t\t\t<div class='gallery-icon landscape'>\n\t\t\t\t<a href='https:\/\/d2p6e6u75xmxt8.cloudfront.net\/2\/2015\/01\/chill-time.webp'><img loading=\"lazy\" decoding=\"async\" width=\"300\" height=\"200\" src=\"https:\/\/d2p6e6u75xmxt8.cloudfront.net\/2\/2015\/01\/chill-time-300x200.webp\" class=\"attachment-medium size-medium\" alt=\"etr Kraus watches children playing in Sisimiut, Greenland\" srcset=\"https:\/\/d2p6e6u75xmxt8.cloudfront.net\/2\/2015\/01\/chill-time-300x200.webp 300w, https:\/\/d2p6e6u75xmxt8.cloudfront.net\/2\/2015\/01\/chill-time-768x511.webp 768w, https:\/\/d2p6e6u75xmxt8.cloudfront.net\/2\/2015\/01\/chill-time-272x182.webp 272w, https:\/\/d2p6e6u75xmxt8.cloudfront.net\/2\/2015\/01\/chill-time.webp 1000w\" sizes=\"auto, (max-width: 300px) 100vw, 300px\" \/><\/a>\n\t\t\t<\/div><\/figure><figure class='gallery-item'>\n\t\t\t<div class='gallery-icon landscape'>\n\t\t\t\t<a href='https:\/\/d2p6e6u75xmxt8.cloudfront.net\/2\/2015\/01\/into-town.webp'><img loading=\"lazy\" decoding=\"async\" width=\"300\" height=\"200\" src=\"https:\/\/d2p6e6u75xmxt8.cloudfront.net\/2\/2015\/01\/into-town-300x200.webp\" class=\"attachment-medium size-medium\" alt=\"Petr Kraus performs in Sisimiut, Greenland\" srcset=\"https:\/\/d2p6e6u75xmxt8.cloudfront.net\/2\/2015\/01\/into-town-300x200.webp 300w, https:\/\/d2p6e6u75xmxt8.cloudfront.net\/2\/2015\/01\/into-town-768x511.webp 768w, https:\/\/d2p6e6u75xmxt8.cloudfront.net\/2\/2015\/01\/into-town-272x182.webp 272w, https:\/\/d2p6e6u75xmxt8.cloudfront.net\/2\/2015\/01\/into-town.webp 1000w\" sizes=\"auto, (max-width: 300px) 100vw, 300px\" \/><\/a>\n\t\t\t<\/div><\/figure><figure class='gallery-item'>\n\t\t\t<div class='gallery-icon landscape'>\n\t\t\t\t<a href='https:\/\/d2p6e6u75xmxt8.cloudfront.net\/2\/2015\/01\/P-20121107-00120.webp'><img loading=\"lazy\" decoding=\"async\" width=\"300\" height=\"200\" src=\"https:\/\/d2p6e6u75xmxt8.cloudfront.net\/2\/2015\/01\/P-20121107-00120-300x200.webp\" class=\"attachment-medium size-medium\" alt=\"\" srcset=\"https:\/\/d2p6e6u75xmxt8.cloudfront.net\/2\/2015\/01\/P-20121107-00120-300x200.webp 300w, https:\/\/d2p6e6u75xmxt8.cloudfront.net\/2\/2015\/01\/P-20121107-00120-768x511.webp 768w, https:\/\/d2p6e6u75xmxt8.cloudfront.net\/2\/2015\/01\/P-20121107-00120-272x182.webp 272w, https:\/\/d2p6e6u75xmxt8.cloudfront.net\/2\/2015\/01\/P-20121107-00120.webp 1000w\" sizes=\"auto, (max-width: 300px) 100vw, 300px\" \/><\/a>\n\t\t\t<\/div><\/figure>\n\t\t<\/div>\n\n<p><em>Photos:\u00a0Mads Pihl\/Red Bull Content Pool,\u00a0\u00a9 Red Bull Media House<\/em><\/p>\n<p><strong>What could be next for Petr Kraus? Tell us <a href=\"https:\/\/www.facebook.com\/SkodaCycling\" target=\"_blank\">on facebook<\/a> or in the comments below.<\/strong><\/p>\n","protected":false},"excerpt":{"rendered":"<p>Feeling too cold? Warm up with pictures of \u2018summer\u2019 biking at\u2026 Greenland\u2019s glacier. Rider Petr Kraus shows some tricks on [&hellip;]<\/p>\n","protected":false},"author":5,"featured_media":25880,"comment_status":"open","ping_status":"open","sticky":false,"template":"","format":"standard","meta":{"footnotes":""},"categories":[328],"tags":[],"global-categories":[],"class_list":["post-25878","post","type-post","status-publish","format-standard","has-post-thumbnail","hentry","category-outdoor-mountain"],"yoast_head":"<!-- This site is optimized with the Yoast SEO Premium plugin v25.3 (Yoast SEO v25.9) - https:\/\/yoast.com\/wordpress\/plugins\/seo\/ -->\n<title>Greenland calling - \u0160koda We Love Cycling<\/title>\n<meta name=\"description\" content=\"Feeling too cold? Warm up with pictures of \u2018summer\u2019 biking at\u2026 Greenland\u2019s glacier. Rider Petr Kraus shows some tricks on the ice.\" \/>\n<meta name=\"robots\" content=\"index, follow, max-snippet:-1, max-image-preview:large, max-video-preview:-1\" \/>\n<link rel=\"canonical\" href=\"https:\/\/www.welovecycling.com\/wide\/2015\/01\/14\/greenland-calling\/\" \/>\n<meta property=\"og:locale\" content=\"en_US\" \/>\n<meta property=\"og:type\" content=\"article\" \/>\n<meta property=\"og:title\" content=\"Greenland calling\" \/>\n<meta property=\"og:description\" content=\"Feeling too cold? Warm up with pictures of \u2018summer\u2019 biking at\u2026 Greenland\u2019s glacier. Rider Petr Kraus shows some tricks on the ice.\" \/>\n<meta property=\"og:url\" content=\"https:\/\/www.welovecycling.com\/wide\/2015\/01\/14\/greenland-calling\/\" \/>\n<meta property=\"og:site_name\" content=\"\u0160koda We Love Cycling\" \/>\n<meta property=\"article:published_time\" content=\"2015-01-14T14:50:14+00:00\" \/>\n<meta property=\"og:image\" content=\"https:\/\/d2p6e6u75xmxt8.cloudfront.net\/2\/2015\/01\/opener2.webp\" \/>\n\t<meta property=\"og:image:width\" content=\"525\" \/>\n\t<meta property=\"og:image:height\" content=\"350\" \/>\n\t<meta property=\"og:image:type\" content=\"image\/webp\" \/>\n<meta name=\"twitter:card\" content=\"summary_large_image\" \/>\n<meta name=\"twitter:label1\" content=\"Written by\" \/>\n\t<meta name=\"twitter:data1\" content=\"Adam Marsal\" \/>\n\t<meta name=\"twitter:label2\" content=\"Est. reading time\" \/>\n\t<meta name=\"twitter:data2\" content=\"2 minutes\" \/>\n<script type=\"application\/ld+json\" class=\"yoast-schema-graph\">{\"@context\":\"https:\/\/schema.org\",\"@graph\":[{\"@type\":\"WebPage\",\"@id\":\"https:\/\/www.welovecycling.com\/wide\/2015\/01\/14\/greenland-calling\/\",\"url\":\"https:\/\/www.welovecycling.com\/wide\/2015\/01\/14\/greenland-calling\/\",\"name\":\"Greenland calling - \u0160koda We Love Cycling\",\"isPartOf\":{\"@id\":\"https:\/\/www.welovecycling.com\/wide\/#website\"},\"primaryImageOfPage\":{\"@id\":\"https:\/\/www.welovecycling.com\/wide\/2015\/01\/14\/greenland-calling\/#primaryimage\"},\"image\":{\"@id\":\"https:\/\/www.welovecycling.com\/wide\/2015\/01\/14\/greenland-calling\/#primaryimage\"},\"thumbnailUrl\":\"https:\/\/d2p6e6u75xmxt8.cloudfront.net\/2\/2015\/01\/opener2.webp\",\"datePublished\":\"2015-01-14T14:50:14+00:00\",\"author\":{\"@id\":\"\"},\"description\":\"Feeling too cold? Warm up with pictures of \u2018summer\u2019 biking at\u2026 Greenland\u2019s glacier. Rider Petr Kraus shows some tricks on the ice.\",\"breadcrumb\":{\"@id\":\"https:\/\/www.welovecycling.com\/wide\/2015\/01\/14\/greenland-calling\/#breadcrumb\"},\"inLanguage\":\"en-US\",\"potentialAction\":[{\"@type\":\"ReadAction\",\"target\":[\"https:\/\/www.welovecycling.com\/wide\/2015\/01\/14\/greenland-calling\/\"]}]},{\"@type\":\"ImageObject\",\"inLanguage\":\"en-US\",\"@id\":\"https:\/\/www.welovecycling.com\/wide\/2015\/01\/14\/greenland-calling\/#primaryimage\",\"url\":\"https:\/\/d2p6e6u75xmxt8.cloudfront.net\/2\/2015\/01\/opener2.webp\",\"contentUrl\":\"https:\/\/d2p6e6u75xmxt8.cloudfront.net\/2\/2015\/01\/opener2.webp\",\"width\":525,\"height\":350},{\"@type\":\"BreadcrumbList\",\"@id\":\"https:\/\/www.welovecycling.com\/wide\/2015\/01\/14\/greenland-calling\/#breadcrumb\",\"itemListElement\":[{\"@type\":\"ListItem\",\"position\":1,\"name\":\"Home\",\"item\":\"https:\/\/www.welovecycling.com\/wide\/\"},{\"@type\":\"ListItem\",\"position\":2,\"name\":\"Greenland calling\"}]},{\"@type\":\"WebSite\",\"@id\":\"https:\/\/www.welovecycling.com\/wide\/#website\",\"url\":\"https:\/\/www.welovecycling.com\/wide\/\",\"name\":\"\u0160koda We Love Cycling\",\"description\":\"\u0160koda We Love Cycling magazine\",\"alternateName\":\"\u0160koda WLC\",\"potentialAction\":[{\"@type\":\"SearchAction\",\"target\":{\"@type\":\"EntryPoint\",\"urlTemplate\":\"https:\/\/www.welovecycling.com\/wide\/?s={search_term_string}\"},\"query-input\":{\"@type\":\"PropertyValueSpecification\",\"valueRequired\":true,\"valueName\":\"search_term_string\"}}],\"inLanguage\":\"en-US\"},{\"@type\":\"Person\",\"@id\":\"\",\"url\":\"https:\/\/www.welovecycling.com\/wide\/author\/\"}]}<\/script>\n<!-- \/ Yoast SEO Premium plugin. -->","yoast_head_json":{"title":"Greenland calling - \u0160koda We Love Cycling","description":"Feeling too cold? Warm up with pictures of \u2018summer\u2019 biking at\u2026 Greenland\u2019s glacier. Rider Petr Kraus shows some tricks on the ice.","robots":{"index":"index","follow":"follow","max-snippet":"max-snippet:-1","max-image-preview":"max-image-preview:large","max-video-preview":"max-video-preview:-1"},"canonical":"https:\/\/www.welovecycling.com\/wide\/2015\/01\/14\/greenland-calling\/","og_locale":"en_US","og_type":"article","og_title":"Greenland calling","og_description":"Feeling too cold? Warm up with pictures of \u2018summer\u2019 biking at\u2026 Greenland\u2019s glacier. Rider Petr Kraus shows some tricks on the ice.","og_url":"https:\/\/www.welovecycling.com\/wide\/2015\/01\/14\/greenland-calling\/","og_site_name":"\u0160koda We Love Cycling","article_published_time":"2015-01-14T14:50:14+00:00","og_image":[{"width":525,"height":350,"url":"https:\/\/d2p6e6u75xmxt8.cloudfront.net\/2\/2015\/01\/opener2.webp","type":"image\/webp"}],"twitter_card":"summary_large_image","twitter_misc":{"Written by":"Adam Marsal","Est. reading time":"2 minutes"},"schema":{"@context":"https:\/\/schema.org","@graph":[{"@type":"WebPage","@id":"https:\/\/www.welovecycling.com\/wide\/2015\/01\/14\/greenland-calling\/","url":"https:\/\/www.welovecycling.com\/wide\/2015\/01\/14\/greenland-calling\/","name":"Greenland calling - \u0160koda We Love Cycling","isPartOf":{"@id":"https:\/\/www.welovecycling.com\/wide\/#website"},"primaryImageOfPage":{"@id":"https:\/\/www.welovecycling.com\/wide\/2015\/01\/14\/greenland-calling\/#primaryimage"},"image":{"@id":"https:\/\/www.welovecycling.com\/wide\/2015\/01\/14\/greenland-calling\/#primaryimage"},"thumbnailUrl":"https:\/\/d2p6e6u75xmxt8.cloudfront.net\/2\/2015\/01\/opener2.webp","datePublished":"2015-01-14T14:50:14+00:00","author":{"@id":""},"description":"Feeling too cold? Warm up with pictures of \u2018summer\u2019 biking at\u2026 Greenland\u2019s glacier. Rider Petr Kraus shows some tricks on the ice.","breadcrumb":{"@id":"https:\/\/www.welovecycling.com\/wide\/2015\/01\/14\/greenland-calling\/#breadcrumb"},"inLanguage":"en-US","potentialAction":[{"@type":"ReadAction","target":["https:\/\/www.welovecycling.com\/wide\/2015\/01\/14\/greenland-calling\/"]}]},{"@type":"ImageObject","inLanguage":"en-US","@id":"https:\/\/www.welovecycling.com\/wide\/2015\/01\/14\/greenland-calling\/#primaryimage","url":"https:\/\/d2p6e6u75xmxt8.cloudfront.net\/2\/2015\/01\/opener2.webp","contentUrl":"https:\/\/d2p6e6u75xmxt8.cloudfront.net\/2\/2015\/01\/opener2.webp","width":525,"height":350},{"@type":"BreadcrumbList","@id":"https:\/\/www.welovecycling.com\/wide\/2015\/01\/14\/greenland-calling\/#breadcrumb","itemListElement":[{"@type":"ListItem","position":1,"name":"Home","item":"https:\/\/www.welovecycling.com\/wide\/"},{"@type":"ListItem","position":2,"name":"Greenland calling"}]},{"@type":"WebSite","@id":"https:\/\/www.welovecycling.com\/wide\/#website","url":"https:\/\/www.welovecycling.com\/wide\/","name":"\u0160koda We Love Cycling","description":"\u0160koda We Love Cycling magazine","alternateName":"\u0160koda WLC","potentialAction":[{"@type":"SearchAction","target":{"@type":"EntryPoint","urlTemplate":"https:\/\/www.welovecycling.com\/wide\/?s={search_term_string}"},"query-input":{"@type":"PropertyValueSpecification","valueRequired":true,"valueName":"search_term_string"}}],"inLanguage":"en-US"},{"@type":"Person","@id":"","url":"https:\/\/www.welovecycling.com\/wide\/author\/"}]}},"_links":{"self":[{"href":"https:\/\/www.welovecycling.com\/wide\/wp-json\/wp\/v2\/posts\/25878","targetHints":{"allow":["GET"]}}],"collection":[{"href":"https:\/\/www.welovecycling.com\/wide\/wp-json\/wp\/v2\/posts"}],"about":[{"href":"https:\/\/www.welovecycling.com\/wide\/wp-json\/wp\/v2\/types\/post"}],"author":[{"embeddable":true,"href":"https:\/\/www.welovecycling.com\/wide\/wp-json\/wp\/v2\/users\/5"}],"replies":[{"embeddable":true,"href":"https:\/\/www.welovecycling.com\/wide\/wp-json\/wp\/v2\/comments?post=25878"}],"version-history":[{"count":2,"href":"https:\/\/www.welovecycling.com\/wide\/wp-json\/wp\/v2\/posts\/25878\/revisions"}],"predecessor-version":[{"id":25889,"href":"https:\/\/www.welovecycling.com\/wide\/wp-json\/wp\/v2\/posts\/25878\/revisions\/25889"}],"wp:featuredmedia":[{"embeddable":true,"href":"https:\/\/www.welovecycling.com\/wide\/wp-json\/wp\/v2\/media\/25880"}],"wp:attachment":[{"href":"https:\/\/www.welovecycling.com\/wide\/wp-json\/wp\/v2\/media?parent=25878"}],"wp:term":[{"taxonomy":"category","embeddable":true,"href":"https:\/\/www.welovecycling.com\/wide\/wp-json\/wp\/v2\/categories?post=25878"},{"taxonomy":"post_tag","embeddable":true,"href":"https:\/\/www.welovecycling.com\/wide\/wp-json\/wp\/v2\/tags?post=25878"},{"taxonomy":"global-categories","embeddable":true,"href":"https:\/\/www.welovecycling.com\/wide\/wp-json\/wp\/v2\/global-categories?post=25878"}],"curies":[{"name":"wp","href":"https:\/\/api.w.org\/{rel}","templated":true}]}}