{"id":25703,"date":"2014-05-03T13:06:29","date_gmt":"2014-05-03T13:06:29","guid":{"rendered":"https:\/\/www.welovecycling.com\/?p=25703"},"modified":"2016-05-03T08:26:37","modified_gmt":"2016-05-03T08:26:37","slug":"trip-tip-bikemuseum-central-germany","status":"publish","type":"post","link":"https:\/\/www.welovecycling.com\/wide\/2014\/05\/03\/trip-tip-bikemuseum-central-germany\/","title":{"rendered":"Trip tip: Bikemuseum in central Germany"},"content":{"rendered":"<p><strong>Too cold outside to ride a bike? Don\u2019t know what to do at the weekends? How about a\u00a0 trip to the biggest bicycle museum in Germany? \u201eDeutsches Fahrrad Museum\u201d in Bad Br\u00fcckenau, Bavaria has everything you need.<\/strong> <!--more--><\/p>\n<p>It\u2019s a private collection of the bicycle enthusiast Ivan Sojc, who bought an Art Nouveau villa, built in 1908, to give the collection a sutiable environment. You can find more than 200 bikes in the cllection and lot more accessories. In the two level exhibition you can learn everything about cycling history from 1820 until today. After the visit you can have a cup of coffee in the caf\u00e9 on the ground floor. It really is a bike enthusiasts paradise!<\/p>\n<div id='gallery-1' class='gallery galleryid-25703 gallery-columns-3 gallery-size-medium'><figure class='gallery-item'>\n\t\t\t<div class='gallery-icon landscape'>\n\t\t\t\t<a href='https:\/\/d2p6e6u75xmxt8.cloudfront.net\/2\/2014\/12\/7.webp'><img loading=\"lazy\" decoding=\"async\" width=\"300\" height=\"200\" src=\"https:\/\/d2p6e6u75xmxt8.cloudfront.net\/2\/2014\/12\/7-300x200.webp\" class=\"attachment-medium size-medium\" alt=\"\" aria-describedby=\"gallery-1-25706\" srcset=\"https:\/\/d2p6e6u75xmxt8.cloudfront.net\/2\/2014\/12\/7-300x200.webp 300w, https:\/\/d2p6e6u75xmxt8.cloudfront.net\/2\/2014\/12\/7-768x512.webp 768w, https:\/\/d2p6e6u75xmxt8.cloudfront.net\/2\/2014\/12\/7-272x182.webp 272w, https:\/\/d2p6e6u75xmxt8.cloudfront.net\/2\/2014\/12\/7.webp 900w\" sizes=\"auto, (max-width: 300px) 100vw, 300px\" \/><\/a>\n\t\t\t<\/div>\n\t\t\t\t<figcaption class='wp-caption-text gallery-caption' id='gallery-1-25706'>\n\t\t\t\tThe dandy horse was a human-powered vehicle that was the first means of transport to make use of the two-wheeler principle. It is regarded as the forerunner of the bicycle. This on was made in 1820.\n\t\t\t\t<\/figcaption><\/figure><figure class='gallery-item'>\n\t\t\t<div class='gallery-icon landscape'>\n\t\t\t\t<a href='https:\/\/d2p6e6u75xmxt8.cloudfront.net\/2\/2014\/12\/20.webp'><img loading=\"lazy\" decoding=\"async\" width=\"300\" height=\"200\" src=\"https:\/\/d2p6e6u75xmxt8.cloudfront.net\/2\/2014\/12\/20-300x200.webp\" class=\"attachment-medium size-medium\" alt=\"\" aria-describedby=\"gallery-1-25704\" srcset=\"https:\/\/d2p6e6u75xmxt8.cloudfront.net\/2\/2014\/12\/20-300x200.webp 300w, https:\/\/d2p6e6u75xmxt8.cloudfront.net\/2\/2014\/12\/20-768x512.webp 768w, https:\/\/d2p6e6u75xmxt8.cloudfront.net\/2\/2014\/12\/20-272x182.webp 272w, https:\/\/d2p6e6u75xmxt8.cloudfront.net\/2\/2014\/12\/20.webp 900w\" sizes=\"auto, (max-width: 300px) 100vw, 300px\" \/><\/a>\n\t\t\t<\/div>\n\t\t\t\t<figcaption class='wp-caption-text gallery-caption' id='gallery-1-25704'>\n\t\t\t\t If you haven\u2019t enough of cycling, you could play a game. It wasn\u2019t PS3 or Xbox compatible but it made lot of fun anyway.\n\t\t\t\t<\/figcaption><\/figure><figure class='gallery-item'>\n\t\t\t<div class='gallery-icon landscape'>\n\t\t\t\t<a href='https:\/\/d2p6e6u75xmxt8.cloudfront.net\/2\/2014\/12\/4.webp'><img loading=\"lazy\" decoding=\"async\" width=\"300\" height=\"200\" src=\"https:\/\/d2p6e6u75xmxt8.cloudfront.net\/2\/2014\/12\/4-300x200.webp\" class=\"attachment-medium size-medium\" alt=\"\" aria-describedby=\"gallery-1-25705\" srcset=\"https:\/\/d2p6e6u75xmxt8.cloudfront.net\/2\/2014\/12\/4-300x200.webp 300w, https:\/\/d2p6e6u75xmxt8.cloudfront.net\/2\/2014\/12\/4-768x512.webp 768w, https:\/\/d2p6e6u75xmxt8.cloudfront.net\/2\/2014\/12\/4-272x182.webp 272w, https:\/\/d2p6e6u75xmxt8.cloudfront.net\/2\/2014\/12\/4.webp 900w\" sizes=\"auto, (max-width: 300px) 100vw, 300px\" \/><\/a>\n\t\t\t<\/div>\n\t\t\t\t<figcaption class='wp-caption-text gallery-caption' id='gallery-1-25705'>\n\t\t\t\tIt used to be popular to hold races on bikes towed by specially designed motorcycles in Germany. On this bike was achieved a world record of 154,506 km\/h in 1950.\n\t\t\t\t<\/figcaption><\/figure><figure class='gallery-item'>\n\t\t\t<div class='gallery-icon landscape'>\n\t\t\t\t<a href='https:\/\/d2p6e6u75xmxt8.cloudfront.net\/2\/2014\/12\/13.webp'><img loading=\"lazy\" decoding=\"async\" width=\"300\" height=\"200\" src=\"https:\/\/d2p6e6u75xmxt8.cloudfront.net\/2\/2014\/12\/13-300x200.webp\" class=\"attachment-medium size-medium\" alt=\"\" aria-describedby=\"gallery-1-25707\" srcset=\"https:\/\/d2p6e6u75xmxt8.cloudfront.net\/2\/2014\/12\/13-300x200.webp 300w, https:\/\/d2p6e6u75xmxt8.cloudfront.net\/2\/2014\/12\/13-768x512.webp 768w, https:\/\/d2p6e6u75xmxt8.cloudfront.net\/2\/2014\/12\/13-272x182.webp 272w, https:\/\/d2p6e6u75xmxt8.cloudfront.net\/2\/2014\/12\/13.webp 900w\" sizes=\"auto, (max-width: 300px) 100vw, 300px\" \/><\/a>\n\t\t\t<\/div>\n\t\t\t\t<figcaption class='wp-caption-text gallery-caption' id='gallery-1-25707'>\n\t\t\t\tModern bicycles use lightweight chains but 100 years ago it was a job for a real blacksmith to manufacture them.\n\t\t\t\t<\/figcaption><\/figure><figure class='gallery-item'>\n\t\t\t<div class='gallery-icon landscape'>\n\t\t\t\t<a href='https:\/\/d2p6e6u75xmxt8.cloudfront.net\/2\/2014\/12\/14.webp'><img loading=\"lazy\" decoding=\"async\" width=\"300\" height=\"200\" src=\"https:\/\/d2p6e6u75xmxt8.cloudfront.net\/2\/2014\/12\/14-300x200.webp\" class=\"attachment-medium size-medium\" alt=\"\" aria-describedby=\"gallery-1-25708\" srcset=\"https:\/\/d2p6e6u75xmxt8.cloudfront.net\/2\/2014\/12\/14-300x200.webp 300w, https:\/\/d2p6e6u75xmxt8.cloudfront.net\/2\/2014\/12\/14-768x512.webp 768w, https:\/\/d2p6e6u75xmxt8.cloudfront.net\/2\/2014\/12\/14-272x182.webp 272w, https:\/\/d2p6e6u75xmxt8.cloudfront.net\/2\/2014\/12\/14.webp 900w\" sizes=\"auto, (max-width: 300px) 100vw, 300px\" \/><\/a>\n\t\t\t<\/div>\n\t\t\t\t<figcaption class='wp-caption-text gallery-caption' id='gallery-1-25708'>\n\t\t\t\tPicture is little dull, but you can see one of the first attempts to build a full suspension bike. Look at the strange pivot on the seat tube!\n\t\t\t\t<\/figcaption><\/figure><figure class='gallery-item'>\n\t\t\t<div class='gallery-icon landscape'>\n\t\t\t\t<a href='https:\/\/d2p6e6u75xmxt8.cloudfront.net\/2\/2014\/12\/18.webp'><img loading=\"lazy\" decoding=\"async\" width=\"300\" height=\"200\" src=\"https:\/\/d2p6e6u75xmxt8.cloudfront.net\/2\/2014\/12\/18-300x200.webp\" class=\"attachment-medium size-medium\" alt=\"\" aria-describedby=\"gallery-1-25709\" srcset=\"https:\/\/d2p6e6u75xmxt8.cloudfront.net\/2\/2014\/12\/18-300x200.webp 300w, https:\/\/d2p6e6u75xmxt8.cloudfront.net\/2\/2014\/12\/18-768x512.webp 768w, https:\/\/d2p6e6u75xmxt8.cloudfront.net\/2\/2014\/12\/18-272x182.webp 272w, https:\/\/d2p6e6u75xmxt8.cloudfront.net\/2\/2014\/12\/18.webp 900w\" sizes=\"auto, (max-width: 300px) 100vw, 300px\" \/><\/a>\n\t\t\t<\/div>\n\t\t\t\t<figcaption class='wp-caption-text gallery-caption' id='gallery-1-25709'>\n\t\t\t\tIn 1888 John Boyd Dunlop invented rubber tires filled with compressed air, which was a brand new feature on the bike in front. It finally made the ride much more comfortable.\n\t\t\t\t<\/figcaption><\/figure>\n\t\t<\/div>\n\n<p>For the trip we rode in a new Skoda Rapid Spaceback. It\u2019s a roomy and usable hatchback for a great price. The car was perfect for such a trip for two people. Driving on the German Autobahns, it was not a problem to achieve a speeds of 212 km\/h\u00a0 with a ten liter per 100km fuel consumption. Of course, driving &#8216;normally&#8217;, the hunger for fuel descended to a more pleasant 7,5 l\/100 km average ratio.<\/p>\n<div id='gallery-2' class='gallery galleryid-25703 gallery-columns-3 gallery-size-medium'><figure class='gallery-item'>\n\t\t\t<div class='gallery-icon landscape'>\n\t\t\t\t<a href='https:\/\/d2p6e6u75xmxt8.cloudfront.net\/2\/2014\/12\/1.webp'><img loading=\"lazy\" decoding=\"async\" width=\"300\" height=\"200\" src=\"https:\/\/d2p6e6u75xmxt8.cloudfront.net\/2\/2014\/12\/1-300x200.webp\" class=\"attachment-medium size-medium\" alt=\"\" aria-describedby=\"gallery-2-25710\" srcset=\"https:\/\/d2p6e6u75xmxt8.cloudfront.net\/2\/2014\/12\/1-300x200.webp 300w, https:\/\/d2p6e6u75xmxt8.cloudfront.net\/2\/2014\/12\/1-768x512.webp 768w, https:\/\/d2p6e6u75xmxt8.cloudfront.net\/2\/2014\/12\/1-272x182.webp 272w, https:\/\/d2p6e6u75xmxt8.cloudfront.net\/2\/2014\/12\/1.webp 900w\" sizes=\"auto, (max-width: 300px) 100vw, 300px\" \/><\/a>\n\t\t\t<\/div>\n\t\t\t\t<figcaption class='wp-caption-text gallery-caption' id='gallery-2-25710'>\n\t\t\t\tUpon our arrival, we were so happy that we had to take a picture with the sign.\n\t\t\t\t<\/figcaption><\/figure><figure class='gallery-item'>\n\t\t\t<div class='gallery-icon landscape'>\n\t\t\t\t<a href='https:\/\/d2p6e6u75xmxt8.cloudfront.net\/2\/2014\/12\/3.webp'><img loading=\"lazy\" decoding=\"async\" width=\"300\" height=\"200\" src=\"https:\/\/d2p6e6u75xmxt8.cloudfront.net\/2\/2014\/12\/3-300x200.webp\" class=\"attachment-medium size-medium\" alt=\"\" aria-describedby=\"gallery-2-25711\" srcset=\"https:\/\/d2p6e6u75xmxt8.cloudfront.net\/2\/2014\/12\/3-300x200.webp 300w, https:\/\/d2p6e6u75xmxt8.cloudfront.net\/2\/2014\/12\/3-768x512.webp 768w, https:\/\/d2p6e6u75xmxt8.cloudfront.net\/2\/2014\/12\/3-272x182.webp 272w, https:\/\/d2p6e6u75xmxt8.cloudfront.net\/2\/2014\/12\/3.webp 900w\" sizes=\"auto, (max-width: 300px) 100vw, 300px\" \/><\/a>\n\t\t\t<\/div>\n\t\t\t\t<figcaption class='wp-caption-text gallery-caption' id='gallery-2-25711'>\n\t\t\t\tIn front of the museum there\u2019s a big amount of different kinds of bizarre bikes. All visiting kids are free to use them.\n\t\t\t\t<\/figcaption><\/figure><figure class='gallery-item'>\n\t\t\t<div class='gallery-icon landscape'>\n\t\t\t\t<a href='https:\/\/d2p6e6u75xmxt8.cloudfront.net\/2\/2014\/12\/32.webp'><img loading=\"lazy\" decoding=\"async\" width=\"300\" height=\"200\" src=\"https:\/\/d2p6e6u75xmxt8.cloudfront.net\/2\/2014\/12\/32-300x200.webp\" class=\"attachment-medium size-medium\" alt=\"\" aria-describedby=\"gallery-2-25712\" srcset=\"https:\/\/d2p6e6u75xmxt8.cloudfront.net\/2\/2014\/12\/32-300x200.webp 300w, https:\/\/d2p6e6u75xmxt8.cloudfront.net\/2\/2014\/12\/32-768x512.webp 768w, https:\/\/d2p6e6u75xmxt8.cloudfront.net\/2\/2014\/12\/32-272x182.webp 272w, https:\/\/d2p6e6u75xmxt8.cloudfront.net\/2\/2014\/12\/32.webp 900w\" sizes=\"auto, (max-width: 300px) 100vw, 300px\" \/><\/a>\n\t\t\t<\/div>\n\t\t\t\t<figcaption class='wp-caption-text gallery-caption' id='gallery-2-25712'>\n\t\t\t\tArt Nouveau vilal from 1908 where the Museum is located.\n\t\t\t\t<\/figcaption><\/figure>\n\t\t<\/div>\n\n<p>There were two interesting surprises waiting for us as we drove. Firstly is that the car is absolutely quiet and calm, even at the high speeds. The other thing is the perfect and precise steering. We were a little bit sceptical that the Spaceback would not be a suitable partner for longer trips, but yes &#8211; it worked out exceptuonally well! It was that good that one of us refused to take turns and drove all the way to the museum.<\/p>\n<div id='gallery-3' class='gallery galleryid-25703 gallery-columns-3 gallery-size-medium'><figure class='gallery-item'>\n\t\t\t<div class='gallery-icon landscape'>\n\t\t\t\t<a href='https:\/\/d2p6e6u75xmxt8.cloudfront.net\/2\/2014\/12\/26.webp'><img loading=\"lazy\" decoding=\"async\" width=\"300\" height=\"200\" src=\"https:\/\/d2p6e6u75xmxt8.cloudfront.net\/2\/2014\/12\/26-300x200.webp\" class=\"attachment-medium size-medium\" alt=\"\" aria-describedby=\"gallery-3-25713\" srcset=\"https:\/\/d2p6e6u75xmxt8.cloudfront.net\/2\/2014\/12\/26-300x200.webp 300w, https:\/\/d2p6e6u75xmxt8.cloudfront.net\/2\/2014\/12\/26-768x512.webp 768w, https:\/\/d2p6e6u75xmxt8.cloudfront.net\/2\/2014\/12\/26-272x182.webp 272w, https:\/\/d2p6e6u75xmxt8.cloudfront.net\/2\/2014\/12\/26.webp 900w\" sizes=\"auto, (max-width: 300px) 100vw, 300px\" \/><\/a>\n\t\t\t<\/div>\n\t\t\t\t<figcaption class='wp-caption-text gallery-caption' id='gallery-3-25713'>\n\t\t\t\tToday we use small lights attachable on the handlebars. It\u2019s wasn&#8217;t always so.\n\t\t\t\t<\/figcaption><\/figure><figure class='gallery-item'>\n\t\t\t<div class='gallery-icon landscape'>\n\t\t\t\t<a href='https:\/\/d2p6e6u75xmxt8.cloudfront.net\/2\/2014\/12\/27.webp'><img loading=\"lazy\" decoding=\"async\" width=\"300\" height=\"200\" src=\"https:\/\/d2p6e6u75xmxt8.cloudfront.net\/2\/2014\/12\/27-300x200.webp\" class=\"attachment-medium size-medium\" alt=\"\" aria-describedby=\"gallery-3-25714\" srcset=\"https:\/\/d2p6e6u75xmxt8.cloudfront.net\/2\/2014\/12\/27-300x200.webp 300w, https:\/\/d2p6e6u75xmxt8.cloudfront.net\/2\/2014\/12\/27-768x512.webp 768w, https:\/\/d2p6e6u75xmxt8.cloudfront.net\/2\/2014\/12\/27-272x182.webp 272w, https:\/\/d2p6e6u75xmxt8.cloudfront.net\/2\/2014\/12\/27.webp 900w\" sizes=\"auto, (max-width: 300px) 100vw, 300px\" \/><\/a>\n\t\t\t<\/div>\n\t\t\t\t<figcaption class='wp-caption-text gallery-caption' id='gallery-3-25714'>\n\t\t\t\tA corner devoted to military bicycles since the age of the Great war until the late fifties. The first bikes were deployed by the french army in 1888.\n\t\t\t\t<\/figcaption><\/figure><figure class='gallery-item'>\n\t\t\t<div class='gallery-icon landscape'>\n\t\t\t\t<a href='https:\/\/d2p6e6u75xmxt8.cloudfront.net\/2\/2014\/12\/12.webp'><img loading=\"lazy\" decoding=\"async\" width=\"300\" height=\"200\" src=\"https:\/\/d2p6e6u75xmxt8.cloudfront.net\/2\/2014\/12\/12-300x200.webp\" class=\"attachment-medium size-medium\" alt=\"\" aria-describedby=\"gallery-3-25715\" srcset=\"https:\/\/d2p6e6u75xmxt8.cloudfront.net\/2\/2014\/12\/12-300x200.webp 300w, https:\/\/d2p6e6u75xmxt8.cloudfront.net\/2\/2014\/12\/12-768x512.webp 768w, https:\/\/d2p6e6u75xmxt8.cloudfront.net\/2\/2014\/12\/12-272x182.webp 272w, https:\/\/d2p6e6u75xmxt8.cloudfront.net\/2\/2014\/12\/12.webp 900w\" sizes=\"auto, (max-width: 300px) 100vw, 300px\" \/><\/a>\n\t\t\t<\/div>\n\t\t\t\t<figcaption class='wp-caption-text gallery-caption' id='gallery-3-25715'>\n\t\t\t\tIt seems that around 1900 it was popular to wear pink pajamas and a big mustache while riding a high wheel bicycle in Germany.\n\t\t\t\t<\/figcaption><\/figure>\n\t\t<\/div>\n\n<p>How to get there? Bad Br\u00fcckenau is a spa in the middle of Germany. The Museum is open everyday except mondays. Entry is 4,50 euro for an adult. More on: <a href=\"http:\/\/www.deutsches-fahrradmuseum.de\">www.deutsches-fahrradmuseum.de<\/a><\/p>\n","protected":false},"excerpt":{"rendered":"<p>Too cold outside to ride a bike? Don\u2019t know what to do at the weekends? How about a\u00a0 trip to [&hellip;]<\/p>\n","protected":false},"author":5,"featured_media":25716,"comment_status":"open","ping_status":"open","sticky":false,"template":"","format":"standard","meta":{"footnotes":""},"categories":[329,335,334],"tags":[],"global-categories":[],"class_list":["post-25703","post","type-post","status-publish","format-standard","has-post-thumbnail","hentry","category-road-cycling","category-safety","category-socialising-and-culture"],"yoast_head":"<!-- This site is optimized with the Yoast SEO Premium plugin v25.3 (Yoast SEO v25.9) - https:\/\/yoast.com\/wordpress\/plugins\/seo\/ -->\n<title>Trip tip: Bikemuseum in central Germany - \u0160koda We Love Cycling<\/title>\n<meta name=\"description\" content=\"Too cold outside to ride a bike? Don\u2019t know what to do at the weekends? How about a trip to the biggest bicycle museum in Germany?\" \/>\n<meta name=\"robots\" content=\"index, follow, max-snippet:-1, max-image-preview:large, max-video-preview:-1\" \/>\n<link rel=\"canonical\" href=\"https:\/\/www.welovecycling.com\/wide\/2014\/05\/03\/trip-tip-bikemuseum-central-germany\/\" \/>\n<meta property=\"og:locale\" content=\"en_US\" \/>\n<meta property=\"og:type\" content=\"article\" \/>\n<meta property=\"og:title\" content=\"Trip tip: Bikemuseum in central Germany\" \/>\n<meta property=\"og:description\" content=\"Too cold outside to ride a bike? Don\u2019t know what to do at the weekends? How about a trip to the biggest bicycle museum in Germany?\" \/>\n<meta property=\"og:url\" content=\"https:\/\/www.welovecycling.com\/wide\/2014\/05\/03\/trip-tip-bikemuseum-central-germany\/\" \/>\n<meta property=\"og:site_name\" content=\"\u0160koda We Love Cycling\" \/>\n<meta property=\"article:published_time\" content=\"2014-05-03T13:06:29+00:00\" \/>\n<meta property=\"article:modified_time\" content=\"2016-05-03T08:26:37+00:00\" \/>\n<meta property=\"og:image\" content=\"https:\/\/d2p6e6u75xmxt8.cloudfront.net\/2\/2014\/12\/opener2.webp\" \/>\n\t<meta property=\"og:image:width\" content=\"525\" \/>\n\t<meta property=\"og:image:height\" content=\"350\" \/>\n\t<meta property=\"og:image:type\" content=\"image\/webp\" \/>\n<meta name=\"twitter:card\" content=\"summary_large_image\" \/>\n<meta name=\"twitter:label1\" content=\"Written by\" \/>\n\t<meta name=\"twitter:data1\" content=\"Adam Mar\u0161\u00e1l\" \/>\n\t<meta name=\"twitter:label2\" content=\"Est. reading time\" \/>\n\t<meta name=\"twitter:data2\" content=\"2 minutes\" \/>\n<script type=\"application\/ld+json\" class=\"yoast-schema-graph\">{\"@context\":\"https:\/\/schema.org\",\"@graph\":[{\"@type\":\"WebPage\",\"@id\":\"https:\/\/www.welovecycling.com\/wide\/2014\/05\/03\/trip-tip-bikemuseum-central-germany\/\",\"url\":\"https:\/\/www.welovecycling.com\/wide\/2014\/05\/03\/trip-tip-bikemuseum-central-germany\/\",\"name\":\"Trip tip: Bikemuseum in central Germany - \u0160koda We Love Cycling\",\"isPartOf\":{\"@id\":\"https:\/\/www.welovecycling.com\/wide\/#website\"},\"primaryImageOfPage\":{\"@id\":\"https:\/\/www.welovecycling.com\/wide\/2014\/05\/03\/trip-tip-bikemuseum-central-germany\/#primaryimage\"},\"image\":{\"@id\":\"https:\/\/www.welovecycling.com\/wide\/2014\/05\/03\/trip-tip-bikemuseum-central-germany\/#primaryimage\"},\"thumbnailUrl\":\"https:\/\/d2p6e6u75xmxt8.cloudfront.net\/2\/2014\/12\/opener2.webp\",\"datePublished\":\"2014-05-03T13:06:29+00:00\",\"dateModified\":\"2016-05-03T08:26:37+00:00\",\"author\":{\"@id\":\"\"},\"description\":\"Too cold outside to ride a bike? Don\u2019t know what to do at the weekends? How about a trip to the biggest bicycle museum in Germany?\",\"breadcrumb\":{\"@id\":\"https:\/\/www.welovecycling.com\/wide\/2014\/05\/03\/trip-tip-bikemuseum-central-germany\/#breadcrumb\"},\"inLanguage\":\"en-US\",\"potentialAction\":[{\"@type\":\"ReadAction\",\"target\":[\"https:\/\/www.welovecycling.com\/wide\/2014\/05\/03\/trip-tip-bikemuseum-central-germany\/\"]}]},{\"@type\":\"ImageObject\",\"inLanguage\":\"en-US\",\"@id\":\"https:\/\/www.welovecycling.com\/wide\/2014\/05\/03\/trip-tip-bikemuseum-central-germany\/#primaryimage\",\"url\":\"https:\/\/d2p6e6u75xmxt8.cloudfront.net\/2\/2014\/12\/opener2.webp\",\"contentUrl\":\"https:\/\/d2p6e6u75xmxt8.cloudfront.net\/2\/2014\/12\/opener2.webp\",\"width\":525,\"height\":350},{\"@type\":\"BreadcrumbList\",\"@id\":\"https:\/\/www.welovecycling.com\/wide\/2014\/05\/03\/trip-tip-bikemuseum-central-germany\/#breadcrumb\",\"itemListElement\":[{\"@type\":\"ListItem\",\"position\":1,\"name\":\"Home\",\"item\":\"https:\/\/www.welovecycling.com\/wide\/\"},{\"@type\":\"ListItem\",\"position\":2,\"name\":\"Trip tip: Bikemuseum in central Germany\"}]},{\"@type\":\"WebSite\",\"@id\":\"https:\/\/www.welovecycling.com\/wide\/#website\",\"url\":\"https:\/\/www.welovecycling.com\/wide\/\",\"name\":\"\u0160koda We Love Cycling\",\"description\":\"\u0160koda We Love Cycling magazine\",\"alternateName\":\"\u0160koda WLC\",\"potentialAction\":[{\"@type\":\"SearchAction\",\"target\":{\"@type\":\"EntryPoint\",\"urlTemplate\":\"https:\/\/www.welovecycling.com\/wide\/?s={search_term_string}\"},\"query-input\":{\"@type\":\"PropertyValueSpecification\",\"valueRequired\":true,\"valueName\":\"search_term_string\"}}],\"inLanguage\":\"en-US\"},{\"@type\":\"Person\",\"@id\":\"\",\"url\":\"https:\/\/www.welovecycling.com\/wide\/author\/\"}]}<\/script>\n<!-- \/ Yoast SEO Premium plugin. -->","yoast_head_json":{"title":"Trip tip: Bikemuseum in central Germany - \u0160koda We Love Cycling","description":"Too cold outside to ride a bike? Don\u2019t know what to do at the weekends? How about a trip to the biggest bicycle museum in Germany?","robots":{"index":"index","follow":"follow","max-snippet":"max-snippet:-1","max-image-preview":"max-image-preview:large","max-video-preview":"max-video-preview:-1"},"canonical":"https:\/\/www.welovecycling.com\/wide\/2014\/05\/03\/trip-tip-bikemuseum-central-germany\/","og_locale":"en_US","og_type":"article","og_title":"Trip tip: Bikemuseum in central Germany","og_description":"Too cold outside to ride a bike? Don\u2019t know what to do at the weekends? How about a trip to the biggest bicycle museum in Germany?","og_url":"https:\/\/www.welovecycling.com\/wide\/2014\/05\/03\/trip-tip-bikemuseum-central-germany\/","og_site_name":"\u0160koda We Love Cycling","article_published_time":"2014-05-03T13:06:29+00:00","article_modified_time":"2016-05-03T08:26:37+00:00","og_image":[{"width":525,"height":350,"url":"https:\/\/d2p6e6u75xmxt8.cloudfront.net\/2\/2014\/12\/opener2.webp","type":"image\/webp"}],"twitter_card":"summary_large_image","twitter_misc":{"Written by":"Adam Mar\u0161\u00e1l","Est. reading time":"2 minutes"},"schema":{"@context":"https:\/\/schema.org","@graph":[{"@type":"WebPage","@id":"https:\/\/www.welovecycling.com\/wide\/2014\/05\/03\/trip-tip-bikemuseum-central-germany\/","url":"https:\/\/www.welovecycling.com\/wide\/2014\/05\/03\/trip-tip-bikemuseum-central-germany\/","name":"Trip tip: Bikemuseum in central Germany - \u0160koda We Love Cycling","isPartOf":{"@id":"https:\/\/www.welovecycling.com\/wide\/#website"},"primaryImageOfPage":{"@id":"https:\/\/www.welovecycling.com\/wide\/2014\/05\/03\/trip-tip-bikemuseum-central-germany\/#primaryimage"},"image":{"@id":"https:\/\/www.welovecycling.com\/wide\/2014\/05\/03\/trip-tip-bikemuseum-central-germany\/#primaryimage"},"thumbnailUrl":"https:\/\/d2p6e6u75xmxt8.cloudfront.net\/2\/2014\/12\/opener2.webp","datePublished":"2014-05-03T13:06:29+00:00","dateModified":"2016-05-03T08:26:37+00:00","author":{"@id":""},"description":"Too cold outside to ride a bike? Don\u2019t know what to do at the weekends? How about a trip to the biggest bicycle museum in Germany?","breadcrumb":{"@id":"https:\/\/www.welovecycling.com\/wide\/2014\/05\/03\/trip-tip-bikemuseum-central-germany\/#breadcrumb"},"inLanguage":"en-US","potentialAction":[{"@type":"ReadAction","target":["https:\/\/www.welovecycling.com\/wide\/2014\/05\/03\/trip-tip-bikemuseum-central-germany\/"]}]},{"@type":"ImageObject","inLanguage":"en-US","@id":"https:\/\/www.welovecycling.com\/wide\/2014\/05\/03\/trip-tip-bikemuseum-central-germany\/#primaryimage","url":"https:\/\/d2p6e6u75xmxt8.cloudfront.net\/2\/2014\/12\/opener2.webp","contentUrl":"https:\/\/d2p6e6u75xmxt8.cloudfront.net\/2\/2014\/12\/opener2.webp","width":525,"height":350},{"@type":"BreadcrumbList","@id":"https:\/\/www.welovecycling.com\/wide\/2014\/05\/03\/trip-tip-bikemuseum-central-germany\/#breadcrumb","itemListElement":[{"@type":"ListItem","position":1,"name":"Home","item":"https:\/\/www.welovecycling.com\/wide\/"},{"@type":"ListItem","position":2,"name":"Trip tip: Bikemuseum in central Germany"}]},{"@type":"WebSite","@id":"https:\/\/www.welovecycling.com\/wide\/#website","url":"https:\/\/www.welovecycling.com\/wide\/","name":"\u0160koda We Love Cycling","description":"\u0160koda We Love Cycling magazine","alternateName":"\u0160koda WLC","potentialAction":[{"@type":"SearchAction","target":{"@type":"EntryPoint","urlTemplate":"https:\/\/www.welovecycling.com\/wide\/?s={search_term_string}"},"query-input":{"@type":"PropertyValueSpecification","valueRequired":true,"valueName":"search_term_string"}}],"inLanguage":"en-US"},{"@type":"Person","@id":"","url":"https:\/\/www.welovecycling.com\/wide\/author\/"}]}},"_links":{"self":[{"href":"https:\/\/www.welovecycling.com\/wide\/wp-json\/wp\/v2\/posts\/25703","targetHints":{"allow":["GET"]}}],"collection":[{"href":"https:\/\/www.welovecycling.com\/wide\/wp-json\/wp\/v2\/posts"}],"about":[{"href":"https:\/\/www.welovecycling.com\/wide\/wp-json\/wp\/v2\/types\/post"}],"author":[{"embeddable":true,"href":"https:\/\/www.welovecycling.com\/wide\/wp-json\/wp\/v2\/users\/5"}],"replies":[{"embeddable":true,"href":"https:\/\/www.welovecycling.com\/wide\/wp-json\/wp\/v2\/comments?post=25703"}],"version-history":[{"count":2,"href":"https:\/\/www.welovecycling.com\/wide\/wp-json\/wp\/v2\/posts\/25703\/revisions"}],"predecessor-version":[{"id":25721,"href":"https:\/\/www.welovecycling.com\/wide\/wp-json\/wp\/v2\/posts\/25703\/revisions\/25721"}],"wp:featuredmedia":[{"embeddable":true,"href":"https:\/\/www.welovecycling.com\/wide\/wp-json\/wp\/v2\/media\/25716"}],"wp:attachment":[{"href":"https:\/\/www.welovecycling.com\/wide\/wp-json\/wp\/v2\/media?parent=25703"}],"wp:term":[{"taxonomy":"category","embeddable":true,"href":"https:\/\/www.welovecycling.com\/wide\/wp-json\/wp\/v2\/categories?post=25703"},{"taxonomy":"post_tag","embeddable":true,"href":"https:\/\/www.welovecycling.com\/wide\/wp-json\/wp\/v2\/tags?post=25703"},{"taxonomy":"global-categories","embeddable":true,"href":"https:\/\/www.welovecycling.com\/wide\/wp-json\/wp\/v2\/global-categories?post=25703"}],"curies":[{"name":"wp","href":"https:\/\/api.w.org\/{rel}","templated":true}]}}