{"id":206174,"date":"2026-09-04T13:58:35","date_gmt":"2026-09-04T13:58:35","guid":{"rendered":"https:\/\/www.welovecycling.com\/wide\/?p=206174"},"modified":"2026-09-04T13:58:35","modified_gmt":"2026-09-04T13:58:35","slug":"mas-solidifies-lead-as-surprises-continue-and-pogi-2-gets-his-first-grand-tour-win","status":"publish","type":"post","link":"https:\/\/www.welovecycling.com\/wide\/2026\/09\/04\/mas-solidifies-lead-as-surprises-continue-and-pogi-2-gets-his-first-grand-tour-win\/","title":{"rendered":"Mas Solidifies Lead as Surprises Continue and &#8220;Pogi 2&#8221; Gets His First Grand Tour Win"},"content":{"rendered":"<p style=\"font-weight: 400;\"><strong>It has been a little strange watching the Vuelta a Espa\u00f1a without Tadej Poga\u010dar. For me, it&#8217;s somewhat akin to what you feel after breaking up with someone you love: life is no longer the way you had expected it to be when you were in love because you&#8217;re suddenly alone. Not having Poga\u010dar in the race didn&#8217;t just change the race; it changed the way we experience it, and it is no longer as we had expected to experience it until the end.<\/strong><\/p>\n<p><!--more--><\/p>\n<p style=\"font-weight: 400;\">The other reason is that the Vuelta is now like a book or a movie without its hero. Imagine <em>The Odyssey<\/em>(book or movie) without Odysseus, <em>Moby-Dick<\/em> (book) without the whale, the Rolling Stones without Mick Jagger (I know the Stones are neither book nor film, but it still applies). I think it will take a few stages for some spectators to again feel &#8220;at home&#8221; in the race.<\/p>\n<p style=\"font-weight: 400;\">Race leader Enric Mas (Movistar) has raced brilliantly and certainly would be a very popular winner \u2013 and not only in Spain for becoming the first Spaniard to win his home Grand Tour since the great Alberto Contador in 2014. Cycling fans have suffered along with his near misses and failed promise for nearly a decade. He has finished second in the Vuelta three times (2018, 2020, 2021) and third once (2024). I think many of us would love to see his persistence rewarded with the crowning achievement of his career.<\/p>\n<p style=\"font-weight: 400;\">In the meantime . . .<\/p>\n<h2 style=\"font-weight: 400;\"><strong>Another post-Poga\u010dar stunner<\/strong><\/h2>\n<p style=\"font-weight: 400;\">After Bryan Coquard&#8217;s surprise win on that fateful stage 8, Tuesday&#8217;s stage 10 provided another stunner as 24-year-old Bastien Tronchon (Groupama\u2013FDJ United) seemed to come out of nowhere to win the chaotic bunch sprint in front of the equally unlikely podium finishers Magnus Cort (Uno-X Mobility) and Thibau Nys (Lidl-Trek).<\/p>\n<p style=\"font-weight: 400;\">Maybe chaos is what happens when a god leaves the scene, because that finale was about as topsy-turvy as a sprint can be without a mass crash. But perhaps these surprises are also happening because many teams did not bring their best sprinters and because two of the top sprinters that are in the race, Kaden Groves (Alpecin\u2013Premier Tech) and Mads Pedersen (Lidl-Trek), are far from their best. Groves finally abandoned the race during stage 9 and Pedersen did the same before the start of Wednesday&#8217;s stage 11.<\/p>\n<p style=\"font-weight: 400;\">The day before dropping he told TNT Sports that he was contemplating leaving the race. &#8220;I don\u2019t really know what to say,&#8221; the Dane said after being dropped on stage 10&#8217;s one modest climb and finishing fifth from last, more than 12 minutes behind the winner. &#8220;The level is not there right now \u2013 [it&#8217;s] not the shape, the shape is good enough, but something is clearly not as it should be. Now is the time to really look at it, instead of in a few days maybe.&#8221;<\/p>\n<p style=\"font-weight: 400;\">They looked at it and decided he would leave the race. A team statement said that he had been battling illness and would now concentrate on the rest of his season, which includes the World Championships, in which Pedersen will be one of the favorites, with Poga\u010dar almost certainly not competing.<\/p>\n<p style=\"font-weight: 400;\">Another factor in the odd finish was Visma\u2013Lease a Bike&#8217;s decision to make Wout van Aert its primary rider in the stage, rather than two-stage winner Matthew Brennan. So, Brennan spent many kilometers in front of the peloton, working for van Aert by chasing down the last rider from the original seven-rider breakaway, Fredrik Dversnes (Uno-X Mobility). He was caught 3.7km from the finish line, which sparked the first of several late attacks.<\/p>\n<p style=\"font-weight: 400;\">The final attack, at 1km from the line, by\u00a0Yevgeniy Fedorov (XDS Astana) and Xabier Azparren (Pinarello Q36.5), nearly made it. But Azparren was caught just before the line as the trio of non-sprinters sprinted past him and onto the podium. Van Aert seemed to have been caught out by the chaos and finished fourth, as a bewildered Tronchon crossed the line wondering what had just happened.<\/p>\n<p style=\"font-weight: 400;\">&#8220;I launched my sprint and I finished it on the line, but I wasn&#8217;t sure if there was some guys in front or not, so I did not put my hands in the air [in triumph],&#8221; he explained. &#8220;It&#8217;s crazy. I can&#8217;t believe it. The last two days were really hard for me, [but] today I was good. I said to Guillaume [Martin], &#8216;Go full gas until you die,&#8217; and I take the win. So it&#8217;s crazy.&#8221;<\/p>\n<p style=\"font-weight: 400;\">His victory meant that the three riders who had won the race&#8217;s four bunch sprints to this point all registered their first Grand Tour stage wins.<\/p>\n<h2 style=\"font-weight: 400;\"><strong>Brennan makes it three<\/strong><\/h2>\n<p style=\"font-weight: 400;\">Make that five bunch sprints, after Grand Tour debutant Brennan won his third stage of the race, thanks to some hard work by the entire Visma team, especially van Aert, who led him out in the finale. The 20-year-old Brit is the first rider to win three times in their Grand Tour debut since . . . yes, <a href=\"https:\/\/www.cyclingweekly.com\/news\/21-things-you-didnt-know-about-tadej-pogacar\">Tadej Poga\u010dar<\/a> in 2019.<\/p>\n<p style=\"font-weight: 400;\">The Brit now has 10 wins for the year and 22 in his brief WorldTour career. Impressive! Coquard was second, with Jordi Meeus (Red Bull\u2013BORA\u2013hansgrohe) finishing third.<\/p>\n<p style=\"font-weight: 400;\">&#8220;It&#8217;s massive,&#8221; said Brennan afterwards. &#8220;I\u2019m with a team full of massive champions. You\u2019ve got guys who have been on podiums in Grand Tours, and won them as well. You\u2019ve also got guys who\u2019ve won big Classics and some huge races, and the fact that they go for me each time is an amazing opportunity. I\u2019m really thankful that they go full gas for me. The boys did a fantastic job within that last 10km to really keep us in the right place, in the right position, out of trouble. And we crossed the line first, so [I\u2019m] super-happy.\u201d<\/p>\n<p style=\"font-weight: 400;\">Van Aert continued racing after dropping off Brennan and finished fifth. He thereby added to his big lead in the green jersey competition.<\/p>\n<h2 style=\"font-weight: 400;\"><strong>Another <\/strong><strong>Poga\u010dar<\/strong><strong> on the road?<\/strong><\/h2>\n<p style=\"font-weight: 400;\">Jakob Omrzel (Bahrain Victoriouis) and Tadej Poga\u010dar have a few things in common. They are both Slovenian, they have both said that they became professional cyclists because of their older brothers and they both won their first Grand Tour stage in the Vuelta, the world champion in 2019, his compatriot on Thursday&#8217;s stage 12 of the 2026 edition of the race. But Poga\u010dar was a year older than the 20-year-old Omrzel when he became a Grand Tour winner.<\/p>\n<p style=\"font-weight: 400;\">Omrzel joined a breakaway that eventually contained 30 riders and was still nearly that big when it began the first of two difficult category 1 climbs in the last 42 kilometers of the 166.6km route from Vera to Calar Alto. Omrzel was still in the front group when it contained only four riders, including his industrious teammate Santiago Buitrago, on the final climb of the stage, to the summit of Calar Alto (17km @ 5.6%, with numerous double-digit ramps).<\/p>\n<p style=\"font-weight: 400;\">Buitrago was going for the King of the Mountains jersey, but he put some hurt in the other two riders, Leo Bisiaux (Decathlon CMA CGA) and Urko Berrade (Kern Pharma), with a lengthy burst of speed on the steep slopes. Bisiaux eventually dropped back to serve as support for teammate Felix Gall, so that only Berrade stayed on Omrzel&#8217;s wheel when he attacked 12.7km from the finish.<\/p>\n<p style=\"font-weight: 400;\">But he was there for less than a kilometer. The young Slovenian couldn&#8217;t help smiling as he rode away on his own, just as he couldn&#8217;t suppress a broad grin when he turned the final corner before crossing the finish line, securing a Grand Tour win on his first Grand Tour race in his first World Tour season. Berrade finished second, at 1:56, with the excellent Buitrago finishing third, 2:13 behind, making it a big stage for the Bahrain team.<\/p>\n<p style=\"font-weight: 400;\">Asked if he was surprised by his victory, Omrzel said, &#8220;I&#8217;m not surprised because I know how much work I put in. I knew that this day would come sooner or later, but for sure I did not expect it 100 percent in the first Grand Tour. I mean, I still can&#8217;t believe what I did, but I felt super good. And I&#8217;m still feeling okay; I&#8217;m not tired. I don&#8217;t know; I&#8217;m just enjoying the moment.&#8221;<\/p>\n<p style=\"font-weight: 400;\">For a long time Bahrain Victorious had three riders in the breakaway, with veteran Pello Bilbao \u2013 who is riding in his last race \u2013 also working to keep the breakaway well in front of the peloton, a gap that was up to 7:30 at one point. Asked about that, the delighted stage winner said, &#8220;Actually the team Bahrain, we are really perfect. When we ride, we understand each other really well. At the moment, for now, we are working so good together. We said that we&#8217;re playing Playstation and that&#8217;s what we&#8217;re doing at the moment.&#8221;<\/p>\n<p style=\"font-weight: 400;\">The comparison with <a href=\"https:\/\/www.cyclingweekly.com\/news\/21-things-you-didnt-know-about-tadej-pogacar\">Poga\u010dar<\/a> was inevitable, and it was pointed out to Omrzel that he was younger and had a longer solo in his first Grand Tour win than his superstar compatriot. He smiled and said, &#8220;It&#8217;s just a statistic, but it&#8217;s a nice statistic.&#8221; As a result of his impressive win, Omrzel improved from tenth to sixth in the GC, 4:59 behind Mas. And speaking of the GC . . .<\/p>\n<p style=\"font-weight: 400;\">Decathlon CMA CGA again did some hard riding on the final climb to set up Felix Gall for an attack, and again the Austrian failed to benefit. When he attacked with about 15km left to ride, Mas and second-place Primo\u017e Rogli\u010d (Red Bull\u2013 BORA\u2013hansgrohe) stayed with him. After 2km, Mas attacked and immediately opened a gap, which he maintained until the line. He now leads Rogli\u010d by 1:45, with Gall 2:06 adrift. The 31-year-old Spaniard certainly looks like the best rider in the race, but the hardest part is still to come.<\/p>\n<h4 style=\"font-weight: 400;\"><strong>Results 2026 Vuelta a Espa\u00f1a, stage 12: Vera to Calar Alto (166.6km)<\/strong><\/h4>\n<table>\n<thead>\n<tr>\n<th>Pos.<\/th>\n<th>Rider<\/th>\n<th>Team<\/th>\n<th align=\"right\">Time<\/th>\n<\/tr>\n<\/thead>\n<tbody>\n<tr>\n<td>1<\/td>\n<td>Enric Mas<\/td>\n<td>Movistar<\/td>\n<td align=\"right\">5:10:40<\/td>\n<\/tr>\n<tr>\n<td>2<\/td>\n<td>Oscar Onley<\/td>\n<td>Netcompany INEOS<\/td>\n<td align=\"right\">same time<\/td>\n<\/tr>\n<tr>\n<td>3<\/td>\n<td>Primo\u017e Rogli\u010d<\/td>\n<td>Red Bull\u2013BORA\u2013hansgrohe<\/td>\n<td align=\"right\">+0:12<\/td>\n<\/tr>\n<tr>\n<td>4<\/td>\n<td>Felix Gall<\/td>\n<td>Decathlon CMA CGM<\/td>\n<td align=\"right\">+0:18<\/td>\n<\/tr>\n<tr>\n<td>5<\/td>\n<td>Cristi\u00e1n Rodr\u00edguez<\/td>\n<td>XDS Astana<\/td>\n<td align=\"right\">+0:20<\/td>\n<\/tr>\n<tr>\n<td>6<\/td>\n<td>Mattias Skjelmose<\/td>\n<td>Lidl-Trek<\/td>\n<td align=\"right\">+0:20<\/td>\n<\/tr>\n<tr>\n<td>7<\/td>\n<td>Jarno Widar<\/td>\n<td>Lotto Intermarch\u00e9<\/td>\n<td align=\"right\">+0:25<\/td>\n<\/tr>\n<tr>\n<td>8<\/td>\n<td>Harold Tejada<\/td>\n<td>XDS Astana<\/td>\n<td align=\"right\">+0:33<\/td>\n<\/tr>\n<tr>\n<td>9<\/td>\n<td>Richard Carapaz<\/td>\n<td>EF Education\u2013EasyPost<\/td>\n<td align=\"right\">+0:54<\/td>\n<\/tr>\n<tr>\n<td>10<\/td>\n<td>Santiago Buitrago<\/td>\n<td>Bahrain Victorious<\/td>\n<td align=\"right\">+1:41<\/td>\n<\/tr>\n<\/tbody>\n<\/table>\n<h4 style=\"font-weight: 400;\"><strong>2026 Vuelta a Espa\u00f1a General Classification After Stage 12<\/strong><\/h4>\n<table>\n<thead>\n<tr>\n<th>Pos.<\/th>\n<th>Rider<\/th>\n<th>Team<\/th>\n<th align=\"right\">Time \/ Gap<\/th>\n<\/tr>\n<\/thead>\n<tbody>\n<tr>\n<td>1<\/td>\n<td>Enric Mas<\/td>\n<td>Movistar<\/td>\n<td align=\"right\">28:34:03<\/td>\n<\/tr>\n<tr>\n<td>2<\/td>\n<td>Primo\u017e Rogli\u010d<\/td>\n<td>Red Bull\u2013BORA\u2013hansgrohe<\/td>\n<td align=\"right\">+1:18<\/td>\n<\/tr>\n<tr>\n<td>3<\/td>\n<td>Felix Gall<\/td>\n<td>Decathlon CMA CGM<\/td>\n<td align=\"right\">+1:39<\/td>\n<\/tr>\n<tr>\n<td>4<\/td>\n<td>Oscar Onley<\/td>\n<td>Netcompany INEOS<\/td>\n<td align=\"right\">+2:20<\/td>\n<\/tr>\n<tr>\n<td>5<\/td>\n<td>Richard Carapaz<\/td>\n<td>EF Education\u2013EasyPost<\/td>\n<td align=\"right\">+3:26<\/td>\n<\/tr>\n<tr>\n<td>6<\/td>\n<td>Mattias Skjelmose<\/td>\n<td>Lidl-Trek<\/td>\n<td align=\"right\">+3:55<\/td>\n<\/tr>\n<tr>\n<td>7<\/td>\n<td>Sepp Kuss<\/td>\n<td>Visma\u2013Lease a Bike<\/td>\n<td align=\"right\">+4:09<\/td>\n<\/tr>\n<tr>\n<td>8<\/td>\n<td>Harold Tejada<\/td>\n<td>XDS Astana<\/td>\n<td align=\"right\">+4:39<\/td>\n<\/tr>\n<tr>\n<td>9<\/td>\n<td>Gregor M\u00fchlberger<\/td>\n<td>Decathlon CMA CGM<\/td>\n<td align=\"right\">+7:33<\/td>\n<\/tr>\n<tr>\n<td>10<\/td>\n<td>Jakob Omrzel<\/td>\n<td>Bahrain Victorious<\/td>\n<td align=\"right\">+8:05<\/td>\n<\/tr>\n<\/tbody>\n<\/table>\n<p style=\"font-weight: 400;\">\n","protected":false},"excerpt":{"rendered":"<p>It has been a little strange watching the Vuelta a Espa\u00f1a without Tadej Poga\u010dar. For me, it&#8217;s somewhat akin to [&hellip;]<\/p>\n","protected":false},"author":99,"featured_media":206175,"comment_status":"closed","ping_status":"open","sticky":false,"template":"","format":"standard","meta":{"footnotes":""},"categories":[329],"tags":[7810,4514,7350,479,2226],"global-categories":[3366],"class_list":["post-206174","post","type-post","status-publish","format-standard","has-post-thumbnail","hentry","category-road-cycling","tag-2026-la-vuelta","tag-enric-mas","tag-kaden-groves","tag-la-vuelta","tag-vuelta-a-espana","global-categories-cycling"],"yoast_head":"<!-- This site is optimized with the Yoast SEO Premium plugin v25.3 (Yoast SEO v25.9) - https:\/\/yoast.com\/wordpress\/plugins\/seo\/ -->\n<title>Mas Solidifies Lead as Surprises Continue and &quot;Pogi 2&quot; Gets His First Grand Tour Win - \u0160koda We Love Cycling<\/title>\n<meta name=\"description\" content=\"It has been a little strange watching the Vuelta a Espa\u00f1a without Tadej Poga\u010dar. For me, it&#039;s somewhat akin to what you feel after breaking up with\" \/>\n<meta name=\"robots\" content=\"index, follow, max-snippet:-1, max-image-preview:large, max-video-preview:-1\" \/>\n<link rel=\"canonical\" href=\"https:\/\/www.welovecycling.com\/wide\/2026\/09\/04\/mas-solidifies-lead-as-surprises-continue-and-pogi-2-gets-his-first-grand-tour-win\/\" \/>\n<meta property=\"og:locale\" content=\"en_US\" \/>\n<meta property=\"og:type\" content=\"article\" \/>\n<meta property=\"og:title\" content=\"Mas Solidifies Lead as Surprises Continue and &quot;Pogi 2&quot; Gets His First Grand Tour Win\" \/>\n<meta property=\"og:description\" content=\"It has been a little strange watching the Vuelta a Espa\u00f1a without Tadej Poga\u010dar. For me, it&#039;s somewhat akin to what you feel after breaking up with\" \/>\n<meta property=\"og:url\" content=\"https:\/\/www.welovecycling.com\/wide\/2026\/09\/04\/mas-solidifies-lead-as-surprises-continue-and-pogi-2-gets-his-first-grand-tour-win\/\" \/>\n<meta property=\"og:site_name\" content=\"\u0160koda We Love Cycling\" \/>\n<meta property=\"article:published_time\" content=\"2026-09-04T13:58:35+00:00\" \/>\n<meta property=\"og:image\" content=\"https:\/\/d2p6e6u75xmxt8.cloudfront.net\/2\/2026\/09\/Enric-Mas-La-Vuelta-profimedia-1130431492-CVR.webp\" \/>\n\t<meta property=\"og:image:width\" content=\"990\" \/>\n\t<meta property=\"og:image:height\" content=\"660\" \/>\n\t<meta property=\"og:image:type\" content=\"image\/webp\" \/>\n<meta name=\"author\" content=\"tereza\" \/>\n<meta name=\"twitter:card\" content=\"summary_large_image\" \/>\n<meta name=\"twitter:label1\" content=\"Written by\" \/>\n\t<meta name=\"twitter:data1\" content=\"Siegfried Mortkowitz\" \/>\n\t<meta name=\"twitter:label2\" content=\"Est. reading time\" \/>\n\t<meta name=\"twitter:data2\" content=\"3\" \/>\n<script type=\"application\/ld+json\" class=\"yoast-schema-graph\">{\"@context\":\"https:\/\/schema.org\",\"@graph\":[{\"@type\":\"WebPage\",\"@id\":\"https:\/\/www.welovecycling.com\/wide\/2026\/09\/04\/mas-solidifies-lead-as-surprises-continue-and-pogi-2-gets-his-first-grand-tour-win\/\",\"url\":\"https:\/\/www.welovecycling.com\/wide\/2026\/09\/04\/mas-solidifies-lead-as-surprises-continue-and-pogi-2-gets-his-first-grand-tour-win\/\",\"name\":\"Mas Solidifies Lead as Surprises Continue and \\\"Pogi 2\\\" Gets His First Grand Tour Win - \u0160koda We Love Cycling\",\"isPartOf\":{\"@id\":\"https:\/\/www.welovecycling.com\/wide\/#website\"},\"primaryImageOfPage\":{\"@id\":\"https:\/\/www.welovecycling.com\/wide\/2026\/09\/04\/mas-solidifies-lead-as-surprises-continue-and-pogi-2-gets-his-first-grand-tour-win\/#primaryimage\"},\"image\":{\"@id\":\"https:\/\/www.welovecycling.com\/wide\/2026\/09\/04\/mas-solidifies-lead-as-surprises-continue-and-pogi-2-gets-his-first-grand-tour-win\/#primaryimage\"},\"thumbnailUrl\":\"https:\/\/d2p6e6u75xmxt8.cloudfront.net\/2\/2026\/09\/Enric-Mas-La-Vuelta-profimedia-1130431492-CVR.webp\",\"datePublished\":\"2026-09-04T13:58:35+00:00\",\"author\":{\"@id\":\"https:\/\/www.welovecycling.com\/wide\/#\/schema\/person\/50f01ecd18718d2333cf72e823c4f926\"},\"description\":\"It has been a little strange watching the Vuelta a Espa\u00f1a without Tadej Poga\u010dar. For me, it's somewhat akin to what you feel after breaking up with\",\"breadcrumb\":{\"@id\":\"https:\/\/www.welovecycling.com\/wide\/2026\/09\/04\/mas-solidifies-lead-as-surprises-continue-and-pogi-2-gets-his-first-grand-tour-win\/#breadcrumb\"},\"inLanguage\":\"en-US\",\"potentialAction\":[{\"@type\":\"ReadAction\",\"target\":[\"https:\/\/www.welovecycling.com\/wide\/2026\/09\/04\/mas-solidifies-lead-as-surprises-continue-and-pogi-2-gets-his-first-grand-tour-win\/\"]}]},{\"@type\":\"ImageObject\",\"inLanguage\":\"en-US\",\"@id\":\"https:\/\/www.welovecycling.com\/wide\/2026\/09\/04\/mas-solidifies-lead-as-surprises-continue-and-pogi-2-gets-his-first-grand-tour-win\/#primaryimage\",\"url\":\"https:\/\/d2p6e6u75xmxt8.cloudfront.net\/2\/2026\/09\/Enric-Mas-La-Vuelta-profimedia-1130431492-CVR.webp\",\"contentUrl\":\"https:\/\/d2p6e6u75xmxt8.cloudfront.net\/2\/2026\/09\/Enric-Mas-La-Vuelta-profimedia-1130431492-CVR.webp\",\"width\":990,\"height\":660,\"caption\":\"Enric Mas\"},{\"@type\":\"BreadcrumbList\",\"@id\":\"https:\/\/www.welovecycling.com\/wide\/2026\/09\/04\/mas-solidifies-lead-as-surprises-continue-and-pogi-2-gets-his-first-grand-tour-win\/#breadcrumb\",\"itemListElement\":[{\"@type\":\"ListItem\",\"position\":1,\"name\":\"Home\",\"item\":\"https:\/\/www.welovecycling.com\/wide\/\"},{\"@type\":\"ListItem\",\"position\":2,\"name\":\"Mas Solidifies Lead as Surprises Continue and &#8220;Pogi 2&#8221; Gets His First Grand Tour Win\"}]},{\"@type\":\"WebSite\",\"@id\":\"https:\/\/www.welovecycling.com\/wide\/#website\",\"url\":\"https:\/\/www.welovecycling.com\/wide\/\",\"name\":\"\u0160koda We Love Cycling\",\"description\":\"\u0160koda We Love Cycling magazine\",\"alternateName\":\"\u0160koda WLC\",\"potentialAction\":[{\"@type\":\"SearchAction\",\"target\":{\"@type\":\"EntryPoint\",\"urlTemplate\":\"https:\/\/www.welovecycling.com\/wide\/?s={search_term_string}\"},\"query-input\":{\"@type\":\"PropertyValueSpecification\",\"valueRequired\":true,\"valueName\":\"search_term_string\"}}],\"inLanguage\":\"en-US\"},{\"@type\":\"Person\",\"@id\":\"https:\/\/www.welovecycling.com\/wide\/#\/schema\/person\/50f01ecd18718d2333cf72e823c4f926\",\"name\":\"tereza\",\"image\":{\"@type\":\"ImageObject\",\"inLanguage\":\"en-US\",\"@id\":\"https:\/\/www.welovecycling.com\/wide\/#\/schema\/person\/image\/\",\"url\":\"https:\/\/secure.gravatar.com\/avatar\/1f9eb71be33845f0afabce3791bc1c58ecdb0a25c62964987e5dbcf7a20d2ec7?s=96&d=mm&r=g\",\"contentUrl\":\"https:\/\/secure.gravatar.com\/avatar\/1f9eb71be33845f0afabce3791bc1c58ecdb0a25c62964987e5dbcf7a20d2ec7?s=96&d=mm&r=g\",\"caption\":\"tereza\"},\"url\":\"https:\/\/www.welovecycling.com\/wide\/author\/tereza\/\"}]}<\/script>\n<!-- \/ Yoast SEO Premium plugin. -->","yoast_head_json":{"title":"Mas Solidifies Lead as Surprises Continue and \"Pogi 2\" Gets His First Grand Tour Win - \u0160koda We Love Cycling","description":"It has been a little strange watching the Vuelta a Espa\u00f1a without Tadej Poga\u010dar. For me, it's somewhat akin to what you feel after breaking up with","robots":{"index":"index","follow":"follow","max-snippet":"max-snippet:-1","max-image-preview":"max-image-preview:large","max-video-preview":"max-video-preview:-1"},"canonical":"https:\/\/www.welovecycling.com\/wide\/2026\/09\/04\/mas-solidifies-lead-as-surprises-continue-and-pogi-2-gets-his-first-grand-tour-win\/","og_locale":"en_US","og_type":"article","og_title":"Mas Solidifies Lead as Surprises Continue and \"Pogi 2\" Gets His First Grand Tour Win","og_description":"It has been a little strange watching the Vuelta a Espa\u00f1a without Tadej Poga\u010dar. For me, it's somewhat akin to what you feel after breaking up with","og_url":"https:\/\/www.welovecycling.com\/wide\/2026\/09\/04\/mas-solidifies-lead-as-surprises-continue-and-pogi-2-gets-his-first-grand-tour-win\/","og_site_name":"\u0160koda We Love Cycling","article_published_time":"2026-09-04T13:58:35+00:00","og_image":[{"width":990,"height":660,"url":"https:\/\/d2p6e6u75xmxt8.cloudfront.net\/2\/2026\/09\/Enric-Mas-La-Vuelta-profimedia-1130431492-CVR.webp","type":"image\/webp"}],"author":"tereza","twitter_card":"summary_large_image","twitter_misc":{"Written by":"Siegfried Mortkowitz","Est. reading time":"3"},"schema":{"@context":"https:\/\/schema.org","@graph":[{"@type":"WebPage","@id":"https:\/\/www.welovecycling.com\/wide\/2026\/09\/04\/mas-solidifies-lead-as-surprises-continue-and-pogi-2-gets-his-first-grand-tour-win\/","url":"https:\/\/www.welovecycling.com\/wide\/2026\/09\/04\/mas-solidifies-lead-as-surprises-continue-and-pogi-2-gets-his-first-grand-tour-win\/","name":"Mas Solidifies Lead as Surprises Continue and \"Pogi 2\" Gets His First Grand Tour Win - \u0160koda We Love Cycling","isPartOf":{"@id":"https:\/\/www.welovecycling.com\/wide\/#website"},"primaryImageOfPage":{"@id":"https:\/\/www.welovecycling.com\/wide\/2026\/09\/04\/mas-solidifies-lead-as-surprises-continue-and-pogi-2-gets-his-first-grand-tour-win\/#primaryimage"},"image":{"@id":"https:\/\/www.welovecycling.com\/wide\/2026\/09\/04\/mas-solidifies-lead-as-surprises-continue-and-pogi-2-gets-his-first-grand-tour-win\/#primaryimage"},"thumbnailUrl":"https:\/\/d2p6e6u75xmxt8.cloudfront.net\/2\/2026\/09\/Enric-Mas-La-Vuelta-profimedia-1130431492-CVR.webp","datePublished":"2026-09-04T13:58:35+00:00","author":{"@id":"https:\/\/www.welovecycling.com\/wide\/#\/schema\/person\/50f01ecd18718d2333cf72e823c4f926"},"description":"It has been a little strange watching the Vuelta a Espa\u00f1a without Tadej Poga\u010dar. For me, it's somewhat akin to what you feel after breaking up with","breadcrumb":{"@id":"https:\/\/www.welovecycling.com\/wide\/2026\/09\/04\/mas-solidifies-lead-as-surprises-continue-and-pogi-2-gets-his-first-grand-tour-win\/#breadcrumb"},"inLanguage":"en-US","potentialAction":[{"@type":"ReadAction","target":["https:\/\/www.welovecycling.com\/wide\/2026\/09\/04\/mas-solidifies-lead-as-surprises-continue-and-pogi-2-gets-his-first-grand-tour-win\/"]}]},{"@type":"ImageObject","inLanguage":"en-US","@id":"https:\/\/www.welovecycling.com\/wide\/2026\/09\/04\/mas-solidifies-lead-as-surprises-continue-and-pogi-2-gets-his-first-grand-tour-win\/#primaryimage","url":"https:\/\/d2p6e6u75xmxt8.cloudfront.net\/2\/2026\/09\/Enric-Mas-La-Vuelta-profimedia-1130431492-CVR.webp","contentUrl":"https:\/\/d2p6e6u75xmxt8.cloudfront.net\/2\/2026\/09\/Enric-Mas-La-Vuelta-profimedia-1130431492-CVR.webp","width":990,"height":660,"caption":"Enric Mas"},{"@type":"BreadcrumbList","@id":"https:\/\/www.welovecycling.com\/wide\/2026\/09\/04\/mas-solidifies-lead-as-surprises-continue-and-pogi-2-gets-his-first-grand-tour-win\/#breadcrumb","itemListElement":[{"@type":"ListItem","position":1,"name":"Home","item":"https:\/\/www.welovecycling.com\/wide\/"},{"@type":"ListItem","position":2,"name":"Mas Solidifies Lead as Surprises Continue and &#8220;Pogi 2&#8221; Gets His First Grand Tour Win"}]},{"@type":"WebSite","@id":"https:\/\/www.welovecycling.com\/wide\/#website","url":"https:\/\/www.welovecycling.com\/wide\/","name":"\u0160koda We Love Cycling","description":"\u0160koda We Love Cycling magazine","alternateName":"\u0160koda WLC","potentialAction":[{"@type":"SearchAction","target":{"@type":"EntryPoint","urlTemplate":"https:\/\/www.welovecycling.com\/wide\/?s={search_term_string}"},"query-input":{"@type":"PropertyValueSpecification","valueRequired":true,"valueName":"search_term_string"}}],"inLanguage":"en-US"},{"@type":"Person","@id":"https:\/\/www.welovecycling.com\/wide\/#\/schema\/person\/50f01ecd18718d2333cf72e823c4f926","name":"tereza","image":{"@type":"ImageObject","inLanguage":"en-US","@id":"https:\/\/www.welovecycling.com\/wide\/#\/schema\/person\/image\/","url":"https:\/\/secure.gravatar.com\/avatar\/1f9eb71be33845f0afabce3791bc1c58ecdb0a25c62964987e5dbcf7a20d2ec7?s=96&d=mm&r=g","contentUrl":"https:\/\/secure.gravatar.com\/avatar\/1f9eb71be33845f0afabce3791bc1c58ecdb0a25c62964987e5dbcf7a20d2ec7?s=96&d=mm&r=g","caption":"tereza"},"url":"https:\/\/www.welovecycling.com\/wide\/author\/tereza\/"}]}},"_links":{"self":[{"href":"https:\/\/www.welovecycling.com\/wide\/wp-json\/wp\/v2\/posts\/206174","targetHints":{"allow":["GET"]}}],"collection":[{"href":"https:\/\/www.welovecycling.com\/wide\/wp-json\/wp\/v2\/posts"}],"about":[{"href":"https:\/\/www.welovecycling.com\/wide\/wp-json\/wp\/v2\/types\/post"}],"author":[{"embeddable":true,"href":"https:\/\/www.welovecycling.com\/wide\/wp-json\/wp\/v2\/users\/99"}],"replies":[{"embeddable":true,"href":"https:\/\/www.welovecycling.com\/wide\/wp-json\/wp\/v2\/comments?post=206174"}],"version-history":[{"count":1,"href":"https:\/\/www.welovecycling.com\/wide\/wp-json\/wp\/v2\/posts\/206174\/revisions"}],"predecessor-version":[{"id":206176,"href":"https:\/\/www.welovecycling.com\/wide\/wp-json\/wp\/v2\/posts\/206174\/revisions\/206176"}],"wp:featuredmedia":[{"embeddable":true,"href":"https:\/\/www.welovecycling.com\/wide\/wp-json\/wp\/v2\/media\/206175"}],"wp:attachment":[{"href":"https:\/\/www.welovecycling.com\/wide\/wp-json\/wp\/v2\/media?parent=206174"}],"wp:term":[{"taxonomy":"category","embeddable":true,"href":"https:\/\/www.welovecycling.com\/wide\/wp-json\/wp\/v2\/categories?post=206174"},{"taxonomy":"post_tag","embeddable":true,"href":"https:\/\/www.welovecycling.com\/wide\/wp-json\/wp\/v2\/tags?post=206174"},{"taxonomy":"global-categories","embeddable":true,"href":"https:\/\/www.welovecycling.com\/wide\/wp-json\/wp\/v2\/global-categories?post=206174"}],"curies":[{"name":"wp","href":"https:\/\/api.w.org\/{rel}","templated":true}]}}