{"id":206161,"date":"2026-08-31T10:19:55","date_gmt":"2026-08-31T10:19:55","guid":{"rendered":"https:\/\/www.welovecycling.com\/wide\/?p=206161"},"modified":"2026-08-31T10:19:55","modified_gmt":"2026-08-31T10:19:55","slug":"pogacar-crashes-out-of-vuelta-and-the-world-has-changed","status":"publish","type":"post","link":"https:\/\/www.welovecycling.com\/wide\/2026\/08\/31\/pogacar-crashes-out-of-vuelta-and-the-world-has-changed\/","title":{"rendered":"Poga\u010dar Crashes Out of Vuelta \u2013 and the World Has Changed"},"content":{"rendered":"<p style=\"font-weight: 400;\"><strong>Sport is thrilling, inspirational, dramatic, and uplifting, but it can sometimes be very cruel and remind you that nothing in life is guaranteed. On Saturday&#8217;s stage 8 of the Vuelta a Espa\u00f1a, a Grand Tour race he was leading by nearly 4 minutes and looked certain to win, Tadej Poga\u010dar suffered serious injuries in what seemed to be a freak accident and was forced to abandon the race.<\/strong><\/p>\n<p><!--more--><\/p>\n<p style=\"font-weight: 400;\">It is the first race Poga\u010dar has abandoned since the 2023 Li\u00e8ge-Bastogne-Li\u00e8ge, the first-ever Grand Tour on which he has not finished on the podium, and the first Grand Tour he has ridden since 2023 without winning. In addition, according to TNT Sports, this is the first time in his career that he has not finished any of the 50 stage races he started. It is the end of a magnificent series of accomplishments.<\/p>\n<h2 style=\"font-weight: 400;\"><strong>A sad ending<\/strong><\/h2>\n<p style=\"font-weight: 400;\">What a shame it had to end like this. The five-time Tour de France winner was riding on the side of a wide road in the front half of the peloton when he apparently struck a loose rock on the new, otherwise pristine road surface. Dozens of riders had ridden over the same spot before him without incident. The contact made him veer sharply to the right into another rider and then pitch forward over his handlebars. Images showed him sitting on the roadside, dazed and unable to get up.<\/p>\n<p style=\"font-weight: 400;\">Later images revealed a nasty-looking wound on his right shoulder and bloody cuts on his face and forehead as well as numerous contusions. He tried to get back on his bike but was in too much pain; he then walked slowly but unaided to a waiting ambulance.<\/p>\n<p style=\"font-weight: 400;\">The first comprehensive <a href=\"https:\/\/www.facebook.com\/TheCyclingWeek\/posts\/medical-update-on-pogacarfollowing-his-unfortunate-crash-on-earlier-today-uae-re\/122197640492899102\/\">medical report<\/a> by UAE&#8217;s medical director, Dr Adrian Rotunno, was sobering. It read: \u201cUnfortunately, Poga\u010dar suffered a heavy crash during today\u2019s stage and was unable to continue the race. He is stable, and following a thorough medical assessment at hospital, Tadej has been diagnosed with a concussion, a displaced left clavicle fracture, a stable C7 cervical fracture, and multiple abrasions.<\/p>\n<p style=\"font-weight: 400;\">\u201cFortunately, no other major injuries and no neurological fallout. He will require clavicle surgery, which will be delayed due to concussion precautions. Tadej remains under the care of our medical team, and we\u2019ll provide further updates following the surgery.\u201d<\/p>\n<h2 style=\"font-weight: 400;\"><strong>An uncertain future<\/strong><\/h2>\n<p style=\"font-weight: 400;\">Surgery will be carried out in Barcelona once the concussion has sufficiently improved. Following the procedure, the team and its medical staff will determine if Poga\u010dar&#8217;s season is over or if he will be able to defend his world title in a month&#8217;s time in Montreal. But even if he is cleared to ride competitively, can he be even close to his best form in four weeks? The injuries he sustained were apparently \u2018clean\u2019 but severe.<\/p>\n<p style=\"font-weight: 400;\">According to <a href=\"https:\/\/occ-ortho.com\/conditions\/cervical-fracture\/\">expert online information<\/a>, \u201cWhen these three injuries occur together, their combined impact on the body is exponential rather than additive, heavily disrupting your neurological, structural, and metabolic systems.\u201d <a href=\"https:\/\/www.medicess.co.uk\/injury-and-recovery-portal\/cervical-spine-fracture\/\">Other sources<\/a> say that achieving \u201cfull fitness\u201d from these injuries is \u201ca marathon that takes anywhere from 6 to 12+ months.\u201d Fortunately, his cervical (or neck) fracture is stable, which will reduce the time required. And Poga\u010dar is an extraordinary physical specimen, with uncommon powers of recuperation, so that no forecast is half as certain as his Vuelta victory was before the crash.<\/p>\n<figure id=\"attachment_206148\" aria-describedby=\"caption-attachment-206148\" style=\"width: 990px\" class=\"wp-caption alignnone\"><a href=\"https:\/\/d2p6e6u75xmxt8.cloudfront.net\/2\/2026\/08\/Vuelta-Pogacar-Mas-van-Aert-profimedia-1128931829-CVR.webp\"><img loading=\"lazy\" decoding=\"async\" class=\"wp-image-206148 size-full\" src=\"https:\/\/d2p6e6u75xmxt8.cloudfront.net\/2\/2026\/08\/Vuelta-Pogacar-Mas-van-Aert-profimedia-1128931829-CVR.webp\" alt=\"La Vuelta\" width=\"990\" height=\"660\" srcset=\"https:\/\/d2p6e6u75xmxt8.cloudfront.net\/2\/2026\/08\/Vuelta-Pogacar-Mas-van-Aert-profimedia-1128931829-CVR.webp 990w, https:\/\/d2p6e6u75xmxt8.cloudfront.net\/2\/2026\/08\/Vuelta-Pogacar-Mas-van-Aert-profimedia-1128931829-CVR-300x200.webp 300w, https:\/\/d2p6e6u75xmxt8.cloudfront.net\/2\/2026\/08\/Vuelta-Pogacar-Mas-van-Aert-profimedia-1128931829-CVR-768x512.webp 768w, https:\/\/d2p6e6u75xmxt8.cloudfront.net\/2\/2026\/08\/Vuelta-Pogacar-Mas-van-Aert-profimedia-1128931829-CVR-400x267.webp 400w, https:\/\/d2p6e6u75xmxt8.cloudfront.net\/2\/2026\/08\/Vuelta-Pogacar-Mas-van-Aert-profimedia-1128931829-CVR-272x182.webp 272w\" sizes=\"auto, (max-width: 990px) 100vw, 990px\" \/><\/a><figcaption id=\"caption-attachment-206148\" class=\"wp-caption-text\">Poga\u010dar (C) suffered serious injuries in what seemed to be a freak accident and was forced to abandon the race. \u00a9 Profimedia<\/figcaption><\/figure>\n<p style=\"font-weight: 400;\">Oddly, a stage that looked to be the calmest and least dangerous of the entire three-week race \u2013 with only one minor climb and mostly wide and well-paved roads \u2013 was the arena for numerous crashes on Saturday. It began with a mass spill in the neutral zone, before the stage officially started, and ended with a mass crash 400 metres from the finish line as the bunch sprint got under way. In between, there were several crashes along the 161 km route from Pu\u00e7ol to Xeraco, including \u00a0Poga\u010dar&#8217;s. Three other riders abandoned the race after crashing on the stage.<\/p>\n<p style=\"font-weight: 400;\">The stage was also not particularly fast, as there was only a one-rider breakaway, Sinuh\u00e9 Fern\u00e1ndez (Burgos BH), whom no one was in a hurry to catch. And the GC teams were not invested in the stage because it was certain to end in a bunch sprint, so they had no reason to ride at a high pace to tire the legs of their rivals. The average speed was 42.536 km\/h, which is nothing out of the ordinary for such a short and flat stage.<\/p>\n<p style=\"font-weight: 400;\">So, what can explain the many crashes when everything about the venue and the stakes of the stage promised an easy ride for the peloton? Perhaps the riders were tired from the exertions of the race so far, which has had them do a lot of climbing and fast riding in high temperatures. That could also explain why only one rider broke away from the bunch. Riding in a breakaway is tiring, and many of the riders probably wanted to use the stage for a rest, with a brutal stage coming on Sunday.<\/p>\n<p style=\"font-weight: 400;\">And let&#8217;s not forget that we&#8217;re nearing the end of a long, busy season, with many riders having already logged thousands of kilometres of climbing, sprinting, and occasionally crashing. Road racing has never been as fast as it is today; perhaps the bodies of many cyclists have not yet caught up to the efficiency of their material and the speeds they can produce. On the other hand, Sunday&#8217;s stage 9 was much faster and harder, yet there were few incidents on the road.<\/p>\n<h2 style=\"font-weight: 400;\"><strong>A totally new race<\/strong><\/h2>\n<p style=\"font-weight: 400;\">Poga\u010dar&#8217;s abandonment of the race has transformed the Vuelta entirely. Such was his domination that all participating teams had to go back to the drawing board and make entirely new plans for the remaining two weeks of the Vuelta. Smoke must surely have risen from their team buses overnight as their sport directors mapped out new strategies. For one thing, home favourite Enric Mas and his Movistar team find themselves in the unaccustomed position of Grand Tour leader.<\/p>\n<p style=\"font-weight: 400;\">The last time Movistar led a Grand Tour race was during the 2019 Vuelta, when Nairo Quintana wore the red jersey through Stage 9. He ultimately surrendered the lead to Primo\u017e Rogli\u010d following the Stage 10 individual time trial. There&#8217;s another time trial in this edition of the Vuelta, 32.1 km on stage 18, and Rogli\u010d is here again. D\u00e9j\u00e0 vu?<\/p>\n<p style=\"font-weight: 400;\">Mas and Movistar won&#8217;t have it easy for another reason. With Poga\u010dar out of the race, the GC contenders won&#8217;t be so shy in attacking \u2013 and there are now at least six viable contenders for the title, which will be decided in the last three stages of the race.<\/p>\n<p style=\"font-weight: 400;\">On the other hand, Wout van Aert must now be considered the favourite to win the green jersey since there are very few, if any, bunch sprint possibilities left and it is unlikely that any one rider will dominate the stage victories as Poga\u010dar would have. After stage 7, van Aert led Poga\u010dar by a mere two points in the competition; after stage 9, he has a lead of nearly 60 points over teammate Mattew Brennan.<\/p>\n<p style=\"font-weight: 400;\">I confess that, despite the new suspense in the Vuelta, I missed seeing Poga\u010dar power up the final climb of Sunday&#8217;s stage 9. Yes, there is much more suspense in the race now, but considerably less excitement. Mas and the others are excellent riders, but they will be haunted throughout this Vuelta by the world champion&#8217;s shadow. Because there is nothing more exciting in sports than watching a genius in full flight.<\/p>\n","protected":false},"excerpt":{"rendered":"<p>Sport is thrilling, inspirational, dramatic, and uplifting, but it can sometimes be very cruel and remind you that nothing in [&hellip;]<\/p>\n","protected":false},"author":99,"featured_media":206162,"comment_status":"closed","ping_status":"open","sticky":false,"template":"","format":"standard","meta":{"footnotes":""},"categories":[329],"tags":[7810,479,3415,9112],"global-categories":[3366],"class_list":["post-206161","post","type-post","status-publish","format-standard","has-post-thumbnail","hentry","category-road-cycling","tag-2026-la-vuelta","tag-la-vuelta","tag-tadej-pogacar","tag-tadej-pogacar-crash","global-categories-cycling"],"yoast_head":"<!-- This site is optimized with the Yoast SEO Premium plugin v25.3 (Yoast SEO v25.9) - https:\/\/yoast.com\/wordpress\/plugins\/seo\/ -->\n<title>Poga\u010dar Crashes Out of Vuelta \u2013 and the World Has Changed - \u0160koda We Love Cycling<\/title>\n<meta name=\"description\" content=\"Sport is thrilling, inspirational, dramatic, and uplifting, but it can sometimes be very cruel and remind you that nothing in life is guaranteed. On\" \/>\n<meta name=\"robots\" content=\"index, follow, max-snippet:-1, max-image-preview:large, max-video-preview:-1\" \/>\n<link rel=\"canonical\" href=\"https:\/\/www.welovecycling.com\/wide\/2026\/08\/31\/pogacar-crashes-out-of-vuelta-and-the-world-has-changed\/\" \/>\n<meta property=\"og:locale\" content=\"en_US\" \/>\n<meta property=\"og:type\" content=\"article\" \/>\n<meta property=\"og:title\" content=\"Poga\u010dar Crashes Out of Vuelta \u2013 and the World Has Changed\" \/>\n<meta property=\"og:description\" content=\"Sport is thrilling, inspirational, dramatic, and uplifting, but it can sometimes be very cruel and remind you that nothing in life is guaranteed. On\" \/>\n<meta property=\"og:url\" content=\"https:\/\/www.welovecycling.com\/wide\/2026\/08\/31\/pogacar-crashes-out-of-vuelta-and-the-world-has-changed\/\" \/>\n<meta property=\"og:site_name\" content=\"\u0160koda We Love Cycling\" \/>\n<meta property=\"article:published_time\" content=\"2026-08-31T10:19:55+00:00\" \/>\n<meta property=\"og:image\" content=\"https:\/\/d2p6e6u75xmxt8.cloudfront.net\/2\/2026\/08\/Tadej-Pogacar-profimedia-1128809220-CVR.webp\" \/>\n\t<meta property=\"og:image:width\" content=\"990\" \/>\n\t<meta property=\"og:image:height\" content=\"660\" \/>\n\t<meta property=\"og:image:type\" content=\"image\/webp\" \/>\n<meta name=\"author\" content=\"tereza\" \/>\n<meta name=\"twitter:card\" content=\"summary_large_image\" \/>\n<meta name=\"twitter:label1\" content=\"Written by\" \/>\n\t<meta name=\"twitter:data1\" content=\"Siegfried Mortkowitz\" \/>\n\t<meta name=\"twitter:label2\" content=\"Est. reading time\" \/>\n\t<meta name=\"twitter:data2\" content=\"2\" \/>\n<script type=\"application\/ld+json\" class=\"yoast-schema-graph\">{\"@context\":\"https:\/\/schema.org\",\"@graph\":[{\"@type\":\"WebPage\",\"@id\":\"https:\/\/www.welovecycling.com\/wide\/2026\/08\/31\/pogacar-crashes-out-of-vuelta-and-the-world-has-changed\/\",\"url\":\"https:\/\/www.welovecycling.com\/wide\/2026\/08\/31\/pogacar-crashes-out-of-vuelta-and-the-world-has-changed\/\",\"name\":\"Poga\u010dar Crashes Out of Vuelta \u2013 and the World Has Changed - \u0160koda We Love Cycling\",\"isPartOf\":{\"@id\":\"https:\/\/www.welovecycling.com\/wide\/#website\"},\"primaryImageOfPage\":{\"@id\":\"https:\/\/www.welovecycling.com\/wide\/2026\/08\/31\/pogacar-crashes-out-of-vuelta-and-the-world-has-changed\/#primaryimage\"},\"image\":{\"@id\":\"https:\/\/www.welovecycling.com\/wide\/2026\/08\/31\/pogacar-crashes-out-of-vuelta-and-the-world-has-changed\/#primaryimage\"},\"thumbnailUrl\":\"https:\/\/d2p6e6u75xmxt8.cloudfront.net\/2\/2026\/08\/Tadej-Pogacar-profimedia-1128809220-CVR.webp\",\"datePublished\":\"2026-08-31T10:19:55+00:00\",\"author\":{\"@id\":\"https:\/\/www.welovecycling.com\/wide\/#\/schema\/person\/50f01ecd18718d2333cf72e823c4f926\"},\"description\":\"Sport is thrilling, inspirational, dramatic, and uplifting, but it can sometimes be very cruel and remind you that nothing in life is guaranteed. On\",\"breadcrumb\":{\"@id\":\"https:\/\/www.welovecycling.com\/wide\/2026\/08\/31\/pogacar-crashes-out-of-vuelta-and-the-world-has-changed\/#breadcrumb\"},\"inLanguage\":\"en-US\",\"potentialAction\":[{\"@type\":\"ReadAction\",\"target\":[\"https:\/\/www.welovecycling.com\/wide\/2026\/08\/31\/pogacar-crashes-out-of-vuelta-and-the-world-has-changed\/\"]}]},{\"@type\":\"ImageObject\",\"inLanguage\":\"en-US\",\"@id\":\"https:\/\/www.welovecycling.com\/wide\/2026\/08\/31\/pogacar-crashes-out-of-vuelta-and-the-world-has-changed\/#primaryimage\",\"url\":\"https:\/\/d2p6e6u75xmxt8.cloudfront.net\/2\/2026\/08\/Tadej-Pogacar-profimedia-1128809220-CVR.webp\",\"contentUrl\":\"https:\/\/d2p6e6u75xmxt8.cloudfront.net\/2\/2026\/08\/Tadej-Pogacar-profimedia-1128809220-CVR.webp\",\"width\":990,\"height\":660,\"caption\":\"Tadej Poga\u010dar\"},{\"@type\":\"BreadcrumbList\",\"@id\":\"https:\/\/www.welovecycling.com\/wide\/2026\/08\/31\/pogacar-crashes-out-of-vuelta-and-the-world-has-changed\/#breadcrumb\",\"itemListElement\":[{\"@type\":\"ListItem\",\"position\":1,\"name\":\"Home\",\"item\":\"https:\/\/www.welovecycling.com\/wide\/\"},{\"@type\":\"ListItem\",\"position\":2,\"name\":\"Poga\u010dar Crashes Out of Vuelta \u2013 and the World Has Changed\"}]},{\"@type\":\"WebSite\",\"@id\":\"https:\/\/www.welovecycling.com\/wide\/#website\",\"url\":\"https:\/\/www.welovecycling.com\/wide\/\",\"name\":\"\u0160koda We Love Cycling\",\"description\":\"\u0160koda We Love Cycling magazine\",\"alternateName\":\"\u0160koda WLC\",\"potentialAction\":[{\"@type\":\"SearchAction\",\"target\":{\"@type\":\"EntryPoint\",\"urlTemplate\":\"https:\/\/www.welovecycling.com\/wide\/?s={search_term_string}\"},\"query-input\":{\"@type\":\"PropertyValueSpecification\",\"valueRequired\":true,\"valueName\":\"search_term_string\"}}],\"inLanguage\":\"en-US\"},{\"@type\":\"Person\",\"@id\":\"https:\/\/www.welovecycling.com\/wide\/#\/schema\/person\/50f01ecd18718d2333cf72e823c4f926\",\"name\":\"tereza\",\"image\":{\"@type\":\"ImageObject\",\"inLanguage\":\"en-US\",\"@id\":\"https:\/\/www.welovecycling.com\/wide\/#\/schema\/person\/image\/\",\"url\":\"https:\/\/secure.gravatar.com\/avatar\/1f9eb71be33845f0afabce3791bc1c58ecdb0a25c62964987e5dbcf7a20d2ec7?s=96&d=mm&r=g\",\"contentUrl\":\"https:\/\/secure.gravatar.com\/avatar\/1f9eb71be33845f0afabce3791bc1c58ecdb0a25c62964987e5dbcf7a20d2ec7?s=96&d=mm&r=g\",\"caption\":\"tereza\"},\"url\":\"https:\/\/www.welovecycling.com\/wide\/author\/tereza\/\"}]}<\/script>\n<!-- \/ Yoast SEO Premium plugin. -->","yoast_head_json":{"title":"Poga\u010dar Crashes Out of Vuelta \u2013 and the World Has Changed - \u0160koda We Love Cycling","description":"Sport is thrilling, inspirational, dramatic, and uplifting, but it can sometimes be very cruel and remind you that nothing in life is guaranteed. On","robots":{"index":"index","follow":"follow","max-snippet":"max-snippet:-1","max-image-preview":"max-image-preview:large","max-video-preview":"max-video-preview:-1"},"canonical":"https:\/\/www.welovecycling.com\/wide\/2026\/08\/31\/pogacar-crashes-out-of-vuelta-and-the-world-has-changed\/","og_locale":"en_US","og_type":"article","og_title":"Poga\u010dar Crashes Out of Vuelta \u2013 and the World Has Changed","og_description":"Sport is thrilling, inspirational, dramatic, and uplifting, but it can sometimes be very cruel and remind you that nothing in life is guaranteed. On","og_url":"https:\/\/www.welovecycling.com\/wide\/2026\/08\/31\/pogacar-crashes-out-of-vuelta-and-the-world-has-changed\/","og_site_name":"\u0160koda We Love Cycling","article_published_time":"2026-08-31T10:19:55+00:00","og_image":[{"width":990,"height":660,"url":"https:\/\/d2p6e6u75xmxt8.cloudfront.net\/2\/2026\/08\/Tadej-Pogacar-profimedia-1128809220-CVR.webp","type":"image\/webp"}],"author":"tereza","twitter_card":"summary_large_image","twitter_misc":{"Written by":"Siegfried Mortkowitz","Est. reading time":"2"},"schema":{"@context":"https:\/\/schema.org","@graph":[{"@type":"WebPage","@id":"https:\/\/www.welovecycling.com\/wide\/2026\/08\/31\/pogacar-crashes-out-of-vuelta-and-the-world-has-changed\/","url":"https:\/\/www.welovecycling.com\/wide\/2026\/08\/31\/pogacar-crashes-out-of-vuelta-and-the-world-has-changed\/","name":"Poga\u010dar Crashes Out of Vuelta \u2013 and the World Has Changed - \u0160koda We Love Cycling","isPartOf":{"@id":"https:\/\/www.welovecycling.com\/wide\/#website"},"primaryImageOfPage":{"@id":"https:\/\/www.welovecycling.com\/wide\/2026\/08\/31\/pogacar-crashes-out-of-vuelta-and-the-world-has-changed\/#primaryimage"},"image":{"@id":"https:\/\/www.welovecycling.com\/wide\/2026\/08\/31\/pogacar-crashes-out-of-vuelta-and-the-world-has-changed\/#primaryimage"},"thumbnailUrl":"https:\/\/d2p6e6u75xmxt8.cloudfront.net\/2\/2026\/08\/Tadej-Pogacar-profimedia-1128809220-CVR.webp","datePublished":"2026-08-31T10:19:55+00:00","author":{"@id":"https:\/\/www.welovecycling.com\/wide\/#\/schema\/person\/50f01ecd18718d2333cf72e823c4f926"},"description":"Sport is thrilling, inspirational, dramatic, and uplifting, but it can sometimes be very cruel and remind you that nothing in life is guaranteed. On","breadcrumb":{"@id":"https:\/\/www.welovecycling.com\/wide\/2026\/08\/31\/pogacar-crashes-out-of-vuelta-and-the-world-has-changed\/#breadcrumb"},"inLanguage":"en-US","potentialAction":[{"@type":"ReadAction","target":["https:\/\/www.welovecycling.com\/wide\/2026\/08\/31\/pogacar-crashes-out-of-vuelta-and-the-world-has-changed\/"]}]},{"@type":"ImageObject","inLanguage":"en-US","@id":"https:\/\/www.welovecycling.com\/wide\/2026\/08\/31\/pogacar-crashes-out-of-vuelta-and-the-world-has-changed\/#primaryimage","url":"https:\/\/d2p6e6u75xmxt8.cloudfront.net\/2\/2026\/08\/Tadej-Pogacar-profimedia-1128809220-CVR.webp","contentUrl":"https:\/\/d2p6e6u75xmxt8.cloudfront.net\/2\/2026\/08\/Tadej-Pogacar-profimedia-1128809220-CVR.webp","width":990,"height":660,"caption":"Tadej Poga\u010dar"},{"@type":"BreadcrumbList","@id":"https:\/\/www.welovecycling.com\/wide\/2026\/08\/31\/pogacar-crashes-out-of-vuelta-and-the-world-has-changed\/#breadcrumb","itemListElement":[{"@type":"ListItem","position":1,"name":"Home","item":"https:\/\/www.welovecycling.com\/wide\/"},{"@type":"ListItem","position":2,"name":"Poga\u010dar Crashes Out of Vuelta \u2013 and the World Has Changed"}]},{"@type":"WebSite","@id":"https:\/\/www.welovecycling.com\/wide\/#website","url":"https:\/\/www.welovecycling.com\/wide\/","name":"\u0160koda We Love Cycling","description":"\u0160koda We Love Cycling magazine","alternateName":"\u0160koda WLC","potentialAction":[{"@type":"SearchAction","target":{"@type":"EntryPoint","urlTemplate":"https:\/\/www.welovecycling.com\/wide\/?s={search_term_string}"},"query-input":{"@type":"PropertyValueSpecification","valueRequired":true,"valueName":"search_term_string"}}],"inLanguage":"en-US"},{"@type":"Person","@id":"https:\/\/www.welovecycling.com\/wide\/#\/schema\/person\/50f01ecd18718d2333cf72e823c4f926","name":"tereza","image":{"@type":"ImageObject","inLanguage":"en-US","@id":"https:\/\/www.welovecycling.com\/wide\/#\/schema\/person\/image\/","url":"https:\/\/secure.gravatar.com\/avatar\/1f9eb71be33845f0afabce3791bc1c58ecdb0a25c62964987e5dbcf7a20d2ec7?s=96&d=mm&r=g","contentUrl":"https:\/\/secure.gravatar.com\/avatar\/1f9eb71be33845f0afabce3791bc1c58ecdb0a25c62964987e5dbcf7a20d2ec7?s=96&d=mm&r=g","caption":"tereza"},"url":"https:\/\/www.welovecycling.com\/wide\/author\/tereza\/"}]}},"_links":{"self":[{"href":"https:\/\/www.welovecycling.com\/wide\/wp-json\/wp\/v2\/posts\/206161","targetHints":{"allow":["GET"]}}],"collection":[{"href":"https:\/\/www.welovecycling.com\/wide\/wp-json\/wp\/v2\/posts"}],"about":[{"href":"https:\/\/www.welovecycling.com\/wide\/wp-json\/wp\/v2\/types\/post"}],"author":[{"embeddable":true,"href":"https:\/\/www.welovecycling.com\/wide\/wp-json\/wp\/v2\/users\/99"}],"replies":[{"embeddable":true,"href":"https:\/\/www.welovecycling.com\/wide\/wp-json\/wp\/v2\/comments?post=206161"}],"version-history":[{"count":1,"href":"https:\/\/www.welovecycling.com\/wide\/wp-json\/wp\/v2\/posts\/206161\/revisions"}],"predecessor-version":[{"id":206163,"href":"https:\/\/www.welovecycling.com\/wide\/wp-json\/wp\/v2\/posts\/206161\/revisions\/206163"}],"wp:featuredmedia":[{"embeddable":true,"href":"https:\/\/www.welovecycling.com\/wide\/wp-json\/wp\/v2\/media\/206162"}],"wp:attachment":[{"href":"https:\/\/www.welovecycling.com\/wide\/wp-json\/wp\/v2\/media?parent=206161"}],"wp:term":[{"taxonomy":"category","embeddable":true,"href":"https:\/\/www.welovecycling.com\/wide\/wp-json\/wp\/v2\/categories?post=206161"},{"taxonomy":"post_tag","embeddable":true,"href":"https:\/\/www.welovecycling.com\/wide\/wp-json\/wp\/v2\/tags?post=206161"},{"taxonomy":"global-categories","embeddable":true,"href":"https:\/\/www.welovecycling.com\/wide\/wp-json\/wp\/v2\/global-categories?post=206161"}],"curies":[{"name":"wp","href":"https:\/\/api.w.org\/{rel}","templated":true}]}}