{"id":205251,"date":"2026-05-01T08:29:47","date_gmt":"2026-05-01T08:29:47","guid":{"rendered":"https:\/\/www.welovecycling.com\/wide\/?p=205251"},"modified":"2026-05-01T08:30:09","modified_gmt":"2026-05-01T08:30:09","slug":"why-may-changes-everything-in-womens-cycling","status":"publish","type":"post","link":"https:\/\/www.welovecycling.com\/wide\/2026\/05\/01\/why-may-changes-everything-in-womens-cycling\/","title":{"rendered":"From Spring Classics to Stage Racing: Why May Changes Everything in Women\u2019s Cycling"},"content":{"rendered":"<p><strong>If you look at the calendar, the shift is obvious. The 2026 Women\u2019s WorldTour tends to get more serious around Omloop Het Nieuwsblad at the end of February, then there&#8217;s the long pull through the Spring Classics, and, at last, it is time for the stage races to take cover and keep us enraptured through the summer months. Starting with La Vuelta Femenina in early May, the Giro d&#8217;Italia Women before June, and everything inevitably building toward the Tour de France Femmes avec Zwift in August.<\/strong><\/p>\n<p><!--more--><\/p>\n<p><span style=\"font-weight: 400;\">On paper, the transition between April and May represents little more than a change in format. One-day races give way to multi-day stage race showdowns. Cobbles and short climbs give way to longer efforts, general classification battles, and time gaps measured in seconds rather than bike lengths.<\/span><\/p>\n<p><span style=\"font-weight: 400;\">But if you\u2019ve watched closely, or raced it, the change doesn\u2019t feel neat like that. I\u2019d venture to say it feels rather more like the ground shifting under your feet.<\/span><\/p>\n<h2><b>What April actually does to riders<\/b><\/h2>\n<p><span style=\"font-weight: 400;\">By the time the peloton leaves the Ardennes, after Li\u00e8ge-Bastogne-Li\u00e8ge Femmes, no one is fresh. The Classics take tremendous energy and force riders into a constant state of reaction. Positioning, crashes, wind splits, mechanicals, everything happens fast, and usually at the worst possible moment.<\/span><\/p>\n<p><span style=\"font-weight: 400;\">Take Strade Bianche Donne and Paris-Roubaix Femmes as examples. Here, we often see races explode far from the finish. Gravel sectors don\u2019t care about tactics in the same way, and if you\u2019re out of position, chances are you\u2019re just out of the race. Riders like Annemiek van Vleuten and Lizzie Deignan have built entire victories on forcing the race open early and trusting their engine to hold.<\/span><\/p>\n<p><span style=\"font-weight: 400;\">At the inaugural Paris-Roubaix Femmes in 2021, Lizzie Deignan attacked with around 80 km to go, an almost irrational move in any other context, and it worked because the race behind collapsed into hesitation and disorganization.<\/span><\/p>\n<p><span style=\"font-weight: 400;\">That kind of move is basically impossible to replicate in a stage race. If you go that early on Stage 2 of a week-long race, you\u2019re not winning, you\u2019re just spending energy you\u2019ll need later.<\/span><\/p>\n<p><span style=\"font-weight: 400;\">All of that builds a certain kind of rider by the end of April: sharp, aggressive, and used to solving problems immediately. And that can all add up to a rather tricky period of transition.\u00a0<\/span><\/p>\n<h2><b>The first days of May feel like a trap<\/b><\/h2>\n<p><span style=\"font-weight: 400;\">When <a href=\"https:\/\/www.lavueltafemenina.es\/en\">La Vuelta Femenina<\/a> starts, it doesn\u2019t look different immediately. The roads are wider, the terrain more varied, but the bunch still moves with that same nervous energy, and typically you\u2019re still following the same riders who excelled in the Classic.\u00a0<\/span><\/p>\n<p><span style=\"font-weight: 400;\">But the consequences of attacks and breakaways start to change dramatically. An effort that would win you a race in April might cost you the race in May. A rider follows a move on Stage 2 that doesn\u2019t matter, spends just a little too much, and then on Stage 5, on a climb that actually decides the general classification, they\u2019re missing that little bit of extra juice in the tank.\u00a0<\/span><\/p>\n<p><span style=\"font-weight: 400;\">At the 2023 La Vuelta Femenina, for example, Annemiek van Vleuten didn\u2019t dominate from the start; she actually lost time in the opening team time trial. But instead of chasing it immediately, she waited. When the race hit the mountains on Stage 5 to Lagos de Covadonga, she rode her own tempo, let others crack around her, and took back over a minute in one effort. Riders who had been aggressive earlier in the week simply couldn\u2019t respond.<\/span><\/p>\n<p><span style=\"font-weight: 400;\">Stage racing isn\u2019t won in those early moves, but it can absolutely be lost there.<\/span><\/p>\n<h2><b>The riders who learn to do less<\/b><\/h2>\n<p><span style=\"font-weight: 400;\">This is where the shift becomes visible, not in who attacks, but in who doesn\u2019t. Demi Vollering is probably the clearest modern example of this. In the Classics, she\u2019s present, attentive, ready to follow the decisive move. But in stage races, especially in Spain, what stands out is her patience.<\/span><\/p>\n<figure id=\"attachment_205229\" aria-describedby=\"caption-attachment-205229\" style=\"width: 990px\" class=\"wp-caption alignnone\"><a href=\"https:\/\/d2p6e6u75xmxt8.cloudfront.net\/2\/2026\/04\/Demi-Vollering-Liege-profimedia-1094555702-CVR.webp\"><img loading=\"lazy\" decoding=\"async\" class=\"wp-image-205229 size-full\" src=\"https:\/\/d2p6e6u75xmxt8.cloudfront.net\/2\/2026\/04\/Demi-Vollering-Liege-profimedia-1094555702-CVR.webp\" alt=\"Demi Vollering\" width=\"990\" height=\"660\" srcset=\"https:\/\/d2p6e6u75xmxt8.cloudfront.net\/2\/2026\/04\/Demi-Vollering-Liege-profimedia-1094555702-CVR.webp 990w, https:\/\/d2p6e6u75xmxt8.cloudfront.net\/2\/2026\/04\/Demi-Vollering-Liege-profimedia-1094555702-CVR-300x200.webp 300w, https:\/\/d2p6e6u75xmxt8.cloudfront.net\/2\/2026\/04\/Demi-Vollering-Liege-profimedia-1094555702-CVR-768x512.webp 768w, https:\/\/d2p6e6u75xmxt8.cloudfront.net\/2\/2026\/04\/Demi-Vollering-Liege-profimedia-1094555702-CVR-400x267.webp 400w, https:\/\/d2p6e6u75xmxt8.cloudfront.net\/2\/2026\/04\/Demi-Vollering-Liege-profimedia-1094555702-CVR-272x182.webp 272w\" sizes=\"auto, (max-width: 990px) 100vw, 990px\" \/><\/a><figcaption id=\"caption-attachment-205229\" class=\"wp-caption-text\">Demi Vollering soaring to victory at the 2026 Li\u00e9ge-Bastogne-Li\u00e9ge. \u00a9 Profimedia<\/figcaption><\/figure>\n<p><span style=\"font-weight: 400;\">That restraint is learned, and it\u2019s basically the opposite of what the Classics condition you to do. Vollering\u2019s win at the 2023 Tour de France Femmes is a great long-arc example. On Stage 7 (Tourmalet), she didn\u2019t respond to every acceleration early on the climb. She let her team set the tempo, then made a sustained move that no one could match, taking the yellow jersey.<\/span><\/p>\n<p><span style=\"font-weight: 400;\">Earlier in her career, she was more reactive, covering moves, following attacks. Now, she\u2019s choosing them. This also highlights how the transition into May isn\u2019t just physical but also cognitive. Riders have to override weeks of instinct.<\/span><\/p>\n<h2><b>The accumulation effect<\/b><\/h2>\n<p><span style=\"font-weight: 400;\">There\u2019s also a moment in most stage races where pure strength stops solving the problem. You can see it in how riders like Annemiek van Vleuten approached races like La Vuelta Femenina or the Giro in her later career. She had become a total expert at setting a tempo that gradually removed everyone else from the equation.<\/span><\/p>\n<p><span style=\"font-weight: 400;\">The effect is slower, but more reliable, and you see gaps appearing incrementally, opening up meter by meter.<\/span> <span style=\"font-weight: 400;\">There\u2019s another layer to this shift that doesn\u2019t show up in results sheets: the accumulation of everything that\u2019s already happened.<\/span><\/p>\n<p><span style=\"font-weight: 400;\">By May, riders aren\u2019t just carrying fitness, they\u2019re carrying damage from small crashes, repeated efforts, travel, and stress. Riders who were constantly visible in April, always in the break, always following moves, sometimes find themselves just slightly below their best when it matters most.<\/span><\/p>\n<h2><b>Teams finally get their say<\/b><\/h2>\n<p><span style=\"font-weight: 400;\">Another important change in May is that teams start to matter more than individuals. In the Classics, even the best teams can be undone by positioning or bad luck. A crash at the wrong moment, a split in the wind, a missed move, it doesn\u2019t take much.<\/span><\/p>\n<p><span style=\"font-weight: 400;\">Strong teams can correct mistakes by assuming more control over pace, protecting their leader, and gradually shaping the outcome.<\/span><\/p>\n<p><span style=\"font-weight: 400;\">The difference is easiest to see in how teams like Team SD Worx\u2013Protime race a stage race. At the 2023 Tour de France Femmes, they didn\u2019t chase everything; they set a tempo that made chasing unnecessary. By the time Demi Vollering attacked on the Tourmalet, the race had already been reduced to the riders who could survive that pace.<\/span><\/p>\n<h2><b>Why this part of the season feels different<\/b><\/h2>\n<p><span style=\"font-weight: 400;\">The Classics are easy to read: one day, one result, one decisive moment. You can drop into the final 30 kilometers and understand everything. Stage racing, on the other hand, asks for more patience from fans. A small time gap on Stage 3 matters, or a missed split on Stage 2 might come back to bite you later. A domestique\u2019s effort, barely noticeable in isolation, might be the reason a leader survives a climb two days later.<\/span><\/p>\n<p><span style=\"font-weight: 400;\">At the 2022 Giro d&#8217;Italia Women, Marta Cavalli was one of the strongest climbers in the race and won a major mountain stage. But over the course of the week, small time losses, positioning, splits, and minor gaps added up, and she ultimately lost the overall to <a href=\"https:\/\/www.welovecycling.com\/wide\/2023\/09\/01\/annemiek-van-vleutens-remarkable-cycling-career\/\" target=\"_blank\" rel=\"noopener\">Annemiek van Vleuten,<\/a> who was simply more consistent across every stage.<\/span><\/p>\n<p><span style=\"font-weight: 400;\">Winning the Tour of Flanders or Paris-Roubaix Femmes requires a certain kind of brilliance, instinctive, aggressive, immediate. Winning a stage race requires a different kind of approach: controlled, patient, and just as ruthless, but in a quieter way.<\/span><\/p>\n<h2><b>How to stay dialed into the action<\/b><\/h2>\n<p><span style=\"font-weight: 400;\">In a matter of days, the peloton rolls into La Vuelta Femenina, and all of this stops being theoretical. It\u2019s one of the first chances in the season to see who has actually made the shift successfully.\u00a0<\/span><\/p>\n<p><span style=\"font-weight: 400;\">There\u2019s the obvious layer of GC contenders, riders like Kasia Niewiadoma, who has spent years balancing instinct with restraint, or Gaia Realini, whose climbing can tilt a race in a single stage if she arrives with the right legs. Juliette Labous is another who tends to rise through consistency as the days add up.<\/span><\/p>\n<p><span style=\"font-weight: 400;\">You also have riders like Cecilie Uttrup Ludwig and Elisa Longo Borghini, who are aggressive by nature. And then there\u2019s a newer layer coming through. Shirin van Anrooij, still early in her stage racing trajectory, but already showing the kind of composure that suggests she understands the long game. Or Neve Bradbury, part of a younger generation learning quickly how to manage effort across a week rather than a single result.<\/span><\/p>\n<p><span style=\"font-weight: 400;\">And then there\u2019s always the unknown\u2014the rider who carries just enough from April into May, who finds themselves in the right move, on the right day, with legs that hold when others don\u2019t. We can\u2019t wait to find out who will make history over the coming weeks. From La Vuelta to the Giro and beyond, stay tuned as we see who is going to ride away on top in 2026!\u00a0<\/span><\/p>\n","protected":false},"excerpt":{"rendered":"<p>If you look at the calendar, the shift is obvious. The 2026 Women\u2019s WorldTour tends to get more serious around [&hellip;]<\/p>\n","protected":false},"author":99,"featured_media":205252,"comment_status":"closed","ping_status":"open","sticky":false,"template":"","format":"standard","meta":{"footnotes":""},"categories":[329],"tags":[9016,477,3771,2043,6260,2264],"global-categories":[3366],"class_list":["post-205251","post","type-post","status-publish","format-standard","has-post-thumbnail","hentry","category-road-cycling","tag-2026-womens-worldtour","tag-annemiek-van-vleuten","tag-demi-vollering","tag-kasia-niewiadoma","tag-marta-cavalli","tag-womens-cycling","global-categories-cycling"],"yoast_head":"<!-- This site is optimized with the Yoast SEO Premium plugin v25.3 (Yoast SEO v25.9) - https:\/\/yoast.com\/wordpress\/plugins\/seo\/ -->\n<title>Why May Changes Everything in Women\u2019s Cycling<\/title>\n<meta name=\"description\" content=\"If you look at the calendar, the shift is obvious. The 2026 Women\u2019s WorldTour tends to get more serious around Omloop Het Nieuwsblad at the end of\" \/>\n<meta name=\"robots\" content=\"index, follow, max-snippet:-1, max-image-preview:large, max-video-preview:-1\" \/>\n<link rel=\"canonical\" href=\"https:\/\/www.welovecycling.com\/wide\/2026\/05\/01\/why-may-changes-everything-in-womens-cycling\/\" \/>\n<meta property=\"og:locale\" content=\"en_US\" \/>\n<meta property=\"og:type\" content=\"article\" \/>\n<meta property=\"og:title\" content=\"From Spring Classics to Stage Racing: Why May Changes Everything in Women\u2019s Cycling\" \/>\n<meta property=\"og:description\" content=\"If you look at the calendar, the shift is obvious. The 2026 Women\u2019s WorldTour tends to get more serious around Omloop Het Nieuwsblad at the end of\" \/>\n<meta property=\"og:url\" content=\"https:\/\/www.welovecycling.com\/wide\/2026\/05\/01\/why-may-changes-everything-in-womens-cycling\/\" \/>\n<meta property=\"og:site_name\" content=\"\u0160koda We Love Cycling\" \/>\n<meta property=\"article:published_time\" content=\"2026-05-01T08:29:47+00:00\" \/>\n<meta property=\"article:modified_time\" content=\"2026-05-01T08:30:09+00:00\" \/>\n<meta property=\"og:image\" content=\"https:\/\/d2p6e6u75xmxt8.cloudfront.net\/2\/2026\/05\/Women-Peloton-Ronde-Vlaanderen-profimedia-1088803473-CVR.webp\" \/>\n\t<meta property=\"og:image:width\" content=\"990\" \/>\n\t<meta property=\"og:image:height\" content=\"660\" \/>\n\t<meta property=\"og:image:type\" content=\"image\/webp\" \/>\n<meta name=\"author\" content=\"tereza\" \/>\n<meta name=\"twitter:card\" content=\"summary_large_image\" \/>\n<meta name=\"twitter:label1\" content=\"Written by\" \/>\n\t<meta name=\"twitter:data1\" content=\"Megan Flottorp\" \/>\n\t<meta name=\"twitter:label2\" content=\"Est. reading time\" \/>\n\t<meta name=\"twitter:data2\" content=\"3\" \/>\n<script type=\"application\/ld+json\" class=\"yoast-schema-graph\">{\"@context\":\"https:\/\/schema.org\",\"@graph\":[{\"@type\":\"WebPage\",\"@id\":\"https:\/\/www.welovecycling.com\/wide\/2026\/05\/01\/why-may-changes-everything-in-womens-cycling\/\",\"url\":\"https:\/\/www.welovecycling.com\/wide\/2026\/05\/01\/why-may-changes-everything-in-womens-cycling\/\",\"name\":\"Why May Changes Everything in Women\u2019s Cycling\",\"isPartOf\":{\"@id\":\"https:\/\/www.welovecycling.com\/wide\/#website\"},\"primaryImageOfPage\":{\"@id\":\"https:\/\/www.welovecycling.com\/wide\/2026\/05\/01\/why-may-changes-everything-in-womens-cycling\/#primaryimage\"},\"image\":{\"@id\":\"https:\/\/www.welovecycling.com\/wide\/2026\/05\/01\/why-may-changes-everything-in-womens-cycling\/#primaryimage\"},\"thumbnailUrl\":\"https:\/\/d2p6e6u75xmxt8.cloudfront.net\/2\/2026\/05\/Women-Peloton-Ronde-Vlaanderen-profimedia-1088803473-CVR.webp\",\"datePublished\":\"2026-05-01T08:29:47+00:00\",\"dateModified\":\"2026-05-01T08:30:09+00:00\",\"author\":{\"@id\":\"https:\/\/www.welovecycling.com\/wide\/#\/schema\/person\/50f01ecd18718d2333cf72e823c4f926\"},\"description\":\"If you look at the calendar, the shift is obvious. The 2026 Women\u2019s WorldTour tends to get more serious around Omloop Het Nieuwsblad at the end of\",\"breadcrumb\":{\"@id\":\"https:\/\/www.welovecycling.com\/wide\/2026\/05\/01\/why-may-changes-everything-in-womens-cycling\/#breadcrumb\"},\"inLanguage\":\"en-US\",\"potentialAction\":[{\"@type\":\"ReadAction\",\"target\":[\"https:\/\/www.welovecycling.com\/wide\/2026\/05\/01\/why-may-changes-everything-in-womens-cycling\/\"]}]},{\"@type\":\"ImageObject\",\"inLanguage\":\"en-US\",\"@id\":\"https:\/\/www.welovecycling.com\/wide\/2026\/05\/01\/why-may-changes-everything-in-womens-cycling\/#primaryimage\",\"url\":\"https:\/\/d2p6e6u75xmxt8.cloudfront.net\/2\/2026\/05\/Women-Peloton-Ronde-Vlaanderen-profimedia-1088803473-CVR.webp\",\"contentUrl\":\"https:\/\/d2p6e6u75xmxt8.cloudfront.net\/2\/2026\/05\/Women-Peloton-Ronde-Vlaanderen-profimedia-1088803473-CVR.webp\",\"width\":990,\"height\":660,\"caption\":\"Women's Peloton\"},{\"@type\":\"BreadcrumbList\",\"@id\":\"https:\/\/www.welovecycling.com\/wide\/2026\/05\/01\/why-may-changes-everything-in-womens-cycling\/#breadcrumb\",\"itemListElement\":[{\"@type\":\"ListItem\",\"position\":1,\"name\":\"Home\",\"item\":\"https:\/\/www.welovecycling.com\/wide\/\"},{\"@type\":\"ListItem\",\"position\":2,\"name\":\"From Spring Classics to Stage Racing: Why May Changes Everything in Women\u2019s Cycling\"}]},{\"@type\":\"WebSite\",\"@id\":\"https:\/\/www.welovecycling.com\/wide\/#website\",\"url\":\"https:\/\/www.welovecycling.com\/wide\/\",\"name\":\"\u0160koda We Love Cycling\",\"description\":\"\u0160koda We Love Cycling magazine\",\"alternateName\":\"\u0160koda WLC\",\"potentialAction\":[{\"@type\":\"SearchAction\",\"target\":{\"@type\":\"EntryPoint\",\"urlTemplate\":\"https:\/\/www.welovecycling.com\/wide\/?s={search_term_string}\"},\"query-input\":{\"@type\":\"PropertyValueSpecification\",\"valueRequired\":true,\"valueName\":\"search_term_string\"}}],\"inLanguage\":\"en-US\"},{\"@type\":\"Person\",\"@id\":\"https:\/\/www.welovecycling.com\/wide\/#\/schema\/person\/50f01ecd18718d2333cf72e823c4f926\",\"name\":\"tereza\",\"image\":{\"@type\":\"ImageObject\",\"inLanguage\":\"en-US\",\"@id\":\"https:\/\/www.welovecycling.com\/wide\/#\/schema\/person\/image\/\",\"url\":\"https:\/\/secure.gravatar.com\/avatar\/1f9eb71be33845f0afabce3791bc1c58ecdb0a25c62964987e5dbcf7a20d2ec7?s=96&d=mm&r=g\",\"contentUrl\":\"https:\/\/secure.gravatar.com\/avatar\/1f9eb71be33845f0afabce3791bc1c58ecdb0a25c62964987e5dbcf7a20d2ec7?s=96&d=mm&r=g\",\"caption\":\"tereza\"},\"url\":\"https:\/\/www.welovecycling.com\/wide\/author\/tereza\/\"}]}<\/script>\n<!-- \/ Yoast SEO Premium plugin. -->","yoast_head_json":{"title":"Why May Changes Everything in Women\u2019s Cycling","description":"If you look at the calendar, the shift is obvious. The 2026 Women\u2019s WorldTour tends to get more serious around Omloop Het Nieuwsblad at the end of","robots":{"index":"index","follow":"follow","max-snippet":"max-snippet:-1","max-image-preview":"max-image-preview:large","max-video-preview":"max-video-preview:-1"},"canonical":"https:\/\/www.welovecycling.com\/wide\/2026\/05\/01\/why-may-changes-everything-in-womens-cycling\/","og_locale":"en_US","og_type":"article","og_title":"From Spring Classics to Stage Racing: Why May Changes Everything in Women\u2019s Cycling","og_description":"If you look at the calendar, the shift is obvious. The 2026 Women\u2019s WorldTour tends to get more serious around Omloop Het Nieuwsblad at the end of","og_url":"https:\/\/www.welovecycling.com\/wide\/2026\/05\/01\/why-may-changes-everything-in-womens-cycling\/","og_site_name":"\u0160koda We Love Cycling","article_published_time":"2026-05-01T08:29:47+00:00","article_modified_time":"2026-05-01T08:30:09+00:00","og_image":[{"width":990,"height":660,"url":"https:\/\/d2p6e6u75xmxt8.cloudfront.net\/2\/2026\/05\/Women-Peloton-Ronde-Vlaanderen-profimedia-1088803473-CVR.webp","type":"image\/webp"}],"author":"tereza","twitter_card":"summary_large_image","twitter_misc":{"Written by":"Megan Flottorp","Est. reading time":"3"},"schema":{"@context":"https:\/\/schema.org","@graph":[{"@type":"WebPage","@id":"https:\/\/www.welovecycling.com\/wide\/2026\/05\/01\/why-may-changes-everything-in-womens-cycling\/","url":"https:\/\/www.welovecycling.com\/wide\/2026\/05\/01\/why-may-changes-everything-in-womens-cycling\/","name":"Why May Changes Everything in Women\u2019s Cycling","isPartOf":{"@id":"https:\/\/www.welovecycling.com\/wide\/#website"},"primaryImageOfPage":{"@id":"https:\/\/www.welovecycling.com\/wide\/2026\/05\/01\/why-may-changes-everything-in-womens-cycling\/#primaryimage"},"image":{"@id":"https:\/\/www.welovecycling.com\/wide\/2026\/05\/01\/why-may-changes-everything-in-womens-cycling\/#primaryimage"},"thumbnailUrl":"https:\/\/d2p6e6u75xmxt8.cloudfront.net\/2\/2026\/05\/Women-Peloton-Ronde-Vlaanderen-profimedia-1088803473-CVR.webp","datePublished":"2026-05-01T08:29:47+00:00","dateModified":"2026-05-01T08:30:09+00:00","author":{"@id":"https:\/\/www.welovecycling.com\/wide\/#\/schema\/person\/50f01ecd18718d2333cf72e823c4f926"},"description":"If you look at the calendar, the shift is obvious. The 2026 Women\u2019s WorldTour tends to get more serious around Omloop Het Nieuwsblad at the end of","breadcrumb":{"@id":"https:\/\/www.welovecycling.com\/wide\/2026\/05\/01\/why-may-changes-everything-in-womens-cycling\/#breadcrumb"},"inLanguage":"en-US","potentialAction":[{"@type":"ReadAction","target":["https:\/\/www.welovecycling.com\/wide\/2026\/05\/01\/why-may-changes-everything-in-womens-cycling\/"]}]},{"@type":"ImageObject","inLanguage":"en-US","@id":"https:\/\/www.welovecycling.com\/wide\/2026\/05\/01\/why-may-changes-everything-in-womens-cycling\/#primaryimage","url":"https:\/\/d2p6e6u75xmxt8.cloudfront.net\/2\/2026\/05\/Women-Peloton-Ronde-Vlaanderen-profimedia-1088803473-CVR.webp","contentUrl":"https:\/\/d2p6e6u75xmxt8.cloudfront.net\/2\/2026\/05\/Women-Peloton-Ronde-Vlaanderen-profimedia-1088803473-CVR.webp","width":990,"height":660,"caption":"Women's Peloton"},{"@type":"BreadcrumbList","@id":"https:\/\/www.welovecycling.com\/wide\/2026\/05\/01\/why-may-changes-everything-in-womens-cycling\/#breadcrumb","itemListElement":[{"@type":"ListItem","position":1,"name":"Home","item":"https:\/\/www.welovecycling.com\/wide\/"},{"@type":"ListItem","position":2,"name":"From Spring Classics to Stage Racing: Why May Changes Everything in Women\u2019s Cycling"}]},{"@type":"WebSite","@id":"https:\/\/www.welovecycling.com\/wide\/#website","url":"https:\/\/www.welovecycling.com\/wide\/","name":"\u0160koda We Love Cycling","description":"\u0160koda We Love Cycling magazine","alternateName":"\u0160koda WLC","potentialAction":[{"@type":"SearchAction","target":{"@type":"EntryPoint","urlTemplate":"https:\/\/www.welovecycling.com\/wide\/?s={search_term_string}"},"query-input":{"@type":"PropertyValueSpecification","valueRequired":true,"valueName":"search_term_string"}}],"inLanguage":"en-US"},{"@type":"Person","@id":"https:\/\/www.welovecycling.com\/wide\/#\/schema\/person\/50f01ecd18718d2333cf72e823c4f926","name":"tereza","image":{"@type":"ImageObject","inLanguage":"en-US","@id":"https:\/\/www.welovecycling.com\/wide\/#\/schema\/person\/image\/","url":"https:\/\/secure.gravatar.com\/avatar\/1f9eb71be33845f0afabce3791bc1c58ecdb0a25c62964987e5dbcf7a20d2ec7?s=96&d=mm&r=g","contentUrl":"https:\/\/secure.gravatar.com\/avatar\/1f9eb71be33845f0afabce3791bc1c58ecdb0a25c62964987e5dbcf7a20d2ec7?s=96&d=mm&r=g","caption":"tereza"},"url":"https:\/\/www.welovecycling.com\/wide\/author\/tereza\/"}]}},"_links":{"self":[{"href":"https:\/\/www.welovecycling.com\/wide\/wp-json\/wp\/v2\/posts\/205251","targetHints":{"allow":["GET"]}}],"collection":[{"href":"https:\/\/www.welovecycling.com\/wide\/wp-json\/wp\/v2\/posts"}],"about":[{"href":"https:\/\/www.welovecycling.com\/wide\/wp-json\/wp\/v2\/types\/post"}],"author":[{"embeddable":true,"href":"https:\/\/www.welovecycling.com\/wide\/wp-json\/wp\/v2\/users\/99"}],"replies":[{"embeddable":true,"href":"https:\/\/www.welovecycling.com\/wide\/wp-json\/wp\/v2\/comments?post=205251"}],"version-history":[{"count":2,"href":"https:\/\/www.welovecycling.com\/wide\/wp-json\/wp\/v2\/posts\/205251\/revisions"}],"predecessor-version":[{"id":205254,"href":"https:\/\/www.welovecycling.com\/wide\/wp-json\/wp\/v2\/posts\/205251\/revisions\/205254"}],"wp:featuredmedia":[{"embeddable":true,"href":"https:\/\/www.welovecycling.com\/wide\/wp-json\/wp\/v2\/media\/205252"}],"wp:attachment":[{"href":"https:\/\/www.welovecycling.com\/wide\/wp-json\/wp\/v2\/media?parent=205251"}],"wp:term":[{"taxonomy":"category","embeddable":true,"href":"https:\/\/www.welovecycling.com\/wide\/wp-json\/wp\/v2\/categories?post=205251"},{"taxonomy":"post_tag","embeddable":true,"href":"https:\/\/www.welovecycling.com\/wide\/wp-json\/wp\/v2\/tags?post=205251"},{"taxonomy":"global-categories","embeddable":true,"href":"https:\/\/www.welovecycling.com\/wide\/wp-json\/wp\/v2\/global-categories?post=205251"}],"curies":[{"name":"wp","href":"https:\/\/api.w.org\/{rel}","templated":true}]}}