{"id":205233,"date":"2026-04-27T14:59:43","date_gmt":"2026-04-27T14:59:43","guid":{"rendered":"https:\/\/www.welovecycling.com\/wide\/?p=205233"},"modified":"2026-04-28T16:26:15","modified_gmt":"2026-04-28T16:26:15","slug":"the-unseen-stage-markko-karus-road-to-letape-du-tour","status":"publish","type":"post","link":"https:\/\/www.welovecycling.com\/wide\/2026\/04\/27\/the-unseen-stage-markko-karus-road-to-letape-du-tour\/","title":{"rendered":"Chasing the Mountains, Mastering the Routine: Markko Karu\u2019s Road to L\u2019\u00c9tape"},"content":{"rendered":"<p style=\"font-weight: 400;\"><strong>The Unseen Stage strips cycling back to its rawest, most relatable form \u2013 not just the spectacle of race day, but the long, often invisible build-up. It follows four amateur riders as they prepare for various global iterations of L\u2019\u00c9tape, squeezing structured training in between the minutiae of everyday life. It\u2019s where ambition meets reality: early alarms, full workdays, and the constant negotiation between passion and responsibility.<\/strong><\/p>\n<p><!--more--><\/p>\n<p>For Estonia\u2019s <a href=\"https:\/\/www.instagram.com\/markkokaru\/\">Markko Karu,<\/a> the challenge isn\u2019t a leap into the unknown. It\u2019s a return to something that he already got a taste of and has an upper hand in: Markko has three L\u2019\u00c9tapes du Tour under his belt. This fourth attempt, however, comes with a different mindset. Even before joining <a href=\"https:\/\/www.welovecycling.com\/wide\/letape-26\/\">The Unseen Stage,<\/a> Karu had committed to doing it properly. \u201cI had already signed up with a plan to prepare; to ride it through without compromises or setbacks \u2013 not to put a foot down once.\u201d<\/p>\n<p style=\"font-weight: 400;\">\u201cFor me, L\u2019\u00c9tape is the most memorable sports event I have attended,\u201d Markko reminisces. Having ridden it before, he knows exactly what draws riders back: \u201cThe sheer scale of it, the enthusiasm from both participants and supporters \u2013 and the mountains themselves.\u201d Those peaks, in particular, are central to his motivation. \u201cRiding in high mountains is my favourite form of tourism, I just love experiencing the world riding a bicycle,\u201d he explains, listing rides across France, Italy, Spain, Romania, Rwanda, Peru, and China.<\/p>\n<p style=\"font-weight: 400;\">That quiet determination has been building for decades. Karu has always been active, though never obsessively competitive. His introduction to cycling came in 2003 with his first mountain bike race \u2013 an experience that stuck. \u201cI fell in love with the format and have been riding ever since.\u201d For over 20 years, he has been a regular at local Wednesday MTB races around Tallinn, favouring technical terrain and endurance challenges. Events like V\u00e4tternrundan and even the cycling leg of Ironman Tallinn have found their way into his calendar, though he\u2019s clear about one thing: \u201cSport has never been my main priority \u2013 it has always remained a hobby.\u201d Yet L\u2019\u00c9tape is different. Familiar, but never easy.<\/p>\n<blockquote class=\"instagram-media\" style=\"background: #FFF; border: 0; border-radius: 3px; box-shadow: 0 0 1px 0 rgba(0,0,0,0.5),0 1px 10px 0 rgba(0,0,0,0.15); margin: 1px; max-width: 540px; min-width: 326px; padding: 0; width: calc(100% - 2px);\" data-instgrm-captioned=\"\" data-instgrm-permalink=\"https:\/\/www.instagram.com\/reel\/DXq6sZjCFXy\/?utm_source=ig_embed&amp;utm_campaign=loading\" data-instgrm-version=\"14\">\n<div style=\"padding: 16px;\">\n<p>&nbsp;<\/p>\n<div style=\"display: flex; flex-direction: row; align-items: center;\">\n<div style=\"background-color: #f4f4f4; border-radius: 50%; flex-grow: 0; height: 40px; margin-right: 14px; width: 40px;\"><\/div>\n<div style=\"display: flex; flex-direction: column; flex-grow: 1; justify-content: center;\">\n<div style=\"background-color: #f4f4f4; border-radius: 4px; flex-grow: 0; height: 14px; margin-bottom: 6px; width: 100px;\"><\/div>\n<div style=\"background-color: #f4f4f4; border-radius: 4px; flex-grow: 0; height: 14px; width: 60px;\"><\/div>\n<\/div>\n<\/div>\n<div style=\"padding: 19% 0;\"><\/div>\n<div style=\"display: block; height: 50px; margin: 0 auto 12px; width: 50px;\"><\/div>\n<div style=\"padding-top: 8px;\">\n<div style=\"color: #3897f0; font-family: Arial,sans-serif; font-size: 14px; font-style: normal; font-weight: 550; line-height: 18px;\">Zobrazit p\u0159\u00edsp\u011bvek na Instagramu<\/div>\n<\/div>\n<div style=\"padding: 12.5% 0;\"><\/div>\n<div style=\"display: flex; flex-direction: row; margin-bottom: 14px; align-items: center;\">\n<div>\n<div style=\"background-color: #f4f4f4; border-radius: 50%; height: 12.5px; width: 12.5px; transform: translateX(0px) translateY(7px);\"><\/div>\n<div style=\"background-color: #f4f4f4; height: 12.5px; transform: rotate(-45deg) translateX(3px) translateY(1px); width: 12.5px; flex-grow: 0; margin-right: 14px; margin-left: 2px;\"><\/div>\n<div style=\"background-color: #f4f4f4; border-radius: 50%; height: 12.5px; width: 12.5px; transform: translateX(9px) translateY(-18px);\"><\/div>\n<\/div>\n<div style=\"margin-left: 8px;\">\n<div style=\"background-color: #f4f4f4; border-radius: 50%; flex-grow: 0; height: 20px; width: 20px;\"><\/div>\n<div style=\"width: 0; height: 0; border-top: 2px solid transparent; border-left: 6px solid #f4f4f4; border-bottom: 2px solid transparent; transform: translateX(16px) translateY(-4px) rotate(30deg);\"><\/div>\n<\/div>\n<div style=\"margin-left: auto;\">\n<div style=\"width: 0px; border-top: 8px solid #F4F4F4; border-right: 8px solid transparent; transform: translateY(16px);\"><\/div>\n<div style=\"background-color: #f4f4f4; flex-grow: 0; height: 12px; width: 16px; transform: translateY(-4px);\"><\/div>\n<div style=\"width: 0; height: 0; border-top: 8px solid #F4F4F4; border-left: 8px solid transparent; transform: translateY(-4px) translateX(8px);\"><\/div>\n<\/div>\n<\/div>\n<div style=\"display: flex; flex-direction: column; flex-grow: 1; justify-content: center; margin-bottom: 24px;\">\n<div style=\"background-color: #f4f4f4; border-radius: 4px; flex-grow: 0; height: 14px; margin-bottom: 6px; width: 224px;\"><\/div>\n<div style=\"background-color: #f4f4f4; border-radius: 4px; flex-grow: 0; height: 14px; width: 144px;\"><\/div>\n<\/div>\n<p>&nbsp;<\/p>\n<p style=\"color: #c9c8cd; font-family: Arial,sans-serif; font-size: 14px; line-height: 17px; margin-bottom: 0; margin-top: 8px; overflow: hidden; padding: 8px 0 7px; text-align: center; text-overflow: ellipsis; white-space: nowrap;\"><a style=\"color: #c9c8cd; font-family: Arial,sans-serif; font-size: 14px; font-style: normal; font-weight: normal; line-height: 17px; text-decoration: none;\" href=\"https:\/\/www.instagram.com\/reel\/DXq6sZjCFXy\/?utm_source=ig_embed&amp;utm_campaign=loading\" target=\"_blank\" rel=\"noopener\">P\u0159\u00edsp\u011bvek sd\u00edlen\u00fd \u0160koda We Love Cycling (@wlcmagazine)<\/a><\/p>\n<\/div>\n<\/blockquote>\n<p><script async src=\"\/\/www.instagram.com\/embed.js\"><\/script>\u201cAs mentioned, this will be my fourth time, so I have a good understanding of what to expect \u2013 but it will be brutal this year,\u201d he says. The real challenge, as ever, lies off the bike. Like all the other Challengers, Karu must carve training time out of a busy life, all while staying mindful of his limits. \u201cDefinitely time management, but also managing training load to avoid setbacks,\u201d he notes on perceived obstacles. Past knee pain has shaped his approach. \u201cI will not risk my long-term health for the sake of a race. Progress needs to be steady and sustainable.\u201d For that, his strategy is simple, if not always easy: waking up early to train before work. There\u2019s also an element of accountability in sharing the journey, as Markko feels that public commitment also helps make it a priority.<\/p>\n<p style=\"font-weight: 400;\">At the core of Karu\u2019s Unseen Stage journey is curiosity \u2013 not just about the race, but about himself. \u201cI am very excited to experience the benefits of following a proper training plan and having professional support,\u201d he says. For someone who has always treated sport as a passion rather than a pursuit, this structure offers something new. \u201cMy goal is to become the best version of myself,\u201d he explains, \u201cand to see how I compare and rank among others.\u201d With all this, he will enjoy the support and training advice of <a href=\"https:\/\/karmenreinpold.com\/karmen\/\">Karmen Reinpold<\/a>, a seasoned professional cycling coach who also took care of the Estonian Olympic team twice.<\/p>\n<p style=\"font-weight: 400;\">As The Unseen Stage unfolds, so will Karu\u2019s journey of determination and self-discovery. Will he achieve his goals? On our dedicated website, you can take your own guess of \u201cyes\u201d or \u201cno\u201d about Markko hitting the ultimate milestone of finishing another L\u2019\u00c9tape. By doing so, you will enter a draw for a high-end Superior bike or a one-year TrainingPeaks subscription!<\/p>\n","protected":false},"excerpt":{"rendered":"<p>The Unseen Stage strips cycling back to its rawest, most relatable form \u2013 not just the spectacle of race day, [&hellip;]<\/p>\n","protected":false},"author":99,"featured_media":205237,"comment_status":"closed","ping_status":"open","sticky":false,"template":"","format":"standard","meta":{"footnotes":""},"categories":[332],"tags":[8755,413,9014,8990],"global-categories":[3366],"class_list":["post-205233","post","type-post","status-publish","format-standard","has-post-thumbnail","hentry","category-health-and-training","tag-2026-letape","tag-letape","tag-markko-karu","tag-the-unseen-stage","global-categories-cycling"],"yoast_head":"<!-- This site is optimized with the Yoast SEO Premium plugin v25.3 (Yoast SEO v25.9) - https:\/\/yoast.com\/wordpress\/plugins\/seo\/ -->\n<title>The Unseen Stage: Markko Karu\u2019s Road to L\u2019\u00c9tape du Tour<\/title>\n<meta name=\"description\" content=\"The Unseen Stage strips cycling back to its rawest, most relatable form \u2013 not just the spectacle of race day, but the long, often invisible build-up. It\" \/>\n<meta name=\"robots\" content=\"index, follow, max-snippet:-1, max-image-preview:large, max-video-preview:-1\" \/>\n<link rel=\"canonical\" href=\"https:\/\/www.welovecycling.com\/wide\/2026\/04\/27\/the-unseen-stage-markko-karus-road-to-letape-du-tour\/\" \/>\n<meta property=\"og:locale\" content=\"en_US\" \/>\n<meta property=\"og:type\" content=\"article\" \/>\n<meta property=\"og:title\" content=\"Chasing the Mountains, Mastering the Routine: Markko Karu\u2019s Road to L\u2019\u00c9tape\" \/>\n<meta property=\"og:description\" content=\"The Unseen Stage strips cycling back to its rawest, most relatable form \u2013 not just the spectacle of race day, but the long, often invisible build-up. It\" \/>\n<meta property=\"og:url\" content=\"https:\/\/www.welovecycling.com\/wide\/2026\/04\/27\/the-unseen-stage-markko-karus-road-to-letape-du-tour\/\" \/>\n<meta property=\"og:site_name\" content=\"\u0160koda We Love Cycling\" \/>\n<meta property=\"article:published_time\" content=\"2026-04-27T14:59:43+00:00\" \/>\n<meta property=\"article:modified_time\" content=\"2026-04-28T16:26:15+00:00\" \/>\n<meta property=\"og:image\" content=\"https:\/\/d2p6e6u75xmxt8.cloudfront.net\/2\/2026\/04\/Markko-1.webp\" \/>\n\t<meta property=\"og:image:width\" content=\"990\" \/>\n\t<meta property=\"og:image:height\" content=\"660\" \/>\n\t<meta property=\"og:image:type\" content=\"image\/webp\" \/>\n<meta name=\"author\" content=\"tereza\" \/>\n<meta name=\"twitter:card\" content=\"summary_large_image\" \/>\n<meta name=\"twitter:label1\" content=\"Written by\" \/>\n\t<meta name=\"twitter:data1\" content=\"Frantiska Blazkova\" \/>\n\t<meta name=\"twitter:label2\" content=\"Est. reading time\" \/>\n\t<meta name=\"twitter:data2\" content=\"2\" \/>\n<script type=\"application\/ld+json\" class=\"yoast-schema-graph\">{\"@context\":\"https:\/\/schema.org\",\"@graph\":[{\"@type\":\"WebPage\",\"@id\":\"https:\/\/www.welovecycling.com\/wide\/2026\/04\/27\/the-unseen-stage-markko-karus-road-to-letape-du-tour\/\",\"url\":\"https:\/\/www.welovecycling.com\/wide\/2026\/04\/27\/the-unseen-stage-markko-karus-road-to-letape-du-tour\/\",\"name\":\"The Unseen Stage: Markko Karu\u2019s Road to L\u2019\u00c9tape du Tour\",\"isPartOf\":{\"@id\":\"https:\/\/www.welovecycling.com\/wide\/#website\"},\"primaryImageOfPage\":{\"@id\":\"https:\/\/www.welovecycling.com\/wide\/2026\/04\/27\/the-unseen-stage-markko-karus-road-to-letape-du-tour\/#primaryimage\"},\"image\":{\"@id\":\"https:\/\/www.welovecycling.com\/wide\/2026\/04\/27\/the-unseen-stage-markko-karus-road-to-letape-du-tour\/#primaryimage\"},\"thumbnailUrl\":\"https:\/\/d2p6e6u75xmxt8.cloudfront.net\/2\/2026\/04\/Markko-1.webp\",\"datePublished\":\"2026-04-27T14:59:43+00:00\",\"dateModified\":\"2026-04-28T16:26:15+00:00\",\"author\":{\"@id\":\"https:\/\/www.welovecycling.com\/wide\/#\/schema\/person\/50f01ecd18718d2333cf72e823c4f926\"},\"description\":\"The Unseen Stage strips cycling back to its rawest, most relatable form \u2013 not just the spectacle of race day, but the long, often invisible build-up. It\",\"breadcrumb\":{\"@id\":\"https:\/\/www.welovecycling.com\/wide\/2026\/04\/27\/the-unseen-stage-markko-karus-road-to-letape-du-tour\/#breadcrumb\"},\"inLanguage\":\"en-US\",\"potentialAction\":[{\"@type\":\"ReadAction\",\"target\":[\"https:\/\/www.welovecycling.com\/wide\/2026\/04\/27\/the-unseen-stage-markko-karus-road-to-letape-du-tour\/\"]}]},{\"@type\":\"ImageObject\",\"inLanguage\":\"en-US\",\"@id\":\"https:\/\/www.welovecycling.com\/wide\/2026\/04\/27\/the-unseen-stage-markko-karus-road-to-letape-du-tour\/#primaryimage\",\"url\":\"https:\/\/d2p6e6u75xmxt8.cloudfront.net\/2\/2026\/04\/Markko-1.webp\",\"contentUrl\":\"https:\/\/d2p6e6u75xmxt8.cloudfront.net\/2\/2026\/04\/Markko-1.webp\",\"width\":990,\"height\":660,\"caption\":\"Markko Unseen Stage\"},{\"@type\":\"BreadcrumbList\",\"@id\":\"https:\/\/www.welovecycling.com\/wide\/2026\/04\/27\/the-unseen-stage-markko-karus-road-to-letape-du-tour\/#breadcrumb\",\"itemListElement\":[{\"@type\":\"ListItem\",\"position\":1,\"name\":\"Home\",\"item\":\"https:\/\/www.welovecycling.com\/wide\/\"},{\"@type\":\"ListItem\",\"position\":2,\"name\":\"Chasing the Mountains, Mastering the Routine: Markko Karu\u2019s Road to L\u2019\u00c9tape\"}]},{\"@type\":\"WebSite\",\"@id\":\"https:\/\/www.welovecycling.com\/wide\/#website\",\"url\":\"https:\/\/www.welovecycling.com\/wide\/\",\"name\":\"\u0160koda We Love Cycling\",\"description\":\"\u0160koda We Love Cycling magazine\",\"alternateName\":\"\u0160koda WLC\",\"potentialAction\":[{\"@type\":\"SearchAction\",\"target\":{\"@type\":\"EntryPoint\",\"urlTemplate\":\"https:\/\/www.welovecycling.com\/wide\/?s={search_term_string}\"},\"query-input\":{\"@type\":\"PropertyValueSpecification\",\"valueRequired\":true,\"valueName\":\"search_term_string\"}}],\"inLanguage\":\"en-US\"},{\"@type\":\"Person\",\"@id\":\"https:\/\/www.welovecycling.com\/wide\/#\/schema\/person\/50f01ecd18718d2333cf72e823c4f926\",\"name\":\"tereza\",\"image\":{\"@type\":\"ImageObject\",\"inLanguage\":\"en-US\",\"@id\":\"https:\/\/www.welovecycling.com\/wide\/#\/schema\/person\/image\/\",\"url\":\"https:\/\/secure.gravatar.com\/avatar\/1f9eb71be33845f0afabce3791bc1c58ecdb0a25c62964987e5dbcf7a20d2ec7?s=96&d=mm&r=g\",\"contentUrl\":\"https:\/\/secure.gravatar.com\/avatar\/1f9eb71be33845f0afabce3791bc1c58ecdb0a25c62964987e5dbcf7a20d2ec7?s=96&d=mm&r=g\",\"caption\":\"tereza\"},\"url\":\"https:\/\/www.welovecycling.com\/wide\/author\/tereza\/\"}]}<\/script>\n<!-- \/ Yoast SEO Premium plugin. -->","yoast_head_json":{"title":"The Unseen Stage: Markko Karu\u2019s Road to L\u2019\u00c9tape du Tour","description":"The Unseen Stage strips cycling back to its rawest, most relatable form \u2013 not just the spectacle of race day, but the long, often invisible build-up. It","robots":{"index":"index","follow":"follow","max-snippet":"max-snippet:-1","max-image-preview":"max-image-preview:large","max-video-preview":"max-video-preview:-1"},"canonical":"https:\/\/www.welovecycling.com\/wide\/2026\/04\/27\/the-unseen-stage-markko-karus-road-to-letape-du-tour\/","og_locale":"en_US","og_type":"article","og_title":"Chasing the Mountains, Mastering the Routine: Markko Karu\u2019s Road to L\u2019\u00c9tape","og_description":"The Unseen Stage strips cycling back to its rawest, most relatable form \u2013 not just the spectacle of race day, but the long, often invisible build-up. It","og_url":"https:\/\/www.welovecycling.com\/wide\/2026\/04\/27\/the-unseen-stage-markko-karus-road-to-letape-du-tour\/","og_site_name":"\u0160koda We Love Cycling","article_published_time":"2026-04-27T14:59:43+00:00","article_modified_time":"2026-04-28T16:26:15+00:00","og_image":[{"width":990,"height":660,"url":"https:\/\/d2p6e6u75xmxt8.cloudfront.net\/2\/2026\/04\/Markko-1.webp","type":"image\/webp"}],"author":"tereza","twitter_card":"summary_large_image","twitter_misc":{"Written by":"Frantiska Blazkova","Est. reading time":"2"},"schema":{"@context":"https:\/\/schema.org","@graph":[{"@type":"WebPage","@id":"https:\/\/www.welovecycling.com\/wide\/2026\/04\/27\/the-unseen-stage-markko-karus-road-to-letape-du-tour\/","url":"https:\/\/www.welovecycling.com\/wide\/2026\/04\/27\/the-unseen-stage-markko-karus-road-to-letape-du-tour\/","name":"The Unseen Stage: Markko Karu\u2019s Road to L\u2019\u00c9tape du Tour","isPartOf":{"@id":"https:\/\/www.welovecycling.com\/wide\/#website"},"primaryImageOfPage":{"@id":"https:\/\/www.welovecycling.com\/wide\/2026\/04\/27\/the-unseen-stage-markko-karus-road-to-letape-du-tour\/#primaryimage"},"image":{"@id":"https:\/\/www.welovecycling.com\/wide\/2026\/04\/27\/the-unseen-stage-markko-karus-road-to-letape-du-tour\/#primaryimage"},"thumbnailUrl":"https:\/\/d2p6e6u75xmxt8.cloudfront.net\/2\/2026\/04\/Markko-1.webp","datePublished":"2026-04-27T14:59:43+00:00","dateModified":"2026-04-28T16:26:15+00:00","author":{"@id":"https:\/\/www.welovecycling.com\/wide\/#\/schema\/person\/50f01ecd18718d2333cf72e823c4f926"},"description":"The Unseen Stage strips cycling back to its rawest, most relatable form \u2013 not just the spectacle of race day, but the long, often invisible build-up. It","breadcrumb":{"@id":"https:\/\/www.welovecycling.com\/wide\/2026\/04\/27\/the-unseen-stage-markko-karus-road-to-letape-du-tour\/#breadcrumb"},"inLanguage":"en-US","potentialAction":[{"@type":"ReadAction","target":["https:\/\/www.welovecycling.com\/wide\/2026\/04\/27\/the-unseen-stage-markko-karus-road-to-letape-du-tour\/"]}]},{"@type":"ImageObject","inLanguage":"en-US","@id":"https:\/\/www.welovecycling.com\/wide\/2026\/04\/27\/the-unseen-stage-markko-karus-road-to-letape-du-tour\/#primaryimage","url":"https:\/\/d2p6e6u75xmxt8.cloudfront.net\/2\/2026\/04\/Markko-1.webp","contentUrl":"https:\/\/d2p6e6u75xmxt8.cloudfront.net\/2\/2026\/04\/Markko-1.webp","width":990,"height":660,"caption":"Markko Unseen Stage"},{"@type":"BreadcrumbList","@id":"https:\/\/www.welovecycling.com\/wide\/2026\/04\/27\/the-unseen-stage-markko-karus-road-to-letape-du-tour\/#breadcrumb","itemListElement":[{"@type":"ListItem","position":1,"name":"Home","item":"https:\/\/www.welovecycling.com\/wide\/"},{"@type":"ListItem","position":2,"name":"Chasing the Mountains, Mastering the Routine: Markko Karu\u2019s Road to L\u2019\u00c9tape"}]},{"@type":"WebSite","@id":"https:\/\/www.welovecycling.com\/wide\/#website","url":"https:\/\/www.welovecycling.com\/wide\/","name":"\u0160koda We Love Cycling","description":"\u0160koda We Love Cycling magazine","alternateName":"\u0160koda WLC","potentialAction":[{"@type":"SearchAction","target":{"@type":"EntryPoint","urlTemplate":"https:\/\/www.welovecycling.com\/wide\/?s={search_term_string}"},"query-input":{"@type":"PropertyValueSpecification","valueRequired":true,"valueName":"search_term_string"}}],"inLanguage":"en-US"},{"@type":"Person","@id":"https:\/\/www.welovecycling.com\/wide\/#\/schema\/person\/50f01ecd18718d2333cf72e823c4f926","name":"tereza","image":{"@type":"ImageObject","inLanguage":"en-US","@id":"https:\/\/www.welovecycling.com\/wide\/#\/schema\/person\/image\/","url":"https:\/\/secure.gravatar.com\/avatar\/1f9eb71be33845f0afabce3791bc1c58ecdb0a25c62964987e5dbcf7a20d2ec7?s=96&d=mm&r=g","contentUrl":"https:\/\/secure.gravatar.com\/avatar\/1f9eb71be33845f0afabce3791bc1c58ecdb0a25c62964987e5dbcf7a20d2ec7?s=96&d=mm&r=g","caption":"tereza"},"url":"https:\/\/www.welovecycling.com\/wide\/author\/tereza\/"}]}},"_links":{"self":[{"href":"https:\/\/www.welovecycling.com\/wide\/wp-json\/wp\/v2\/posts\/205233","targetHints":{"allow":["GET"]}}],"collection":[{"href":"https:\/\/www.welovecycling.com\/wide\/wp-json\/wp\/v2\/posts"}],"about":[{"href":"https:\/\/www.welovecycling.com\/wide\/wp-json\/wp\/v2\/types\/post"}],"author":[{"embeddable":true,"href":"https:\/\/www.welovecycling.com\/wide\/wp-json\/wp\/v2\/users\/99"}],"replies":[{"embeddable":true,"href":"https:\/\/www.welovecycling.com\/wide\/wp-json\/wp\/v2\/comments?post=205233"}],"version-history":[{"count":2,"href":"https:\/\/www.welovecycling.com\/wide\/wp-json\/wp\/v2\/posts\/205233\/revisions"}],"predecessor-version":[{"id":205238,"href":"https:\/\/www.welovecycling.com\/wide\/wp-json\/wp\/v2\/posts\/205233\/revisions\/205238"}],"wp:featuredmedia":[{"embeddable":true,"href":"https:\/\/www.welovecycling.com\/wide\/wp-json\/wp\/v2\/media\/205237"}],"wp:attachment":[{"href":"https:\/\/www.welovecycling.com\/wide\/wp-json\/wp\/v2\/media?parent=205233"}],"wp:term":[{"taxonomy":"category","embeddable":true,"href":"https:\/\/www.welovecycling.com\/wide\/wp-json\/wp\/v2\/categories?post=205233"},{"taxonomy":"post_tag","embeddable":true,"href":"https:\/\/www.welovecycling.com\/wide\/wp-json\/wp\/v2\/tags?post=205233"},{"taxonomy":"global-categories","embeddable":true,"href":"https:\/\/www.welovecycling.com\/wide\/wp-json\/wp\/v2\/global-categories?post=205233"}],"curies":[{"name":"wp","href":"https:\/\/api.w.org\/{rel}","templated":true}]}}