{"id":205228,"date":"2026-04-27T10:03:47","date_gmt":"2026-04-27T10:03:47","guid":{"rendered":"https:\/\/www.welovecycling.com\/wide\/?p=205228"},"modified":"2026-04-27T10:03:47","modified_gmt":"2026-04-27T10:03:47","slug":"demi-vollering-solos-to-third-liege-bastogne-liege-title","status":"publish","type":"post","link":"https:\/\/www.welovecycling.com\/wide\/2026\/04\/27\/demi-vollering-solos-to-third-liege-bastogne-liege-title\/","title":{"rendered":"\u201cI really wanted to go all-out for this victory and not have any regrets afterwards\u201d: Demi Vollering solos to third Li\u00e8ge-Bastogne-Li\u00e8ge title"},"content":{"rendered":"<p style=\"font-weight: 400;\"><strong>There was a plan, and then there was the execution. Demi Vollering didn\u2019t wait for a sprint this time at Li\u00e8ge-Bastogne-Li\u00e8ge Femmes.<\/strong><\/p>\n<p><!--more--><\/p>\n<p style=\"font-weight: 400;\">She went long, 35 kilometres long, from the C\u00f4te de la Redoute, and no one saw her again.<\/p>\n<p style=\"font-weight: 400;\">\u201cI really wanted to go all-out for this victory and not have any regrets afterwards. We made a plan to go from the Redoute. We wanted to have a teammate in front before, but that didn\u2019t really work out. Still, I went, and it was a long, long way from there, but I managed to finish it off.&#8221;<\/p>\n<h2><strong>A move that split the race for good<\/strong><\/h2>\n<p style=\"font-weight: 400;\">The race had been controlled, even tense, up to that point. Early moves came and went, none allowed much space. When the peloton hit La Redoute, the group was already reduced but still intact enough for a response.<\/p>\n<p style=\"font-weight: 400;\">Vollering made sure there wasn\u2019t one.<\/p>\n<p style=\"font-weight: 400;\">Her first acceleration thinned the group. The second, a few hundred metres later, ended the race. Behind her, <a href=\"https:\/\/www.welovecycling.com\/wide\/2025\/11\/19\/kasia-on-the-off-season-rest-reset-and-getting-ready-for-a-new-year\/\" target=\"_blank\" rel=\"noopener\">Kasia Niewiadoma-Phinney,<\/a> Puck Pieterse and others tried to organise a chase, but the gap opened quickly and steadily.<\/p>\n<h2><strong>Extending, not just holding<\/strong><\/h2>\n<p style=\"font-weight: 400;\">This wasn\u2019t a defensive solo. Vollering didn\u2019t just hold a margin, she built it. Across the rolling terrain after La Redoute, she increased her advantage to over a minute. Even as the chasers reshaped behind her, the gap never stabilised. By the final 10 kilometres, the outcome was no longer in doubt.<\/p>\n<p style=\"font-weight: 400;\">For Vollering, the move wasn\u2019t reactive. It was the race she came to ride.<\/p>\n<p style=\"font-weight: 400;\">\u201cI really wanted to win here again. I really love this race; it brings back so many good memories. Still being a club rider, I was already dreaming about it without knowing if there would ever be a women\u2019s race. Then, finally, we got one, I became a pro, and I won here for the third time. It\u2019s incredible, I\u2019m super proud. Women\u2019s sport deserves so much more,\u201d she said after the finish.<\/p>\n<h2><strong>The race behind the winner<\/strong><\/h2>\n<p style=\"font-weight: 400;\">The fight for second became its own race.<\/p>\n<p style=\"font-weight: 400;\">Pieterse eventually won the sprint from a three-rider group ahead of Niewiadoma-Phinney and Anna van der Breggen, who bridged across late after a strong solo effort.<\/p>\n<p style=\"font-weight: 400;\">Further back, the race continued to split and reform across the final climbs, but none of it changed the outcome at the front.<\/p>\n<h3><strong>Li\u00e8ge-Bastogne-Li\u00e8ge Femmes 2026 Results<\/strong><\/h3>\n<ol style=\"font-weight: 400;\">\n<li>Demi Vollering (FDJ-SUEZ) \u2014 solo<\/li>\n<li>Puck Pieterse (Fenix-Premier Tech) \u2014 +1:29<\/li>\n<li>Kasia Niewiadoma-Phinney (Canyon-SRAM) \u2014 +1:29<\/li>\n<li>Anna van der Breggen (SD Worx-Protime) \u2014 +1:29<\/li>\n<li>Paula Blasi (UAE Team ADQ) \u2014 +1:48<\/li>\n<li>Isabella Holmgren (Lidl-Trek) \u2014 +1:48<\/li>\n<li>Elise Chabbey (FDJ-SUEZ) \u2014 +1:48<\/li>\n<li>Magdeleine Valli\u00e8res (EF Education-Oatly) \u2014 +1:48<\/li>\n<li>Juliette Berthet (FDJ-SUEZ) \u2014 +1:48<\/li>\n<li>Axelle Dubau-Pr\u00e9vot (EF Education-Oatly) \u2014 +1:48<\/li>\n<\/ol>\n","protected":false},"excerpt":{"rendered":"<p>There was a plan, and then there was the execution. Demi Vollering didn\u2019t wait for a sprint this time at [&hellip;]<\/p>\n","protected":false},"author":99,"featured_media":205229,"comment_status":"closed","ping_status":"open","sticky":false,"template":"","format":"standard","meta":{"footnotes":""},"categories":[329],"tags":[9013,9012,2158,3771,8624,6064],"global-categories":[3366],"class_list":["post-205228","post","type-post","status-publish","format-standard","has-post-thumbnail","hentry","category-road-cycling","tag-2026-liege-bastogne-liege","tag-2026-liege-bastogne-liege-femmes","tag-anna-van-der-breggen","tag-demi-vollering","tag-kasia-niewiadoma-phinney","tag-puck-pieterse","global-categories-cycling"],"yoast_head":"<!-- This site is optimized with the Yoast SEO Premium plugin v25.3 (Yoast SEO v25.9) - https:\/\/yoast.com\/wordpress\/plugins\/seo\/ -->\n<title>Demi Vollering Solos to Third Li\u00e8ge-Bastogne-Li\u00e8ge Title<\/title>\n<meta name=\"description\" content=\"There was a plan, and then there was the execution. Demi Vollering didn\u2019t wait for a sprint this time at Li\u00e8ge-Bastogne-Li\u00e8ge Femmes. She went long, 35\" \/>\n<meta name=\"robots\" content=\"index, follow, max-snippet:-1, max-image-preview:large, max-video-preview:-1\" \/>\n<link rel=\"canonical\" href=\"https:\/\/www.welovecycling.com\/wide\/2026\/04\/27\/demi-vollering-solos-to-third-liege-bastogne-liege-title\/\" \/>\n<meta property=\"og:locale\" content=\"en_US\" \/>\n<meta property=\"og:type\" content=\"article\" \/>\n<meta property=\"og:title\" content=\"\u201cI really wanted to go all-out for this victory and not have any regrets afterwards\u201d: Demi Vollering solos to third Li\u00e8ge-Bastogne-Li\u00e8ge title\" \/>\n<meta property=\"og:description\" content=\"There was a plan, and then there was the execution. Demi Vollering didn\u2019t wait for a sprint this time at Li\u00e8ge-Bastogne-Li\u00e8ge Femmes. She went long, 35\" \/>\n<meta property=\"og:url\" content=\"https:\/\/www.welovecycling.com\/wide\/2026\/04\/27\/demi-vollering-solos-to-third-liege-bastogne-liege-title\/\" \/>\n<meta property=\"og:site_name\" content=\"\u0160koda We Love Cycling\" \/>\n<meta property=\"article:published_time\" content=\"2026-04-27T10:03:47+00:00\" \/>\n<meta property=\"og:image\" content=\"https:\/\/d2p6e6u75xmxt8.cloudfront.net\/2\/2026\/04\/Demi-Vollering-Liege-profimedia-1094555702-CVR.webp\" \/>\n\t<meta property=\"og:image:width\" content=\"990\" \/>\n\t<meta property=\"og:image:height\" content=\"660\" \/>\n\t<meta property=\"og:image:type\" content=\"image\/webp\" \/>\n<meta name=\"author\" content=\"tereza\" \/>\n<meta name=\"twitter:card\" content=\"summary_large_image\" \/>\n<meta name=\"twitter:label1\" content=\"Written by\" \/>\n\t<meta name=\"twitter:data1\" content=\"Monica Buck\" \/>\n\t<meta name=\"twitter:label2\" content=\"Est. reading time\" \/>\n\t<meta name=\"twitter:data2\" content=\"2\" \/>\n<script type=\"application\/ld+json\" class=\"yoast-schema-graph\">{\"@context\":\"https:\/\/schema.org\",\"@graph\":[{\"@type\":\"WebPage\",\"@id\":\"https:\/\/www.welovecycling.com\/wide\/2026\/04\/27\/demi-vollering-solos-to-third-liege-bastogne-liege-title\/\",\"url\":\"https:\/\/www.welovecycling.com\/wide\/2026\/04\/27\/demi-vollering-solos-to-third-liege-bastogne-liege-title\/\",\"name\":\"Demi Vollering Solos to Third Li\u00e8ge-Bastogne-Li\u00e8ge Title\",\"isPartOf\":{\"@id\":\"https:\/\/www.welovecycling.com\/wide\/#website\"},\"primaryImageOfPage\":{\"@id\":\"https:\/\/www.welovecycling.com\/wide\/2026\/04\/27\/demi-vollering-solos-to-third-liege-bastogne-liege-title\/#primaryimage\"},\"image\":{\"@id\":\"https:\/\/www.welovecycling.com\/wide\/2026\/04\/27\/demi-vollering-solos-to-third-liege-bastogne-liege-title\/#primaryimage\"},\"thumbnailUrl\":\"https:\/\/d2p6e6u75xmxt8.cloudfront.net\/2\/2026\/04\/Demi-Vollering-Liege-profimedia-1094555702-CVR.webp\",\"datePublished\":\"2026-04-27T10:03:47+00:00\",\"author\":{\"@id\":\"https:\/\/www.welovecycling.com\/wide\/#\/schema\/person\/50f01ecd18718d2333cf72e823c4f926\"},\"description\":\"There was a plan, and then there was the execution. Demi Vollering didn\u2019t wait for a sprint this time at Li\u00e8ge-Bastogne-Li\u00e8ge Femmes. She went long, 35\",\"breadcrumb\":{\"@id\":\"https:\/\/www.welovecycling.com\/wide\/2026\/04\/27\/demi-vollering-solos-to-third-liege-bastogne-liege-title\/#breadcrumb\"},\"inLanguage\":\"en-US\",\"potentialAction\":[{\"@type\":\"ReadAction\",\"target\":[\"https:\/\/www.welovecycling.com\/wide\/2026\/04\/27\/demi-vollering-solos-to-third-liege-bastogne-liege-title\/\"]}]},{\"@type\":\"ImageObject\",\"inLanguage\":\"en-US\",\"@id\":\"https:\/\/www.welovecycling.com\/wide\/2026\/04\/27\/demi-vollering-solos-to-third-liege-bastogne-liege-title\/#primaryimage\",\"url\":\"https:\/\/d2p6e6u75xmxt8.cloudfront.net\/2\/2026\/04\/Demi-Vollering-Liege-profimedia-1094555702-CVR.webp\",\"contentUrl\":\"https:\/\/d2p6e6u75xmxt8.cloudfront.net\/2\/2026\/04\/Demi-Vollering-Liege-profimedia-1094555702-CVR.webp\",\"width\":990,\"height\":660,\"caption\":\"Demi Vollering\"},{\"@type\":\"BreadcrumbList\",\"@id\":\"https:\/\/www.welovecycling.com\/wide\/2026\/04\/27\/demi-vollering-solos-to-third-liege-bastogne-liege-title\/#breadcrumb\",\"itemListElement\":[{\"@type\":\"ListItem\",\"position\":1,\"name\":\"Home\",\"item\":\"https:\/\/www.welovecycling.com\/wide\/\"},{\"@type\":\"ListItem\",\"position\":2,\"name\":\"\u201cI really wanted to go all-out for this victory and not have any regrets afterwards\u201d: Demi Vollering solos to third Li\u00e8ge-Bastogne-Li\u00e8ge title\"}]},{\"@type\":\"WebSite\",\"@id\":\"https:\/\/www.welovecycling.com\/wide\/#website\",\"url\":\"https:\/\/www.welovecycling.com\/wide\/\",\"name\":\"\u0160koda We Love Cycling\",\"description\":\"\u0160koda We Love Cycling magazine\",\"alternateName\":\"\u0160koda WLC\",\"potentialAction\":[{\"@type\":\"SearchAction\",\"target\":{\"@type\":\"EntryPoint\",\"urlTemplate\":\"https:\/\/www.welovecycling.com\/wide\/?s={search_term_string}\"},\"query-input\":{\"@type\":\"PropertyValueSpecification\",\"valueRequired\":true,\"valueName\":\"search_term_string\"}}],\"inLanguage\":\"en-US\"},{\"@type\":\"Person\",\"@id\":\"https:\/\/www.welovecycling.com\/wide\/#\/schema\/person\/50f01ecd18718d2333cf72e823c4f926\",\"name\":\"tereza\",\"image\":{\"@type\":\"ImageObject\",\"inLanguage\":\"en-US\",\"@id\":\"https:\/\/www.welovecycling.com\/wide\/#\/schema\/person\/image\/\",\"url\":\"https:\/\/secure.gravatar.com\/avatar\/1f9eb71be33845f0afabce3791bc1c58ecdb0a25c62964987e5dbcf7a20d2ec7?s=96&d=mm&r=g\",\"contentUrl\":\"https:\/\/secure.gravatar.com\/avatar\/1f9eb71be33845f0afabce3791bc1c58ecdb0a25c62964987e5dbcf7a20d2ec7?s=96&d=mm&r=g\",\"caption\":\"tereza\"},\"url\":\"https:\/\/www.welovecycling.com\/wide\/author\/tereza\/\"}]}<\/script>\n<!-- \/ Yoast SEO Premium plugin. -->","yoast_head_json":{"title":"Demi Vollering Solos to Third Li\u00e8ge-Bastogne-Li\u00e8ge Title","description":"There was a plan, and then there was the execution. Demi Vollering didn\u2019t wait for a sprint this time at Li\u00e8ge-Bastogne-Li\u00e8ge Femmes. She went long, 35","robots":{"index":"index","follow":"follow","max-snippet":"max-snippet:-1","max-image-preview":"max-image-preview:large","max-video-preview":"max-video-preview:-1"},"canonical":"https:\/\/www.welovecycling.com\/wide\/2026\/04\/27\/demi-vollering-solos-to-third-liege-bastogne-liege-title\/","og_locale":"en_US","og_type":"article","og_title":"\u201cI really wanted to go all-out for this victory and not have any regrets afterwards\u201d: Demi Vollering solos to third Li\u00e8ge-Bastogne-Li\u00e8ge title","og_description":"There was a plan, and then there was the execution. Demi Vollering didn\u2019t wait for a sprint this time at Li\u00e8ge-Bastogne-Li\u00e8ge Femmes. She went long, 35","og_url":"https:\/\/www.welovecycling.com\/wide\/2026\/04\/27\/demi-vollering-solos-to-third-liege-bastogne-liege-title\/","og_site_name":"\u0160koda We Love Cycling","article_published_time":"2026-04-27T10:03:47+00:00","og_image":[{"width":990,"height":660,"url":"https:\/\/d2p6e6u75xmxt8.cloudfront.net\/2\/2026\/04\/Demi-Vollering-Liege-profimedia-1094555702-CVR.webp","type":"image\/webp"}],"author":"tereza","twitter_card":"summary_large_image","twitter_misc":{"Written by":"Monica Buck","Est. reading time":"2"},"schema":{"@context":"https:\/\/schema.org","@graph":[{"@type":"WebPage","@id":"https:\/\/www.welovecycling.com\/wide\/2026\/04\/27\/demi-vollering-solos-to-third-liege-bastogne-liege-title\/","url":"https:\/\/www.welovecycling.com\/wide\/2026\/04\/27\/demi-vollering-solos-to-third-liege-bastogne-liege-title\/","name":"Demi Vollering Solos to Third Li\u00e8ge-Bastogne-Li\u00e8ge Title","isPartOf":{"@id":"https:\/\/www.welovecycling.com\/wide\/#website"},"primaryImageOfPage":{"@id":"https:\/\/www.welovecycling.com\/wide\/2026\/04\/27\/demi-vollering-solos-to-third-liege-bastogne-liege-title\/#primaryimage"},"image":{"@id":"https:\/\/www.welovecycling.com\/wide\/2026\/04\/27\/demi-vollering-solos-to-third-liege-bastogne-liege-title\/#primaryimage"},"thumbnailUrl":"https:\/\/d2p6e6u75xmxt8.cloudfront.net\/2\/2026\/04\/Demi-Vollering-Liege-profimedia-1094555702-CVR.webp","datePublished":"2026-04-27T10:03:47+00:00","author":{"@id":"https:\/\/www.welovecycling.com\/wide\/#\/schema\/person\/50f01ecd18718d2333cf72e823c4f926"},"description":"There was a plan, and then there was the execution. Demi Vollering didn\u2019t wait for a sprint this time at Li\u00e8ge-Bastogne-Li\u00e8ge Femmes. She went long, 35","breadcrumb":{"@id":"https:\/\/www.welovecycling.com\/wide\/2026\/04\/27\/demi-vollering-solos-to-third-liege-bastogne-liege-title\/#breadcrumb"},"inLanguage":"en-US","potentialAction":[{"@type":"ReadAction","target":["https:\/\/www.welovecycling.com\/wide\/2026\/04\/27\/demi-vollering-solos-to-third-liege-bastogne-liege-title\/"]}]},{"@type":"ImageObject","inLanguage":"en-US","@id":"https:\/\/www.welovecycling.com\/wide\/2026\/04\/27\/demi-vollering-solos-to-third-liege-bastogne-liege-title\/#primaryimage","url":"https:\/\/d2p6e6u75xmxt8.cloudfront.net\/2\/2026\/04\/Demi-Vollering-Liege-profimedia-1094555702-CVR.webp","contentUrl":"https:\/\/d2p6e6u75xmxt8.cloudfront.net\/2\/2026\/04\/Demi-Vollering-Liege-profimedia-1094555702-CVR.webp","width":990,"height":660,"caption":"Demi Vollering"},{"@type":"BreadcrumbList","@id":"https:\/\/www.welovecycling.com\/wide\/2026\/04\/27\/demi-vollering-solos-to-third-liege-bastogne-liege-title\/#breadcrumb","itemListElement":[{"@type":"ListItem","position":1,"name":"Home","item":"https:\/\/www.welovecycling.com\/wide\/"},{"@type":"ListItem","position":2,"name":"\u201cI really wanted to go all-out for this victory and not have any regrets afterwards\u201d: Demi Vollering solos to third Li\u00e8ge-Bastogne-Li\u00e8ge title"}]},{"@type":"WebSite","@id":"https:\/\/www.welovecycling.com\/wide\/#website","url":"https:\/\/www.welovecycling.com\/wide\/","name":"\u0160koda We Love Cycling","description":"\u0160koda We Love Cycling magazine","alternateName":"\u0160koda WLC","potentialAction":[{"@type":"SearchAction","target":{"@type":"EntryPoint","urlTemplate":"https:\/\/www.welovecycling.com\/wide\/?s={search_term_string}"},"query-input":{"@type":"PropertyValueSpecification","valueRequired":true,"valueName":"search_term_string"}}],"inLanguage":"en-US"},{"@type":"Person","@id":"https:\/\/www.welovecycling.com\/wide\/#\/schema\/person\/50f01ecd18718d2333cf72e823c4f926","name":"tereza","image":{"@type":"ImageObject","inLanguage":"en-US","@id":"https:\/\/www.welovecycling.com\/wide\/#\/schema\/person\/image\/","url":"https:\/\/secure.gravatar.com\/avatar\/1f9eb71be33845f0afabce3791bc1c58ecdb0a25c62964987e5dbcf7a20d2ec7?s=96&d=mm&r=g","contentUrl":"https:\/\/secure.gravatar.com\/avatar\/1f9eb71be33845f0afabce3791bc1c58ecdb0a25c62964987e5dbcf7a20d2ec7?s=96&d=mm&r=g","caption":"tereza"},"url":"https:\/\/www.welovecycling.com\/wide\/author\/tereza\/"}]}},"_links":{"self":[{"href":"https:\/\/www.welovecycling.com\/wide\/wp-json\/wp\/v2\/posts\/205228","targetHints":{"allow":["GET"]}}],"collection":[{"href":"https:\/\/www.welovecycling.com\/wide\/wp-json\/wp\/v2\/posts"}],"about":[{"href":"https:\/\/www.welovecycling.com\/wide\/wp-json\/wp\/v2\/types\/post"}],"author":[{"embeddable":true,"href":"https:\/\/www.welovecycling.com\/wide\/wp-json\/wp\/v2\/users\/99"}],"replies":[{"embeddable":true,"href":"https:\/\/www.welovecycling.com\/wide\/wp-json\/wp\/v2\/comments?post=205228"}],"version-history":[{"count":1,"href":"https:\/\/www.welovecycling.com\/wide\/wp-json\/wp\/v2\/posts\/205228\/revisions"}],"predecessor-version":[{"id":205230,"href":"https:\/\/www.welovecycling.com\/wide\/wp-json\/wp\/v2\/posts\/205228\/revisions\/205230"}],"wp:featuredmedia":[{"embeddable":true,"href":"https:\/\/www.welovecycling.com\/wide\/wp-json\/wp\/v2\/media\/205229"}],"wp:attachment":[{"href":"https:\/\/www.welovecycling.com\/wide\/wp-json\/wp\/v2\/media?parent=205228"}],"wp:term":[{"taxonomy":"category","embeddable":true,"href":"https:\/\/www.welovecycling.com\/wide\/wp-json\/wp\/v2\/categories?post=205228"},{"taxonomy":"post_tag","embeddable":true,"href":"https:\/\/www.welovecycling.com\/wide\/wp-json\/wp\/v2\/tags?post=205228"},{"taxonomy":"global-categories","embeddable":true,"href":"https:\/\/www.welovecycling.com\/wide\/wp-json\/wp\/v2\/global-categories?post=205228"}],"curies":[{"name":"wp","href":"https:\/\/api.w.org\/{rel}","templated":true}]}}