{"id":205225,"date":"2026-04-27T07:11:49","date_gmt":"2026-04-27T07:11:49","guid":{"rendered":"https:\/\/www.welovecycling.com\/wide\/?p=205225"},"modified":"2026-04-27T07:12:32","modified_gmt":"2026-04-27T07:12:32","slug":"pogacar-wins-crazy-fast-liege-bastogne-liege-but-so-does-seixas","status":"publish","type":"post","link":"https:\/\/www.welovecycling.com\/wide\/2026\/04\/27\/pogacar-wins-crazy-fast-liege-bastogne-liege-but-so-does-seixas\/","title":{"rendered":"Poga\u010dar Wins Crazy, Fast Li\u00e8ge-Bastogne-Li\u00e8ge \u2013 But So Does Seixas"},"content":{"rendered":"<p data-start=\"0\" data-end=\"473\"><strong>There were two winners of Sunday\u2019s Li\u00e8ge-Bastogne-Li\u00e8ge: Tadej Poga\u010dar (UAE Team Emirates\u2013XRG) won the race for the third time in a row, and teenager Paul Seixas won the hearts of racing fans everywhere \u2013 and the world champion\u2019s respect \u2013 by staying with him, for a while, when he made his patented, irresistible attack and proving once again that he is the genuine article, a superstar in the making.<\/strong><\/p>\n<p data-start=\"0\" data-end=\"473\"><!--more--><\/p>\n<h2 data-start=\"475\" data-end=\"1021\"><strong>A winner\u2019s win and a winning loss<\/strong><\/h2>\n<p data-start=\"475\" data-end=\"1021\">As he had in the last two editions of the race, Poga\u010dar (UAE Team Emirates\u2013XRG) attacked about 35 km from the finish, on the slopes of the C\u00f4te de la Redoute (1.6 km @ 9.4%, max. 20%), and for the first time in a long time he wasn\u2019t alone when he sat up again. Because the 19-year-old Seixas (Decathlon CMA CGM) was right on his wheel, and he stayed there all the way to the summit, as Remco Evenepoel (Red Bull\u2013BORA\u2013hansgrohe) and the other pretenders to the throne were left behind as if glued to the spot.<\/p>\n<p data-start=\"1023\" data-end=\"1603\">For 30 minutes, and 20 km, this cycling fan\u2019s heart beat double time as Seixas rode with Poga\u010dar down the descent and on the flat, even taking turns in front, and the hope grew that the Slovenian great had finally met an equal. But on the cruel C\u00f4te de la Roche-aux-Faucons (1.3 km @ 11%, max. 16%), the last of 11 categorized climbs, it all changed. Poga\u010dar put the hammer down once, looked back at Seixas, who was still there. Then, with 14 km left to ride in the race and 580 meters from the summit, he accelerated again, and this time the courageous French teenager cracked.<\/p>\n<p data-start=\"1605\" data-end=\"2102\">At the end, Poga\u010dar\u2019s winning margin was 45 seconds, which says little about how impressive Seixas\u2019 performance was. After last year\u2019s Il Lombardia, where he finished seventh, this was only the second time he had ridden such a long one-day race, 259.5 km, which included nearly 4,400 meters of altitude gained. And to go toe-to-toe with one of the greatest riders of all time, and beat Evenepoel and other top riders by 1 minute, makes him a winner too in my book. I mean, he\u2019s still just a kid.<\/p>\n<p data-start=\"2104\" data-end=\"2458\">Poga\u010dar was certainly impressed and waited for him at the finish line to pay him his respect. Later, he told TNT Sports, &#8220;On La Redoute I was really going deep, and I could see that <a href=\"https:\/\/www.welovecycling.com\/wide\/2026\/04\/16\/paul-seixas-the-teenager-with-superpowers\/\" target=\"_blank\" rel=\"noopener\">Seixas<\/a> was a little bit on the elastic. But over the top he came next to me and I was like, &#8216;OK, really impressed&#8217;, and then he was also pulling quite strong all the way.<\/p>\n<p data-start=\"2460\" data-end=\"2834\">\u201cHe worked and we opened up a big gap, which was good for us, and then I was maybe, in the back of my head, preparing already to do a sprint, because he was so strong. But I then tried on Roche-aux-Faucons with my pace. I know the climb super well, and it suits me well, and luckily, he dropped. But I was prepared to go head-to-head in a sprint with him [at the finish].\u201d<\/p>\n<blockquote class=\"instagram-media\" style=\"background: #FFF; border: 0; border-radius: 3px; box-shadow: 0 0 1px 0 rgba(0,0,0,0.5),0 1px 10px 0 rgba(0,0,0,0.15); margin: 1px; max-width: 540px; min-width: 326px; padding: 0; width: calc(100% - 2px);\" data-instgrm-captioned=\"\" data-instgrm-permalink=\"https:\/\/www.instagram.com\/reel\/DXj4eu0jmnH\/?utm_source=ig_embed&amp;utm_campaign=loading\" data-instgrm-version=\"14\">\n<div style=\"padding: 16px;\">\n<p>&nbsp;<\/p>\n<div style=\"display: flex; flex-direction: row; align-items: center;\">\n<div style=\"background-color: #f4f4f4; border-radius: 50%; flex-grow: 0; height: 40px; margin-right: 14px; width: 40px;\"><\/div>\n<div style=\"display: flex; flex-direction: column; flex-grow: 1; justify-content: center;\">\n<div style=\"background-color: #f4f4f4; border-radius: 4px; flex-grow: 0; height: 14px; margin-bottom: 6px; width: 100px;\"><\/div>\n<div style=\"background-color: #f4f4f4; border-radius: 4px; flex-grow: 0; height: 14px; width: 60px;\"><\/div>\n<\/div>\n<\/div>\n<div style=\"padding: 19% 0;\"><\/div>\n<div style=\"display: block; height: 50px; margin: 0 auto 12px; width: 50px;\"><\/div>\n<div style=\"padding-top: 8px;\">\n<div style=\"color: #3897f0; font-family: Arial,sans-serif; font-size: 14px; font-style: normal; font-weight: 550; line-height: 18px;\">Zobrazit p\u0159\u00edsp\u011bvek na Instagramu<\/div>\n<\/div>\n<div style=\"padding: 12.5% 0;\"><\/div>\n<div style=\"display: flex; flex-direction: row; margin-bottom: 14px; align-items: center;\">\n<div>\n<div style=\"background-color: #f4f4f4; border-radius: 50%; height: 12.5px; width: 12.5px; transform: translateX(0px) translateY(7px);\"><\/div>\n<div style=\"background-color: #f4f4f4; height: 12.5px; transform: rotate(-45deg) translateX(3px) translateY(1px); width: 12.5px; flex-grow: 0; margin-right: 14px; margin-left: 2px;\"><\/div>\n<div style=\"background-color: #f4f4f4; border-radius: 50%; height: 12.5px; width: 12.5px; transform: translateX(9px) translateY(-18px);\"><\/div>\n<\/div>\n<div style=\"margin-left: 8px;\">\n<div style=\"background-color: #f4f4f4; border-radius: 50%; flex-grow: 0; height: 20px; width: 20px;\"><\/div>\n<div style=\"width: 0; height: 0; border-top: 2px solid transparent; border-left: 6px solid #f4f4f4; border-bottom: 2px solid transparent; transform: translateX(16px) translateY(-4px) rotate(30deg);\"><\/div>\n<\/div>\n<div style=\"margin-left: auto;\">\n<div style=\"width: 0px; border-top: 8px solid #F4F4F4; border-right: 8px solid transparent; transform: translateY(16px);\"><\/div>\n<div style=\"background-color: #f4f4f4; flex-grow: 0; height: 12px; width: 16px; transform: translateY(-4px);\"><\/div>\n<div style=\"width: 0; height: 0; border-top: 8px solid #F4F4F4; border-left: 8px solid transparent; transform: translateY(-4px) translateX(8px);\"><\/div>\n<\/div>\n<\/div>\n<div style=\"display: flex; flex-direction: column; flex-grow: 1; justify-content: center; margin-bottom: 24px;\">\n<div style=\"background-color: #f4f4f4; border-radius: 4px; flex-grow: 0; height: 14px; margin-bottom: 6px; width: 224px;\"><\/div>\n<div style=\"background-color: #f4f4f4; border-radius: 4px; flex-grow: 0; height: 14px; width: 144px;\"><\/div>\n<\/div>\n<p>&nbsp;<\/p>\n<p style=\"color: #c9c8cd; font-family: Arial,sans-serif; font-size: 14px; line-height: 17px; margin-bottom: 0; margin-top: 8px; overflow: hidden; padding: 8px 0 7px; text-align: center; text-overflow: ellipsis; white-space: nowrap;\"><a style=\"color: #c9c8cd; font-family: Arial,sans-serif; font-size: 14px; font-style: normal; font-weight: normal; line-height: 17px; text-decoration: none;\" href=\"https:\/\/www.instagram.com\/reel\/DXj4eu0jmnH\/?utm_source=ig_embed&amp;utm_campaign=loading\" target=\"_blank\" rel=\"noopener\">P\u0159\u00edsp\u011bvek sd\u00edlen\u00fd Li\u00e8ge-Bastogne-Li\u00e8ge Challenge (@lblchallenge)<\/a><\/p>\n<\/div>\n<\/blockquote>\n<p><script async src=\"\/\/www.instagram.com\/embed.js\"><\/script><\/p>\n<p data-start=\"2836\" data-end=\"3237\">Seixas was visibly disappointed when he crossed the finish line. \u201cI wasn\u2019t too far away from winning,\u201d he said. \u201cI gave it everything, but Tadej was stronger than me. I was already having difficulty on La Redoute, but I held on. I did a few turns after that, but then he went again and I just couldn\u2019t go with him.\u201d How many riders have said that in the past? But how many of them were 19 years old?<\/p>\n<p data-start=\"3239\" data-end=\"3754\">Evenepoel won the sprint for the final spot on the podium, finishing 1:42 behind the winner, a disappointment for the Olympic champion as he finished the spring classics season with one victory and two third places to show for the three Ardennes classics he rode in. Still, he tried to be upbeat. \u201cThird in the end is a pretty okay result,\u201d he said. \u201cI think I had to kind of recover a bit from being in the break, and then I gave it the maximum to go for the podium. Being again on the podium is a good feeling.\u201d<\/p>\n<h2 data-start=\"3756\" data-end=\"4281\"><strong>A crash, a split, and now what?<\/strong><\/h2>\n<p data-start=\"3756\" data-end=\"4281\">The race may have ended with a bang, but it began with a crash involving Ion Izagirre (Cofidis) and Andrea Vendrame (Jayco AlUla), which effectively split the peloton in two, with Evenepoel, Egan Bernal (INEOS Grenadiers) and 50 other riders in front and Poga\u010dar, Seixas and the rest of the peloton behind. Red Bull and INEOS immediately sought to take advantage of the split and sent their riders in front to open a gap. The gap to the peloton reached 4:00 with about 150 km left to ride.<\/p>\n<p data-start=\"4283\" data-end=\"4641\">But Poga\u010dar said he was never really worried about catching the front group. \u201cI was at the back, and I just followed the wheels,\u201d he said. \u201cI looked down, I saw we go fast, and then one moment I looked up and the group was split. But then after 20 minutes we realized it is not so bad to let them go. In these big groups there\u2019s not such good cooperation.\u201d<\/p>\n<p data-start=\"4643\" data-end=\"4941\">And that\u2019s what happened. Eventually the other teams in that front group refused to cooperate, and the peloton caught what remained of it 94 km from the finish. From that point on, it became a normal race, with a small breakaway group \u2013 which was caught in no time \u2013 and then the final dramatics.<\/p>\n<p data-start=\"4943\" data-end=\"5239\">&#8220;It means a lot to win one of the biggest races of the year again,&#8221; Poga\u010dar said. &#8220;I don&#8217;t have a lot of opportunities to win, because I don&#8217;t race a lot, so it&#8217;s a lot of pressure for me to deliver on days like today, and I&#8217;m really happy that we succeeded. I couldn&#8217;t be prouder of the team.&#8221;<\/p>\n<p data-start=\"5241\" data-end=\"5709\">In fact, his team was decisive again, with Tim Wellens working like a man possessed to catch the Evenepoel breakaway and Pavel Sivakov and Domen Novak setting up Poga\u010dar perfectly for the La Redoute attack. But this time, the big man had to work a little harder than usual. He has now won the race four times, one short of the five Li\u00e8ge-Bastogne-Li\u00e8ge victories of Eddy Merckx. It was also the Slovenian\u2019s 13th Monument victory, second-most behind the 19 of Merckx.<\/p>\n<p data-start=\"5711\" data-end=\"5868\">At 44.42 km\/h, this was by far the fastest <a href=\"https:\/\/www.liege-bastogne-liege.be\/en\/\">Li\u00e8ge-Bastogne-Li\u00e8ge<\/a> of all time. Of course, Poga\u010dar held the previous record of 41.98 km\/h, achieved last year.<\/p>\n<h4 data-start=\"5870\" data-end=\"5921\"><strong>Results Men\u2019s 2026 Liege-Bastogne-Liege, 259.5 km<\/strong><\/h4>\n<ol data-start=\"5922\" data-end=\"6667\" data-is-last-node=\"\" data-is-only-node=\"\">\n<li data-section-id=\"18ydu3t\" data-start=\"5922\" data-end=\"5990\">Tadej Pogacar, UAE Team Emirates\u2013XRG 05:50:28<\/li>\n<li data-section-id=\"1bedobg\" data-start=\"5991\" data-end=\"6065\">Paul Seixas, Decathlon CMA CGM +0:45<\/li>\n<li data-section-id=\"1jl6ad2\" data-start=\"6066\" data-end=\"6130\">Remco Evenepoel, Red Bull\u2013BORA\u2013hansgrohe +1:42<\/li>\n<li data-section-id=\"19wtjuv\" data-start=\"6131\" data-end=\"6204\">Emiel Verstrynge, Alpecin\u2013Premier Tech \u201c<\/li>\n<li data-section-id=\"1kbq58d\" data-start=\"6205\" data-end=\"6284\">Egan Bernal, INEOS Grenadiers \u201c<\/li>\n<li data-section-id=\"xu6i3f\" data-start=\"6285\" data-end=\"6366\">Pello Bilbao, Bahrain-Victorious \u201c<\/li>\n<li data-section-id=\"11mav5q\" data-start=\"6367\" data-end=\"6437\">Romain Gr\u00e9goire, Groupama\u2013FDJ United \u201c<\/li>\n<li data-section-id=\"x5kxo5\" data-start=\"6438\" data-end=\"6518\">Christian Scaroni, XDX Astana \u201c<\/li>\n<li data-section-id=\"1pn3fq8\" data-start=\"6519\" data-end=\"6589\">Tobias Halland Johannessen, Uno-X Mobility \u201c<\/li>\n<li data-section-id=\"x2d80h\" data-start=\"6590\" data-end=\"6667\" data-is-last-node=\"\">Filippo Zana, Soudal Quick-Step \u201c<\/li>\n<\/ol>\n","protected":false},"excerpt":{"rendered":"<p>There were two winners of Sunday\u2019s Li\u00e8ge-Bastogne-Li\u00e8ge: Tadej Poga\u010dar (UAE Team Emirates\u2013XRG) won the race for the third time in [&hellip;]<\/p>\n","protected":false},"author":99,"featured_media":205226,"comment_status":"closed","ping_status":"open","sticky":false,"template":"","format":"standard","meta":{"footnotes":""},"categories":[329],"tags":[9013,2621,1298,8752,3544,3415],"global-categories":[3366],"class_list":["post-205225","post","type-post","status-publish","format-standard","has-post-thumbnail","hentry","category-road-cycling","tag-2026-liege-bastogne-liege","tag-egan-bernal","tag-liege-bastogne-liege","tag-paul-seixas","tag-remco-evenepoel","tag-tadej-pogacar","global-categories-cycling"],"yoast_head":"<!-- This site is optimized with the Yoast SEO Premium plugin v25.3 (Yoast SEO v25.9) - https:\/\/yoast.com\/wordpress\/plugins\/seo\/ -->\n<title>Poga\u010dar Wins Crazy, Fast Li\u00e8ge-Bastogne-Li\u00e8ge \u2013 But So Does Seixas - \u0160koda We Love Cycling<\/title>\n<meta name=\"description\" content=\"There were two winners of Sunday\u2019s Li\u00e8ge-Bastogne-Li\u00e8ge: Tadej Poga\u010dar (UAE Team Emirates\u2013XRG) won the race for the third time in a row, and teenager Paul\" \/>\n<meta name=\"robots\" content=\"index, follow, max-snippet:-1, max-image-preview:large, max-video-preview:-1\" \/>\n<link rel=\"canonical\" href=\"https:\/\/www.welovecycling.com\/wide\/2026\/04\/27\/pogacar-wins-crazy-fast-liege-bastogne-liege-but-so-does-seixas\/\" \/>\n<meta property=\"og:locale\" content=\"en_US\" \/>\n<meta property=\"og:type\" content=\"article\" \/>\n<meta property=\"og:title\" content=\"Poga\u010dar Wins Crazy, Fast Li\u00e8ge-Bastogne-Li\u00e8ge \u2013 But So Does Seixas\" \/>\n<meta property=\"og:description\" content=\"There were two winners of Sunday\u2019s Li\u00e8ge-Bastogne-Li\u00e8ge: Tadej Poga\u010dar (UAE Team Emirates\u2013XRG) won the race for the third time in a row, and teenager Paul\" \/>\n<meta property=\"og:url\" content=\"https:\/\/www.welovecycling.com\/wide\/2026\/04\/27\/pogacar-wins-crazy-fast-liege-bastogne-liege-but-so-does-seixas\/\" \/>\n<meta property=\"og:site_name\" content=\"\u0160koda We Love Cycling\" \/>\n<meta property=\"article:published_time\" content=\"2026-04-27T07:11:49+00:00\" \/>\n<meta property=\"article:modified_time\" content=\"2026-04-27T07:12:32+00:00\" \/>\n<meta property=\"og:image\" content=\"https:\/\/d2p6e6u75xmxt8.cloudfront.net\/2\/2026\/04\/Tadej-Pogacar-Liege-Bastogne-Liege-profimedia-1094690064-CVR.webp\" \/>\n\t<meta property=\"og:image:width\" content=\"990\" \/>\n\t<meta property=\"og:image:height\" content=\"660\" \/>\n\t<meta property=\"og:image:type\" content=\"image\/webp\" \/>\n<meta name=\"author\" content=\"tereza\" \/>\n<meta name=\"twitter:card\" content=\"summary_large_image\" \/>\n<meta name=\"twitter:label1\" content=\"Written by\" \/>\n\t<meta name=\"twitter:data1\" content=\"Siegfried Mortkowitz\" \/>\n\t<meta name=\"twitter:label2\" content=\"Est. reading time\" \/>\n\t<meta name=\"twitter:data2\" content=\"2\" \/>\n<script type=\"application\/ld+json\" class=\"yoast-schema-graph\">{\"@context\":\"https:\/\/schema.org\",\"@graph\":[{\"@type\":\"WebPage\",\"@id\":\"https:\/\/www.welovecycling.com\/wide\/2026\/04\/27\/pogacar-wins-crazy-fast-liege-bastogne-liege-but-so-does-seixas\/\",\"url\":\"https:\/\/www.welovecycling.com\/wide\/2026\/04\/27\/pogacar-wins-crazy-fast-liege-bastogne-liege-but-so-does-seixas\/\",\"name\":\"Poga\u010dar Wins Crazy, Fast Li\u00e8ge-Bastogne-Li\u00e8ge \u2013 But So Does Seixas - \u0160koda We Love Cycling\",\"isPartOf\":{\"@id\":\"https:\/\/www.welovecycling.com\/wide\/#website\"},\"primaryImageOfPage\":{\"@id\":\"https:\/\/www.welovecycling.com\/wide\/2026\/04\/27\/pogacar-wins-crazy-fast-liege-bastogne-liege-but-so-does-seixas\/#primaryimage\"},\"image\":{\"@id\":\"https:\/\/www.welovecycling.com\/wide\/2026\/04\/27\/pogacar-wins-crazy-fast-liege-bastogne-liege-but-so-does-seixas\/#primaryimage\"},\"thumbnailUrl\":\"https:\/\/d2p6e6u75xmxt8.cloudfront.net\/2\/2026\/04\/Tadej-Pogacar-Liege-Bastogne-Liege-profimedia-1094690064-CVR.webp\",\"datePublished\":\"2026-04-27T07:11:49+00:00\",\"dateModified\":\"2026-04-27T07:12:32+00:00\",\"author\":{\"@id\":\"https:\/\/www.welovecycling.com\/wide\/#\/schema\/person\/50f01ecd18718d2333cf72e823c4f926\"},\"description\":\"There were two winners of Sunday\u2019s Li\u00e8ge-Bastogne-Li\u00e8ge: Tadej Poga\u010dar (UAE Team Emirates\u2013XRG) won the race for the third time in a row, and teenager Paul\",\"breadcrumb\":{\"@id\":\"https:\/\/www.welovecycling.com\/wide\/2026\/04\/27\/pogacar-wins-crazy-fast-liege-bastogne-liege-but-so-does-seixas\/#breadcrumb\"},\"inLanguage\":\"en-US\",\"potentialAction\":[{\"@type\":\"ReadAction\",\"target\":[\"https:\/\/www.welovecycling.com\/wide\/2026\/04\/27\/pogacar-wins-crazy-fast-liege-bastogne-liege-but-so-does-seixas\/\"]}]},{\"@type\":\"ImageObject\",\"inLanguage\":\"en-US\",\"@id\":\"https:\/\/www.welovecycling.com\/wide\/2026\/04\/27\/pogacar-wins-crazy-fast-liege-bastogne-liege-but-so-does-seixas\/#primaryimage\",\"url\":\"https:\/\/d2p6e6u75xmxt8.cloudfront.net\/2\/2026\/04\/Tadej-Pogacar-Liege-Bastogne-Liege-profimedia-1094690064-CVR.webp\",\"contentUrl\":\"https:\/\/d2p6e6u75xmxt8.cloudfront.net\/2\/2026\/04\/Tadej-Pogacar-Liege-Bastogne-Liege-profimedia-1094690064-CVR.webp\",\"width\":990,\"height\":660,\"caption\":\"Poga\u010dar\"},{\"@type\":\"BreadcrumbList\",\"@id\":\"https:\/\/www.welovecycling.com\/wide\/2026\/04\/27\/pogacar-wins-crazy-fast-liege-bastogne-liege-but-so-does-seixas\/#breadcrumb\",\"itemListElement\":[{\"@type\":\"ListItem\",\"position\":1,\"name\":\"Home\",\"item\":\"https:\/\/www.welovecycling.com\/wide\/\"},{\"@type\":\"ListItem\",\"position\":2,\"name\":\"Poga\u010dar Wins Crazy, Fast Li\u00e8ge-Bastogne-Li\u00e8ge \u2013 But So Does Seixas\"}]},{\"@type\":\"WebSite\",\"@id\":\"https:\/\/www.welovecycling.com\/wide\/#website\",\"url\":\"https:\/\/www.welovecycling.com\/wide\/\",\"name\":\"\u0160koda We Love Cycling\",\"description\":\"\u0160koda We Love Cycling magazine\",\"alternateName\":\"\u0160koda WLC\",\"potentialAction\":[{\"@type\":\"SearchAction\",\"target\":{\"@type\":\"EntryPoint\",\"urlTemplate\":\"https:\/\/www.welovecycling.com\/wide\/?s={search_term_string}\"},\"query-input\":{\"@type\":\"PropertyValueSpecification\",\"valueRequired\":true,\"valueName\":\"search_term_string\"}}],\"inLanguage\":\"en-US\"},{\"@type\":\"Person\",\"@id\":\"https:\/\/www.welovecycling.com\/wide\/#\/schema\/person\/50f01ecd18718d2333cf72e823c4f926\",\"name\":\"tereza\",\"image\":{\"@type\":\"ImageObject\",\"inLanguage\":\"en-US\",\"@id\":\"https:\/\/www.welovecycling.com\/wide\/#\/schema\/person\/image\/\",\"url\":\"https:\/\/secure.gravatar.com\/avatar\/1f9eb71be33845f0afabce3791bc1c58ecdb0a25c62964987e5dbcf7a20d2ec7?s=96&d=mm&r=g\",\"contentUrl\":\"https:\/\/secure.gravatar.com\/avatar\/1f9eb71be33845f0afabce3791bc1c58ecdb0a25c62964987e5dbcf7a20d2ec7?s=96&d=mm&r=g\",\"caption\":\"tereza\"},\"url\":\"https:\/\/www.welovecycling.com\/wide\/author\/tereza\/\"}]}<\/script>\n<!-- \/ Yoast SEO Premium plugin. -->","yoast_head_json":{"title":"Poga\u010dar Wins Crazy, Fast Li\u00e8ge-Bastogne-Li\u00e8ge \u2013 But So Does Seixas - \u0160koda We Love Cycling","description":"There were two winners of Sunday\u2019s Li\u00e8ge-Bastogne-Li\u00e8ge: Tadej Poga\u010dar (UAE Team Emirates\u2013XRG) won the race for the third time in a row, and teenager Paul","robots":{"index":"index","follow":"follow","max-snippet":"max-snippet:-1","max-image-preview":"max-image-preview:large","max-video-preview":"max-video-preview:-1"},"canonical":"https:\/\/www.welovecycling.com\/wide\/2026\/04\/27\/pogacar-wins-crazy-fast-liege-bastogne-liege-but-so-does-seixas\/","og_locale":"en_US","og_type":"article","og_title":"Poga\u010dar Wins Crazy, Fast Li\u00e8ge-Bastogne-Li\u00e8ge \u2013 But So Does Seixas","og_description":"There were two winners of Sunday\u2019s Li\u00e8ge-Bastogne-Li\u00e8ge: Tadej Poga\u010dar (UAE Team Emirates\u2013XRG) won the race for the third time in a row, and teenager Paul","og_url":"https:\/\/www.welovecycling.com\/wide\/2026\/04\/27\/pogacar-wins-crazy-fast-liege-bastogne-liege-but-so-does-seixas\/","og_site_name":"\u0160koda We Love Cycling","article_published_time":"2026-04-27T07:11:49+00:00","article_modified_time":"2026-04-27T07:12:32+00:00","og_image":[{"width":990,"height":660,"url":"https:\/\/d2p6e6u75xmxt8.cloudfront.net\/2\/2026\/04\/Tadej-Pogacar-Liege-Bastogne-Liege-profimedia-1094690064-CVR.webp","type":"image\/webp"}],"author":"tereza","twitter_card":"summary_large_image","twitter_misc":{"Written by":"Siegfried Mortkowitz","Est. reading time":"2"},"schema":{"@context":"https:\/\/schema.org","@graph":[{"@type":"WebPage","@id":"https:\/\/www.welovecycling.com\/wide\/2026\/04\/27\/pogacar-wins-crazy-fast-liege-bastogne-liege-but-so-does-seixas\/","url":"https:\/\/www.welovecycling.com\/wide\/2026\/04\/27\/pogacar-wins-crazy-fast-liege-bastogne-liege-but-so-does-seixas\/","name":"Poga\u010dar Wins Crazy, Fast Li\u00e8ge-Bastogne-Li\u00e8ge \u2013 But So Does Seixas - \u0160koda We Love Cycling","isPartOf":{"@id":"https:\/\/www.welovecycling.com\/wide\/#website"},"primaryImageOfPage":{"@id":"https:\/\/www.welovecycling.com\/wide\/2026\/04\/27\/pogacar-wins-crazy-fast-liege-bastogne-liege-but-so-does-seixas\/#primaryimage"},"image":{"@id":"https:\/\/www.welovecycling.com\/wide\/2026\/04\/27\/pogacar-wins-crazy-fast-liege-bastogne-liege-but-so-does-seixas\/#primaryimage"},"thumbnailUrl":"https:\/\/d2p6e6u75xmxt8.cloudfront.net\/2\/2026\/04\/Tadej-Pogacar-Liege-Bastogne-Liege-profimedia-1094690064-CVR.webp","datePublished":"2026-04-27T07:11:49+00:00","dateModified":"2026-04-27T07:12:32+00:00","author":{"@id":"https:\/\/www.welovecycling.com\/wide\/#\/schema\/person\/50f01ecd18718d2333cf72e823c4f926"},"description":"There were two winners of Sunday\u2019s Li\u00e8ge-Bastogne-Li\u00e8ge: Tadej Poga\u010dar (UAE Team Emirates\u2013XRG) won the race for the third time in a row, and teenager Paul","breadcrumb":{"@id":"https:\/\/www.welovecycling.com\/wide\/2026\/04\/27\/pogacar-wins-crazy-fast-liege-bastogne-liege-but-so-does-seixas\/#breadcrumb"},"inLanguage":"en-US","potentialAction":[{"@type":"ReadAction","target":["https:\/\/www.welovecycling.com\/wide\/2026\/04\/27\/pogacar-wins-crazy-fast-liege-bastogne-liege-but-so-does-seixas\/"]}]},{"@type":"ImageObject","inLanguage":"en-US","@id":"https:\/\/www.welovecycling.com\/wide\/2026\/04\/27\/pogacar-wins-crazy-fast-liege-bastogne-liege-but-so-does-seixas\/#primaryimage","url":"https:\/\/d2p6e6u75xmxt8.cloudfront.net\/2\/2026\/04\/Tadej-Pogacar-Liege-Bastogne-Liege-profimedia-1094690064-CVR.webp","contentUrl":"https:\/\/d2p6e6u75xmxt8.cloudfront.net\/2\/2026\/04\/Tadej-Pogacar-Liege-Bastogne-Liege-profimedia-1094690064-CVR.webp","width":990,"height":660,"caption":"Poga\u010dar"},{"@type":"BreadcrumbList","@id":"https:\/\/www.welovecycling.com\/wide\/2026\/04\/27\/pogacar-wins-crazy-fast-liege-bastogne-liege-but-so-does-seixas\/#breadcrumb","itemListElement":[{"@type":"ListItem","position":1,"name":"Home","item":"https:\/\/www.welovecycling.com\/wide\/"},{"@type":"ListItem","position":2,"name":"Poga\u010dar Wins Crazy, Fast Li\u00e8ge-Bastogne-Li\u00e8ge \u2013 But So Does Seixas"}]},{"@type":"WebSite","@id":"https:\/\/www.welovecycling.com\/wide\/#website","url":"https:\/\/www.welovecycling.com\/wide\/","name":"\u0160koda We Love Cycling","description":"\u0160koda We Love Cycling magazine","alternateName":"\u0160koda WLC","potentialAction":[{"@type":"SearchAction","target":{"@type":"EntryPoint","urlTemplate":"https:\/\/www.welovecycling.com\/wide\/?s={search_term_string}"},"query-input":{"@type":"PropertyValueSpecification","valueRequired":true,"valueName":"search_term_string"}}],"inLanguage":"en-US"},{"@type":"Person","@id":"https:\/\/www.welovecycling.com\/wide\/#\/schema\/person\/50f01ecd18718d2333cf72e823c4f926","name":"tereza","image":{"@type":"ImageObject","inLanguage":"en-US","@id":"https:\/\/www.welovecycling.com\/wide\/#\/schema\/person\/image\/","url":"https:\/\/secure.gravatar.com\/avatar\/1f9eb71be33845f0afabce3791bc1c58ecdb0a25c62964987e5dbcf7a20d2ec7?s=96&d=mm&r=g","contentUrl":"https:\/\/secure.gravatar.com\/avatar\/1f9eb71be33845f0afabce3791bc1c58ecdb0a25c62964987e5dbcf7a20d2ec7?s=96&d=mm&r=g","caption":"tereza"},"url":"https:\/\/www.welovecycling.com\/wide\/author\/tereza\/"}]}},"_links":{"self":[{"href":"https:\/\/www.welovecycling.com\/wide\/wp-json\/wp\/v2\/posts\/205225","targetHints":{"allow":["GET"]}}],"collection":[{"href":"https:\/\/www.welovecycling.com\/wide\/wp-json\/wp\/v2\/posts"}],"about":[{"href":"https:\/\/www.welovecycling.com\/wide\/wp-json\/wp\/v2\/types\/post"}],"author":[{"embeddable":true,"href":"https:\/\/www.welovecycling.com\/wide\/wp-json\/wp\/v2\/users\/99"}],"replies":[{"embeddable":true,"href":"https:\/\/www.welovecycling.com\/wide\/wp-json\/wp\/v2\/comments?post=205225"}],"version-history":[{"count":1,"href":"https:\/\/www.welovecycling.com\/wide\/wp-json\/wp\/v2\/posts\/205225\/revisions"}],"predecessor-version":[{"id":205227,"href":"https:\/\/www.welovecycling.com\/wide\/wp-json\/wp\/v2\/posts\/205225\/revisions\/205227"}],"wp:featuredmedia":[{"embeddable":true,"href":"https:\/\/www.welovecycling.com\/wide\/wp-json\/wp\/v2\/media\/205226"}],"wp:attachment":[{"href":"https:\/\/www.welovecycling.com\/wide\/wp-json\/wp\/v2\/media?parent=205225"}],"wp:term":[{"taxonomy":"category","embeddable":true,"href":"https:\/\/www.welovecycling.com\/wide\/wp-json\/wp\/v2\/categories?post=205225"},{"taxonomy":"post_tag","embeddable":true,"href":"https:\/\/www.welovecycling.com\/wide\/wp-json\/wp\/v2\/tags?post=205225"},{"taxonomy":"global-categories","embeddable":true,"href":"https:\/\/www.welovecycling.com\/wide\/wp-json\/wp\/v2\/global-categories?post=205225"}],"curies":[{"name":"wp","href":"https:\/\/api.w.org\/{rel}","templated":true}]}}