{"id":204877,"date":"2026-03-16T10:27:50","date_gmt":"2026-03-16T10:27:50","guid":{"rendered":"https:\/\/www.welovecycling.com\/wide\/?p=204877"},"modified":"2026-03-16T10:30:24","modified_gmt":"2026-03-16T10:30:24","slug":"after-training-setbacks-vingegaard-dominates-paris-nice-in-season-debut","status":"publish","type":"post","link":"https:\/\/www.welovecycling.com\/wide\/2026\/03\/16\/after-training-setbacks-vingegaard-dominates-paris-nice-in-season-debut\/","title":{"rendered":"After Training Setbacks, Vingegaard Dominates Paris-Nice in Season Debut"},"content":{"rendered":"<p data-start=\"76\" data-end=\"568\"><strong>Jonas Vingegaard returned from the accident and illness that disrupted his spring to score such a commanding victory in the Paris-Nice that it reminded onlookers of his rival and nemesis, Tadej Poga\u010dar. The winning margin to the rider who finished second, Daniel Mart\u00ednez (Red Bull\u2013BORA\u2013hansgrohe), was 4:23; the rider who finished third, Georg Steinhauser (EF Education\u2013EasyPost), was an astonishing 6:07 adrift, and K\u00e9vin Vauquelin (INEOS Grenadiers), in fourth, trailed Vingegaard by 6:24.<\/strong><\/p>\n<p data-start=\"76\" data-end=\"568\"><!--more--><\/p>\n<h2 data-start=\"570\" data-end=\"604\"><strong>Big gaps for \u2018killer\u2019 Vingegaard<\/strong><\/h2>\n<p data-start=\"606\" data-end=\"1151\">Those are gaps that Poga\u010dar usually has in the Tour de France after three weeks; Vingegaard registered this dominance in only eight days. But they were extraordinary days, particularly Wednesday\u2019s stage 4, when biting cold, lashing rain and strong crosswinds tore apart the peloton and caused dozens of crashes on the road \u2013 and no fewer than 15 DNFs (after a final count), including that of Juan Ayuso (Lidl-Trek), who was leading the race by 2 seconds when he crashed on a descent while riding in a small lead group that included Vingegaard.<\/p>\n<p data-start=\"1153\" data-end=\"1711\">The young Spaniard\u2019s absence in the rest of the stages makes it difficult to judge just how good Vingegaard\u2019s performance was because, though Mart\u00ednez, Steinhauser and Vauquelin are excellent riders, they are not in Poga\u010dar\u2019s league. Ayuso, on the other hand, is an almost-superstar and has been in good form with his new team, so he would have provided a more accurate measure. It would also have provided a yardstick for measuring how good the Spaniard is at the moment. And the rain-disrupted stage certainly helped inflate Vingegaard\u2019s winning margins.<\/p>\n<p data-start=\"1713\" data-end=\"2401\">But there was no mistaking the superstar quality of Vingegaard\u2019s performance in Thursday\u2019s stage 5. He took off 20.8km from the finish line, on a 13% ramp of the short but steep category 1 C\u00f4te de Saint-Jean-Muzols (2.2km @ 10.5%), and left his GC rivals spinning their pedals. Six kilometers later he led the seven-rider chase group by 32 seconds and continued to increase his lead over the last two climbs of the stage, crossing the line 2:02 ahead of Valentin Paret-Peintre (Soudal Quick-Step) and 2:25 in front of Harold Tejada (XDS Astana) and the rest of the chasers. (Tejada went on to win Friday\u2019s stage 6 with a short, impressive solo, registering his first WorldTour victory.)<\/p>\n<p data-start=\"2403\" data-end=\"2745\">As Vingegaard\u2019s invaluable teammate Victor Campenaerts put it after the stage, &#8220;Killer Jonas destroyed everybody. He\u2019s been very relaxed since the December training camp and feeling very ready for it. Clearly, when we came to Paris-Nice, already beforehand, [the goal] wasn\u2019t to do race miles or whatever. It was to come here and smash it.&#8221;<\/p>\n<blockquote class=\"instagram-media\" style=\"background: #FFF; border: 0; border-radius: 3px; box-shadow: 0 0 1px 0 rgba(0,0,0,0.5),0 1px 10px 0 rgba(0,0,0,0.15); margin: 1px; max-width: 540px; min-width: 326px; padding: 0; width: calc(100% - 2px);\" data-instgrm-captioned=\"\" data-instgrm-permalink=\"https:\/\/www.instagram.com\/p\/DV6TaYPDX6m\/?utm_source=ig_embed&amp;utm_campaign=loading\" data-instgrm-version=\"14\">\n<div style=\"padding: 16px;\">\n<p>&nbsp;<\/p>\n<div style=\"display: flex; flex-direction: row; align-items: center;\">\n<div style=\"background-color: #f4f4f4; border-radius: 50%; flex-grow: 0; height: 40px; margin-right: 14px; width: 40px;\"><\/div>\n<div style=\"display: flex; flex-direction: column; flex-grow: 1; justify-content: center;\">\n<div style=\"background-color: #f4f4f4; border-radius: 4px; flex-grow: 0; height: 14px; margin-bottom: 6px; width: 100px;\"><\/div>\n<div style=\"background-color: #f4f4f4; border-radius: 4px; flex-grow: 0; height: 14px; width: 60px;\"><\/div>\n<\/div>\n<\/div>\n<div style=\"padding: 19% 0;\"><\/div>\n<div style=\"display: block; height: 50px; margin: 0 auto 12px; width: 50px;\"><\/div>\n<div style=\"padding-top: 8px;\">\n<div style=\"color: #3897f0; font-family: Arial,sans-serif; font-size: 14px; font-style: normal; font-weight: 550; line-height: 18px;\">Zobrazit p\u0159\u00edsp\u011bvek na Instagramu<\/div>\n<\/div>\n<div style=\"padding: 12.5% 0;\"><\/div>\n<div style=\"display: flex; flex-direction: row; margin-bottom: 14px; align-items: center;\">\n<div>\n<div style=\"background-color: #f4f4f4; border-radius: 50%; height: 12.5px; width: 12.5px; transform: translateX(0px) translateY(7px);\"><\/div>\n<div style=\"background-color: #f4f4f4; height: 12.5px; transform: rotate(-45deg) translateX(3px) translateY(1px); width: 12.5px; flex-grow: 0; margin-right: 14px; margin-left: 2px;\"><\/div>\n<div style=\"background-color: #f4f4f4; border-radius: 50%; height: 12.5px; width: 12.5px; transform: translateX(9px) translateY(-18px);\"><\/div>\n<\/div>\n<div style=\"margin-left: 8px;\">\n<div style=\"background-color: #f4f4f4; border-radius: 50%; flex-grow: 0; height: 20px; width: 20px;\"><\/div>\n<div style=\"width: 0; height: 0; border-top: 2px solid transparent; border-left: 6px solid #f4f4f4; border-bottom: 2px solid transparent; transform: translateX(16px) translateY(-4px) rotate(30deg);\"><\/div>\n<\/div>\n<div style=\"margin-left: auto;\">\n<div style=\"width: 0px; border-top: 8px solid #F4F4F4; border-right: 8px solid transparent; transform: translateY(16px);\"><\/div>\n<div style=\"background-color: #f4f4f4; flex-grow: 0; height: 12px; width: 16px; transform: translateY(-4px);\"><\/div>\n<div style=\"width: 0; height: 0; border-top: 8px solid #F4F4F4; border-left: 8px solid transparent; transform: translateY(-4px) translateX(8px);\"><\/div>\n<\/div>\n<\/div>\n<div style=\"display: flex; flex-direction: column; flex-grow: 1; justify-content: center; margin-bottom: 24px;\">\n<div style=\"background-color: #f4f4f4; border-radius: 4px; flex-grow: 0; height: 14px; margin-bottom: 6px; width: 224px;\"><\/div>\n<div style=\"background-color: #f4f4f4; border-radius: 4px; flex-grow: 0; height: 14px; width: 144px;\"><\/div>\n<\/div>\n<p>&nbsp;<\/p>\n<p style=\"color: #c9c8cd; font-family: Arial,sans-serif; font-size: 14px; line-height: 17px; margin-bottom: 0; margin-top: 8px; overflow: hidden; padding: 8px 0 7px; text-align: center; text-overflow: ellipsis; white-space: nowrap;\"><a style=\"color: #c9c8cd; font-family: Arial,sans-serif; font-size: 14px; font-style: normal; font-weight: normal; line-height: 17px; text-decoration: none;\" href=\"https:\/\/www.instagram.com\/p\/DV6TaYPDX6m\/?utm_source=ig_embed&amp;utm_campaign=loading\" target=\"_blank\" rel=\"noopener\">P\u0159\u00edsp\u011bvek sd\u00edlen\u00fd Paris-Nice (@parisnicecourse)<\/a><\/p>\n<\/div>\n<\/blockquote>\n<p><script async src=\"\/\/www.instagram.com\/embed.js\"><\/script><\/p>\n<h2 data-start=\"2747\" data-end=\"2776\"><strong>Is the old Vingegaard back?<\/strong><\/h2>\n<p data-start=\"2778\" data-end=\"3221\">The stage happened to pass over the road where Vingegaard had crashed during last year\u2019s race, sustaining a concussion and dropping out of the race. He told TNT Sports that he hadn&#8217;t been aware of that until he reached the actual spot where he had crashed. He also praised the weather, which had turned around from the previous day. &#8220;It&#8217;s nice to take revenge now. The weather is beautiful, and it&#8217;s been an amazing day for me and the team.&#8221;<\/p>\n<p data-start=\"3223\" data-end=\"3553\">He went on to say: &#8220;I really wanted to win today and so did the team. They did an amazing job. They made sure there was a good group out in the front, and then they kept the gap very short. We wanted to win and take as much time as possible, and once again, thanks to my teammates, [we did]. They deserve the champagne tonight.&#8221;<\/p>\n<p data-start=\"3555\" data-end=\"4192\">On Sunday\u2019s final stage, the riders were confronted with three categorized climbs over just 129km, with the hardest climb, the category 1 C\u00f4te du Linguador (3.3km @ 8.3%), coming last. Vingegaard took off on that climb, 21km from the finish, but this time he was not alone: Lenny Martinez (Bahrain-Victorious) stuck to his wheel all the way to the line and was able to hold off the Dane in a sprint, preventing Vingegaard from winning a third stage. But that didn\u2019t diminish his triumph, for in addition to the GC the Dane also won the King of the Mountains competition and the points classification, a rare sweep of the major jerseys.<\/p>\n<p data-start=\"4194\" data-end=\"4508\">The question his performance raises is whether we will finally see the Vingegaard of 2023, the year he registered his last Tour de France win, and before that dominant rider vanished for nearly two years after his devastating crash in the 2024 Itzulia Basque Country. It is beginning to look as if we just might.<\/p>\n<h2 data-start=\"4510\" data-end=\"4543\"><strong>A disappointing race for Girmay<\/strong><\/h2>\n<p data-start=\"4545\" data-end=\"4976\">The weather again interfered big time on Saturday\u2019s stage 7, with a snowstorm at the original summit finish line and another brutal downpour forcing organizers to shorten the stage twice, ultimately to only 46.9km of gradual uphill racing that pleased nobody, except Dorian Godon. The Frenchman won the soggy bunch sprint, marked by several crashes in the run-up to the finale, and secured his first victory for INEOS Grenadiers.<\/p>\n<p data-start=\"4978\" data-end=\"5472\">Biniam Girmay (NSN Cycling) finished second, capping a frustrating race for the <a href=\"https:\/\/www.welovecycling.com\/wide\/2024\/07\/22\/girmays-historic-skoda-green-jersey-will-change-the-sport\/\" target=\"_blank\" rel=\"noopener\">2024 Tour de France \u0160koda Green Jersey winner<\/a> and his new team. He was trapped at the barrier by the eventual winner of stage 1, Luke Lamperti (EF Education\u2013EasyPost), and he and his lead-out team became lost in the chaotic run-up to the sprint at the end of stage 2, which was won by Max Kanter (XDS Astana). There are apparently still a few wrinkles to be ironed out between NSN and Girmay in the lead-out execution.<\/p>\n<h4 data-start=\"5475\" data-end=\"5499\"><strong>General classification<\/strong><\/h4>\n<ol data-start=\"5501\" data-end=\"6116\" data-is-last-node=\"\" data-is-only-node=\"\">\n<li data-start=\"5501\" data-end=\"5561\">\n<p data-start=\"5504\" data-end=\"5561\">Jonas Vingegaard, Visma\u2013Lease a Bike 25:25:11<\/p>\n<\/li>\n<li data-start=\"5562\" data-end=\"5615\">\n<p data-start=\"5565\" data-end=\"5615\">Dani Mart\u00ednez, Red Bull\u2013BORA\u2013hansgrohe +4:23<\/p>\n<\/li>\n<li data-start=\"5616\" data-end=\"5671\">\n<p data-start=\"5619\" data-end=\"5671\">Georg Steinhauser, EF-Education\u2013EasyPost +6:07<\/p>\n<\/li>\n<li data-start=\"5672\" data-end=\"5731\">\n<p data-start=\"5675\" data-end=\"5731\">K\u00e9vin Vauquelin, INEOS Grenadiers +6:24<\/p>\n<\/li>\n<li data-start=\"5732\" data-end=\"5794\">\n<p data-start=\"5735\" data-end=\"5794\">Lenny Martinez, Bahrain Victorious +7:31<\/p>\n<\/li>\n<li data-start=\"5795\" data-end=\"5850\">\n<p data-start=\"5798\" data-end=\"5850\">Marc Soler, UAE Team Emirates\u2013XRG +9:09<\/p>\n<\/li>\n<li data-start=\"5851\" data-end=\"5926\">\n<p data-start=\"5854\" data-end=\"5926\">Ion Izagirre, Cofidis +9:19<\/p>\n<\/li>\n<li data-start=\"5927\" data-end=\"5990\">\n<p data-start=\"5930\" data-end=\"5990\">Mathys Rondel, Tudor Pro Cycling +10:23<\/p>\n<\/li>\n<li data-start=\"5991\" data-end=\"6051\">\n<p data-start=\"5994\" data-end=\"6051\">Alex Baudin, EF-Education\u2013EasyPost +10:33<\/p>\n<\/li>\n<li data-start=\"6052\" data-end=\"6116\" data-is-last-node=\"\">\n<p data-start=\"6056\" data-end=\"6116\" data-is-last-node=\"\">Harold Tejada, XDS Astana +11:40<\/p>\n<\/li>\n<\/ol>\n","protected":false},"excerpt":{"rendered":"<p>Jonas Vingegaard returned from the accident and illness that disrupted his spring to score such a commanding victory in the [&hellip;]<\/p>\n","protected":false},"author":99,"featured_media":204878,"comment_status":"closed","ping_status":"open","sticky":false,"template":"","format":"standard","meta":{"footnotes":""},"categories":[329],"tags":[8955,6356,4352,5450,8481,7368,2816,2331],"global-categories":[3366],"class_list":["post-204877","post","type-post","status-publish","format-standard","has-post-thumbnail","hentry","category-road-cycling","tag-2026-paris-nice","tag-biniam-girmay","tag-dani-martinez","tag-jonas-vingegaard","tag-kevin-vauquelin","tag-lenny-martinez","tag-paris-nice","tag-victor-campenaerts","global-categories-cycling"],"yoast_head":"<!-- This site is optimized with the Yoast SEO Premium plugin v25.3 (Yoast SEO v25.9) - https:\/\/yoast.com\/wordpress\/plugins\/seo\/ -->\n<title>Jonas Vingegaard Dominates the 2026 Paris-Nice in Season Debut<\/title>\n<meta name=\"description\" content=\"Jonas Vingegaard returned from the accident and illness that disrupted his spring to score such a commanding victory in the Paris-Nice that it reminded\" \/>\n<meta name=\"robots\" content=\"index, follow, max-snippet:-1, max-image-preview:large, max-video-preview:-1\" \/>\n<link rel=\"canonical\" href=\"https:\/\/www.welovecycling.com\/wide\/2026\/03\/16\/after-training-setbacks-vingegaard-dominates-paris-nice-in-season-debut\/\" \/>\n<meta property=\"og:locale\" content=\"en_US\" \/>\n<meta property=\"og:type\" content=\"article\" \/>\n<meta property=\"og:title\" content=\"After Training Setbacks, Vingegaard Dominates Paris-Nice in Season Debut\" \/>\n<meta property=\"og:description\" content=\"Jonas Vingegaard returned from the accident and illness that disrupted his spring to score such a commanding victory in the Paris-Nice that it reminded\" \/>\n<meta property=\"og:url\" content=\"https:\/\/www.welovecycling.com\/wide\/2026\/03\/16\/after-training-setbacks-vingegaard-dominates-paris-nice-in-season-debut\/\" \/>\n<meta property=\"og:site_name\" content=\"\u0160koda We Love Cycling\" \/>\n<meta property=\"article:published_time\" content=\"2026-03-16T10:27:50+00:00\" \/>\n<meta property=\"article:modified_time\" content=\"2026-03-16T10:30:24+00:00\" \/>\n<meta property=\"og:image\" content=\"https:\/\/d2p6e6u75xmxt8.cloudfront.net\/2\/2026\/03\/Jonas-Vingegaard-Paris-Nice-profimedia-1083237637-CVR.webp\" \/>\n\t<meta property=\"og:image:width\" content=\"990\" \/>\n\t<meta property=\"og:image:height\" content=\"660\" \/>\n\t<meta property=\"og:image:type\" content=\"image\/webp\" \/>\n<meta name=\"author\" content=\"tereza\" \/>\n<meta name=\"twitter:card\" content=\"summary_large_image\" \/>\n<meta name=\"twitter:label1\" content=\"Written by\" \/>\n\t<meta name=\"twitter:data1\" content=\"Siegfried Mortkowitz\" \/>\n\t<meta name=\"twitter:label2\" content=\"Est. reading time\" \/>\n\t<meta name=\"twitter:data2\" content=\"3\" \/>\n<script type=\"application\/ld+json\" class=\"yoast-schema-graph\">{\"@context\":\"https:\/\/schema.org\",\"@graph\":[{\"@type\":\"WebPage\",\"@id\":\"https:\/\/www.welovecycling.com\/wide\/2026\/03\/16\/after-training-setbacks-vingegaard-dominates-paris-nice-in-season-debut\/\",\"url\":\"https:\/\/www.welovecycling.com\/wide\/2026\/03\/16\/after-training-setbacks-vingegaard-dominates-paris-nice-in-season-debut\/\",\"name\":\"Jonas Vingegaard Dominates the 2026 Paris-Nice in Season Debut\",\"isPartOf\":{\"@id\":\"https:\/\/www.welovecycling.com\/wide\/#website\"},\"primaryImageOfPage\":{\"@id\":\"https:\/\/www.welovecycling.com\/wide\/2026\/03\/16\/after-training-setbacks-vingegaard-dominates-paris-nice-in-season-debut\/#primaryimage\"},\"image\":{\"@id\":\"https:\/\/www.welovecycling.com\/wide\/2026\/03\/16\/after-training-setbacks-vingegaard-dominates-paris-nice-in-season-debut\/#primaryimage\"},\"thumbnailUrl\":\"https:\/\/d2p6e6u75xmxt8.cloudfront.net\/2\/2026\/03\/Jonas-Vingegaard-Paris-Nice-profimedia-1083237637-CVR.webp\",\"datePublished\":\"2026-03-16T10:27:50+00:00\",\"dateModified\":\"2026-03-16T10:30:24+00:00\",\"author\":{\"@id\":\"https:\/\/www.welovecycling.com\/wide\/#\/schema\/person\/50f01ecd18718d2333cf72e823c4f926\"},\"description\":\"Jonas Vingegaard returned from the accident and illness that disrupted his spring to score such a commanding victory in the Paris-Nice that it reminded\",\"breadcrumb\":{\"@id\":\"https:\/\/www.welovecycling.com\/wide\/2026\/03\/16\/after-training-setbacks-vingegaard-dominates-paris-nice-in-season-debut\/#breadcrumb\"},\"inLanguage\":\"en-US\",\"potentialAction\":[{\"@type\":\"ReadAction\",\"target\":[\"https:\/\/www.welovecycling.com\/wide\/2026\/03\/16\/after-training-setbacks-vingegaard-dominates-paris-nice-in-season-debut\/\"]}]},{\"@type\":\"ImageObject\",\"inLanguage\":\"en-US\",\"@id\":\"https:\/\/www.welovecycling.com\/wide\/2026\/03\/16\/after-training-setbacks-vingegaard-dominates-paris-nice-in-season-debut\/#primaryimage\",\"url\":\"https:\/\/d2p6e6u75xmxt8.cloudfront.net\/2\/2026\/03\/Jonas-Vingegaard-Paris-Nice-profimedia-1083237637-CVR.webp\",\"contentUrl\":\"https:\/\/d2p6e6u75xmxt8.cloudfront.net\/2\/2026\/03\/Jonas-Vingegaard-Paris-Nice-profimedia-1083237637-CVR.webp\",\"width\":990,\"height\":660,\"caption\":\"Jonas Vingegaard\"},{\"@type\":\"BreadcrumbList\",\"@id\":\"https:\/\/www.welovecycling.com\/wide\/2026\/03\/16\/after-training-setbacks-vingegaard-dominates-paris-nice-in-season-debut\/#breadcrumb\",\"itemListElement\":[{\"@type\":\"ListItem\",\"position\":1,\"name\":\"Home\",\"item\":\"https:\/\/www.welovecycling.com\/wide\/\"},{\"@type\":\"ListItem\",\"position\":2,\"name\":\"After Training Setbacks, Vingegaard Dominates Paris-Nice in Season Debut\"}]},{\"@type\":\"WebSite\",\"@id\":\"https:\/\/www.welovecycling.com\/wide\/#website\",\"url\":\"https:\/\/www.welovecycling.com\/wide\/\",\"name\":\"\u0160koda We Love Cycling\",\"description\":\"\u0160koda We Love Cycling magazine\",\"alternateName\":\"\u0160koda WLC\",\"potentialAction\":[{\"@type\":\"SearchAction\",\"target\":{\"@type\":\"EntryPoint\",\"urlTemplate\":\"https:\/\/www.welovecycling.com\/wide\/?s={search_term_string}\"},\"query-input\":{\"@type\":\"PropertyValueSpecification\",\"valueRequired\":true,\"valueName\":\"search_term_string\"}}],\"inLanguage\":\"en-US\"},{\"@type\":\"Person\",\"@id\":\"https:\/\/www.welovecycling.com\/wide\/#\/schema\/person\/50f01ecd18718d2333cf72e823c4f926\",\"name\":\"tereza\",\"image\":{\"@type\":\"ImageObject\",\"inLanguage\":\"en-US\",\"@id\":\"https:\/\/www.welovecycling.com\/wide\/#\/schema\/person\/image\/\",\"url\":\"https:\/\/secure.gravatar.com\/avatar\/1f9eb71be33845f0afabce3791bc1c58ecdb0a25c62964987e5dbcf7a20d2ec7?s=96&d=mm&r=g\",\"contentUrl\":\"https:\/\/secure.gravatar.com\/avatar\/1f9eb71be33845f0afabce3791bc1c58ecdb0a25c62964987e5dbcf7a20d2ec7?s=96&d=mm&r=g\",\"caption\":\"tereza\"},\"url\":\"https:\/\/www.welovecycling.com\/wide\/author\/tereza\/\"}]}<\/script>\n<!-- \/ Yoast SEO Premium plugin. -->","yoast_head_json":{"title":"Jonas Vingegaard Dominates the 2026 Paris-Nice in Season Debut","description":"Jonas Vingegaard returned from the accident and illness that disrupted his spring to score such a commanding victory in the Paris-Nice that it reminded","robots":{"index":"index","follow":"follow","max-snippet":"max-snippet:-1","max-image-preview":"max-image-preview:large","max-video-preview":"max-video-preview:-1"},"canonical":"https:\/\/www.welovecycling.com\/wide\/2026\/03\/16\/after-training-setbacks-vingegaard-dominates-paris-nice-in-season-debut\/","og_locale":"en_US","og_type":"article","og_title":"After Training Setbacks, Vingegaard Dominates Paris-Nice in Season Debut","og_description":"Jonas Vingegaard returned from the accident and illness that disrupted his spring to score such a commanding victory in the Paris-Nice that it reminded","og_url":"https:\/\/www.welovecycling.com\/wide\/2026\/03\/16\/after-training-setbacks-vingegaard-dominates-paris-nice-in-season-debut\/","og_site_name":"\u0160koda We Love Cycling","article_published_time":"2026-03-16T10:27:50+00:00","article_modified_time":"2026-03-16T10:30:24+00:00","og_image":[{"width":990,"height":660,"url":"https:\/\/d2p6e6u75xmxt8.cloudfront.net\/2\/2026\/03\/Jonas-Vingegaard-Paris-Nice-profimedia-1083237637-CVR.webp","type":"image\/webp"}],"author":"tereza","twitter_card":"summary_large_image","twitter_misc":{"Written by":"Siegfried Mortkowitz","Est. reading time":"3"},"schema":{"@context":"https:\/\/schema.org","@graph":[{"@type":"WebPage","@id":"https:\/\/www.welovecycling.com\/wide\/2026\/03\/16\/after-training-setbacks-vingegaard-dominates-paris-nice-in-season-debut\/","url":"https:\/\/www.welovecycling.com\/wide\/2026\/03\/16\/after-training-setbacks-vingegaard-dominates-paris-nice-in-season-debut\/","name":"Jonas Vingegaard Dominates the 2026 Paris-Nice in Season Debut","isPartOf":{"@id":"https:\/\/www.welovecycling.com\/wide\/#website"},"primaryImageOfPage":{"@id":"https:\/\/www.welovecycling.com\/wide\/2026\/03\/16\/after-training-setbacks-vingegaard-dominates-paris-nice-in-season-debut\/#primaryimage"},"image":{"@id":"https:\/\/www.welovecycling.com\/wide\/2026\/03\/16\/after-training-setbacks-vingegaard-dominates-paris-nice-in-season-debut\/#primaryimage"},"thumbnailUrl":"https:\/\/d2p6e6u75xmxt8.cloudfront.net\/2\/2026\/03\/Jonas-Vingegaard-Paris-Nice-profimedia-1083237637-CVR.webp","datePublished":"2026-03-16T10:27:50+00:00","dateModified":"2026-03-16T10:30:24+00:00","author":{"@id":"https:\/\/www.welovecycling.com\/wide\/#\/schema\/person\/50f01ecd18718d2333cf72e823c4f926"},"description":"Jonas Vingegaard returned from the accident and illness that disrupted his spring to score such a commanding victory in the Paris-Nice that it reminded","breadcrumb":{"@id":"https:\/\/www.welovecycling.com\/wide\/2026\/03\/16\/after-training-setbacks-vingegaard-dominates-paris-nice-in-season-debut\/#breadcrumb"},"inLanguage":"en-US","potentialAction":[{"@type":"ReadAction","target":["https:\/\/www.welovecycling.com\/wide\/2026\/03\/16\/after-training-setbacks-vingegaard-dominates-paris-nice-in-season-debut\/"]}]},{"@type":"ImageObject","inLanguage":"en-US","@id":"https:\/\/www.welovecycling.com\/wide\/2026\/03\/16\/after-training-setbacks-vingegaard-dominates-paris-nice-in-season-debut\/#primaryimage","url":"https:\/\/d2p6e6u75xmxt8.cloudfront.net\/2\/2026\/03\/Jonas-Vingegaard-Paris-Nice-profimedia-1083237637-CVR.webp","contentUrl":"https:\/\/d2p6e6u75xmxt8.cloudfront.net\/2\/2026\/03\/Jonas-Vingegaard-Paris-Nice-profimedia-1083237637-CVR.webp","width":990,"height":660,"caption":"Jonas Vingegaard"},{"@type":"BreadcrumbList","@id":"https:\/\/www.welovecycling.com\/wide\/2026\/03\/16\/after-training-setbacks-vingegaard-dominates-paris-nice-in-season-debut\/#breadcrumb","itemListElement":[{"@type":"ListItem","position":1,"name":"Home","item":"https:\/\/www.welovecycling.com\/wide\/"},{"@type":"ListItem","position":2,"name":"After Training Setbacks, Vingegaard Dominates Paris-Nice in Season Debut"}]},{"@type":"WebSite","@id":"https:\/\/www.welovecycling.com\/wide\/#website","url":"https:\/\/www.welovecycling.com\/wide\/","name":"\u0160koda We Love Cycling","description":"\u0160koda We Love Cycling magazine","alternateName":"\u0160koda WLC","potentialAction":[{"@type":"SearchAction","target":{"@type":"EntryPoint","urlTemplate":"https:\/\/www.welovecycling.com\/wide\/?s={search_term_string}"},"query-input":{"@type":"PropertyValueSpecification","valueRequired":true,"valueName":"search_term_string"}}],"inLanguage":"en-US"},{"@type":"Person","@id":"https:\/\/www.welovecycling.com\/wide\/#\/schema\/person\/50f01ecd18718d2333cf72e823c4f926","name":"tereza","image":{"@type":"ImageObject","inLanguage":"en-US","@id":"https:\/\/www.welovecycling.com\/wide\/#\/schema\/person\/image\/","url":"https:\/\/secure.gravatar.com\/avatar\/1f9eb71be33845f0afabce3791bc1c58ecdb0a25c62964987e5dbcf7a20d2ec7?s=96&d=mm&r=g","contentUrl":"https:\/\/secure.gravatar.com\/avatar\/1f9eb71be33845f0afabce3791bc1c58ecdb0a25c62964987e5dbcf7a20d2ec7?s=96&d=mm&r=g","caption":"tereza"},"url":"https:\/\/www.welovecycling.com\/wide\/author\/tereza\/"}]}},"_links":{"self":[{"href":"https:\/\/www.welovecycling.com\/wide\/wp-json\/wp\/v2\/posts\/204877","targetHints":{"allow":["GET"]}}],"collection":[{"href":"https:\/\/www.welovecycling.com\/wide\/wp-json\/wp\/v2\/posts"}],"about":[{"href":"https:\/\/www.welovecycling.com\/wide\/wp-json\/wp\/v2\/types\/post"}],"author":[{"embeddable":true,"href":"https:\/\/www.welovecycling.com\/wide\/wp-json\/wp\/v2\/users\/99"}],"replies":[{"embeddable":true,"href":"https:\/\/www.welovecycling.com\/wide\/wp-json\/wp\/v2\/comments?post=204877"}],"version-history":[{"count":1,"href":"https:\/\/www.welovecycling.com\/wide\/wp-json\/wp\/v2\/posts\/204877\/revisions"}],"predecessor-version":[{"id":204879,"href":"https:\/\/www.welovecycling.com\/wide\/wp-json\/wp\/v2\/posts\/204877\/revisions\/204879"}],"wp:featuredmedia":[{"embeddable":true,"href":"https:\/\/www.welovecycling.com\/wide\/wp-json\/wp\/v2\/media\/204878"}],"wp:attachment":[{"href":"https:\/\/www.welovecycling.com\/wide\/wp-json\/wp\/v2\/media?parent=204877"}],"wp:term":[{"taxonomy":"category","embeddable":true,"href":"https:\/\/www.welovecycling.com\/wide\/wp-json\/wp\/v2\/categories?post=204877"},{"taxonomy":"post_tag","embeddable":true,"href":"https:\/\/www.welovecycling.com\/wide\/wp-json\/wp\/v2\/tags?post=204877"},{"taxonomy":"global-categories","embeddable":true,"href":"https:\/\/www.welovecycling.com\/wide\/wp-json\/wp\/v2\/global-categories?post=204877"}],"curies":[{"name":"wp","href":"https:\/\/api.w.org\/{rel}","templated":true}]}}