{"id":204863,"date":"2026-03-12T12:11:47","date_gmt":"2026-03-12T12:11:47","guid":{"rendered":"https:\/\/www.welovecycling.com\/wide\/?p=204863"},"modified":"2026-03-12T15:12:04","modified_gmt":"2026-03-12T15:12:04","slug":"del-toro-leads-tirreno-adriatico-with-toughest-climbs-still-to-come","status":"publish","type":"post","link":"https:\/\/www.welovecycling.com\/wide\/2026\/03\/12\/del-toro-leads-tirreno-adriatico-with-toughest-climbs-still-to-come\/","title":{"rendered":"Del Toro Leads Tirreno-Adriatico, With Toughest Climbs Still to Come"},"content":{"rendered":"<p style=\"font-weight: 400;\"><strong>Isaac del Toro (UAE Team Emirates\u2013XRG), fresh from a strong podium finish in last weekend\u2019s Strade Bianche, has a slim lead in one of this week\u2019s two Tour de France warm-up races (the other being Paris-Nice), with all the difficult climbs still to come. After Wednesday\u2019s stage 3, he is a mere 4 seconds ahead of the improving Giulio Pellizzari (Red Bull\u2013BORA\u2013hansgrohe), with the always dangerous Red Bull rider Primo\u017e Rogli\u010d back in fifth, at 19 seconds.<\/strong><\/p>\n<p><!--more--><\/p>\n<h2 style=\"font-weight: 400;\"><strong>Van der Poel by a hair<\/strong><\/h2>\n<p style=\"font-weight: 400;\">Tuesday\u2019s stage 2 was crucial to the current standings, and had one of the most exciting finishes of this young season, with del Toro and Pellizzari managing to stick to the wheel of pre-stage favorite Mathieu van der Poel (Alpecin\u2013Premier Tech), who tried to break away \u00a06.2km from the finish at San Gimignano, on the gravel stretch called the \u201cWhite Road.\u201d He was followed by the two aforementioned riders and Visma\u2013Lease a Bike\u2019s Matteo Jorgenson, who crashed a few hundred meters later on a tricky corner, as van der Poel attacked again.<\/p>\n<p style=\"font-weight: 400;\">The crash held up del Toro and Pellizzari as van der Poel accelerated, and one had to believe that the race was as good as over. But they managed to catch him with 4km left to ride, and rode past him when the usually sure-riding eight-time cyclocross world champion slipped and unclipped just after another treacherous curve, a curve that nearly took down del Toro and in which Thymen Arensman (INEOS Grenadiers) later crashed and fell out of GC contention.<\/p>\n<p style=\"font-weight: 400;\">The three rode together into the final km, chased by a group that contained many GC contenders, including Rogli\u010d, Jorgenson, Antonio Tiberi (Bahrain-Victorious), Javier Romo (Movistar), Ben Healy and Richard Carapaz (both EF Education\u2013 EasyPost) and Giulio Ciccone (Lidl-Trek). That was the reason del Toro took charge of the leading trio and went full gas, giving up the chance for the stage win in favor of putting seconds between himself and his GC rivals.<\/p>\n<p style=\"font-weight: 400;\">But a funny thing happened on the way to the finish line. Apparently afraid to sprint against van der Poel, Pellizzari attacked 200 meters from the line, opening up a few meters. But van der Poel caught and passed him and seemed to be heading to a comfortable win, when the indefatigable del Toro suddenly surged and nearly caught him. All three finished at the same time and exhausted \u2013 especially van der Poel.<\/p>\n<p style=\"font-weight: 400;\">&#8220;It was very difficult,&#8221; he said after the race. &#8220;The level was incredibly high on the last climb. The rain in the last half hour made it quite tricky, especially. But the team did a fantastic job.\u201d<\/p>\n<p style=\"font-weight: 400;\">It had rained on and off during the stage, turning the gravel section into a treacherous challenge. It was surprising to see van der Poel challenged on a stage and surface that seemed ready-made for him. &#8220;I wanted to take the lead because I knew there were some tricky corners,\u201d he explained. \u201cThe road was quite slippery, so it was very tricky to sprint while standing. I had just saved enough energy to win.&#8221;<\/p>\n<blockquote class=\"instagram-media\" style=\"background: #FFF; border: 0; border-radius: 3px; box-shadow: 0 0 1px 0 rgba(0,0,0,0.5),0 1px 10px 0 rgba(0,0,0,0.15); margin: 1px; max-width: 540px; min-width: 326px; padding: 0; width: calc(100% - 2px);\" data-instgrm-captioned=\"\" data-instgrm-permalink=\"https:\/\/www.instagram.com\/p\/DTkhZGrDcp6\/?utm_source=ig_embed&amp;utm_campaign=loading\" data-instgrm-version=\"14\">\n<div style=\"padding: 16px;\">\n<p>&nbsp;<\/p>\n<div style=\"display: flex; flex-direction: row; align-items: center;\">\n<div style=\"background-color: #f4f4f4; border-radius: 50%; flex-grow: 0; height: 40px; margin-right: 14px; width: 40px;\"><\/div>\n<div style=\"display: flex; flex-direction: column; flex-grow: 1; justify-content: center;\">\n<div style=\"background-color: #f4f4f4; border-radius: 4px; flex-grow: 0; height: 14px; margin-bottom: 6px; width: 100px;\"><\/div>\n<div style=\"background-color: #f4f4f4; border-radius: 4px; flex-grow: 0; height: 14px; width: 60px;\"><\/div>\n<\/div>\n<\/div>\n<div style=\"padding: 19% 0;\"><\/div>\n<div style=\"display: block; height: 50px; margin: 0 auto 12px; width: 50px;\"><\/div>\n<div style=\"padding-top: 8px;\">\n<div style=\"color: #3897f0; font-family: Arial,sans-serif; font-size: 14px; font-style: normal; font-weight: 550; line-height: 18px;\">View this post on Instagram<\/div>\n<\/div>\n<div style=\"padding: 12.5% 0;\"><\/div>\n<div style=\"display: flex; flex-direction: row; margin-bottom: 14px; align-items: center;\">\n<div>\n<div style=\"background-color: #f4f4f4; border-radius: 50%; height: 12.5px; width: 12.5px; transform: translateX(0px) translateY(7px);\"><\/div>\n<div style=\"background-color: #f4f4f4; height: 12.5px; transform: rotate(-45deg) translateX(3px) translateY(1px); width: 12.5px; flex-grow: 0; margin-right: 14px; margin-left: 2px;\"><\/div>\n<div style=\"background-color: #f4f4f4; border-radius: 50%; height: 12.5px; width: 12.5px; transform: translateX(9px) translateY(-18px);\"><\/div>\n<\/div>\n<div style=\"margin-left: 8px;\">\n<div style=\"background-color: #f4f4f4; border-radius: 50%; flex-grow: 0; height: 20px; width: 20px;\"><\/div>\n<div style=\"width: 0; height: 0; border-top: 2px solid transparent; border-left: 6px solid #f4f4f4; border-bottom: 2px solid transparent; transform: translateX(16px) translateY(-4px) rotate(30deg);\"><\/div>\n<\/div>\n<div style=\"margin-left: auto;\">\n<div style=\"width: 0px; border-top: 8px solid #F4F4F4; border-right: 8px solid transparent; transform: translateY(16px);\"><\/div>\n<div style=\"background-color: #f4f4f4; flex-grow: 0; height: 12px; width: 16px; transform: translateY(-4px);\"><\/div>\n<div style=\"width: 0; height: 0; border-top: 8px solid #F4F4F4; border-left: 8px solid transparent; transform: translateY(-4px) translateX(8px);\"><\/div>\n<\/div>\n<\/div>\n<div style=\"display: flex; flex-direction: column; flex-grow: 1; justify-content: center; margin-bottom: 24px;\">\n<div style=\"background-color: #f4f4f4; border-radius: 4px; flex-grow: 0; height: 14px; margin-bottom: 6px; width: 224px;\"><\/div>\n<div style=\"background-color: #f4f4f4; border-radius: 4px; flex-grow: 0; height: 14px; width: 144px;\"><\/div>\n<\/div>\n<p>&nbsp;<\/p>\n<p style=\"color: #c9c8cd; font-family: Arial,sans-serif; font-size: 14px; line-height: 17px; margin-bottom: 0; margin-top: 8px; overflow: hidden; padding: 8px 0 7px; text-align: center; text-overflow: ellipsis; white-space: nowrap;\"><a style=\"color: #c9c8cd; font-family: Arial,sans-serif; font-size: 14px; font-style: normal; font-weight: normal; line-height: 17px; text-decoration: none;\" href=\"https:\/\/www.instagram.com\/p\/DTkhZGrDcp6\/?utm_source=ig_embed&amp;utm_campaign=loading\" target=\"_blank\" rel=\"noopener\">A post shared by Tirreno Adriatico (@tirreno_adriatico)<\/a><\/p>\n<\/div>\n<\/blockquote>\n<p><script async src=\"\/\/www.instagram.com\/embed.js\"><\/script>As for the current race leader, del Toro said, &#8220;I&#8217;m quite happy [with] how things went in the final. I was very lucky not to crash on the corner. I&#8217;m happy to take the leader&#8217;s jersey. When we were together on the gravel, I knew Mathieu was not doing GC and that Pellizzari was waiting for Primo\u017e, so I just needed to finish it off.\u201d<\/p>\n<h2 style=\"font-weight: 400;\"><strong>A bunch sprint and a time trial<\/strong><\/h2>\n<p style=\"font-weight: 400;\">Wednesday\u2019s stage 3, <strong>\u00a0<\/strong>221 fairly lumpy km from Cortona to\u00a0Magliano de&#8217; Marsi, was a calm and damp affair that came down to a bunch sprint with a surprise winner, Tobias Lund Andresen (Decathlon\u2013CMA CGM). He powered past stage favorite Jonathan Milan (Lidl-Trek), who weakened to finish seventh, and held off the onrushing Arnaud de Lie (Lotto Intermarch<a href=\"https:\/\/www.procyclingstats.com\/team\/lotto-intermarche-2026\">\u00e9<\/a>) as well as the more fancied Jasper Philipsen (Alpecin\u2013Premier Tech) and Paul Magnier (Soudal QuickStep).<\/p>\n<p style=\"font-weight: 400;\">&#8220;My plan was to do a long sprint,&#8221; the 23-year-old Lund Andresen said after the race. &#8220;Everyone has cold legs and we basically had it pretty easy in the last bit. [In] a long sprint, normally everyone can do the same when you&#8217;re really cold. So I just wanted to be there first. It&#8217;s one of the biggest races of the year, so to take a win here is amazing. . . . It&#8217;s been unbelievable so far. I probably didn&#8217;t even believe myself that I could take such a big step this year, but it just keeps on giving and my team is so amazing.&#8221;<\/p>\n<p style=\"font-weight: 400;\">The Tirreno kicked off Monday with a time trial, which was won, as expected, by Flippo Ganna (INEOS Grenadiers), who had a margin of 22 seconds on teammate Arensman, with Max Walscheid (Lidl-Trek) in third, at 26 seconds. Del Toro had an uncharacteristically mediocre ITT, finishing 10th, 36 seconds adrift, with Pellizzari 1 second farther back.<\/p>\n<p style=\"font-weight: 400;\">Del Toro raised an interesting point regarding the two Red Bull riders currently in the GC top 10. Of the 22-year-old Pellizzari and the 36-year-old Rogli\u010d, who is the team\u2019s leader in the race? The decision will no doubt be made on one of the important climbs to come, perhaps the Monte delle Cesane (7.1km @ 7.2%) or the Santuario del Beato Sante (4.2km @ 6.2km) on Friday\u2019s stage 5. The race will likely be decided on the steep Camerino (3.2km @ 8.9%, with the final km at 12.4%) on stage 6, which will be climbed three times. It is is the most likely decisive ascent because of that very steep final section and because it is the only summit finish in the race.<\/p>\n<h4 style=\"font-weight: 400;\"><strong>2026 Tirreno-Adriatico, General Classification after Stage 3<\/strong><\/h4>\n<ol>\n<li style=\"font-weight: 400;\">Isaac del Toro, UAE Team Emirates\u2013XRG 10:35:22<\/li>\n<li style=\"font-weight: 400;\">Giulio Pelizzari, UAE Team Emirates\u2013XRG +0:04<\/li>\n<li style=\"font-weight: 400;\">Magnus Sheffield, INEOS Grenadiers +0:14<\/li>\n<li style=\"font-weight: 400;\">Alan Hatherly, Jayco AlUla +0:18<\/li>\n<li style=\"font-weight: 400;\">Primo\u017e Rogli\u010d, Red Bull\u2013BORA\u2013hansgrohe +0:19<\/li>\n<li style=\"font-weight: 400;\">Antonio Tiberi, Bahrain-Victorious +0:21<\/li>\n<li style=\"font-weight: 400;\">Matteo Jorgenson, Visma\u2013Lease a Bike +0:32<\/li>\n<li style=\"font-weight: 400;\">Javier Romo, Movistar +0:35<\/li>\n<li style=\"font-weight: 400;\">Ben Healy, EF Education\u2013 EasyPost +0:37<\/li>\n<li style=\"font-weight: 400;\">Santiago Buitrago, Jayco AlUla +0:38<\/li>\n<\/ol>\n","protected":false},"excerpt":{"rendered":"<p>Isaac del Toro (UAE Team Emirates\u2013XRG), fresh from a strong podium finish in last weekend\u2019s Strade Bianche, has a slim [&hellip;]<\/p>\n","protected":false},"author":99,"featured_media":204864,"comment_status":"closed","ping_status":"open","sticky":false,"template":"","format":"standard","meta":{"footnotes":""},"categories":[329],"tags":[8953,7603,2933,5027],"global-categories":[3366],"class_list":["post-204863","post","type-post","status-publish","format-standard","has-post-thumbnail","hentry","category-road-cycling","tag-2026-tirreno-adriatico","tag-isaac-del-toro","tag-mathieu-van-der-poel","tag-tirreno-adriatico","global-categories-cycling"],"yoast_head":"<!-- This site is optimized with the Yoast SEO Premium plugin v25.3 (Yoast SEO v25.9) - https:\/\/yoast.com\/wordpress\/plugins\/seo\/ -->\n<title>Del Toro Leads Tirreno-Adriatico, With Toughest Climbs Still to Come - \u0160koda We Love Cycling<\/title>\n<meta name=\"description\" content=\"Isaac del Toro (UAE Team Emirates\u2013XRG), fresh from a strong podium finish in last weekend\u2019s Strade Bianche, has a slim lead in one of this week\u2019s two Tour\" \/>\n<meta name=\"robots\" content=\"index, follow, max-snippet:-1, max-image-preview:large, max-video-preview:-1\" \/>\n<link rel=\"canonical\" href=\"https:\/\/www.welovecycling.com\/wide\/2026\/03\/12\/del-toro-leads-tirreno-adriatico-with-toughest-climbs-still-to-come\/\" \/>\n<meta property=\"og:locale\" content=\"en_US\" \/>\n<meta property=\"og:type\" content=\"article\" \/>\n<meta property=\"og:title\" content=\"Del Toro Leads Tirreno-Adriatico, With Toughest Climbs Still to Come\" \/>\n<meta property=\"og:description\" content=\"Isaac del Toro (UAE Team Emirates\u2013XRG), fresh from a strong podium finish in last weekend\u2019s Strade Bianche, has a slim lead in one of this week\u2019s two Tour\" \/>\n<meta property=\"og:url\" content=\"https:\/\/www.welovecycling.com\/wide\/2026\/03\/12\/del-toro-leads-tirreno-adriatico-with-toughest-climbs-still-to-come\/\" \/>\n<meta property=\"og:site_name\" content=\"\u0160koda We Love Cycling\" \/>\n<meta property=\"article:published_time\" content=\"2026-03-12T12:11:47+00:00\" \/>\n<meta property=\"article:modified_time\" content=\"2026-03-12T15:12:04+00:00\" \/>\n<meta property=\"og:image\" content=\"https:\/\/d2p6e6u75xmxt8.cloudfront.net\/2\/2026\/03\/Isaac-del-Toro-profimedia-1082003710-CVR.webp\" \/>\n\t<meta property=\"og:image:width\" content=\"990\" \/>\n\t<meta property=\"og:image:height\" content=\"660\" \/>\n\t<meta property=\"og:image:type\" content=\"image\/webp\" \/>\n<meta name=\"author\" content=\"tereza\" \/>\n<meta name=\"twitter:card\" content=\"summary_large_image\" \/>\n<meta name=\"twitter:label1\" content=\"Written by\" \/>\n\t<meta name=\"twitter:data1\" content=\"Siegfried Mortkowitz\" \/>\n\t<meta name=\"twitter:label2\" content=\"Est. reading time\" \/>\n\t<meta name=\"twitter:data2\" content=\"2\" \/>\n<script type=\"application\/ld+json\" class=\"yoast-schema-graph\">{\"@context\":\"https:\/\/schema.org\",\"@graph\":[{\"@type\":\"WebPage\",\"@id\":\"https:\/\/www.welovecycling.com\/wide\/2026\/03\/12\/del-toro-leads-tirreno-adriatico-with-toughest-climbs-still-to-come\/\",\"url\":\"https:\/\/www.welovecycling.com\/wide\/2026\/03\/12\/del-toro-leads-tirreno-adriatico-with-toughest-climbs-still-to-come\/\",\"name\":\"Del Toro Leads Tirreno-Adriatico, With Toughest Climbs Still to Come - \u0160koda We Love Cycling\",\"isPartOf\":{\"@id\":\"https:\/\/www.welovecycling.com\/wide\/#website\"},\"primaryImageOfPage\":{\"@id\":\"https:\/\/www.welovecycling.com\/wide\/2026\/03\/12\/del-toro-leads-tirreno-adriatico-with-toughest-climbs-still-to-come\/#primaryimage\"},\"image\":{\"@id\":\"https:\/\/www.welovecycling.com\/wide\/2026\/03\/12\/del-toro-leads-tirreno-adriatico-with-toughest-climbs-still-to-come\/#primaryimage\"},\"thumbnailUrl\":\"https:\/\/d2p6e6u75xmxt8.cloudfront.net\/2\/2026\/03\/Isaac-del-Toro-profimedia-1082003710-CVR.webp\",\"datePublished\":\"2026-03-12T12:11:47+00:00\",\"dateModified\":\"2026-03-12T15:12:04+00:00\",\"author\":{\"@id\":\"https:\/\/www.welovecycling.com\/wide\/#\/schema\/person\/50f01ecd18718d2333cf72e823c4f926\"},\"description\":\"Isaac del Toro (UAE Team Emirates\u2013XRG), fresh from a strong podium finish in last weekend\u2019s Strade Bianche, has a slim lead in one of this week\u2019s two Tour\",\"breadcrumb\":{\"@id\":\"https:\/\/www.welovecycling.com\/wide\/2026\/03\/12\/del-toro-leads-tirreno-adriatico-with-toughest-climbs-still-to-come\/#breadcrumb\"},\"inLanguage\":\"en-US\",\"potentialAction\":[{\"@type\":\"ReadAction\",\"target\":[\"https:\/\/www.welovecycling.com\/wide\/2026\/03\/12\/del-toro-leads-tirreno-adriatico-with-toughest-climbs-still-to-come\/\"]}]},{\"@type\":\"ImageObject\",\"inLanguage\":\"en-US\",\"@id\":\"https:\/\/www.welovecycling.com\/wide\/2026\/03\/12\/del-toro-leads-tirreno-adriatico-with-toughest-climbs-still-to-come\/#primaryimage\",\"url\":\"https:\/\/d2p6e6u75xmxt8.cloudfront.net\/2\/2026\/03\/Isaac-del-Toro-profimedia-1082003710-CVR.webp\",\"contentUrl\":\"https:\/\/d2p6e6u75xmxt8.cloudfront.net\/2\/2026\/03\/Isaac-del-Toro-profimedia-1082003710-CVR.webp\",\"width\":990,\"height\":660,\"caption\":\"Isaac del Toro\"},{\"@type\":\"BreadcrumbList\",\"@id\":\"https:\/\/www.welovecycling.com\/wide\/2026\/03\/12\/del-toro-leads-tirreno-adriatico-with-toughest-climbs-still-to-come\/#breadcrumb\",\"itemListElement\":[{\"@type\":\"ListItem\",\"position\":1,\"name\":\"Home\",\"item\":\"https:\/\/www.welovecycling.com\/wide\/\"},{\"@type\":\"ListItem\",\"position\":2,\"name\":\"Del Toro Leads Tirreno-Adriatico, With Toughest Climbs Still to Come\"}]},{\"@type\":\"WebSite\",\"@id\":\"https:\/\/www.welovecycling.com\/wide\/#website\",\"url\":\"https:\/\/www.welovecycling.com\/wide\/\",\"name\":\"\u0160koda We Love Cycling\",\"description\":\"\u0160koda We Love Cycling magazine\",\"alternateName\":\"\u0160koda WLC\",\"potentialAction\":[{\"@type\":\"SearchAction\",\"target\":{\"@type\":\"EntryPoint\",\"urlTemplate\":\"https:\/\/www.welovecycling.com\/wide\/?s={search_term_string}\"},\"query-input\":{\"@type\":\"PropertyValueSpecification\",\"valueRequired\":true,\"valueName\":\"search_term_string\"}}],\"inLanguage\":\"en-US\"},{\"@type\":\"Person\",\"@id\":\"https:\/\/www.welovecycling.com\/wide\/#\/schema\/person\/50f01ecd18718d2333cf72e823c4f926\",\"name\":\"tereza\",\"image\":{\"@type\":\"ImageObject\",\"inLanguage\":\"en-US\",\"@id\":\"https:\/\/www.welovecycling.com\/wide\/#\/schema\/person\/image\/\",\"url\":\"https:\/\/secure.gravatar.com\/avatar\/1f9eb71be33845f0afabce3791bc1c58ecdb0a25c62964987e5dbcf7a20d2ec7?s=96&d=mm&r=g\",\"contentUrl\":\"https:\/\/secure.gravatar.com\/avatar\/1f9eb71be33845f0afabce3791bc1c58ecdb0a25c62964987e5dbcf7a20d2ec7?s=96&d=mm&r=g\",\"caption\":\"tereza\"},\"url\":\"https:\/\/www.welovecycling.com\/wide\/author\/tereza\/\"}]}<\/script>\n<!-- \/ Yoast SEO Premium plugin. -->","yoast_head_json":{"title":"Del Toro Leads Tirreno-Adriatico, With Toughest Climbs Still to Come - \u0160koda We Love Cycling","description":"Isaac del Toro (UAE Team Emirates\u2013XRG), fresh from a strong podium finish in last weekend\u2019s Strade Bianche, has a slim lead in one of this week\u2019s two Tour","robots":{"index":"index","follow":"follow","max-snippet":"max-snippet:-1","max-image-preview":"max-image-preview:large","max-video-preview":"max-video-preview:-1"},"canonical":"https:\/\/www.welovecycling.com\/wide\/2026\/03\/12\/del-toro-leads-tirreno-adriatico-with-toughest-climbs-still-to-come\/","og_locale":"en_US","og_type":"article","og_title":"Del Toro Leads Tirreno-Adriatico, With Toughest Climbs Still to Come","og_description":"Isaac del Toro (UAE Team Emirates\u2013XRG), fresh from a strong podium finish in last weekend\u2019s Strade Bianche, has a slim lead in one of this week\u2019s two Tour","og_url":"https:\/\/www.welovecycling.com\/wide\/2026\/03\/12\/del-toro-leads-tirreno-adriatico-with-toughest-climbs-still-to-come\/","og_site_name":"\u0160koda We Love Cycling","article_published_time":"2026-03-12T12:11:47+00:00","article_modified_time":"2026-03-12T15:12:04+00:00","og_image":[{"width":990,"height":660,"url":"https:\/\/d2p6e6u75xmxt8.cloudfront.net\/2\/2026\/03\/Isaac-del-Toro-profimedia-1082003710-CVR.webp","type":"image\/webp"}],"author":"tereza","twitter_card":"summary_large_image","twitter_misc":{"Written by":"Siegfried Mortkowitz","Est. reading time":"2"},"schema":{"@context":"https:\/\/schema.org","@graph":[{"@type":"WebPage","@id":"https:\/\/www.welovecycling.com\/wide\/2026\/03\/12\/del-toro-leads-tirreno-adriatico-with-toughest-climbs-still-to-come\/","url":"https:\/\/www.welovecycling.com\/wide\/2026\/03\/12\/del-toro-leads-tirreno-adriatico-with-toughest-climbs-still-to-come\/","name":"Del Toro Leads Tirreno-Adriatico, With Toughest Climbs Still to Come - \u0160koda We Love Cycling","isPartOf":{"@id":"https:\/\/www.welovecycling.com\/wide\/#website"},"primaryImageOfPage":{"@id":"https:\/\/www.welovecycling.com\/wide\/2026\/03\/12\/del-toro-leads-tirreno-adriatico-with-toughest-climbs-still-to-come\/#primaryimage"},"image":{"@id":"https:\/\/www.welovecycling.com\/wide\/2026\/03\/12\/del-toro-leads-tirreno-adriatico-with-toughest-climbs-still-to-come\/#primaryimage"},"thumbnailUrl":"https:\/\/d2p6e6u75xmxt8.cloudfront.net\/2\/2026\/03\/Isaac-del-Toro-profimedia-1082003710-CVR.webp","datePublished":"2026-03-12T12:11:47+00:00","dateModified":"2026-03-12T15:12:04+00:00","author":{"@id":"https:\/\/www.welovecycling.com\/wide\/#\/schema\/person\/50f01ecd18718d2333cf72e823c4f926"},"description":"Isaac del Toro (UAE Team Emirates\u2013XRG), fresh from a strong podium finish in last weekend\u2019s Strade Bianche, has a slim lead in one of this week\u2019s two Tour","breadcrumb":{"@id":"https:\/\/www.welovecycling.com\/wide\/2026\/03\/12\/del-toro-leads-tirreno-adriatico-with-toughest-climbs-still-to-come\/#breadcrumb"},"inLanguage":"en-US","potentialAction":[{"@type":"ReadAction","target":["https:\/\/www.welovecycling.com\/wide\/2026\/03\/12\/del-toro-leads-tirreno-adriatico-with-toughest-climbs-still-to-come\/"]}]},{"@type":"ImageObject","inLanguage":"en-US","@id":"https:\/\/www.welovecycling.com\/wide\/2026\/03\/12\/del-toro-leads-tirreno-adriatico-with-toughest-climbs-still-to-come\/#primaryimage","url":"https:\/\/d2p6e6u75xmxt8.cloudfront.net\/2\/2026\/03\/Isaac-del-Toro-profimedia-1082003710-CVR.webp","contentUrl":"https:\/\/d2p6e6u75xmxt8.cloudfront.net\/2\/2026\/03\/Isaac-del-Toro-profimedia-1082003710-CVR.webp","width":990,"height":660,"caption":"Isaac del Toro"},{"@type":"BreadcrumbList","@id":"https:\/\/www.welovecycling.com\/wide\/2026\/03\/12\/del-toro-leads-tirreno-adriatico-with-toughest-climbs-still-to-come\/#breadcrumb","itemListElement":[{"@type":"ListItem","position":1,"name":"Home","item":"https:\/\/www.welovecycling.com\/wide\/"},{"@type":"ListItem","position":2,"name":"Del Toro Leads Tirreno-Adriatico, With Toughest Climbs Still to Come"}]},{"@type":"WebSite","@id":"https:\/\/www.welovecycling.com\/wide\/#website","url":"https:\/\/www.welovecycling.com\/wide\/","name":"\u0160koda We Love Cycling","description":"\u0160koda We Love Cycling magazine","alternateName":"\u0160koda WLC","potentialAction":[{"@type":"SearchAction","target":{"@type":"EntryPoint","urlTemplate":"https:\/\/www.welovecycling.com\/wide\/?s={search_term_string}"},"query-input":{"@type":"PropertyValueSpecification","valueRequired":true,"valueName":"search_term_string"}}],"inLanguage":"en-US"},{"@type":"Person","@id":"https:\/\/www.welovecycling.com\/wide\/#\/schema\/person\/50f01ecd18718d2333cf72e823c4f926","name":"tereza","image":{"@type":"ImageObject","inLanguage":"en-US","@id":"https:\/\/www.welovecycling.com\/wide\/#\/schema\/person\/image\/","url":"https:\/\/secure.gravatar.com\/avatar\/1f9eb71be33845f0afabce3791bc1c58ecdb0a25c62964987e5dbcf7a20d2ec7?s=96&d=mm&r=g","contentUrl":"https:\/\/secure.gravatar.com\/avatar\/1f9eb71be33845f0afabce3791bc1c58ecdb0a25c62964987e5dbcf7a20d2ec7?s=96&d=mm&r=g","caption":"tereza"},"url":"https:\/\/www.welovecycling.com\/wide\/author\/tereza\/"}]}},"_links":{"self":[{"href":"https:\/\/www.welovecycling.com\/wide\/wp-json\/wp\/v2\/posts\/204863","targetHints":{"allow":["GET"]}}],"collection":[{"href":"https:\/\/www.welovecycling.com\/wide\/wp-json\/wp\/v2\/posts"}],"about":[{"href":"https:\/\/www.welovecycling.com\/wide\/wp-json\/wp\/v2\/types\/post"}],"author":[{"embeddable":true,"href":"https:\/\/www.welovecycling.com\/wide\/wp-json\/wp\/v2\/users\/99"}],"replies":[{"embeddable":true,"href":"https:\/\/www.welovecycling.com\/wide\/wp-json\/wp\/v2\/comments?post=204863"}],"version-history":[{"count":1,"href":"https:\/\/www.welovecycling.com\/wide\/wp-json\/wp\/v2\/posts\/204863\/revisions"}],"predecessor-version":[{"id":204865,"href":"https:\/\/www.welovecycling.com\/wide\/wp-json\/wp\/v2\/posts\/204863\/revisions\/204865"}],"wp:featuredmedia":[{"embeddable":true,"href":"https:\/\/www.welovecycling.com\/wide\/wp-json\/wp\/v2\/media\/204864"}],"wp:attachment":[{"href":"https:\/\/www.welovecycling.com\/wide\/wp-json\/wp\/v2\/media?parent=204863"}],"wp:term":[{"taxonomy":"category","embeddable":true,"href":"https:\/\/www.welovecycling.com\/wide\/wp-json\/wp\/v2\/categories?post=204863"},{"taxonomy":"post_tag","embeddable":true,"href":"https:\/\/www.welovecycling.com\/wide\/wp-json\/wp\/v2\/tags?post=204863"},{"taxonomy":"global-categories","embeddable":true,"href":"https:\/\/www.welovecycling.com\/wide\/wp-json\/wp\/v2\/global-categories?post=204863"}],"curies":[{"name":"wp","href":"https:\/\/api.w.org\/{rel}","templated":true}]}}