{"id":204852,"date":"2026-03-10T14:19:34","date_gmt":"2026-03-10T14:19:34","guid":{"rendered":"https:\/\/www.welovecycling.com\/wide\/?p=204852"},"modified":"2026-03-10T14:19:34","modified_gmt":"2026-03-10T14:19:34","slug":"shared-bikes-faster-than-public-transport","status":"publish","type":"post","link":"https:\/\/www.welovecycling.com\/wide\/2026\/03\/10\/shared-bikes-faster-than-public-transport\/","title":{"rendered":"Shared Bikes: Faster Than Public Transport?"},"content":{"rendered":"<p style=\"font-weight: 400;\"><strong>Is it possible to be faster than a bus or tram on a heavy, clunky shared bike? In my experience as someone living in the wider centre of Prague, the answer is a resounding yes. Let me share a few real-world examples and explain why you might find the same.<\/strong><\/p>\n<p><!--more--><\/p>\n<h2><strong>Shared bikes vs public transport<\/strong><\/h2>\n<p style=\"font-weight: 400;\">For trips under 20 minutes, shared bikes often match or beat public transport. Here\u2019s how some of my regular routes compare:<\/p>\n<ul>\n<li>Train station: 19 minutes (bike) vs. 21 minutes (tram)<\/li>\n<li>Dentist: 13 minutes (bike) vs. 14 minutes (tram)<\/li>\n<li>Movie theatre: 12 minutes (bike) vs. 17 minutes (tram)<\/li>\n<li>Bouldering gym: 18 minutes (bike) vs. 33 minutes (tram)<\/li>\n<li>Work: 22 minutes (bike) vs. 14 minutes (tram)<\/li>\n<\/ul>\n<p style=\"font-weight: 400;\">You might think I\u2019ve cherry-picked destinations that favour shared bikes \u2013 and you\u2019d be right. But these are the places I go most often. For short trips, I now instinctively consider shared bikes, and they\u2019re frequently faster.<\/p>\n<p style=\"font-weight: 400;\">Of course, longer trips (over 30 minutes) are a different story. I won\u2019t pretend that a shared bike is the best choice for everything. Riding one through a busy city for an extended time isn\u2019t fun, and public transport often wins for speed and comfort over longer distances.<\/p>\n<div class=\"shortcode-ys-post-pinup\"><article class=\"loop-simple post-204809 post type-post status-publish format-standard has-post-thumbnail hentry category-urban-cycling tag-bike-sharing tag-shared-bikes tag-urban-cycling global-categories-cycling\" data-postid=\"204809\" role=\"article\" data-post-id=\"204809\" data-word-count=\"462\" data-headline-length=\"60\" data-category=\"Urban cycling\" data-global-category=\"Cycling\" data-author=\"Jiri Kaloc\" data-published=\"2026-03-03T13:46:05+00:00\" data-published-day=\"Tuesday\">\n    <div class=\"entry-thumbnail article-thumbnail\" content=\"https:\/\/d2p6e6u75xmxt8.cloudfront.net\/2\/2026\/03\/Shared-Bikes-profimedia-1071222380-CVR-150x150.webp\"><a href=\"https:\/\/www.welovecycling.com\/wide\/2026\/03\/03\/shared-bikes-why-i-ignored-them-for-years-and-now-love-them\/\" class=\"image-holder\" target=\"_self\"><img decoding=\"async\" loading=\"lazy\" class=\"\" src=\"https:\/\/d2p6e6u75xmxt8.cloudfront.net\/2\/2026\/03\/Shared-Bikes-profimedia-1071222380-CVR.webp\" srcset=\"https:\/\/d2p6e6u75xmxt8.cloudfront.net\/2\/2026\/03\/Shared-Bikes-profimedia-1071222380-CVR.webp 990w, https:\/\/d2p6e6u75xmxt8.cloudfront.net\/2\/2026\/03\/Shared-Bikes-profimedia-1071222380-CVR-300x200.webp 300w, https:\/\/d2p6e6u75xmxt8.cloudfront.net\/2\/2026\/03\/Shared-Bikes-profimedia-1071222380-CVR-768x512.webp 768w, https:\/\/d2p6e6u75xmxt8.cloudfront.net\/2\/2026\/03\/Shared-Bikes-profimedia-1071222380-CVR-400x267.webp 400w, https:\/\/d2p6e6u75xmxt8.cloudfront.net\/2\/2026\/03\/Shared-Bikes-profimedia-1071222380-CVR-272x182.webp 272w\" width=\"990\" height=\"660\" sizes=\"auto, (min-width: 1200px) 300px, (min-width: 768px) 25vw, 100vw\" alt=\"shared-bikes-why-i-ignored-them-for-years-and-now-love-them\"\/><\/a><\/div>    <div class=\"entry-meta\">\n        <a class=\"label label-secondary post-category\" href=\"https:\/\/www.welovecycling.com\/wide\/category\/urban-cycling\/\" title=\"Urban cycling\">Urban cycling<\/a>\n    <\/div>\n    <div class=\"entry-details\">\n        <a href=\"https:\/\/www.welovecycling.com\/wide\/2026\/03\/03\/shared-bikes-why-i-ignored-them-for-years-and-now-love-them\/\" class='entry-title-wrapper'>\n            <h3 class=\"entry-title\"><span>Shared Bikes: Why I Ignored Them for Years and Now Love Them<\/span><\/h3>\n        <\/a>\n    <\/div>\n    <\/article>\n<\/div>\n<h2><strong>Door-to-door speed matters more than top speed<\/strong><\/h2>\n<p style=\"font-weight: 400;\">The real advantage of shared bikes is their door-to-door efficiency. With public transport, you have to walk to and from stops and often wait for connections. With shared bikes, you ride all the way.<\/p>\n<p style=\"font-weight: 400;\">For this to work, a city needs two things:<\/p>\n<ul>\n<li><strong>Dense bike availability<\/strong>: Prague\u2019s wider centre has stations everywhere. I have two within a minute\u2019s walk from my home, so I\u2019ve never struggled to find a bike, even during rush hour.<\/li>\n<li><strong>Convenient drop-off points<\/strong>: Prague\u2019s central coverage is excellent, so I rarely have to walk far after locking up the bike.<\/li>\n<\/ul>\n<p style=\"font-weight: 400;\">This setup eliminates transfer time. Shared bike stations are almost always closer to my home and destination than public transport stops. Cars can offer the same convenience, but good luck navigating Prague\u2019s centre in a Bolt or Uber during rush hour. I\u2019ve tried, and it\u2019s often two to three times slower than the tram.<\/p>\n<h2><strong>When public transport still wins<\/strong><\/h2>\n<p style=\"font-weight: 400;\">Shared bikes aren\u2019t always the best choice. Here\u2019s when I stick to public transport:<\/p>\n<p><strong>Long distances:<\/strong> Over 30 minutes, public transport is almost always faster.<\/p>\n<p><strong>Direct connections:<\/strong> If there\u2019s a direct tram or bus, it can beat a shared bike even for 15-20 minute trips.<\/p>\n<p><strong>Bad weather:<\/strong> Heavy rain or snowmelt, when getting my clothes covered in the city grime would be inevitable.<\/p>\n<p><strong>Sweatiness:<\/strong> When I don\u2019t want to risk getting sweaty (which is why I rarely bike to work, though I sometimes ride home after a stressful day because I\u2019ve already sweated during stressful meetings).<\/p>\n<p><strong>Safety concerns:<\/strong> Prague\u2019s cycling infrastructure is lacking. If you\u2019re not an experienced cyclist, sharing the road with cars, separated by nothing more than a painted line or nothing at all, can feel unsafe. Until the city improves its bike lanes, many will understandably choose public transport.<\/p>\n<h2><strong>It changes the way you live in a city<\/strong><\/h2>\n<p style=\"font-weight: 400;\">As a cyclist, I\u2019m already connected to the city on two wheels, but mostly when trying to escape it for longer rides. Shared bikes have forced me to navigate the centre more often, and I\u2019ve learned a lot. I\u2019m always thinking of faster ways to connect places, even combining shared bikes with the metro for longer trips.<\/p>\n<p style=\"font-weight: 400;\">Experiencing the city from different perspectives, pedestrian, cyclist, public transport user, and car passenger, has given me more empathy for how others move around. It\u2019s also made me appreciate the infrastructure we do have, even as I advocate for more bike-friendly improvements.<\/p>\n","protected":false},"excerpt":{"rendered":"<p>Is it possible to be faster than a bus or tram on a heavy, clunky shared bike? In my experience [&hellip;]<\/p>\n","protected":false},"author":99,"featured_media":204855,"comment_status":"closed","ping_status":"open","sticky":false,"template":"","format":"standard","meta":{"footnotes":""},"categories":[330],"tags":[8950,8940,2865],"global-categories":[3366],"class_list":["post-204852","post","type-post","status-publish","format-standard","has-post-thumbnail","hentry","category-urban-cycling","tag-public-transport","tag-shared-bikes","tag-urban-cycling","global-categories-cycling"],"yoast_head":"<!-- This site is optimized with the Yoast SEO Premium plugin v25.3 (Yoast SEO v25.9) - https:\/\/yoast.com\/wordpress\/plugins\/seo\/ -->\n<title>Shared Bikes: Faster Than Public Transport? - \u0160koda We Love Cycling<\/title>\n<meta name=\"description\" content=\"Is it possible to be faster than a bus or tram on a heavy, clunky shared bike? In my experience as someone living in the wider centre of Prague, the\" \/>\n<meta name=\"robots\" content=\"index, follow, max-snippet:-1, max-image-preview:large, max-video-preview:-1\" \/>\n<link rel=\"canonical\" href=\"https:\/\/www.welovecycling.com\/wide\/2026\/03\/10\/shared-bikes-faster-than-public-transport\/\" \/>\n<meta property=\"og:locale\" content=\"en_US\" \/>\n<meta property=\"og:type\" content=\"article\" \/>\n<meta property=\"og:title\" content=\"Shared Bikes: Faster Than Public Transport?\" \/>\n<meta property=\"og:description\" content=\"Is it possible to be faster than a bus or tram on a heavy, clunky shared bike? In my experience as someone living in the wider centre of Prague, the\" \/>\n<meta property=\"og:url\" content=\"https:\/\/www.welovecycling.com\/wide\/2026\/03\/10\/shared-bikes-faster-than-public-transport\/\" \/>\n<meta property=\"og:site_name\" content=\"\u0160koda We Love Cycling\" \/>\n<meta property=\"article:published_time\" content=\"2026-03-10T14:19:34+00:00\" \/>\n<meta property=\"og:image\" content=\"https:\/\/d2p6e6u75xmxt8.cloudfront.net\/2\/2026\/03\/Shared-Bikes-profimedia-1060554453-CVR.webp\" \/>\n\t<meta property=\"og:image:width\" content=\"990\" \/>\n\t<meta property=\"og:image:height\" content=\"660\" \/>\n\t<meta property=\"og:image:type\" content=\"image\/webp\" \/>\n<meta name=\"author\" content=\"tereza\" \/>\n<meta name=\"twitter:card\" content=\"summary_large_image\" \/>\n<meta name=\"twitter:label1\" content=\"Written by\" \/>\n\t<meta name=\"twitter:data1\" content=\"Jiri Kaloc\" \/>\n\t<meta name=\"twitter:label2\" content=\"Est. reading time\" \/>\n\t<meta name=\"twitter:data2\" content=\"2\" \/>\n<script type=\"application\/ld+json\" class=\"yoast-schema-graph\">{\"@context\":\"https:\/\/schema.org\",\"@graph\":[{\"@type\":\"WebPage\",\"@id\":\"https:\/\/www.welovecycling.com\/wide\/2026\/03\/10\/shared-bikes-faster-than-public-transport\/\",\"url\":\"https:\/\/www.welovecycling.com\/wide\/2026\/03\/10\/shared-bikes-faster-than-public-transport\/\",\"name\":\"Shared Bikes: Faster Than Public Transport? - \u0160koda We Love Cycling\",\"isPartOf\":{\"@id\":\"https:\/\/www.welovecycling.com\/wide\/#website\"},\"primaryImageOfPage\":{\"@id\":\"https:\/\/www.welovecycling.com\/wide\/2026\/03\/10\/shared-bikes-faster-than-public-transport\/#primaryimage\"},\"image\":{\"@id\":\"https:\/\/www.welovecycling.com\/wide\/2026\/03\/10\/shared-bikes-faster-than-public-transport\/#primaryimage\"},\"thumbnailUrl\":\"https:\/\/d2p6e6u75xmxt8.cloudfront.net\/2\/2026\/03\/Shared-Bikes-profimedia-1060554453-CVR.webp\",\"datePublished\":\"2026-03-10T14:19:34+00:00\",\"author\":{\"@id\":\"https:\/\/www.welovecycling.com\/wide\/#\/schema\/person\/50f01ecd18718d2333cf72e823c4f926\"},\"description\":\"Is it possible to be faster than a bus or tram on a heavy, clunky shared bike? In my experience as someone living in the wider centre of Prague, the\",\"breadcrumb\":{\"@id\":\"https:\/\/www.welovecycling.com\/wide\/2026\/03\/10\/shared-bikes-faster-than-public-transport\/#breadcrumb\"},\"inLanguage\":\"en-US\",\"potentialAction\":[{\"@type\":\"ReadAction\",\"target\":[\"https:\/\/www.welovecycling.com\/wide\/2026\/03\/10\/shared-bikes-faster-than-public-transport\/\"]}]},{\"@type\":\"ImageObject\",\"inLanguage\":\"en-US\",\"@id\":\"https:\/\/www.welovecycling.com\/wide\/2026\/03\/10\/shared-bikes-faster-than-public-transport\/#primaryimage\",\"url\":\"https:\/\/d2p6e6u75xmxt8.cloudfront.net\/2\/2026\/03\/Shared-Bikes-profimedia-1060554453-CVR.webp\",\"contentUrl\":\"https:\/\/d2p6e6u75xmxt8.cloudfront.net\/2\/2026\/03\/Shared-Bikes-profimedia-1060554453-CVR.webp\",\"width\":990,\"height\":660,\"caption\":\"Shared Bikes\"},{\"@type\":\"BreadcrumbList\",\"@id\":\"https:\/\/www.welovecycling.com\/wide\/2026\/03\/10\/shared-bikes-faster-than-public-transport\/#breadcrumb\",\"itemListElement\":[{\"@type\":\"ListItem\",\"position\":1,\"name\":\"Home\",\"item\":\"https:\/\/www.welovecycling.com\/wide\/\"},{\"@type\":\"ListItem\",\"position\":2,\"name\":\"Shared Bikes: Faster Than Public Transport?\"}]},{\"@type\":\"WebSite\",\"@id\":\"https:\/\/www.welovecycling.com\/wide\/#website\",\"url\":\"https:\/\/www.welovecycling.com\/wide\/\",\"name\":\"\u0160koda We Love Cycling\",\"description\":\"\u0160koda We Love Cycling magazine\",\"alternateName\":\"\u0160koda WLC\",\"potentialAction\":[{\"@type\":\"SearchAction\",\"target\":{\"@type\":\"EntryPoint\",\"urlTemplate\":\"https:\/\/www.welovecycling.com\/wide\/?s={search_term_string}\"},\"query-input\":{\"@type\":\"PropertyValueSpecification\",\"valueRequired\":true,\"valueName\":\"search_term_string\"}}],\"inLanguage\":\"en-US\"},{\"@type\":\"Person\",\"@id\":\"https:\/\/www.welovecycling.com\/wide\/#\/schema\/person\/50f01ecd18718d2333cf72e823c4f926\",\"name\":\"tereza\",\"image\":{\"@type\":\"ImageObject\",\"inLanguage\":\"en-US\",\"@id\":\"https:\/\/www.welovecycling.com\/wide\/#\/schema\/person\/image\/\",\"url\":\"https:\/\/secure.gravatar.com\/avatar\/1f9eb71be33845f0afabce3791bc1c58ecdb0a25c62964987e5dbcf7a20d2ec7?s=96&d=mm&r=g\",\"contentUrl\":\"https:\/\/secure.gravatar.com\/avatar\/1f9eb71be33845f0afabce3791bc1c58ecdb0a25c62964987e5dbcf7a20d2ec7?s=96&d=mm&r=g\",\"caption\":\"tereza\"},\"url\":\"https:\/\/www.welovecycling.com\/wide\/author\/tereza\/\"}]}<\/script>\n<!-- \/ Yoast SEO Premium plugin. -->","yoast_head_json":{"title":"Shared Bikes: Faster Than Public Transport? - \u0160koda We Love Cycling","description":"Is it possible to be faster than a bus or tram on a heavy, clunky shared bike? In my experience as someone living in the wider centre of Prague, the","robots":{"index":"index","follow":"follow","max-snippet":"max-snippet:-1","max-image-preview":"max-image-preview:large","max-video-preview":"max-video-preview:-1"},"canonical":"https:\/\/www.welovecycling.com\/wide\/2026\/03\/10\/shared-bikes-faster-than-public-transport\/","og_locale":"en_US","og_type":"article","og_title":"Shared Bikes: Faster Than Public Transport?","og_description":"Is it possible to be faster than a bus or tram on a heavy, clunky shared bike? In my experience as someone living in the wider centre of Prague, the","og_url":"https:\/\/www.welovecycling.com\/wide\/2026\/03\/10\/shared-bikes-faster-than-public-transport\/","og_site_name":"\u0160koda We Love Cycling","article_published_time":"2026-03-10T14:19:34+00:00","og_image":[{"width":990,"height":660,"url":"https:\/\/d2p6e6u75xmxt8.cloudfront.net\/2\/2026\/03\/Shared-Bikes-profimedia-1060554453-CVR.webp","type":"image\/webp"}],"author":"tereza","twitter_card":"summary_large_image","twitter_misc":{"Written by":"Jiri Kaloc","Est. reading time":"2"},"schema":{"@context":"https:\/\/schema.org","@graph":[{"@type":"WebPage","@id":"https:\/\/www.welovecycling.com\/wide\/2026\/03\/10\/shared-bikes-faster-than-public-transport\/","url":"https:\/\/www.welovecycling.com\/wide\/2026\/03\/10\/shared-bikes-faster-than-public-transport\/","name":"Shared Bikes: Faster Than Public Transport? - \u0160koda We Love Cycling","isPartOf":{"@id":"https:\/\/www.welovecycling.com\/wide\/#website"},"primaryImageOfPage":{"@id":"https:\/\/www.welovecycling.com\/wide\/2026\/03\/10\/shared-bikes-faster-than-public-transport\/#primaryimage"},"image":{"@id":"https:\/\/www.welovecycling.com\/wide\/2026\/03\/10\/shared-bikes-faster-than-public-transport\/#primaryimage"},"thumbnailUrl":"https:\/\/d2p6e6u75xmxt8.cloudfront.net\/2\/2026\/03\/Shared-Bikes-profimedia-1060554453-CVR.webp","datePublished":"2026-03-10T14:19:34+00:00","author":{"@id":"https:\/\/www.welovecycling.com\/wide\/#\/schema\/person\/50f01ecd18718d2333cf72e823c4f926"},"description":"Is it possible to be faster than a bus or tram on a heavy, clunky shared bike? In my experience as someone living in the wider centre of Prague, the","breadcrumb":{"@id":"https:\/\/www.welovecycling.com\/wide\/2026\/03\/10\/shared-bikes-faster-than-public-transport\/#breadcrumb"},"inLanguage":"en-US","potentialAction":[{"@type":"ReadAction","target":["https:\/\/www.welovecycling.com\/wide\/2026\/03\/10\/shared-bikes-faster-than-public-transport\/"]}]},{"@type":"ImageObject","inLanguage":"en-US","@id":"https:\/\/www.welovecycling.com\/wide\/2026\/03\/10\/shared-bikes-faster-than-public-transport\/#primaryimage","url":"https:\/\/d2p6e6u75xmxt8.cloudfront.net\/2\/2026\/03\/Shared-Bikes-profimedia-1060554453-CVR.webp","contentUrl":"https:\/\/d2p6e6u75xmxt8.cloudfront.net\/2\/2026\/03\/Shared-Bikes-profimedia-1060554453-CVR.webp","width":990,"height":660,"caption":"Shared Bikes"},{"@type":"BreadcrumbList","@id":"https:\/\/www.welovecycling.com\/wide\/2026\/03\/10\/shared-bikes-faster-than-public-transport\/#breadcrumb","itemListElement":[{"@type":"ListItem","position":1,"name":"Home","item":"https:\/\/www.welovecycling.com\/wide\/"},{"@type":"ListItem","position":2,"name":"Shared Bikes: Faster Than Public Transport?"}]},{"@type":"WebSite","@id":"https:\/\/www.welovecycling.com\/wide\/#website","url":"https:\/\/www.welovecycling.com\/wide\/","name":"\u0160koda We Love Cycling","description":"\u0160koda We Love Cycling magazine","alternateName":"\u0160koda WLC","potentialAction":[{"@type":"SearchAction","target":{"@type":"EntryPoint","urlTemplate":"https:\/\/www.welovecycling.com\/wide\/?s={search_term_string}"},"query-input":{"@type":"PropertyValueSpecification","valueRequired":true,"valueName":"search_term_string"}}],"inLanguage":"en-US"},{"@type":"Person","@id":"https:\/\/www.welovecycling.com\/wide\/#\/schema\/person\/50f01ecd18718d2333cf72e823c4f926","name":"tereza","image":{"@type":"ImageObject","inLanguage":"en-US","@id":"https:\/\/www.welovecycling.com\/wide\/#\/schema\/person\/image\/","url":"https:\/\/secure.gravatar.com\/avatar\/1f9eb71be33845f0afabce3791bc1c58ecdb0a25c62964987e5dbcf7a20d2ec7?s=96&d=mm&r=g","contentUrl":"https:\/\/secure.gravatar.com\/avatar\/1f9eb71be33845f0afabce3791bc1c58ecdb0a25c62964987e5dbcf7a20d2ec7?s=96&d=mm&r=g","caption":"tereza"},"url":"https:\/\/www.welovecycling.com\/wide\/author\/tereza\/"}]}},"_links":{"self":[{"href":"https:\/\/www.welovecycling.com\/wide\/wp-json\/wp\/v2\/posts\/204852","targetHints":{"allow":["GET"]}}],"collection":[{"href":"https:\/\/www.welovecycling.com\/wide\/wp-json\/wp\/v2\/posts"}],"about":[{"href":"https:\/\/www.welovecycling.com\/wide\/wp-json\/wp\/v2\/types\/post"}],"author":[{"embeddable":true,"href":"https:\/\/www.welovecycling.com\/wide\/wp-json\/wp\/v2\/users\/99"}],"replies":[{"embeddable":true,"href":"https:\/\/www.welovecycling.com\/wide\/wp-json\/wp\/v2\/comments?post=204852"}],"version-history":[{"count":3,"href":"https:\/\/www.welovecycling.com\/wide\/wp-json\/wp\/v2\/posts\/204852\/revisions"}],"predecessor-version":[{"id":204858,"href":"https:\/\/www.welovecycling.com\/wide\/wp-json\/wp\/v2\/posts\/204852\/revisions\/204858"}],"wp:featuredmedia":[{"embeddable":true,"href":"https:\/\/www.welovecycling.com\/wide\/wp-json\/wp\/v2\/media\/204855"}],"wp:attachment":[{"href":"https:\/\/www.welovecycling.com\/wide\/wp-json\/wp\/v2\/media?parent=204852"}],"wp:term":[{"taxonomy":"category","embeddable":true,"href":"https:\/\/www.welovecycling.com\/wide\/wp-json\/wp\/v2\/categories?post=204852"},{"taxonomy":"post_tag","embeddable":true,"href":"https:\/\/www.welovecycling.com\/wide\/wp-json\/wp\/v2\/tags?post=204852"},{"taxonomy":"global-categories","embeddable":true,"href":"https:\/\/www.welovecycling.com\/wide\/wp-json\/wp\/v2\/global-categories?post=204852"}],"curies":[{"name":"wp","href":"https:\/\/api.w.org\/{rel}","templated":true}]}}