{"id":204849,"date":"2026-03-09T10:41:47","date_gmt":"2026-03-09T10:41:47","guid":{"rendered":"https:\/\/www.welovecycling.com\/wide\/?p=204849"},"modified":"2026-03-09T10:41:47","modified_gmt":"2026-03-09T10:41:47","slug":"pogacar-soloes-for-record-strade-bianche-win-as-seixas-shines-too","status":"publish","type":"post","link":"https:\/\/www.welovecycling.com\/wide\/2026\/03\/09\/pogacar-soloes-for-record-strade-bianche-win-as-seixas-shines-too\/","title":{"rendered":"Poga\u010dar\u00a0Soloes for Record Strade Bianche Win as Seixas Shines Too"},"content":{"rendered":"<p style=\"font-weight: 400;\"><strong>Tadej Poga\u010dar\u00a0did what he always does at the Strade Bianche, he took off on his own and let his rivals eat the road\u2019s white dust as he became the first rider to win the race four times and three times in succession.<\/strong><\/p>\n<p><!--more--><\/p>\n<h2 style=\"font-weight: 400;\"><strong>How it unfolded<\/strong><\/h2>\n<p style=\"font-weight: 400;\">As in 2024, the UAE Team Emirates\u2013XRG leader made the decisive break on the Monte Sante Marie gravel and white dust sector, the longest and most difficult off-road sector of the race. It is 11.5km long, 4.5km of it uphill, with ramps of up to 18% and a particularly challenging\u00a01km stretch at 10%. Instead of attacking with 81km left to ride, as he did two years ago, he began his move 79.2km from the finish, on the steepest uphill stretch, but was tailed by 19-year-old Paul Seixas (Decathlon CMA CGM), who rode to within a bike length or two of Poga\u010dar. But then the best rider in the world accelerated again at 78.5km \u2013 and the race was more or less over.<\/p>\n<p style=\"font-weight: 400;\">&#8220;I looked back at one point after the first steep section and [Seixas] was not that far behind. He was actually really close,\u201d Poga\u010dar\u00a0said after the race. \u201cSo I said &#8216;OK&#8217; and realized that I need to really leave it all out there and try to snap the gap. Luckily I succeeded. Otherwise, I think he would have been on the wheel. I&#8217;m happy with the way it went.&#8221;<\/p>\n<p style=\"font-weight: 400;\">Seixas eventually went in pursuit of the Slovenian with the latter\u2019s teammate Isaac del Toro on his wheel and refusing to help him. So the young Frenchman eventually waited for two chase groups \u2013 which included Tom Pidcock (Pinarello-Q36.5), Wout van Aert (Visma\u2013Lease a Bike), Romain Gr\u00e9goire (Groupama\u2013FDJ United) and Ben Healy (EF Education\u2013EasyPost) \u2013 to increase the number of legs in the chase. But Pidcock had recurrent chain issues, van Aert was not at his best and, in what to me seemed to be a sign of respect for the youngster, the other riders did not to want to help him for fear of losing a spot on the podium.<\/p>\n<p style=\"font-weight: 400;\">With 50km left to ride, Poga\u010dar led the chasers by 1:23; 40km from the finish the lead was 1:48, and ballooned to 1:57 before coming down again. Frustrated by the lack of progress, Seixas rode away from the chase group on the Colle Pinzuto (400m @ 10.5%) and quickly opened a gap to everyone but del Toro, who stayed glued to his wheel again. That meant that Seixas had to ride the remaining 19km on his own, perhaps sacrificing second place by his effort.<\/p>\n<p style=\"font-weight: 400;\">But the French prodigy managed to drop del Toro on the harsh final climb in Siena, the Sante Catarina ramp (460m @ 10%, with a section at 16%) and finished second after all, 1:00 behind Poga\u010dar. He managed to take some time off the Slovenian\u2019s margin while also beating the best of the chase group, Gr\u00e9goire, to the line by 1:04. I suspect that del Toro had more gas in the tank at the end than Seixas but sort of apologized to him for making him do all the work by letting him take the runner-up spot. These two riders will almost certainly be the main protagonists of the post-Poga\u010dar era, which means many years of intense duels and suspense, for a change.<\/p>\n<h2 style=\"font-weight: 400;\"><strong>Seixas impresses<\/strong><\/h2>\n<p style=\"font-weight: 400;\">Poga\u010dar was gracious in victory. &#8220;I was impressed with Paul. He did a super good ride,&#8221; he said. &#8220;He showed that he can ride a bike, and he can ride under pressure, that he can deliver a result and he has incredible legs. He&#8217;s a big machine.&#8221;<\/p>\n<p style=\"font-weight: 400;\">While the race belonged to Poga\u010dar, Seixas could also be declared a winner and perhaps the hero of the race, because of his age and because his performance was impressive and unexpected, whereas Poga\u010dar just did as he always does.<\/p>\n<p style=\"font-weight: 400;\">\u201cIt\u2019s a great result,\u201d Seixas said post-race. \u201cI didn\u2019t say it in the [pre-race] interview, but we still aimed for the podium today. It\u2019s definitely a very ambitious goal. I never did this race before, I barely knew the sectors, so I knew I had to rely a bit on my cyclocross skills. They were not enough, you know, since I stopped [that sport] two years ago. So I managed to ride a bit and then I fought all day to get this result.\u201d<\/p>\n<p style=\"font-weight: 400;\">He went on to say: \u201cI tried to follow [Poga\u010dar]. He attacked just ahead of a descent. . . .I think he was more managing his effort, whereas I was going all out. He was looking back a few times, and seeing I was coming back, so he re-accelerated. . . . I wasn\u2019t far off following him, and that shows I\u2019m progressing, and my progression\u2019s the most important thing.\u201d<\/p>\n<blockquote class=\"instagram-media\" style=\"background: #FFF; border: 0; border-radius: 3px; box-shadow: 0 0 1px 0 rgba(0,0,0,0.5),0 1px 10px 0 rgba(0,0,0,0.15); margin: 1px; max-width: 540px; min-width: 326px; padding: 0; width: calc(100% - 2px);\" data-instgrm-captioned=\"\" data-instgrm-permalink=\"https:\/\/www.instagram.com\/p\/DVmWFrzCN3e\/?utm_source=ig_embed&amp;utm_campaign=loading\" data-instgrm-version=\"14\">\n<div style=\"padding: 16px;\">\n<p>&nbsp;<\/p>\n<div style=\"display: flex; flex-direction: row; align-items: center;\">\n<div style=\"background-color: #f4f4f4; border-radius: 50%; flex-grow: 0; height: 40px; margin-right: 14px; width: 40px;\"><\/div>\n<div style=\"display: flex; flex-direction: column; flex-grow: 1; justify-content: center;\">\n<div style=\"background-color: #f4f4f4; border-radius: 4px; flex-grow: 0; height: 14px; margin-bottom: 6px; width: 100px;\"><\/div>\n<div style=\"background-color: #f4f4f4; border-radius: 4px; flex-grow: 0; height: 14px; width: 60px;\"><\/div>\n<\/div>\n<\/div>\n<div style=\"padding: 19% 0;\"><\/div>\n<div style=\"display: block; height: 50px; margin: 0 auto 12px; width: 50px;\"><\/div>\n<div style=\"padding-top: 8px;\">\n<div style=\"color: #3897f0; font-family: Arial,sans-serif; font-size: 14px; font-style: normal; font-weight: 550; line-height: 18px;\">Zobrazit p\u0159\u00edsp\u011bvek na Instagramu<\/div>\n<\/div>\n<div style=\"padding: 12.5% 0;\"><\/div>\n<div style=\"display: flex; flex-direction: row; margin-bottom: 14px; align-items: center;\">\n<div>\n<div style=\"background-color: #f4f4f4; border-radius: 50%; height: 12.5px; width: 12.5px; transform: translateX(0px) translateY(7px);\"><\/div>\n<div style=\"background-color: #f4f4f4; height: 12.5px; transform: rotate(-45deg) translateX(3px) translateY(1px); width: 12.5px; flex-grow: 0; margin-right: 14px; margin-left: 2px;\"><\/div>\n<div style=\"background-color: #f4f4f4; border-radius: 50%; height: 12.5px; width: 12.5px; transform: translateX(9px) translateY(-18px);\"><\/div>\n<\/div>\n<div style=\"margin-left: 8px;\">\n<div style=\"background-color: #f4f4f4; border-radius: 50%; flex-grow: 0; height: 20px; width: 20px;\"><\/div>\n<div style=\"width: 0; height: 0; border-top: 2px solid transparent; border-left: 6px solid #f4f4f4; border-bottom: 2px solid transparent; transform: translateX(16px) translateY(-4px) rotate(30deg);\"><\/div>\n<\/div>\n<div style=\"margin-left: auto;\">\n<div style=\"width: 0px; border-top: 8px solid #F4F4F4; border-right: 8px solid transparent; transform: translateY(16px);\"><\/div>\n<div style=\"background-color: #f4f4f4; flex-grow: 0; height: 12px; width: 16px; transform: translateY(-4px);\"><\/div>\n<div style=\"width: 0; height: 0; border-top: 8px solid #F4F4F4; border-left: 8px solid transparent; transform: translateY(-4px) translateX(8px);\"><\/div>\n<\/div>\n<\/div>\n<div style=\"display: flex; flex-direction: column; flex-grow: 1; justify-content: center; margin-bottom: 24px;\">\n<div style=\"background-color: #f4f4f4; border-radius: 4px; flex-grow: 0; height: 14px; margin-bottom: 6px; width: 224px;\"><\/div>\n<div style=\"background-color: #f4f4f4; border-radius: 4px; flex-grow: 0; height: 14px; width: 144px;\"><\/div>\n<\/div>\n<p>&nbsp;<\/p>\n<p style=\"color: #c9c8cd; font-family: Arial,sans-serif; font-size: 14px; line-height: 17px; margin-bottom: 0; margin-top: 8px; overflow: hidden; padding: 8px 0 7px; text-align: center; text-overflow: ellipsis; white-space: nowrap;\"><a style=\"color: #c9c8cd; font-family: Arial,sans-serif; font-size: 14px; font-style: normal; font-weight: normal; line-height: 17px; text-decoration: none;\" href=\"https:\/\/www.instagram.com\/p\/DVmWFrzCN3e\/?utm_source=ig_embed&amp;utm_campaign=loading\" target=\"_blank\" rel=\"noopener\">P\u0159\u00edsp\u011bvek sd\u00edlen\u00fd Strade Bianche (@strade_bianche)<\/a><\/p>\n<\/div>\n<\/blockquote>\n<h2><script async src=\"\/\/www.instagram.com\/embed.js\"><\/script><strong>Bad day for Pidcock and Visma<\/strong><\/h2>\n<p style=\"font-weight: 400;\">It was a good race for UAE Team Emirates\u2013XRG, who had three riders in the top six, with Jan Christen finishing sixth, and good news for France, with Seixas in second and the 23-year-old Gr\u00e9goire in fourth. It was not a great race for Pidcock, who is not having an ideal spring campaign. &#8220;I think you can feel a bit of sombreness here with everyone, with Visma there behind us as well,\u201d he said. \u201cWith UAE like that, there&#8217;s not much you can do.\u201d He suffered his two dropped chains at the worst possible moments: when UAE upped the tempo on the Monte Santa Marie and again when Poga\u010dar attacked, and so he was left far behind and already tired from trying to catch up.<\/p>\n<p style=\"font-weight: 400;\">&#8220;I think my chain fell off twice on Sante Marie, and that really killed my momentum there,&#8221; he said. He finished seventh, 2:14 adrift. He was also right to point out Visma\u2013Lease a Bike\u2019s mediocre performance, with Matteo Jorgenson finishing eighth, 2:20 behind the winner and van Aert coming tenth at 3:46. That means young Seixas beat the two more experienced Visma riders by 1:20 and 2:46, respectively.<\/p>\n<p style=\"font-weight: 400;\">\u00a0\u201cI rode the race that was in my legs,\u201d van Aert said. \u201cIt was incredibly hard. I\u2019m still missing something, but not very much, to be with that group behind Tadej Poga\u010dar. I\u2019m satisfied with that. Of course I wanted more, but the selection on Monte Sante Marie was very honest. I still need to take one more step to be there with that group.\u201d<\/p>\n<p style=\"font-weight: 400;\">He is not comparing his performance to that of Poga\u010dar\u00a0but to the also-rans. That says a lot about his confidence at the moment. It\u2019s much too early to say, but with all the early-season injuries, illnesses and unexpected departures, Visma is already looking like a team in need of a boost. The team has only three wins this year (compared to 14 for UAE), two of them by the 20-year-old Matthew Brennan.<\/p>\n<h4 style=\"font-weight: 400;\"><strong>Results 2026 Strade Bianche, 203km, Siena to Siena<\/strong><\/h4>\n<ol>\n<li style=\"font-weight: 400;\">Tadej Poga\u010dar, UAE Team Emirates\u2013XRG 4:45:15<\/li>\n<li style=\"font-weight: 400;\">Paul Seixas, Decathlon CMA CGM, +1:00<\/li>\n<li style=\"font-weight: 400;\">Isaac del Toro UAE Team Emirates\u2013XRG +1:09<\/li>\n<li style=\"font-weight: 400;\">Romain Gr\u00e9goire, Groupama\u2013FDJ United +2:04<\/li>\n<li style=\"font-weight: 400;\">Gianni Vermeersch, Red Bull\u2013BORA\u2013hangrohe \u201c<\/li>\n<li style=\"font-weight: 400;\">Jan Christen, UAE Team Emirates\u2013XRG +2:07<\/li>\n<li style=\"font-weight: 400;\">Tom Pidcock, Pinarello-Q36.5 +2:14<\/li>\n<li style=\"font-weight: 400;\">Matteo Jorgenson, Visma\u2013Lease a Bike +2:20<\/li>\n<li style=\"font-weight: 400;\">Andreas Kron, Uno-X Mobility +3:46<\/li>\n<li style=\"font-weight: 400;\">Wout van Aert, Visma\u2013Lease a Bike \u201c<\/li>\n<\/ol>\n","protected":false},"excerpt":{"rendered":"<p>Tadej Poga\u010dar\u00a0did what he always does at the Strade Bianche, he took off on his own and let his rivals [&hellip;]<\/p>\n","protected":false},"author":99,"featured_media":204850,"comment_status":"closed","ping_status":"open","sticky":false,"template":"","format":"standard","meta":{"footnotes":""},"categories":[329],"tags":[8946,8752,3415,3871],"global-categories":[3366],"class_list":["post-204849","post","type-post","status-publish","format-standard","has-post-thumbnail","hentry","category-road-cycling","tag-2026-strade-bianche","tag-paul-seixas","tag-tadej-pogacar","tag-tom-pidcock","global-categories-cycling"],"yoast_head":"<!-- This site is optimized with the Yoast SEO Premium plugin v25.3 (Yoast SEO v25.9) - https:\/\/yoast.com\/wordpress\/plugins\/seo\/ -->\n<title>Poga\u010dar\u00a0Soloes for Record Strade Bianche Win as Seixas Shines Too - \u0160koda We Love Cycling<\/title>\n<meta name=\"description\" content=\"Tadej Poga\u010dar\u00a0did what he always does at the Strade Bianche, he took off on his own and let his rivals eat the road\u2019s white dust as he became the first\" \/>\n<meta name=\"robots\" content=\"index, follow, max-snippet:-1, max-image-preview:large, max-video-preview:-1\" \/>\n<link rel=\"canonical\" href=\"https:\/\/www.welovecycling.com\/wide\/2026\/03\/09\/pogacar-soloes-for-record-strade-bianche-win-as-seixas-shines-too\/\" \/>\n<meta property=\"og:locale\" content=\"en_US\" \/>\n<meta property=\"og:type\" content=\"article\" \/>\n<meta property=\"og:title\" content=\"Poga\u010dar\u00a0Soloes for Record Strade Bianche Win as Seixas Shines Too\" \/>\n<meta property=\"og:description\" content=\"Tadej Poga\u010dar\u00a0did what he always does at the Strade Bianche, he took off on his own and let his rivals eat the road\u2019s white dust as he became the first\" \/>\n<meta property=\"og:url\" content=\"https:\/\/www.welovecycling.com\/wide\/2026\/03\/09\/pogacar-soloes-for-record-strade-bianche-win-as-seixas-shines-too\/\" \/>\n<meta property=\"og:site_name\" content=\"\u0160koda We Love Cycling\" \/>\n<meta property=\"article:published_time\" content=\"2026-03-09T10:41:47+00:00\" \/>\n<meta property=\"og:image\" content=\"https:\/\/d2p6e6u75xmxt8.cloudfront.net\/2\/2026\/03\/Strade-Bianche-Peloton-profimedia-1081108746-CVR.webp\" \/>\n\t<meta property=\"og:image:width\" content=\"990\" \/>\n\t<meta property=\"og:image:height\" content=\"660\" \/>\n\t<meta property=\"og:image:type\" content=\"image\/webp\" \/>\n<meta name=\"author\" content=\"tereza\" \/>\n<meta name=\"twitter:card\" content=\"summary_large_image\" \/>\n<meta name=\"twitter:label1\" content=\"Written by\" \/>\n\t<meta name=\"twitter:data1\" content=\"Siegfried Mortkowitz\" \/>\n\t<meta name=\"twitter:label2\" content=\"Est. reading time\" \/>\n\t<meta name=\"twitter:data2\" content=\"3\" \/>\n<script type=\"application\/ld+json\" class=\"yoast-schema-graph\">{\"@context\":\"https:\/\/schema.org\",\"@graph\":[{\"@type\":\"WebPage\",\"@id\":\"https:\/\/www.welovecycling.com\/wide\/2026\/03\/09\/pogacar-soloes-for-record-strade-bianche-win-as-seixas-shines-too\/\",\"url\":\"https:\/\/www.welovecycling.com\/wide\/2026\/03\/09\/pogacar-soloes-for-record-strade-bianche-win-as-seixas-shines-too\/\",\"name\":\"Poga\u010dar\u00a0Soloes for Record Strade Bianche Win as Seixas Shines Too - \u0160koda We Love Cycling\",\"isPartOf\":{\"@id\":\"https:\/\/www.welovecycling.com\/wide\/#website\"},\"primaryImageOfPage\":{\"@id\":\"https:\/\/www.welovecycling.com\/wide\/2026\/03\/09\/pogacar-soloes-for-record-strade-bianche-win-as-seixas-shines-too\/#primaryimage\"},\"image\":{\"@id\":\"https:\/\/www.welovecycling.com\/wide\/2026\/03\/09\/pogacar-soloes-for-record-strade-bianche-win-as-seixas-shines-too\/#primaryimage\"},\"thumbnailUrl\":\"https:\/\/d2p6e6u75xmxt8.cloudfront.net\/2\/2026\/03\/Strade-Bianche-Peloton-profimedia-1081108746-CVR.webp\",\"datePublished\":\"2026-03-09T10:41:47+00:00\",\"author\":{\"@id\":\"https:\/\/www.welovecycling.com\/wide\/#\/schema\/person\/50f01ecd18718d2333cf72e823c4f926\"},\"description\":\"Tadej Poga\u010dar\u00a0did what he always does at the Strade Bianche, he took off on his own and let his rivals eat the road\u2019s white dust as he became the first\",\"breadcrumb\":{\"@id\":\"https:\/\/www.welovecycling.com\/wide\/2026\/03\/09\/pogacar-soloes-for-record-strade-bianche-win-as-seixas-shines-too\/#breadcrumb\"},\"inLanguage\":\"en-US\",\"potentialAction\":[{\"@type\":\"ReadAction\",\"target\":[\"https:\/\/www.welovecycling.com\/wide\/2026\/03\/09\/pogacar-soloes-for-record-strade-bianche-win-as-seixas-shines-too\/\"]}]},{\"@type\":\"ImageObject\",\"inLanguage\":\"en-US\",\"@id\":\"https:\/\/www.welovecycling.com\/wide\/2026\/03\/09\/pogacar-soloes-for-record-strade-bianche-win-as-seixas-shines-too\/#primaryimage\",\"url\":\"https:\/\/d2p6e6u75xmxt8.cloudfront.net\/2\/2026\/03\/Strade-Bianche-Peloton-profimedia-1081108746-CVR.webp\",\"contentUrl\":\"https:\/\/d2p6e6u75xmxt8.cloudfront.net\/2\/2026\/03\/Strade-Bianche-Peloton-profimedia-1081108746-CVR.webp\",\"width\":990,\"height\":660,\"caption\":\"Strade BIanche\"},{\"@type\":\"BreadcrumbList\",\"@id\":\"https:\/\/www.welovecycling.com\/wide\/2026\/03\/09\/pogacar-soloes-for-record-strade-bianche-win-as-seixas-shines-too\/#breadcrumb\",\"itemListElement\":[{\"@type\":\"ListItem\",\"position\":1,\"name\":\"Home\",\"item\":\"https:\/\/www.welovecycling.com\/wide\/\"},{\"@type\":\"ListItem\",\"position\":2,\"name\":\"Poga\u010dar\u00a0Soloes for Record Strade Bianche Win as Seixas Shines Too\"}]},{\"@type\":\"WebSite\",\"@id\":\"https:\/\/www.welovecycling.com\/wide\/#website\",\"url\":\"https:\/\/www.welovecycling.com\/wide\/\",\"name\":\"\u0160koda We Love Cycling\",\"description\":\"\u0160koda We Love Cycling magazine\",\"alternateName\":\"\u0160koda WLC\",\"potentialAction\":[{\"@type\":\"SearchAction\",\"target\":{\"@type\":\"EntryPoint\",\"urlTemplate\":\"https:\/\/www.welovecycling.com\/wide\/?s={search_term_string}\"},\"query-input\":{\"@type\":\"PropertyValueSpecification\",\"valueRequired\":true,\"valueName\":\"search_term_string\"}}],\"inLanguage\":\"en-US\"},{\"@type\":\"Person\",\"@id\":\"https:\/\/www.welovecycling.com\/wide\/#\/schema\/person\/50f01ecd18718d2333cf72e823c4f926\",\"name\":\"tereza\",\"image\":{\"@type\":\"ImageObject\",\"inLanguage\":\"en-US\",\"@id\":\"https:\/\/www.welovecycling.com\/wide\/#\/schema\/person\/image\/\",\"url\":\"https:\/\/secure.gravatar.com\/avatar\/1f9eb71be33845f0afabce3791bc1c58ecdb0a25c62964987e5dbcf7a20d2ec7?s=96&d=mm&r=g\",\"contentUrl\":\"https:\/\/secure.gravatar.com\/avatar\/1f9eb71be33845f0afabce3791bc1c58ecdb0a25c62964987e5dbcf7a20d2ec7?s=96&d=mm&r=g\",\"caption\":\"tereza\"},\"url\":\"https:\/\/www.welovecycling.com\/wide\/author\/tereza\/\"}]}<\/script>\n<!-- \/ Yoast SEO Premium plugin. -->","yoast_head_json":{"title":"Poga\u010dar\u00a0Soloes for Record Strade Bianche Win as Seixas Shines Too - \u0160koda We Love Cycling","description":"Tadej Poga\u010dar\u00a0did what he always does at the Strade Bianche, he took off on his own and let his rivals eat the road\u2019s white dust as he became the first","robots":{"index":"index","follow":"follow","max-snippet":"max-snippet:-1","max-image-preview":"max-image-preview:large","max-video-preview":"max-video-preview:-1"},"canonical":"https:\/\/www.welovecycling.com\/wide\/2026\/03\/09\/pogacar-soloes-for-record-strade-bianche-win-as-seixas-shines-too\/","og_locale":"en_US","og_type":"article","og_title":"Poga\u010dar\u00a0Soloes for Record Strade Bianche Win as Seixas Shines Too","og_description":"Tadej Poga\u010dar\u00a0did what he always does at the Strade Bianche, he took off on his own and let his rivals eat the road\u2019s white dust as he became the first","og_url":"https:\/\/www.welovecycling.com\/wide\/2026\/03\/09\/pogacar-soloes-for-record-strade-bianche-win-as-seixas-shines-too\/","og_site_name":"\u0160koda We Love Cycling","article_published_time":"2026-03-09T10:41:47+00:00","og_image":[{"width":990,"height":660,"url":"https:\/\/d2p6e6u75xmxt8.cloudfront.net\/2\/2026\/03\/Strade-Bianche-Peloton-profimedia-1081108746-CVR.webp","type":"image\/webp"}],"author":"tereza","twitter_card":"summary_large_image","twitter_misc":{"Written by":"Siegfried Mortkowitz","Est. reading time":"3"},"schema":{"@context":"https:\/\/schema.org","@graph":[{"@type":"WebPage","@id":"https:\/\/www.welovecycling.com\/wide\/2026\/03\/09\/pogacar-soloes-for-record-strade-bianche-win-as-seixas-shines-too\/","url":"https:\/\/www.welovecycling.com\/wide\/2026\/03\/09\/pogacar-soloes-for-record-strade-bianche-win-as-seixas-shines-too\/","name":"Poga\u010dar\u00a0Soloes for Record Strade Bianche Win as Seixas Shines Too - \u0160koda We Love Cycling","isPartOf":{"@id":"https:\/\/www.welovecycling.com\/wide\/#website"},"primaryImageOfPage":{"@id":"https:\/\/www.welovecycling.com\/wide\/2026\/03\/09\/pogacar-soloes-for-record-strade-bianche-win-as-seixas-shines-too\/#primaryimage"},"image":{"@id":"https:\/\/www.welovecycling.com\/wide\/2026\/03\/09\/pogacar-soloes-for-record-strade-bianche-win-as-seixas-shines-too\/#primaryimage"},"thumbnailUrl":"https:\/\/d2p6e6u75xmxt8.cloudfront.net\/2\/2026\/03\/Strade-Bianche-Peloton-profimedia-1081108746-CVR.webp","datePublished":"2026-03-09T10:41:47+00:00","author":{"@id":"https:\/\/www.welovecycling.com\/wide\/#\/schema\/person\/50f01ecd18718d2333cf72e823c4f926"},"description":"Tadej Poga\u010dar\u00a0did what he always does at the Strade Bianche, he took off on his own and let his rivals eat the road\u2019s white dust as he became the first","breadcrumb":{"@id":"https:\/\/www.welovecycling.com\/wide\/2026\/03\/09\/pogacar-soloes-for-record-strade-bianche-win-as-seixas-shines-too\/#breadcrumb"},"inLanguage":"en-US","potentialAction":[{"@type":"ReadAction","target":["https:\/\/www.welovecycling.com\/wide\/2026\/03\/09\/pogacar-soloes-for-record-strade-bianche-win-as-seixas-shines-too\/"]}]},{"@type":"ImageObject","inLanguage":"en-US","@id":"https:\/\/www.welovecycling.com\/wide\/2026\/03\/09\/pogacar-soloes-for-record-strade-bianche-win-as-seixas-shines-too\/#primaryimage","url":"https:\/\/d2p6e6u75xmxt8.cloudfront.net\/2\/2026\/03\/Strade-Bianche-Peloton-profimedia-1081108746-CVR.webp","contentUrl":"https:\/\/d2p6e6u75xmxt8.cloudfront.net\/2\/2026\/03\/Strade-Bianche-Peloton-profimedia-1081108746-CVR.webp","width":990,"height":660,"caption":"Strade BIanche"},{"@type":"BreadcrumbList","@id":"https:\/\/www.welovecycling.com\/wide\/2026\/03\/09\/pogacar-soloes-for-record-strade-bianche-win-as-seixas-shines-too\/#breadcrumb","itemListElement":[{"@type":"ListItem","position":1,"name":"Home","item":"https:\/\/www.welovecycling.com\/wide\/"},{"@type":"ListItem","position":2,"name":"Poga\u010dar\u00a0Soloes for Record Strade Bianche Win as Seixas Shines Too"}]},{"@type":"WebSite","@id":"https:\/\/www.welovecycling.com\/wide\/#website","url":"https:\/\/www.welovecycling.com\/wide\/","name":"\u0160koda We Love Cycling","description":"\u0160koda We Love Cycling magazine","alternateName":"\u0160koda WLC","potentialAction":[{"@type":"SearchAction","target":{"@type":"EntryPoint","urlTemplate":"https:\/\/www.welovecycling.com\/wide\/?s={search_term_string}"},"query-input":{"@type":"PropertyValueSpecification","valueRequired":true,"valueName":"search_term_string"}}],"inLanguage":"en-US"},{"@type":"Person","@id":"https:\/\/www.welovecycling.com\/wide\/#\/schema\/person\/50f01ecd18718d2333cf72e823c4f926","name":"tereza","image":{"@type":"ImageObject","inLanguage":"en-US","@id":"https:\/\/www.welovecycling.com\/wide\/#\/schema\/person\/image\/","url":"https:\/\/secure.gravatar.com\/avatar\/1f9eb71be33845f0afabce3791bc1c58ecdb0a25c62964987e5dbcf7a20d2ec7?s=96&d=mm&r=g","contentUrl":"https:\/\/secure.gravatar.com\/avatar\/1f9eb71be33845f0afabce3791bc1c58ecdb0a25c62964987e5dbcf7a20d2ec7?s=96&d=mm&r=g","caption":"tereza"},"url":"https:\/\/www.welovecycling.com\/wide\/author\/tereza\/"}]}},"_links":{"self":[{"href":"https:\/\/www.welovecycling.com\/wide\/wp-json\/wp\/v2\/posts\/204849","targetHints":{"allow":["GET"]}}],"collection":[{"href":"https:\/\/www.welovecycling.com\/wide\/wp-json\/wp\/v2\/posts"}],"about":[{"href":"https:\/\/www.welovecycling.com\/wide\/wp-json\/wp\/v2\/types\/post"}],"author":[{"embeddable":true,"href":"https:\/\/www.welovecycling.com\/wide\/wp-json\/wp\/v2\/users\/99"}],"replies":[{"embeddable":true,"href":"https:\/\/www.welovecycling.com\/wide\/wp-json\/wp\/v2\/comments?post=204849"}],"version-history":[{"count":1,"href":"https:\/\/www.welovecycling.com\/wide\/wp-json\/wp\/v2\/posts\/204849\/revisions"}],"predecessor-version":[{"id":204851,"href":"https:\/\/www.welovecycling.com\/wide\/wp-json\/wp\/v2\/posts\/204849\/revisions\/204851"}],"wp:featuredmedia":[{"embeddable":true,"href":"https:\/\/www.welovecycling.com\/wide\/wp-json\/wp\/v2\/media\/204850"}],"wp:attachment":[{"href":"https:\/\/www.welovecycling.com\/wide\/wp-json\/wp\/v2\/media?parent=204849"}],"wp:term":[{"taxonomy":"category","embeddable":true,"href":"https:\/\/www.welovecycling.com\/wide\/wp-json\/wp\/v2\/categories?post=204849"},{"taxonomy":"post_tag","embeddable":true,"href":"https:\/\/www.welovecycling.com\/wide\/wp-json\/wp\/v2\/tags?post=204849"},{"taxonomy":"global-categories","embeddable":true,"href":"https:\/\/www.welovecycling.com\/wide\/wp-json\/wp\/v2\/global-categories?post=204849"}],"curies":[{"name":"wp","href":"https:\/\/api.w.org\/{rel}","templated":true}]}}