{"id":204839,"date":"2026-03-06T13:55:52","date_gmt":"2026-03-06T13:55:52","guid":{"rendered":"https:\/\/www.welovecycling.com\/wide\/?p=204839"},"modified":"2026-03-06T13:55:52","modified_gmt":"2026-03-06T13:55:52","slug":"dust-drama-and-siena-previewing-strade-bianche-women-2026","status":"publish","type":"post","link":"https:\/\/www.welovecycling.com\/wide\/2026\/03\/06\/dust-drama-and-siena-previewing-strade-bianche-women-2026\/","title":{"rendered":"Dust, Drama, and Siena: Previewing Strade Bianche Women 2026"},"content":{"rendered":"<p><strong>The Strade Bianche is the kind of day that makes even the toughest riders look human. And although the Strade Bianche Women may feel timeless, it\u2019s a relatively young race. First held in 2015 after the success of the men\u2019s event. Just one year later, the race was elevated to the top tier of the sport as part of the UCI Women&#8217;s WorldTour, a sign of how quickly its white roads captured the imagination of the peloton.<\/strong><\/p>\n<p><!--more--><\/p>\n<p><span style=\"font-weight: 400;\">On Saturday, 7 March 2026, the peloton rolls out once again into the pale, dusty hills of Tuscany for the twelfth edition of this modern classic. It\u2019s early season, form is still revealing itself, and the white roads, the sterrato, will serve as an electrifying test of riders&#8217; fresh legs and confidence.\u00a0<\/span><\/p>\n<p><span style=\"font-weight: 400;\">There will be 21 teams of six riders competing in the Italian one-day Classic. Among them are the top WorldTour teams, as well as five local Continental teams: Aromitalia Vaiano, Isolmant-Premac-Vittoria, Team Mendespeck E-Work, Top Girls Fassa Bortolo and Vini Fantini-BePink.<\/span><\/p>\n<p><span style=\"font-weight: 400;\">If cycling has a version of beautiful suffering, this is it. And today, we are offering a preview of the women\u2019s race, so you will have everything you need get the most out of this weekend\u2019s Strade Bianche Donne.\u00a0<\/span><\/p>\n<h2><b>Tuscany in March, a stunning backdrop for a seriously hardcore race<\/b><\/h2>\n<p><span style=\"font-weight: 400;\">The setting of rolling vineyards, cypress-lined roads, and golden light over Siena is deceptive. It looks like a postcard, but Strade Bianche Women 2026 is 131 kilometres of relentless changes in rhythm, traction, and mood. Gravel sectors bite into momentum, there are punchy climbs to tackle, and no shortage of dust to fill the lungs and blur vision. So far, the weather is looking clear for Saturday, but even a bit of rain can turn those cobbles into a messy mud-fest showdown.\u00a0<\/span><\/p>\n<p><span style=\"font-weight: 400;\">The 2026 route trims two sectors compared to last year; La Piana (6.4 km) and Serravalle (9.3 km) are gone, creating a longer stretch of asphalt between the early and late phases of the race. But don\u2019t mistake \u201cfewer sectors\u201d for easier racing, as the core brutality remains intact.<\/span><\/p>\n<p><span style=\"font-weight: 400;\">The race still features 11 gravel sectors, and they\u2019re strategically placed to keep the pressure constant:<\/span><\/p>\n<ul>\n<li style=\"font-weight: 400;\" aria-level=\"1\"><span style=\"font-weight: 400;\">Vidritta (2.4 km)<\/span><\/li>\n<li style=\"font-weight: 400;\" aria-level=\"1\"><span style=\"font-weight: 400;\">Bagnaia (4.8 km)<\/span><\/li>\n<li style=\"font-weight: 400;\" aria-level=\"1\"><span style=\"font-weight: 400;\">Radi (4.4 km)<\/span><\/li>\n<li style=\"font-weight: 400;\" aria-level=\"1\"><span style=\"font-weight: 400;\">S. Martino in Grania (9.4 km) \u2605\u2605\u2605\u2605\u2605<\/span><\/li>\n<li style=\"font-weight: 400;\" aria-level=\"1\"><span style=\"font-weight: 400;\">Monteaperti (0.6 km)<\/span><\/li>\n<li style=\"font-weight: 400;\" aria-level=\"1\"><span style=\"font-weight: 400;\">Colle Pinzuto (2.4 km) \u2605\u2605\u2605\u2605<\/span><\/li>\n<li style=\"font-weight: 400;\" aria-level=\"1\"><span style=\"font-weight: 400;\">Le Tolfe (1.1 km) \u2605\u2605\u2605\u2605<\/span><\/li>\n<li style=\"font-weight: 400;\" aria-level=\"1\"><span style=\"font-weight: 400;\">Strada del Castagno (0.7 km)<\/span><\/li>\n<li style=\"font-weight: 400;\" aria-level=\"1\"><span style=\"font-weight: 400;\">Montechiaro (3.3 km)<\/span><\/li>\n<li style=\"font-weight: 400;\" aria-level=\"1\"><span style=\"font-weight: 400;\">Colle Pinzuto (2.4 km)<\/span><\/li>\n<li style=\"font-weight: 400;\" aria-level=\"1\"><span style=\"font-weight: 400;\">Le Tolfe (1.1 km)<\/span><\/li>\n<\/ul>\n<p><span style=\"font-weight: 400;\"> Martino in Grania remains the only five-star sector, nearly ten kilometres of exposed, energy-draining gravel that often detonates the race. There is no Monte Sante Marie on the women\u2019s course, but Colle Pinzuto and Le Tolfe, tackled twice near the end, are vicious enough to decide everything.<\/span><\/p>\n<p><span style=\"font-weight: 400;\">And then comes Siena. The final ascent of Via Santa Caterina, steep, narrow, savage, drags the survivors into Piazza del Campo. It\u2019s short, but it feels vertical. Riders don\u2019t sprint here, but rather endeavour to claw their way to the top.\u00a0<\/span><\/p>\n<blockquote class=\"instagram-media\" style=\"background: #FFF; border: 0; border-radius: 3px; box-shadow: 0 0 1px 0 rgba(0,0,0,0.5),0 1px 10px 0 rgba(0,0,0,0.15); margin: 1px; max-width: 540px; min-width: 326px; padding: 0; width: calc(100% - 2px);\" data-instgrm-captioned=\"\" data-instgrm-permalink=\"https:\/\/www.instagram.com\/p\/DVhFOt9iKhw\/?utm_source=ig_embed&amp;utm_campaign=loading\" data-instgrm-version=\"14\">\n<div style=\"padding: 16px;\">\n<p>&nbsp;<\/p>\n<div style=\"display: flex; flex-direction: row; align-items: center;\">\n<div style=\"background-color: #f4f4f4; border-radius: 50%; flex-grow: 0; height: 40px; margin-right: 14px; width: 40px;\"><\/div>\n<div style=\"display: flex; flex-direction: column; flex-grow: 1; justify-content: center;\">\n<div style=\"background-color: #f4f4f4; border-radius: 4px; flex-grow: 0; height: 14px; margin-bottom: 6px; width: 100px;\"><\/div>\n<div style=\"background-color: #f4f4f4; border-radius: 4px; flex-grow: 0; height: 14px; width: 60px;\"><\/div>\n<\/div>\n<\/div>\n<div style=\"padding: 19% 0;\"><\/div>\n<div style=\"display: block; height: 50px; margin: 0 auto 12px; width: 50px;\"><\/div>\n<div style=\"padding-top: 8px;\">\n<div style=\"color: #3897f0; font-family: Arial,sans-serif; font-size: 14px; font-style: normal; font-weight: 550; line-height: 18px;\">View this post on Instagram<\/div>\n<\/div>\n<div style=\"padding: 12.5% 0;\"><\/div>\n<div style=\"display: flex; flex-direction: row; margin-bottom: 14px; align-items: center;\">\n<div>\n<div style=\"background-color: #f4f4f4; border-radius: 50%; height: 12.5px; width: 12.5px; transform: translateX(0px) translateY(7px);\"><\/div>\n<div style=\"background-color: #f4f4f4; height: 12.5px; transform: rotate(-45deg) translateX(3px) translateY(1px); width: 12.5px; flex-grow: 0; margin-right: 14px; margin-left: 2px;\"><\/div>\n<div style=\"background-color: #f4f4f4; border-radius: 50%; height: 12.5px; width: 12.5px; transform: translateX(9px) translateY(-18px);\"><\/div>\n<\/div>\n<div style=\"margin-left: 8px;\">\n<div style=\"background-color: #f4f4f4; border-radius: 50%; flex-grow: 0; height: 20px; width: 20px;\"><\/div>\n<div style=\"width: 0; height: 0; border-top: 2px solid transparent; border-left: 6px solid #f4f4f4; border-bottom: 2px solid transparent; transform: translateX(16px) translateY(-4px) rotate(30deg);\"><\/div>\n<\/div>\n<div style=\"margin-left: auto;\">\n<div style=\"width: 0px; border-top: 8px solid #F4F4F4; border-right: 8px solid transparent; transform: translateY(16px);\"><\/div>\n<div style=\"background-color: #f4f4f4; flex-grow: 0; height: 12px; width: 16px; transform: translateY(-4px);\"><\/div>\n<div style=\"width: 0; height: 0; border-top: 8px solid #F4F4F4; border-left: 8px solid transparent; transform: translateY(-4px) translateX(8px);\"><\/div>\n<\/div>\n<\/div>\n<div style=\"display: flex; flex-direction: column; flex-grow: 1; justify-content: center; margin-bottom: 24px;\">\n<div style=\"background-color: #f4f4f4; border-radius: 4px; flex-grow: 0; height: 14px; margin-bottom: 6px; width: 224px;\"><\/div>\n<div style=\"background-color: #f4f4f4; border-radius: 4px; flex-grow: 0; height: 14px; width: 144px;\"><\/div>\n<\/div>\n<p>&nbsp;<\/p>\n<p style=\"color: #c9c8cd; font-family: Arial,sans-serif; font-size: 14px; line-height: 17px; margin-bottom: 0; margin-top: 8px; overflow: hidden; padding: 8px 0 7px; text-align: center; text-overflow: ellipsis; white-space: nowrap;\"><a style=\"color: #c9c8cd; font-family: Arial,sans-serif; font-size: 14px; font-style: normal; font-weight: normal; line-height: 17px; text-decoration: none;\" href=\"https:\/\/www.instagram.com\/p\/DVhFOt9iKhw\/?utm_source=ig_embed&amp;utm_campaign=loading\" target=\"_blank\" rel=\"noopener\">A post shared by Strade Bianche (@strade_bianche)<\/a><\/p>\n<\/div>\n<\/blockquote>\n<h2><script async src=\"\/\/www.instagram.com\/embed.js\"><\/script><b>The rivalry: Vollering vs Kopecky<\/b><\/h2>\n<p><span style=\"font-weight: 400;\">In recent years, Strade Bianche has belonged to two women: Demi Vollering and Lotte Kopecky.<\/span><\/p>\n<p><span style=\"font-weight: 400;\">They\u2019ve traded victories over the past four editions, but Vollering, now racing for FDJ-United Suez, arrives as defending champion after her commanding solo victory in 2025. Kopecky, riding for SD Worx-Protime, has repeatedly proven that her power on punchy terrain is nearly unmatched.<\/span><\/p>\n<p><span style=\"font-weight: 400;\">What makes their duel so compelling isn\u2019t just strength, it\u2019s timing. Vollering prefers to grind rivals down on climbs, while Kopecky thrives in explosive finales. On gravel, when positioning is everything, one hesitation entering a sector can cost ten seconds, while one perfectly timed acceleration can win the race.<\/span><\/p>\n<p><span style=\"font-weight: 400;\">If these two arrive together at the final loop into Siena, expect fireworks. But, as always, there are more than a few top hopefuls who look well-positioned to take the top spot.<\/span><\/p>\n<h2><b>Enter the multi-disciplinary force<\/b><\/h2>\n<p><span style=\"font-weight: 400;\">Pauline Ferrand-Pr\u00e9vot will be another top rider who is sure to remind us all that gravel rewards versatility. After returning to road racing with Visma\u2013Lease a Bike and rediscovering her top-tier road form, Ferrand-Pr\u00e9vot has already shown she can translate off-road brilliance into major road victories.\u00a0<\/span><\/p>\n<p><span style=\"font-weight: 400;\">With her background in mountain biking and cyclocross, the technical sterrato sectors are less threatening and more of a playground. If conditions turn chaotic, crosswinds, punctures, slippery descents, few riders read terrain as instinctively as she does.<\/span><\/p>\n<p><span style=\"font-weight: 400;\">Strade Bianche is often described as \u201ca mini monument.\u201d Ferrand-Pr\u00e9vot rides like someone who collects monuments in multiple disciplines.<\/span><\/p>\n<h2><b>The return of a legend<\/b><\/h2>\n<p><span style=\"font-weight: 400;\">And then there\u2019s <a href=\"https:\/\/www.welovecycling.com\/wide\/2021\/03\/17\/the-incredible-career-of-anna-van-der-breggen-what-is-she-up-to-after-retirement\/\" target=\"_blank\" rel=\"noopener\">Anna van der Breggen.<\/a> Her 2018 victory here remains one of the defining rides in the race\u2019s history. She knows how this race unfolds, where patience matters, where hesitation is fatal.<\/span><\/p>\n<p><span style=\"font-weight: 400;\">If SD Worx-Protime effectively deploys both Kopecky and Van der Breggen, they can force others to chase. Strade is a race where numbers matter less than legs, but smart teamwork still changes outcomes.\u00a0\u00a0<\/span><\/p>\n<h2><b>The dark horses<\/b><\/h2>\n<p><span style=\"font-weight: 400;\">Because it\u2019s early season, surprises are common. Alongside solid all-rounder bets like Kasia Niewiadoma-Phinney, Puck Pieterse, and Elisa Longo Borghini, riders who have completed winter training perfectly can emerge ahead of schedule. Those transitioning from cyclocross are also arriving sharp.<\/span><\/p>\n<p><span style=\"font-weight: 400;\">Watch for aggressive moves before S. Martino in Grania. The absence of Monte Sante Marie may encourage earlier attacks, especially from riders who want to avoid a pure climbing duel on Via Santa Caterina.<\/span><\/p>\n<p><span style=\"font-weight: 400;\">Don\u2019t be surprised if a small group slips clear over Colle Pinzuto on the final circuit. Once gaps open on gravel, they\u2019re notoriously hard to close. Overall, keep your eye on young all-rounders, unafraid of chaos. Strade rewards courage.<\/span><\/p>\n<h2><b>What makes this race so special?<\/b><\/h2>\n<p><span style=\"font-weight: 400;\">Strade Bianche Donne sits at a fascinating point in the season. For some, it\u2019s a target, whereas for others, it is a stepping stone toward the Ardennes Classics or the Tour de France Femmes. That tension, between preparation and ambition, can add plenty of high-stakes unpredictability.<\/span><\/p>\n<p><span style=\"font-weight: 400;\">And then there\u2019s Siena.<\/span><\/p>\n<p><span style=\"font-weight: 400;\">Finishing in Piazza del Campo is pure theatre. The curved medieval square frames the riders like a stage, and after hours of gravel warfare, the winner lifts her arms in one of the most photogenic finishes in cycling.<\/span><\/p>\n<p><span style=\"font-weight: 400;\">With fewer early sectors, the opening phase may be calmer than in previous years. Teams will fight for position before Vidritta and Bagnaia, but the real tension will build as they approach S. Martino in Grania.<\/span><\/p>\n<p><span style=\"font-weight: 400;\">That\u2019s where favourites must be near the front. A split here can eliminate half the peloton.<\/span><\/p>\n<p><span style=\"font-weight: 400;\">If Vollering wants to control the race, she may push the pace on Colle Pinzuto. Kopecky, meanwhile, might prefer a reduced group arriving together in Siena. Ferrand-Pr\u00e9vot could gamble on a long-range move, trusting her technical skill on gravel descents.<\/span><\/p>\n<p><span style=\"font-weight: 400;\">The double lap over Colle Pinzuto and Le Tolfe is the crucible. Riders are already fatigued,d and gaps open easily.\u00a0<\/span><\/p>\n<p><span style=\"font-weight: 400;\">And then, the final climb. Via Santa Caterina averages over 10%, with sections steeper. It\u2019s cobbled, narrow, and unforgiving. Whoever hits the bottom with momentum and belief often wins.<\/span><\/p>\n<p><span style=\"font-weight: 400;\">In any case, <\/span><span style=\"font-weight: 400;\">in a sport increasingly defined by precision and data, Strade Bianche feels gloriously unpredictable.\u00a0<\/span><\/p>\n<h2><b>How to watch Strade Bianche Women 2026<\/b><\/h2>\n<p><span style=\"font-weight: 400;\">The race takes place on Saturday, 7 March and starts at 10:15 CET (local time). The riders are expected to finish around 13:45\u201314:00 CET, depending on the race speed.<\/span><\/p>\n<p><span style=\"font-weight: 400;\">Fans in Europe can watch the action live on Eurosport and via the Discovery+ platform, which typically broadcasts the final and most decisive part of the race as the riders tackle the last gravel sectors and the dramatic climb into Siena.<\/span><\/p>\n<p><span style=\"font-weight: 400;\">Coverage usually begins roughly 1.5\u20132 hours before the finish, just as the race hits the most selective sectors like Colle Pinzuto and Le Tolfe \u2014 the point where the favourites often make their decisive moves.<\/span><\/p>\n<p><span style=\"font-weight: 400;\">If you prefer following online, the race can also be tracked through live updates on the official website of the organiser, RCS Sport, as well as team social media and cycling news outlets.<\/span><\/p>\n<p><span style=\"font-weight: 400;\">But if you can tune in live, it\u2019s worth it. Few races deliver such a perfect mix of scenery, suspense, and sheer suffering!\u00a0<\/span><\/p>\n","protected":false},"excerpt":{"rendered":"<p>The Strade Bianche is the kind of day that makes even the toughest riders look human. And although the Strade [&hellip;]<\/p>\n","protected":false},"author":99,"featured_media":204843,"comment_status":"closed","ping_status":"open","sticky":false,"template":"","format":"standard","meta":{"footnotes":""},"categories":[329],"tags":[8946,8947,3771,5724,2713,2264],"global-categories":[3366],"class_list":["post-204839","post","type-post","status-publish","format-standard","has-post-thumbnail","hentry","category-road-cycling","tag-2026-strade-bianche","tag-2026-strade-bianche-women","tag-demi-vollering","tag-lotte-kopecky","tag-strade-bianche-donne","tag-womens-cycling","global-categories-cycling"],"yoast_head":"<!-- This site is optimized with the Yoast SEO Premium plugin v25.3 (Yoast SEO v25.9) - https:\/\/yoast.com\/wordpress\/plugins\/seo\/ -->\n<title>Dust, Drama, and Siena: Previewing Strade Bianche Women 2026 - \u0160koda We Love Cycling<\/title>\n<meta name=\"description\" content=\"The Strade Bianche is the kind of day that makes even the toughest riders look human. And although the Strade Bianche Women may feel timeless, it\u2019s a\" \/>\n<meta name=\"robots\" content=\"index, follow, max-snippet:-1, max-image-preview:large, max-video-preview:-1\" \/>\n<link rel=\"canonical\" href=\"https:\/\/www.welovecycling.com\/wide\/2026\/03\/06\/dust-drama-and-siena-previewing-strade-bianche-women-2026\/\" \/>\n<meta property=\"og:locale\" content=\"en_US\" \/>\n<meta property=\"og:type\" content=\"article\" \/>\n<meta property=\"og:title\" content=\"Dust, Drama, and Siena: Previewing Strade Bianche Women 2026\" \/>\n<meta property=\"og:description\" content=\"The Strade Bianche is the kind of day that makes even the toughest riders look human. And although the Strade Bianche Women may feel timeless, it\u2019s a\" \/>\n<meta property=\"og:url\" content=\"https:\/\/www.welovecycling.com\/wide\/2026\/03\/06\/dust-drama-and-siena-previewing-strade-bianche-women-2026\/\" \/>\n<meta property=\"og:site_name\" content=\"\u0160koda We Love Cycling\" \/>\n<meta property=\"article:published_time\" content=\"2026-03-06T13:55:52+00:00\" \/>\n<meta property=\"og:image\" content=\"https:\/\/d2p6e6u75xmxt8.cloudfront.net\/2\/2026\/03\/Strade-Bianche-Women-profimedia-1080486180-CVR.webp\" \/>\n\t<meta property=\"og:image:width\" content=\"990\" \/>\n\t<meta property=\"og:image:height\" content=\"660\" \/>\n\t<meta property=\"og:image:type\" content=\"image\/webp\" \/>\n<meta name=\"author\" content=\"tereza\" \/>\n<meta name=\"twitter:card\" content=\"summary_large_image\" \/>\n<meta name=\"twitter:label1\" content=\"Written by\" \/>\n\t<meta name=\"twitter:data1\" content=\"Megan Flottorp\" \/>\n\t<meta name=\"twitter:label2\" content=\"Est. reading time\" \/>\n\t<meta name=\"twitter:data2\" content=\"3\" \/>\n<script type=\"application\/ld+json\" class=\"yoast-schema-graph\">{\"@context\":\"https:\/\/schema.org\",\"@graph\":[{\"@type\":\"WebPage\",\"@id\":\"https:\/\/www.welovecycling.com\/wide\/2026\/03\/06\/dust-drama-and-siena-previewing-strade-bianche-women-2026\/\",\"url\":\"https:\/\/www.welovecycling.com\/wide\/2026\/03\/06\/dust-drama-and-siena-previewing-strade-bianche-women-2026\/\",\"name\":\"Dust, Drama, and Siena: Previewing Strade Bianche Women 2026 - \u0160koda We Love Cycling\",\"isPartOf\":{\"@id\":\"https:\/\/www.welovecycling.com\/wide\/#website\"},\"primaryImageOfPage\":{\"@id\":\"https:\/\/www.welovecycling.com\/wide\/2026\/03\/06\/dust-drama-and-siena-previewing-strade-bianche-women-2026\/#primaryimage\"},\"image\":{\"@id\":\"https:\/\/www.welovecycling.com\/wide\/2026\/03\/06\/dust-drama-and-siena-previewing-strade-bianche-women-2026\/#primaryimage\"},\"thumbnailUrl\":\"https:\/\/d2p6e6u75xmxt8.cloudfront.net\/2\/2026\/03\/Strade-Bianche-Women-profimedia-1080486180-CVR.webp\",\"datePublished\":\"2026-03-06T13:55:52+00:00\",\"author\":{\"@id\":\"https:\/\/www.welovecycling.com\/wide\/#\/schema\/person\/50f01ecd18718d2333cf72e823c4f926\"},\"description\":\"The Strade Bianche is the kind of day that makes even the toughest riders look human. And although the Strade Bianche Women may feel timeless, it\u2019s a\",\"breadcrumb\":{\"@id\":\"https:\/\/www.welovecycling.com\/wide\/2026\/03\/06\/dust-drama-and-siena-previewing-strade-bianche-women-2026\/#breadcrumb\"},\"inLanguage\":\"en-US\",\"potentialAction\":[{\"@type\":\"ReadAction\",\"target\":[\"https:\/\/www.welovecycling.com\/wide\/2026\/03\/06\/dust-drama-and-siena-previewing-strade-bianche-women-2026\/\"]}]},{\"@type\":\"ImageObject\",\"inLanguage\":\"en-US\",\"@id\":\"https:\/\/www.welovecycling.com\/wide\/2026\/03\/06\/dust-drama-and-siena-previewing-strade-bianche-women-2026\/#primaryimage\",\"url\":\"https:\/\/d2p6e6u75xmxt8.cloudfront.net\/2\/2026\/03\/Strade-Bianche-Women-profimedia-1080486180-CVR.webp\",\"contentUrl\":\"https:\/\/d2p6e6u75xmxt8.cloudfront.net\/2\/2026\/03\/Strade-Bianche-Women-profimedia-1080486180-CVR.webp\",\"width\":990,\"height\":660,\"caption\":\"Strade Bianche\"},{\"@type\":\"BreadcrumbList\",\"@id\":\"https:\/\/www.welovecycling.com\/wide\/2026\/03\/06\/dust-drama-and-siena-previewing-strade-bianche-women-2026\/#breadcrumb\",\"itemListElement\":[{\"@type\":\"ListItem\",\"position\":1,\"name\":\"Home\",\"item\":\"https:\/\/www.welovecycling.com\/wide\/\"},{\"@type\":\"ListItem\",\"position\":2,\"name\":\"Dust, Drama, and Siena: Previewing Strade Bianche Women 2026\"}]},{\"@type\":\"WebSite\",\"@id\":\"https:\/\/www.welovecycling.com\/wide\/#website\",\"url\":\"https:\/\/www.welovecycling.com\/wide\/\",\"name\":\"\u0160koda We Love Cycling\",\"description\":\"\u0160koda We Love Cycling magazine\",\"alternateName\":\"\u0160koda WLC\",\"potentialAction\":[{\"@type\":\"SearchAction\",\"target\":{\"@type\":\"EntryPoint\",\"urlTemplate\":\"https:\/\/www.welovecycling.com\/wide\/?s={search_term_string}\"},\"query-input\":{\"@type\":\"PropertyValueSpecification\",\"valueRequired\":true,\"valueName\":\"search_term_string\"}}],\"inLanguage\":\"en-US\"},{\"@type\":\"Person\",\"@id\":\"https:\/\/www.welovecycling.com\/wide\/#\/schema\/person\/50f01ecd18718d2333cf72e823c4f926\",\"name\":\"tereza\",\"image\":{\"@type\":\"ImageObject\",\"inLanguage\":\"en-US\",\"@id\":\"https:\/\/www.welovecycling.com\/wide\/#\/schema\/person\/image\/\",\"url\":\"https:\/\/secure.gravatar.com\/avatar\/1f9eb71be33845f0afabce3791bc1c58ecdb0a25c62964987e5dbcf7a20d2ec7?s=96&d=mm&r=g\",\"contentUrl\":\"https:\/\/secure.gravatar.com\/avatar\/1f9eb71be33845f0afabce3791bc1c58ecdb0a25c62964987e5dbcf7a20d2ec7?s=96&d=mm&r=g\",\"caption\":\"tereza\"},\"url\":\"https:\/\/www.welovecycling.com\/wide\/author\/tereza\/\"}]}<\/script>\n<!-- \/ Yoast SEO Premium plugin. -->","yoast_head_json":{"title":"Dust, Drama, and Siena: Previewing Strade Bianche Women 2026 - \u0160koda We Love Cycling","description":"The Strade Bianche is the kind of day that makes even the toughest riders look human. And although the Strade Bianche Women may feel timeless, it\u2019s a","robots":{"index":"index","follow":"follow","max-snippet":"max-snippet:-1","max-image-preview":"max-image-preview:large","max-video-preview":"max-video-preview:-1"},"canonical":"https:\/\/www.welovecycling.com\/wide\/2026\/03\/06\/dust-drama-and-siena-previewing-strade-bianche-women-2026\/","og_locale":"en_US","og_type":"article","og_title":"Dust, Drama, and Siena: Previewing Strade Bianche Women 2026","og_description":"The Strade Bianche is the kind of day that makes even the toughest riders look human. And although the Strade Bianche Women may feel timeless, it\u2019s a","og_url":"https:\/\/www.welovecycling.com\/wide\/2026\/03\/06\/dust-drama-and-siena-previewing-strade-bianche-women-2026\/","og_site_name":"\u0160koda We Love Cycling","article_published_time":"2026-03-06T13:55:52+00:00","og_image":[{"width":990,"height":660,"url":"https:\/\/d2p6e6u75xmxt8.cloudfront.net\/2\/2026\/03\/Strade-Bianche-Women-profimedia-1080486180-CVR.webp","type":"image\/webp"}],"author":"tereza","twitter_card":"summary_large_image","twitter_misc":{"Written by":"Megan Flottorp","Est. reading time":"3"},"schema":{"@context":"https:\/\/schema.org","@graph":[{"@type":"WebPage","@id":"https:\/\/www.welovecycling.com\/wide\/2026\/03\/06\/dust-drama-and-siena-previewing-strade-bianche-women-2026\/","url":"https:\/\/www.welovecycling.com\/wide\/2026\/03\/06\/dust-drama-and-siena-previewing-strade-bianche-women-2026\/","name":"Dust, Drama, and Siena: Previewing Strade Bianche Women 2026 - \u0160koda We Love Cycling","isPartOf":{"@id":"https:\/\/www.welovecycling.com\/wide\/#website"},"primaryImageOfPage":{"@id":"https:\/\/www.welovecycling.com\/wide\/2026\/03\/06\/dust-drama-and-siena-previewing-strade-bianche-women-2026\/#primaryimage"},"image":{"@id":"https:\/\/www.welovecycling.com\/wide\/2026\/03\/06\/dust-drama-and-siena-previewing-strade-bianche-women-2026\/#primaryimage"},"thumbnailUrl":"https:\/\/d2p6e6u75xmxt8.cloudfront.net\/2\/2026\/03\/Strade-Bianche-Women-profimedia-1080486180-CVR.webp","datePublished":"2026-03-06T13:55:52+00:00","author":{"@id":"https:\/\/www.welovecycling.com\/wide\/#\/schema\/person\/50f01ecd18718d2333cf72e823c4f926"},"description":"The Strade Bianche is the kind of day that makes even the toughest riders look human. And although the Strade Bianche Women may feel timeless, it\u2019s a","breadcrumb":{"@id":"https:\/\/www.welovecycling.com\/wide\/2026\/03\/06\/dust-drama-and-siena-previewing-strade-bianche-women-2026\/#breadcrumb"},"inLanguage":"en-US","potentialAction":[{"@type":"ReadAction","target":["https:\/\/www.welovecycling.com\/wide\/2026\/03\/06\/dust-drama-and-siena-previewing-strade-bianche-women-2026\/"]}]},{"@type":"ImageObject","inLanguage":"en-US","@id":"https:\/\/www.welovecycling.com\/wide\/2026\/03\/06\/dust-drama-and-siena-previewing-strade-bianche-women-2026\/#primaryimage","url":"https:\/\/d2p6e6u75xmxt8.cloudfront.net\/2\/2026\/03\/Strade-Bianche-Women-profimedia-1080486180-CVR.webp","contentUrl":"https:\/\/d2p6e6u75xmxt8.cloudfront.net\/2\/2026\/03\/Strade-Bianche-Women-profimedia-1080486180-CVR.webp","width":990,"height":660,"caption":"Strade Bianche"},{"@type":"BreadcrumbList","@id":"https:\/\/www.welovecycling.com\/wide\/2026\/03\/06\/dust-drama-and-siena-previewing-strade-bianche-women-2026\/#breadcrumb","itemListElement":[{"@type":"ListItem","position":1,"name":"Home","item":"https:\/\/www.welovecycling.com\/wide\/"},{"@type":"ListItem","position":2,"name":"Dust, Drama, and Siena: Previewing Strade Bianche Women 2026"}]},{"@type":"WebSite","@id":"https:\/\/www.welovecycling.com\/wide\/#website","url":"https:\/\/www.welovecycling.com\/wide\/","name":"\u0160koda We Love Cycling","description":"\u0160koda We Love Cycling magazine","alternateName":"\u0160koda WLC","potentialAction":[{"@type":"SearchAction","target":{"@type":"EntryPoint","urlTemplate":"https:\/\/www.welovecycling.com\/wide\/?s={search_term_string}"},"query-input":{"@type":"PropertyValueSpecification","valueRequired":true,"valueName":"search_term_string"}}],"inLanguage":"en-US"},{"@type":"Person","@id":"https:\/\/www.welovecycling.com\/wide\/#\/schema\/person\/50f01ecd18718d2333cf72e823c4f926","name":"tereza","image":{"@type":"ImageObject","inLanguage":"en-US","@id":"https:\/\/www.welovecycling.com\/wide\/#\/schema\/person\/image\/","url":"https:\/\/secure.gravatar.com\/avatar\/1f9eb71be33845f0afabce3791bc1c58ecdb0a25c62964987e5dbcf7a20d2ec7?s=96&d=mm&r=g","contentUrl":"https:\/\/secure.gravatar.com\/avatar\/1f9eb71be33845f0afabce3791bc1c58ecdb0a25c62964987e5dbcf7a20d2ec7?s=96&d=mm&r=g","caption":"tereza"},"url":"https:\/\/www.welovecycling.com\/wide\/author\/tereza\/"}]}},"_links":{"self":[{"href":"https:\/\/www.welovecycling.com\/wide\/wp-json\/wp\/v2\/posts\/204839","targetHints":{"allow":["GET"]}}],"collection":[{"href":"https:\/\/www.welovecycling.com\/wide\/wp-json\/wp\/v2\/posts"}],"about":[{"href":"https:\/\/www.welovecycling.com\/wide\/wp-json\/wp\/v2\/types\/post"}],"author":[{"embeddable":true,"href":"https:\/\/www.welovecycling.com\/wide\/wp-json\/wp\/v2\/users\/99"}],"replies":[{"embeddable":true,"href":"https:\/\/www.welovecycling.com\/wide\/wp-json\/wp\/v2\/comments?post=204839"}],"version-history":[{"count":2,"href":"https:\/\/www.welovecycling.com\/wide\/wp-json\/wp\/v2\/posts\/204839\/revisions"}],"predecessor-version":[{"id":204844,"href":"https:\/\/www.welovecycling.com\/wide\/wp-json\/wp\/v2\/posts\/204839\/revisions\/204844"}],"wp:featuredmedia":[{"embeddable":true,"href":"https:\/\/www.welovecycling.com\/wide\/wp-json\/wp\/v2\/media\/204843"}],"wp:attachment":[{"href":"https:\/\/www.welovecycling.com\/wide\/wp-json\/wp\/v2\/media?parent=204839"}],"wp:term":[{"taxonomy":"category","embeddable":true,"href":"https:\/\/www.welovecycling.com\/wide\/wp-json\/wp\/v2\/categories?post=204839"},{"taxonomy":"post_tag","embeddable":true,"href":"https:\/\/www.welovecycling.com\/wide\/wp-json\/wp\/v2\/tags?post=204839"},{"taxonomy":"global-categories","embeddable":true,"href":"https:\/\/www.welovecycling.com\/wide\/wp-json\/wp\/v2\/global-categories?post=204839"}],"curies":[{"name":"wp","href":"https:\/\/api.w.org\/{rel}","templated":true}]}}