{"id":204833,"date":"2026-03-06T12:16:58","date_gmt":"2026-03-06T12:16:58","guid":{"rendered":"https:\/\/www.welovecycling.com\/wide\/?p=204833"},"modified":"2026-03-06T12:20:49","modified_gmt":"2026-03-06T12:20:49","slug":"pogacar-favoured-to-win-the-2026-strade-bianche","status":"publish","type":"post","link":"https:\/\/www.welovecycling.com\/wide\/2026\/03\/06\/pogacar-favoured-to-win-the-2026-strade-bianche\/","title":{"rendered":"Poga\u010dar Favoured to Win Strade Bianche Against Seixas, Pidcock and van Aert"},"content":{"rendered":"<p style=\"font-weight: 400;\"><strong>Last Saturday and Sunday was Opening Weekend of the road racing season, though there had been plenty of racing before. It was, in fact, the opening weekend of the spring Classics season with the Omloop Nieuwsblad, won easily by Mathieu van der Poel, and Sunday\u2019s Kuurne-Brussel-Kuurne, which was taken by Visma\u2013Lease a Bike\u2019s Matthew Brennan.<\/strong><\/p>\n<p><!--more--><\/p>\n<h2 style=\"font-weight: 400;\"><strong>The favourite<\/strong><\/h2>\n<p style=\"font-weight: 400;\">The racing was fine, though both victories were a little too easy because the winners faced relatively weak opposition. Things get more serious this Saturday with the Strade Bianche, which will be the venue for the long-awaited debut of the best rider in the world, Tadej Poga\u010dar (UAE Team Emirates\u2013XRG), who has won the race three times (2022, 2024, 2025). To say that he is the overwhelming favourite is like declaring that the sun will rise tomorrow.<\/p>\n<p style=\"font-weight: 400;\">And he\u2019s obviously coming into the race in top form. Cyclingnews <a href=\"https:\/\/www.cyclingnews.com\/pro-cycling\/teams-riders\/strade-bianche-on-the-horizon-but-milan-san-remo-on-the-mind-tadej-pogacar-sets-unofficial-strava-record-on-the-cipressa\/?utm_medium=referral&amp;utm_source=pushly&amp;utm_campaign=All%20Push%20Subscribers\">reported<\/a> that on March 3, he was on the Cipressa climb (5.58 km @ 4.2%) of the Milan\u2013San Remo, a Monument he has not yet won, and broke the Strava record \u2013 <em>his<\/em> record \u2013 \u00a0for the ascent. He set the record last year, when he tried to break away from all his rivals in the race, but could not shake Filippo Ganna (INEOS Grenadiers) and van der Poel, who outkicked him in a sprint.<\/p>\n<p style=\"font-weight: 400;\">\u201cStrade is a race where I have unforgettable memories,\u201d he was quoted as saying on <a href=\"https:\/\/www.uaeteamemirates.com\/tadej-pogacar-make-season-debut-strade-bianche-title-defence\/\">his team\u2019s website<\/a>. \u201cMy record there is pretty good, and I hope that I will be in a good position again come Saturday. We expect there to be some strong rivals, the startlist is always at a high level for these big races, and it should make things exciting for the fans. It is my first race of the season, and I hope to have a good start. I\u2019ve been cheering on from the couch until now, so I\u2019m excited to get stuck in myself again and finally race.\u201d<\/p>\n<h2 style=\"font-weight: 400;\"><strong>A teenage rival<\/strong><\/h2>\n<p style=\"font-weight: 400;\">Stuck in? Right. There are some terrific riders in the race, but I don\u2019t think any of them will beat the self-confessed couch potato. His most interesting rival is 19-year-old Paul Seixas (Decathlon CMA CGM), who tore apart last Sunday\u2019s Faun-Ard\u00e8che Classic in true Poga\u010dar style, with a long solo and a winning margin of nearly 2 minutes.<\/p>\n<p style=\"font-weight: 400;\">I do think that Seixas will eventually beat Poga\u010dar, but not on Saturday and probably not this year. Seixas has done exceedingly well so far this year, beating Juan Ayuso (Lidl-Trek) and Poga\u010dar\u2019s teammate Jo\u00e3o Almeida on the category 1 Alto da Foia summit finish (8.8 km @ 6.2%) on stage 2 of the Volta ao Algarve and finishing second to Ayuso by only 14 seconds in the GC (but 45 seconds ahead of Almeida) \u2013 and then winning the Faun-Ard\u00e8che in imperious style. But the rider who came in second in that race was Jan Christen, who will be riding in support of Poga\u010dar in the Strade Bianche, and then Seixas is only 19 and still growing into the superstar he will surely be.<\/p>\n<blockquote class=\"instagram-media\" style=\"background: #FFF; border: 0; border-radius: 3px; box-shadow: 0 0 1px 0 rgba(0,0,0,0.5),0 1px 10px 0 rgba(0,0,0,0.15); margin: 1px; max-width: 540px; min-width: 326px; padding: 0; width: calc(100% - 2px);\" data-instgrm-captioned=\"\" data-instgrm-permalink=\"https:\/\/www.instagram.com\/p\/DVf5oEEDDjQ\/?utm_source=ig_embed&amp;utm_campaign=loading\" data-instgrm-version=\"14\">\n<div style=\"padding: 16px;\">\n<p>&nbsp;<\/p>\n<div style=\"display: flex; flex-direction: row; align-items: center;\">\n<div style=\"background-color: #f4f4f4; border-radius: 50%; flex-grow: 0; height: 40px; margin-right: 14px; width: 40px;\"><\/div>\n<div style=\"display: flex; flex-direction: column; flex-grow: 1; justify-content: center;\">\n<div style=\"background-color: #f4f4f4; border-radius: 4px; flex-grow: 0; height: 14px; margin-bottom: 6px; width: 100px;\"><\/div>\n<div style=\"background-color: #f4f4f4; border-radius: 4px; flex-grow: 0; height: 14px; width: 60px;\"><\/div>\n<\/div>\n<\/div>\n<div style=\"padding: 19% 0;\"><\/div>\n<div style=\"display: block; height: 50px; margin: 0 auto 12px; width: 50px;\"><\/div>\n<div style=\"padding-top: 8px;\">\n<div style=\"color: #3897f0; font-family: Arial,sans-serif; font-size: 14px; font-style: normal; font-weight: 550; line-height: 18px;\">View this post on Instagram<\/div>\n<\/div>\n<div style=\"padding: 12.5% 0;\"><\/div>\n<div style=\"display: flex; flex-direction: row; margin-bottom: 14px; align-items: center;\">\n<div>\n<div style=\"background-color: #f4f4f4; border-radius: 50%; height: 12.5px; width: 12.5px; transform: translateX(0px) translateY(7px);\"><\/div>\n<div style=\"background-color: #f4f4f4; height: 12.5px; transform: rotate(-45deg) translateX(3px) translateY(1px); width: 12.5px; flex-grow: 0; margin-right: 14px; margin-left: 2px;\"><\/div>\n<div style=\"background-color: #f4f4f4; border-radius: 50%; height: 12.5px; width: 12.5px; transform: translateX(9px) translateY(-18px);\"><\/div>\n<\/div>\n<div style=\"margin-left: 8px;\">\n<div style=\"background-color: #f4f4f4; border-radius: 50%; flex-grow: 0; height: 20px; width: 20px;\"><\/div>\n<div style=\"width: 0; height: 0; border-top: 2px solid transparent; border-left: 6px solid #f4f4f4; border-bottom: 2px solid transparent; transform: translateX(16px) translateY(-4px) rotate(30deg);\"><\/div>\n<\/div>\n<div style=\"margin-left: auto;\">\n<div style=\"width: 0px; border-top: 8px solid #F4F4F4; border-right: 8px solid transparent; transform: translateY(16px);\"><\/div>\n<div style=\"background-color: #f4f4f4; flex-grow: 0; height: 12px; width: 16px; transform: translateY(-4px);\"><\/div>\n<div style=\"width: 0; height: 0; border-top: 8px solid #F4F4F4; border-left: 8px solid transparent; transform: translateY(-4px) translateX(8px);\"><\/div>\n<\/div>\n<\/div>\n<div style=\"display: flex; flex-direction: column; flex-grow: 1; justify-content: center; margin-bottom: 24px;\">\n<div style=\"background-color: #f4f4f4; border-radius: 4px; flex-grow: 0; height: 14px; margin-bottom: 6px; width: 224px;\"><\/div>\n<div style=\"background-color: #f4f4f4; border-radius: 4px; flex-grow: 0; height: 14px; width: 144px;\"><\/div>\n<\/div>\n<p>&nbsp;<\/p>\n<p style=\"color: #c9c8cd; font-family: Arial,sans-serif; font-size: 14px; line-height: 17px; margin-bottom: 0; margin-top: 8px; overflow: hidden; padding: 8px 0 7px; text-align: center; text-overflow: ellipsis; white-space: nowrap;\"><a style=\"color: #c9c8cd; font-family: Arial,sans-serif; font-size: 14px; font-style: normal; font-weight: normal; line-height: 17px; text-decoration: none;\" href=\"https:\/\/www.instagram.com\/p\/DVf5oEEDDjQ\/?utm_source=ig_embed&amp;utm_campaign=loading\" target=\"_blank\" rel=\"noopener\">A post shared by INEOS Grenadiers (@ineosgrenadiers)<\/a><\/p>\n<\/div>\n<\/blockquote>\n<p><script async src=\"\/\/www.instagram.com\/embed.js\"><\/script>It\u2019s important to remember that Poga\u010dar was 20 when he finished 30th in the 2019 Strade Bianche, and that he had to fail two more times before finally winning the race. The kid is younger and riding in his first Strade. Though he has ridden cyclocross, going full speed on Poga\u010dar\u2019s wheel on some of the gravel climbs and descents, dust blowing into his face, can be daunting. But he doesn\u2019t sound daunted; on the contrary.<\/p>\n<p style=\"font-weight: 400;\">\u201cTaking part in Strade Bianche is something I\u2019m really looking forward to,\u201d <a href=\"https:\/\/cyclinguptodate.com\/cycling\/ive-been-watching-it-since-i-was-twelve-paul-seixas-ready-to-face-tadej-pogacar-at-strade-bianche\">he said<\/a>. \u201cIt\u2019s one of my favourite races. I\u2019ve been watching it on television since I was twelve or thirteen years old, and I can\u2019t wait to experience it for myself. I think it\u2019s a race that could suit my profile, but the startlist is impressive. The goal, with the help of my teammates, is to see where I stand compared to them.\u201d<\/p>\n<p style=\"font-weight: 400;\">That\u2019s what we all want to see. But I think Seixas was talking tongue in cheek; I think that he thinks that he might be able to win.<\/p>\n<h2 style=\"font-weight: 400;\"><strong>The others<\/strong><\/h2>\n<p style=\"font-weight: 400;\">Tom Pidcock (Pinarello-Q36.5) will have the same advantage over Poga\u010dar that Seixas has: he has already raced and is no doubt coming into form. In addition, he is a better rider than he was in 2024 and last year, when the Slovenian GOAT beat him in the race by 3:50 and 1:24, respectively \u2013 though his 48th in the Omloop last weekend doesn\u2019t exactly inspire confidence.<\/p>\n<p style=\"font-weight: 400;\">His coach and Head of Technical Performance at Pinarello-Q36.5, Kurt Bogaerts, told <a href=\"https:\/\/www.wielerflits.nl\/nieuws\/zo-stoomt-tom-pidcock-zich-klaar-voor-strade-bianche\/\">Wielerflits<\/a> that the poor showing on Opening Weekend was due to the cold weather and the poor clothing choices the team made. But Bogaerts has taken the 26-year-old Briton out on two recons of the Strade course. The goal of the first recon, he said, was \u201cTo know what material we want to use, that&#8217;s the most important thing. We want to keep up with the evolutions, and we leave nothing to chance.\u201d<\/p>\n<p style=\"font-weight: 400;\">I think it\u2019s too soon in the season for Pidcock and that he may simply not be a strong enough rider to beat Poga\u010dar in a Classic. But he is still young enough to improve, so perhaps he will surprise us.<\/p>\n<p style=\"font-weight: 400;\">There\u2019s a mystery about Wout van Aert\u2019s form coming into the Strade Bianche, but not about his luck, which remains awful. A broken ankle in January, an illness just before the Omloop, which kept him out of the race, and then, in Tuesday\u2019s Ename Samyn Classic, with 10 km left to ride, as van Aert was preparing to take part in the finish, he suffered a puncture, had to change bikes twice, and finished 60th. Clearly \u2013 and justifiably \u2013 frustrated, he told <a href=\"https:\/\/sporza.be\/nl\/2026\/03\/03\/-dat-ruikt-naar-sabotage-wout-van-aert-vloekt-na-zoveelste-pechmoment-door-glas-op-de-weg~1772553433826\/\"><em>Sporza<\/em><\/a> that \u201cthere was suddenly glass on the road. That smells like sabotage,\u201d but \u201cnot aimed at me.\u201d<\/p>\n<p style=\"font-weight: 400;\">As a result, van Aert said in <a href=\"https:\/\/www.teamvismaleaseabike.com\/race-preview\/news\/van-aert-begins-italian-campaign-at-strade-bianche\/\">a press release<\/a> that, though the Strade had been his top priority for the first part of the year, \u201cI\u2019ll arrive at the start in Siena with more question marks than I had hoped. I had marked Strade Bianche as the first real big goal of the season, but we\u2019ll have to see how I feel on Saturday.\u201d<\/p>\n<p style=\"font-weight: 400;\">I hope he does well, but perhaps he will be riding defensively and simply trying to get through the race without suffering a new misfortune.<\/p>\n<p style=\"font-weight: 400;\">One more rider entered in the race fascinates me, 22-year-old Tibor del Grosso, who will be carrying the hopes of Alpecin\u2013Premier Tech, with van der Poel not at the start. Del Grosso is a terrific cyclo-cross rider, but has only one road race victory in his brief road career. He has all the skills to become an excellent one-day rider, so I\u2019m curious to see his response to Poga\u010dar\u2019s inevitable attack on Saturday.<\/p>\n","protected":false},"excerpt":{"rendered":"<p>Last Saturday and Sunday was Opening Weekend of the road racing season, though there had been plenty of racing before. [&hellip;]<\/p>\n","protected":false},"author":99,"featured_media":204835,"comment_status":"closed","ping_status":"open","sticky":false,"template":"","format":"standard","meta":{"footnotes":""},"categories":[329],"tags":[8946,8752,1771,3415,3871,831],"global-categories":[3366],"class_list":["post-204833","post","type-post","status-publish","format-standard","has-post-thumbnail","hentry","category-road-cycling","tag-2026-strade-bianche","tag-paul-seixas","tag-strade-bianche","tag-tadej-pogacar","tag-tom-pidcock","tag-wout-van-aert","global-categories-cycling"],"yoast_head":"<!-- This site is optimized with the Yoast SEO Premium plugin v25.3 (Yoast SEO v25.9) - https:\/\/yoast.com\/wordpress\/plugins\/seo\/ -->\n<title>Tadej Poga\u010dar Favoured to Win the 2026 Strade Bianche<\/title>\n<meta name=\"description\" content=\"Last Saturday and Sunday was Opening Weekend of the road racing season, though there had been plenty of racing before. It was, in fact, the opening\" \/>\n<meta name=\"robots\" content=\"index, follow, max-snippet:-1, max-image-preview:large, max-video-preview:-1\" \/>\n<link rel=\"canonical\" href=\"https:\/\/www.welovecycling.com\/wide\/2026\/03\/06\/pogacar-favoured-to-win-the-2026-strade-bianche\/\" \/>\n<meta property=\"og:locale\" content=\"en_US\" \/>\n<meta property=\"og:type\" content=\"article\" \/>\n<meta property=\"og:title\" content=\"Poga\u010dar Favoured to Win Strade Bianche Against Seixas, Pidcock and van Aert\" \/>\n<meta property=\"og:description\" content=\"Last Saturday and Sunday was Opening Weekend of the road racing season, though there had been plenty of racing before. It was, in fact, the opening\" \/>\n<meta property=\"og:url\" content=\"https:\/\/www.welovecycling.com\/wide\/2026\/03\/06\/pogacar-favoured-to-win-the-2026-strade-bianche\/\" \/>\n<meta property=\"og:site_name\" content=\"\u0160koda We Love Cycling\" \/>\n<meta property=\"article:published_time\" content=\"2026-03-06T12:16:58+00:00\" \/>\n<meta property=\"article:modified_time\" content=\"2026-03-06T12:20:49+00:00\" \/>\n<meta property=\"og:image\" content=\"https:\/\/d2p6e6u75xmxt8.cloudfront.net\/2\/2026\/03\/Pogacar-Strade-Bianche-profimedia-1080299016-CVR.webp\" \/>\n\t<meta property=\"og:image:width\" content=\"990\" \/>\n\t<meta property=\"og:image:height\" content=\"660\" \/>\n\t<meta property=\"og:image:type\" content=\"image\/webp\" \/>\n<meta name=\"author\" content=\"tereza\" \/>\n<meta name=\"twitter:card\" content=\"summary_large_image\" \/>\n<meta name=\"twitter:label1\" content=\"Written by\" \/>\n\t<meta name=\"twitter:data1\" content=\"Siegfried Mortkowitz\" \/>\n\t<meta name=\"twitter:label2\" content=\"Est. reading time\" \/>\n\t<meta name=\"twitter:data2\" content=\"2\" \/>\n<script type=\"application\/ld+json\" class=\"yoast-schema-graph\">{\"@context\":\"https:\/\/schema.org\",\"@graph\":[{\"@type\":\"WebPage\",\"@id\":\"https:\/\/www.welovecycling.com\/wide\/2026\/03\/06\/pogacar-favoured-to-win-the-2026-strade-bianche\/\",\"url\":\"https:\/\/www.welovecycling.com\/wide\/2026\/03\/06\/pogacar-favoured-to-win-the-2026-strade-bianche\/\",\"name\":\"Tadej Poga\u010dar Favoured to Win the 2026 Strade Bianche\",\"isPartOf\":{\"@id\":\"https:\/\/www.welovecycling.com\/wide\/#website\"},\"primaryImageOfPage\":{\"@id\":\"https:\/\/www.welovecycling.com\/wide\/2026\/03\/06\/pogacar-favoured-to-win-the-2026-strade-bianche\/#primaryimage\"},\"image\":{\"@id\":\"https:\/\/www.welovecycling.com\/wide\/2026\/03\/06\/pogacar-favoured-to-win-the-2026-strade-bianche\/#primaryimage\"},\"thumbnailUrl\":\"https:\/\/d2p6e6u75xmxt8.cloudfront.net\/2\/2026\/03\/Pogacar-Strade-Bianche-profimedia-1080299016-CVR.webp\",\"datePublished\":\"2026-03-06T12:16:58+00:00\",\"dateModified\":\"2026-03-06T12:20:49+00:00\",\"author\":{\"@id\":\"https:\/\/www.welovecycling.com\/wide\/#\/schema\/person\/50f01ecd18718d2333cf72e823c4f926\"},\"description\":\"Last Saturday and Sunday was Opening Weekend of the road racing season, though there had been plenty of racing before. It was, in fact, the opening\",\"breadcrumb\":{\"@id\":\"https:\/\/www.welovecycling.com\/wide\/2026\/03\/06\/pogacar-favoured-to-win-the-2026-strade-bianche\/#breadcrumb\"},\"inLanguage\":\"en-US\",\"potentialAction\":[{\"@type\":\"ReadAction\",\"target\":[\"https:\/\/www.welovecycling.com\/wide\/2026\/03\/06\/pogacar-favoured-to-win-the-2026-strade-bianche\/\"]}]},{\"@type\":\"ImageObject\",\"inLanguage\":\"en-US\",\"@id\":\"https:\/\/www.welovecycling.com\/wide\/2026\/03\/06\/pogacar-favoured-to-win-the-2026-strade-bianche\/#primaryimage\",\"url\":\"https:\/\/d2p6e6u75xmxt8.cloudfront.net\/2\/2026\/03\/Pogacar-Strade-Bianche-profimedia-1080299016-CVR.webp\",\"contentUrl\":\"https:\/\/d2p6e6u75xmxt8.cloudfront.net\/2\/2026\/03\/Pogacar-Strade-Bianche-profimedia-1080299016-CVR.webp\",\"width\":990,\"height\":660,\"caption\":\"Tadej Poga\u010dar\"},{\"@type\":\"BreadcrumbList\",\"@id\":\"https:\/\/www.welovecycling.com\/wide\/2026\/03\/06\/pogacar-favoured-to-win-the-2026-strade-bianche\/#breadcrumb\",\"itemListElement\":[{\"@type\":\"ListItem\",\"position\":1,\"name\":\"Home\",\"item\":\"https:\/\/www.welovecycling.com\/wide\/\"},{\"@type\":\"ListItem\",\"position\":2,\"name\":\"Poga\u010dar Favoured to Win Strade Bianche Against Seixas, Pidcock and van Aert\"}]},{\"@type\":\"WebSite\",\"@id\":\"https:\/\/www.welovecycling.com\/wide\/#website\",\"url\":\"https:\/\/www.welovecycling.com\/wide\/\",\"name\":\"\u0160koda We Love Cycling\",\"description\":\"\u0160koda We Love Cycling magazine\",\"alternateName\":\"\u0160koda WLC\",\"potentialAction\":[{\"@type\":\"SearchAction\",\"target\":{\"@type\":\"EntryPoint\",\"urlTemplate\":\"https:\/\/www.welovecycling.com\/wide\/?s={search_term_string}\"},\"query-input\":{\"@type\":\"PropertyValueSpecification\",\"valueRequired\":true,\"valueName\":\"search_term_string\"}}],\"inLanguage\":\"en-US\"},{\"@type\":\"Person\",\"@id\":\"https:\/\/www.welovecycling.com\/wide\/#\/schema\/person\/50f01ecd18718d2333cf72e823c4f926\",\"name\":\"tereza\",\"image\":{\"@type\":\"ImageObject\",\"inLanguage\":\"en-US\",\"@id\":\"https:\/\/www.welovecycling.com\/wide\/#\/schema\/person\/image\/\",\"url\":\"https:\/\/secure.gravatar.com\/avatar\/1f9eb71be33845f0afabce3791bc1c58ecdb0a25c62964987e5dbcf7a20d2ec7?s=96&d=mm&r=g\",\"contentUrl\":\"https:\/\/secure.gravatar.com\/avatar\/1f9eb71be33845f0afabce3791bc1c58ecdb0a25c62964987e5dbcf7a20d2ec7?s=96&d=mm&r=g\",\"caption\":\"tereza\"},\"url\":\"https:\/\/www.welovecycling.com\/wide\/author\/tereza\/\"}]}<\/script>\n<!-- \/ Yoast SEO Premium plugin. -->","yoast_head_json":{"title":"Tadej Poga\u010dar Favoured to Win the 2026 Strade Bianche","description":"Last Saturday and Sunday was Opening Weekend of the road racing season, though there had been plenty of racing before. It was, in fact, the opening","robots":{"index":"index","follow":"follow","max-snippet":"max-snippet:-1","max-image-preview":"max-image-preview:large","max-video-preview":"max-video-preview:-1"},"canonical":"https:\/\/www.welovecycling.com\/wide\/2026\/03\/06\/pogacar-favoured-to-win-the-2026-strade-bianche\/","og_locale":"en_US","og_type":"article","og_title":"Poga\u010dar Favoured to Win Strade Bianche Against Seixas, Pidcock and van Aert","og_description":"Last Saturday and Sunday was Opening Weekend of the road racing season, though there had been plenty of racing before. It was, in fact, the opening","og_url":"https:\/\/www.welovecycling.com\/wide\/2026\/03\/06\/pogacar-favoured-to-win-the-2026-strade-bianche\/","og_site_name":"\u0160koda We Love Cycling","article_published_time":"2026-03-06T12:16:58+00:00","article_modified_time":"2026-03-06T12:20:49+00:00","og_image":[{"width":990,"height":660,"url":"https:\/\/d2p6e6u75xmxt8.cloudfront.net\/2\/2026\/03\/Pogacar-Strade-Bianche-profimedia-1080299016-CVR.webp","type":"image\/webp"}],"author":"tereza","twitter_card":"summary_large_image","twitter_misc":{"Written by":"Siegfried Mortkowitz","Est. reading time":"2"},"schema":{"@context":"https:\/\/schema.org","@graph":[{"@type":"WebPage","@id":"https:\/\/www.welovecycling.com\/wide\/2026\/03\/06\/pogacar-favoured-to-win-the-2026-strade-bianche\/","url":"https:\/\/www.welovecycling.com\/wide\/2026\/03\/06\/pogacar-favoured-to-win-the-2026-strade-bianche\/","name":"Tadej Poga\u010dar Favoured to Win the 2026 Strade Bianche","isPartOf":{"@id":"https:\/\/www.welovecycling.com\/wide\/#website"},"primaryImageOfPage":{"@id":"https:\/\/www.welovecycling.com\/wide\/2026\/03\/06\/pogacar-favoured-to-win-the-2026-strade-bianche\/#primaryimage"},"image":{"@id":"https:\/\/www.welovecycling.com\/wide\/2026\/03\/06\/pogacar-favoured-to-win-the-2026-strade-bianche\/#primaryimage"},"thumbnailUrl":"https:\/\/d2p6e6u75xmxt8.cloudfront.net\/2\/2026\/03\/Pogacar-Strade-Bianche-profimedia-1080299016-CVR.webp","datePublished":"2026-03-06T12:16:58+00:00","dateModified":"2026-03-06T12:20:49+00:00","author":{"@id":"https:\/\/www.welovecycling.com\/wide\/#\/schema\/person\/50f01ecd18718d2333cf72e823c4f926"},"description":"Last Saturday and Sunday was Opening Weekend of the road racing season, though there had been plenty of racing before. It was, in fact, the opening","breadcrumb":{"@id":"https:\/\/www.welovecycling.com\/wide\/2026\/03\/06\/pogacar-favoured-to-win-the-2026-strade-bianche\/#breadcrumb"},"inLanguage":"en-US","potentialAction":[{"@type":"ReadAction","target":["https:\/\/www.welovecycling.com\/wide\/2026\/03\/06\/pogacar-favoured-to-win-the-2026-strade-bianche\/"]}]},{"@type":"ImageObject","inLanguage":"en-US","@id":"https:\/\/www.welovecycling.com\/wide\/2026\/03\/06\/pogacar-favoured-to-win-the-2026-strade-bianche\/#primaryimage","url":"https:\/\/d2p6e6u75xmxt8.cloudfront.net\/2\/2026\/03\/Pogacar-Strade-Bianche-profimedia-1080299016-CVR.webp","contentUrl":"https:\/\/d2p6e6u75xmxt8.cloudfront.net\/2\/2026\/03\/Pogacar-Strade-Bianche-profimedia-1080299016-CVR.webp","width":990,"height":660,"caption":"Tadej Poga\u010dar"},{"@type":"BreadcrumbList","@id":"https:\/\/www.welovecycling.com\/wide\/2026\/03\/06\/pogacar-favoured-to-win-the-2026-strade-bianche\/#breadcrumb","itemListElement":[{"@type":"ListItem","position":1,"name":"Home","item":"https:\/\/www.welovecycling.com\/wide\/"},{"@type":"ListItem","position":2,"name":"Poga\u010dar Favoured to Win Strade Bianche Against Seixas, Pidcock and van Aert"}]},{"@type":"WebSite","@id":"https:\/\/www.welovecycling.com\/wide\/#website","url":"https:\/\/www.welovecycling.com\/wide\/","name":"\u0160koda We Love Cycling","description":"\u0160koda We Love Cycling magazine","alternateName":"\u0160koda WLC","potentialAction":[{"@type":"SearchAction","target":{"@type":"EntryPoint","urlTemplate":"https:\/\/www.welovecycling.com\/wide\/?s={search_term_string}"},"query-input":{"@type":"PropertyValueSpecification","valueRequired":true,"valueName":"search_term_string"}}],"inLanguage":"en-US"},{"@type":"Person","@id":"https:\/\/www.welovecycling.com\/wide\/#\/schema\/person\/50f01ecd18718d2333cf72e823c4f926","name":"tereza","image":{"@type":"ImageObject","inLanguage":"en-US","@id":"https:\/\/www.welovecycling.com\/wide\/#\/schema\/person\/image\/","url":"https:\/\/secure.gravatar.com\/avatar\/1f9eb71be33845f0afabce3791bc1c58ecdb0a25c62964987e5dbcf7a20d2ec7?s=96&d=mm&r=g","contentUrl":"https:\/\/secure.gravatar.com\/avatar\/1f9eb71be33845f0afabce3791bc1c58ecdb0a25c62964987e5dbcf7a20d2ec7?s=96&d=mm&r=g","caption":"tereza"},"url":"https:\/\/www.welovecycling.com\/wide\/author\/tereza\/"}]}},"_links":{"self":[{"href":"https:\/\/www.welovecycling.com\/wide\/wp-json\/wp\/v2\/posts\/204833","targetHints":{"allow":["GET"]}}],"collection":[{"href":"https:\/\/www.welovecycling.com\/wide\/wp-json\/wp\/v2\/posts"}],"about":[{"href":"https:\/\/www.welovecycling.com\/wide\/wp-json\/wp\/v2\/types\/post"}],"author":[{"embeddable":true,"href":"https:\/\/www.welovecycling.com\/wide\/wp-json\/wp\/v2\/users\/99"}],"replies":[{"embeddable":true,"href":"https:\/\/www.welovecycling.com\/wide\/wp-json\/wp\/v2\/comments?post=204833"}],"version-history":[{"count":4,"href":"https:\/\/www.welovecycling.com\/wide\/wp-json\/wp\/v2\/posts\/204833\/revisions"}],"predecessor-version":[{"id":204838,"href":"https:\/\/www.welovecycling.com\/wide\/wp-json\/wp\/v2\/posts\/204833\/revisions\/204838"}],"wp:featuredmedia":[{"embeddable":true,"href":"https:\/\/www.welovecycling.com\/wide\/wp-json\/wp\/v2\/media\/204835"}],"wp:attachment":[{"href":"https:\/\/www.welovecycling.com\/wide\/wp-json\/wp\/v2\/media?parent=204833"}],"wp:term":[{"taxonomy":"category","embeddable":true,"href":"https:\/\/www.welovecycling.com\/wide\/wp-json\/wp\/v2\/categories?post=204833"},{"taxonomy":"post_tag","embeddable":true,"href":"https:\/\/www.welovecycling.com\/wide\/wp-json\/wp\/v2\/tags?post=204833"},{"taxonomy":"global-categories","embeddable":true,"href":"https:\/\/www.welovecycling.com\/wide\/wp-json\/wp\/v2\/global-categories?post=204833"}],"curies":[{"name":"wp","href":"https:\/\/api.w.org\/{rel}","templated":true}]}}