{"id":204608,"date":"2026-01-26T10:05:43","date_gmt":"2026-01-26T10:05:43","guid":{"rendered":"https:\/\/www.welovecycling.com\/wide\/?p=204608"},"modified":"2026-01-26T11:20:53","modified_gmt":"2026-01-26T11:20:53","slug":"doubles-for-van-der-poel-and-pieterse-on-final-world-cup-weekend","status":"publish","type":"post","link":"https:\/\/www.welovecycling.com\/wide\/2026\/01\/26\/doubles-for-van-der-poel-and-pieterse-on-final-world-cup-weekend\/","title":{"rendered":"Doubles for Record-Breaker van der Poel and Pieterse on Final World Cup Weekend"},"content":{"rendered":"<p style=\"font-weight: 400;\"><strong>I\u2019m starting this overview of the weekend\u2019s four World Cup races with Saturday\u2019s Elite Men\u2019s race because it was a remarkably dramatic contest that reminded us of why we love cyclocross and because it demonstrated the overwhelming superiority of Mathieu van der Poel and the undeniable fact that, as the legendary Sven Nys put it, \u201cHe is the greatest cyclocross rider who has ever raced.\u201d<\/strong><\/p>\n<p><!--more--><\/p>\n<h2 style=\"font-weight: 400;\"><strong>Van der Poel ties the record<\/strong><\/h2>\n<p style=\"font-weight: 400;\">Nys was asked for his comments before the race at the Maasmechelen course because van der Poel (Alpecin\u2013Premier Tech) was going for World Cup victory number 50, the record held by the great Belgian \u2013 and then matched by the world champion. But it wasn\u2019t easy; to win, he had to pull out a performance that proved Nys\u2019s declaration. Van der Poel had to overcome two punctures that cost him an estimated 30 seconds of time, plus an unlucky slip down a tricky camber climb, caused involuntarily by Sven\u2019s son Thibau (Baloise Verzekeringen\u2013Het Poetsbureau Lions ) having to dismount near the top.<\/p>\n<p style=\"font-weight: 400;\">The first puncture, on lap 4 of 9, \u00a0was the worst, as it affected his front tyre when he was quite a distance from the pit lane. What had been a lead of about 7 seconds over teammate Tibor del Grosso and perhaps twice that over a chase group that included Nys and another Alpecin rider, Niels Vandeputte, turned into a lag of 13 seconds to del Grosso and 5 seconds to Nys et al. at the end of the lap.<\/p>\n<p style=\"font-weight: 400;\">Del Grosso led Nys and Vandeputte by 6 seconds at the end of lap 5, with van der Poel at 11 seconds. But the defending world champion caught the two chasers on the next lap, and shortly thereafter the three of them joined del Grosso at the front. But van der Poel was too close to Nys\u2019s wheel as the Belgian had to dismount at the top of that camber climb (which plagued him all race), and slid down the rise, losing more time.<\/p>\n<p style=\"font-weight: 400;\">But van der Poel was in overdrive now. He rejoined the leaders and attacked again on lap 7, quickly opening a gap, which ballooned to 13 seconds at the start of lap 8. But then he suffered his second puncture, this time of the rear wheel and closer to the pit lane, so that he still had a lead after the bike change and was never troubled again. He crossed the finish line with a smile and a wipe of the brow.<\/p>\n<div><span lang=\"EN-US\">\u201c<\/span>It&#8217;s nice, but it cost me a bit more energy than I expected,\u201d he said. \u201cI had two flat tyres, both on a really bad moment after the pit, and it was really long and hard on the legs to get the job done. I was just calculating in my head all the sections I still had to do, and it was two really long stretches. I <span lang=\"EN-US\">wasn\u2019t <\/span>too stressed about the gap, but more about closing it and then the chance to have another flat tyre again. After the first one, I was extra cautious, but it still happened again. I definitely had some stones today.\u201d<\/div>\n<p style=\"font-weight: 400;\">No one else riding \u2018cross today could have overcome two flats to win. Van der Poel will be going for the Elite Men\u2019s World Championship record of eight next Sunday. There wasn\u2019t much doubt about his winning on February 1 before Saturday\u2019s performance, but now there is none at all.<\/p>\n<p style=\"font-weight: 400;\">Oh yes, del Grosso finished second at 3 seconds, with Vandeputte coming third, 4 seconds adrift, making it a clean podium sweep for Alpecin\u2013Premier Tech. Nys made too many errors and finished fourth, at 6 seconds.<\/p>\n<h2 style=\"font-weight: 400;\"><strong>An easy race to break the record<\/strong><\/h2>\n<p style=\"font-weight: 400;\">Fortunately for van der Poel, Sunday\u2019s race at Hoogerheide went much more smoothly and more typically, with the present and future world champion taking off on his own shortly after the start of lap 3 of 9 \u2013 and, as they say, that\u2019s all she wrote.<\/p>\n<p style=\"font-weight: 400;\">His lead at the end of lap 3 was 14 seconds; it was 46 seconds at the end of lap 5 and 1:20 at the end of lap 7. He held the same advantage at the end of the race over second-place del Grosso and third-placed Vandeputte, as Alpecin-Deceuninck registered its second podium 1-2-3 of the weekend.<\/p>\n<p style=\"font-weight: 400;\">As usual in a van der Poel race, the battle for second provided all the suspense as the chase group eventually grew to 14 riders, with Nys, del Grosso and Vandeputte only pulling in front at the end. Nys had the lead at the start of the finishing straight, but that\u2019s the wrong place to be in a sprint, and he was passed by both Alpecin riders on the line. A total of nine riders finished within seven seconds of second place.<\/p>\n<p style=\"font-weight: 400;\">In addition to breaking Nys\u2019s record, the victory also secured the World Cup series win for van der Poel, who finished with 320 points after winning all eight races he rode in. Nys finished second with 264 points and Vandeputte was third with 247.<\/p>\n<h2 style=\"font-weight: 400;\"><strong>Pieterse doubles as Brand falters<\/strong><\/h2>\n<p style=\"font-weight: 400;\">The big news out of Saturday\u2019s Elite Women\u2019s race at Maasmechelen was that <a href=\"https:\/\/www.welovecycling.com\/wide\/2025\/12\/03\/lucinda-brand-shows-no-signs-of-slowing-down\/\" target=\"_blank\" rel=\"noopener\">Lucinda Brand\u2019s<\/a> streak of 63 podiums in a row is over after a crash in a sand pit on lap 2 of 6 caused her to lose time to the leaders and she did not have her usual power to chase them down. She also came out of the race with a calf injury, which led her to pull out of Sunday\u2019s race, which she <a href=\"https:\/\/www.instagram.com\/p\/DT7S-ENglbY\/\">announced<\/a> on her Instagram page. It\u2019s unclear if she will ride in Saturday\u2019s World Championship. The Baloise Verzekeringen\u2013Het Poetsbureau Lions rider had already clinched the season\u2019s World Cup title before the weekend.<\/p>\n<blockquote class=\"instagram-media\" style=\"background: #FFF; border: 0; border-radius: 3px; box-shadow: 0 0 1px 0 rgba(0,0,0,0.5),0 1px 10px 0 rgba(0,0,0,0.15); margin: 1px; max-width: 540px; min-width: 326px; padding: 0; width: calc(100% - 2px);\" data-instgrm-captioned=\"\" data-instgrm-permalink=\"https:\/\/www.instagram.com\/p\/DT7S-ENglbY\/?utm_source=ig_embed&amp;utm_campaign=loading\" data-instgrm-version=\"14\">\n<div style=\"padding: 16px;\">\n<p>&nbsp;<\/p>\n<div style=\"display: flex; flex-direction: row; align-items: center;\">\n<div style=\"background-color: #f4f4f4; border-radius: 50%; flex-grow: 0; height: 40px; margin-right: 14px; width: 40px;\"><\/div>\n<div style=\"display: flex; flex-direction: column; flex-grow: 1; justify-content: center;\">\n<div style=\"background-color: #f4f4f4; border-radius: 4px; flex-grow: 0; height: 14px; margin-bottom: 6px; width: 100px;\"><\/div>\n<div style=\"background-color: #f4f4f4; border-radius: 4px; flex-grow: 0; height: 14px; width: 60px;\"><\/div>\n<\/div>\n<\/div>\n<div style=\"padding: 19% 0;\"><\/div>\n<div style=\"display: block; height: 50px; margin: 0 auto 12px; width: 50px;\"><\/div>\n<div style=\"padding-top: 8px;\">\n<div style=\"color: #3897f0; font-family: Arial,sans-serif; font-size: 14px; font-style: normal; font-weight: 550; line-height: 18px;\">Zobrazit p\u0159\u00edsp\u011bvek na Instagramu<\/div>\n<\/div>\n<div style=\"padding: 12.5% 0;\"><\/div>\n<div style=\"display: flex; flex-direction: row; margin-bottom: 14px; align-items: center;\">\n<div>\n<div style=\"background-color: #f4f4f4; border-radius: 50%; height: 12.5px; width: 12.5px; transform: translateX(0px) translateY(7px);\"><\/div>\n<div style=\"background-color: #f4f4f4; height: 12.5px; transform: rotate(-45deg) translateX(3px) translateY(1px); width: 12.5px; flex-grow: 0; margin-right: 14px; margin-left: 2px;\"><\/div>\n<div style=\"background-color: #f4f4f4; border-radius: 50%; height: 12.5px; width: 12.5px; transform: translateX(9px) translateY(-18px);\"><\/div>\n<\/div>\n<div style=\"margin-left: 8px;\">\n<div style=\"background-color: #f4f4f4; border-radius: 50%; flex-grow: 0; height: 20px; width: 20px;\"><\/div>\n<div style=\"width: 0; height: 0; border-top: 2px solid transparent; border-left: 6px solid #f4f4f4; border-bottom: 2px solid transparent; transform: translateX(16px) translateY(-4px) rotate(30deg);\"><\/div>\n<\/div>\n<div style=\"margin-left: auto;\">\n<div style=\"width: 0px; border-top: 8px solid #F4F4F4; border-right: 8px solid transparent; transform: translateY(16px);\"><\/div>\n<div style=\"background-color: #f4f4f4; flex-grow: 0; height: 12px; width: 16px; transform: translateY(-4px);\"><\/div>\n<div style=\"width: 0; height: 0; border-top: 8px solid #F4F4F4; border-left: 8px solid transparent; transform: translateY(-4px) translateX(8px);\"><\/div>\n<\/div>\n<\/div>\n<div style=\"display: flex; flex-direction: column; flex-grow: 1; justify-content: center; margin-bottom: 24px;\">\n<div style=\"background-color: #f4f4f4; border-radius: 4px; flex-grow: 0; height: 14px; margin-bottom: 6px; width: 224px;\"><\/div>\n<div style=\"background-color: #f4f4f4; border-radius: 4px; flex-grow: 0; height: 14px; width: 144px;\"><\/div>\n<\/div>\n<p>&nbsp;<\/p>\n<p style=\"color: #c9c8cd; font-family: Arial,sans-serif; font-size: 14px; line-height: 17px; margin-bottom: 0; margin-top: 8px; overflow: hidden; padding: 8px 0 7px; text-align: center; text-overflow: ellipsis; white-space: nowrap;\"><a style=\"color: #c9c8cd; font-family: Arial,sans-serif; font-size: 14px; font-style: normal; font-weight: normal; line-height: 17px; text-decoration: none;\" href=\"https:\/\/www.instagram.com\/p\/DT7S-ENglbY\/?utm_source=ig_embed&amp;utm_campaign=loading\" target=\"_blank\" rel=\"noopener\">P\u0159\u00edsp\u011bvek sd\u00edlen\u00fd Lucinda Brand (@lucinda_brand)<\/a><\/p>\n<\/div>\n<\/blockquote>\n<p><script async src=\"\/\/www.instagram.com\/embed.js\"><\/script>The other big news was that Puck Pieterse is a strong candidate for that World Championship race, especially if Brand does not recover. The Fenix\u2013Premier Tech rider proved to be the strongest at the end of the six intense laps, though she had to overcome two minor crashes that allowed Amandine Fouquenet (Pauwels Sauzen-Altez Industriebouw) to catch her. But a puncture at the end of lap 5 eventually cost the French rider a chance at the win, and she was passed by Pieterse\u2019s teammate Ceylin Del Carmen Alvarado near the end. Alvarado finished 10 seconds adrift, with Fouquenet in third place on 11 seconds.<\/p>\n<p style=\"font-weight: 400;\">In Sunday\u2019s Elite Women\u2019s race at Hoogerheide, 21 riders rode in front for four of the ultrafast seven laps, until an attack by Pieterse broke up the scrum. She, Fouquenet and Sarah Casasola (Crelan-Corendon) went clear at the start of lap 5, but were soon joined by six others. Casasola crashed on a tricky turn at the end of a steep descent and never threatened again, but Zoe B\u00e4ckstedt (CANYON\/\/SRAM zondacrypto), Kristyna Zemanov\u00e1, Shirin van Anrooij (Baloise Verzekeringen\u2013Het Poetsbureau Lions) and 19-year-old Vikt\u00f3ria Chladonov\u00e1 (Visma\u2013Lease a Bike) of Slovakia \u2013 last year\u2019s road race and ITT world championship runner-up \u2013 joined the lead group.<\/p>\n<p style=\"font-weight: 400;\">Pieterse, Fouquenet and Zemanov\u00e1 opened a small gap on the final lap and rode together until the Dutch rider attacked coming out of a corner and quickly opened a gap. She was followed by the surprising young Czech rider and a tired Fouquenet. That was the order of finish, with Zemanov\u00e1 finishing 6 seconds behind and Fouquenet at 10 seconds, just ahead of the fast-closing B\u00e4ckstedt.<\/p>\n<p style=\"font-weight: 400;\">\u201cFouquenet rode a tactical race, so they kept coming back from behind,\u201d Pieterse told <a href=\"https:\/\/sporza.be\/nl\/matches\/veldrijden\/wereldbeker-veldrijden-vrouwen\/2025\/wb-hoogerheide-puck-pieterse-zet-haar-favorietenrol-voor-het-wk-nog-wat-kracht-bij-met-zege-in-hoogerheide-en-perfect-weekend~1758809297840\/\"><em>sporza.be<\/em>.<\/a> \u201cI think I went through the corners a little better, that made the difference.\u201d Asked about the upcoming World Championship, where she will be one of the favourites, she said, \u201cThat title has always been the goal. It will be a hard-fought battle.&#8221;<\/p>\n<p style=\"font-weight: 400;\">Zemanov\u00e1 was delighted with her first-ever World Cup podium finish, telling <em>Sporza<\/em>, \u201cThis is unbelievable. However, I didn&#8217;t feel so good during the race, so it is also a big surprise for methat I finished second here. A podium place in the World Cup is really a dream come true.\u201d<\/p>\n<h4 style=\"font-weight: 400;\"><strong>Top 3 Elite Men \u2013 Maasmechelen\u00a0 CX World Cup 2026<\/strong><\/h4>\n<ol>\n<li style=\"font-weight: 400;\">Mathieu van der Poel, Alpecin\u2013Premier Tech 1:03:52<\/li>\n<li style=\"font-weight: 400;\">Tibor del Grosso, Alpecin\u2013Premier Tech +0:03<\/li>\n<li style=\"font-weight: 400;\">Niels Vandeputte, Alpecin\u2013Premier Tech +0:04<\/li>\n<\/ol>\n<h4 style=\"font-weight: 400;\"><strong>Top 3 Elite Women \u2013 Maasmechelen\u00a0 CX World Cup 2026<\/strong><\/h4>\n<ol>\n<li style=\"font-weight: 400;\">Puck Pieterse, Fenix\u2013Premier Tech \u00a0\u00a0\u00a0\u00a0\u00a0\u00a0\u00a0\u00a0\u00a0\u00a0\u00a0\u00a0\u00a0\u00a0\u00a0\u00a0\u00a0\u00a0\u00a0\u00a0\u00a0\u00a0\u00a0\u00a0\u00a0\u00a0\u00a0\u00a0\u00a0\u00a0\u00a0\u00a0\u00a0\u00a0\u00a0\u00a0\u00a0\u00a0\u00a0\u00a0\u00a0\u00a047:33<\/li>\n<li style=\"font-weight: 400;\">Ceylin Del Carmen Alvarado, Fenix\u2013Premier Tech\u00a0\u00a0\u00a0\u00a0\u00a0\u00a0\u00a0\u00a0\u00a0\u00a0\u00a0\u00a0+0:10<\/li>\n<li style=\"font-weight: 400;\">Amandine Fouquenet, Pauwels Sauzen\u2013Altez Industriebouw +0:11<\/li>\n<\/ol>\n<h4 style=\"font-weight: 400;\">\u00a0<strong>Top 3 Elite Men \u2013 Hoogerheide CX World Cup 2026<\/strong><\/h4>\n<ol>\n<li style=\"font-weight: 400;\">Mathieu van der Poel, Alpecin\u2013Premier Tech \u00a0\u00a0\u00a0\u00a0\u00a048:41<\/li>\n<li style=\"font-weight: 400;\">Tibor del Grosso, Alpecin\u2013Premier Tech +1:20<\/li>\n<li style=\"font-weight: 400;\">Niels Vandeputte, Alpecin\u2013Premier Tech \u201c<\/li>\n<\/ol>\n<h4 style=\"font-weight: 400;\"><strong>Top 3 Elite Women \u2013 Hoogerheide CX World Cup 2026<\/strong><\/h4>\n<ol>\n<li style=\"font-weight: 400;\">Puck Pieterse, Fenix\u2013Premier Tech \u00a0\u00a0\u00a0\u00a0\u00a051:54<\/li>\n<li style=\"font-weight: 400;\">Kristyna Zemanov\u00e1+0:06<\/li>\n<li style=\"font-weight: 400;\">Amandine Fouquenet, Pauwels Sauzen\u2013Altez Industriebouw +0:10<\/li>\n<\/ol>\n","protected":false},"excerpt":{"rendered":"<p>I\u2019m starting this overview of the weekend\u2019s four World Cup races with Saturday\u2019s Elite Men\u2019s race because it was a [&hellip;]<\/p>\n","protected":false},"author":99,"featured_media":204609,"comment_status":"closed","ping_status":"open","sticky":false,"template":"","format":"standard","meta":{"footnotes":""},"categories":[328,329],"tags":[633,2933,6064,3333],"global-categories":[3366],"class_list":["post-204608","post","type-post","status-publish","format-standard","has-post-thumbnail","hentry","category-outdoor-mountain","category-road-cycling","tag-lucinda-brand","tag-mathieu-van-der-poel","tag-puck-pieterse","tag-sven-nys","global-categories-cycling"],"yoast_head":"<!-- This site is optimized with the Yoast SEO Premium plugin v25.3 (Yoast SEO v25.9) - https:\/\/yoast.com\/wordpress\/plugins\/seo\/ -->\n<title>Doubles for van der Poel and Pieterse on World Cup Weekend<\/title>\n<meta name=\"description\" content=\"I\u2019m starting this overview of the weekend\u2019s four World Cup races with Saturday\u2019s Elite Men\u2019s race because it was a remarkably dramatic contest that\" \/>\n<meta name=\"robots\" content=\"index, follow, max-snippet:-1, max-image-preview:large, max-video-preview:-1\" \/>\n<link rel=\"canonical\" href=\"https:\/\/www.welovecycling.com\/wide\/2026\/01\/26\/doubles-for-van-der-poel-and-pieterse-on-final-world-cup-weekend\/\" \/>\n<meta property=\"og:locale\" content=\"en_US\" \/>\n<meta property=\"og:type\" content=\"article\" \/>\n<meta property=\"og:title\" content=\"Doubles for Record-Breaker van der Poel and Pieterse on Final World Cup Weekend\" \/>\n<meta property=\"og:description\" content=\"I\u2019m starting this overview of the weekend\u2019s four World Cup races with Saturday\u2019s Elite Men\u2019s race because it was a remarkably dramatic contest that\" \/>\n<meta property=\"og:url\" content=\"https:\/\/www.welovecycling.com\/wide\/2026\/01\/26\/doubles-for-van-der-poel-and-pieterse-on-final-world-cup-weekend\/\" \/>\n<meta property=\"og:site_name\" content=\"\u0160koda We Love Cycling\" \/>\n<meta property=\"article:published_time\" content=\"2026-01-26T10:05:43+00:00\" \/>\n<meta property=\"article:modified_time\" content=\"2026-01-26T11:20:53+00:00\" \/>\n<meta property=\"og:image\" content=\"https:\/\/d2p6e6u75xmxt8.cloudfront.net\/2\/2026\/01\/Puck-Pieterse-profimedia-1068991925-CVR.webp\" \/>\n\t<meta property=\"og:image:width\" content=\"990\" \/>\n\t<meta property=\"og:image:height\" content=\"660\" \/>\n\t<meta property=\"og:image:type\" content=\"image\/webp\" \/>\n<meta name=\"author\" content=\"tereza\" \/>\n<meta name=\"twitter:card\" content=\"summary_large_image\" \/>\n<meta name=\"twitter:label1\" content=\"Written by\" \/>\n\t<meta name=\"twitter:data1\" content=\"Siegfried Mortkowitz\" \/>\n\t<meta name=\"twitter:label2\" content=\"Est. reading time\" \/>\n\t<meta name=\"twitter:data2\" content=\"3\" \/>\n<script type=\"application\/ld+json\" class=\"yoast-schema-graph\">{\"@context\":\"https:\/\/schema.org\",\"@graph\":[{\"@type\":\"WebPage\",\"@id\":\"https:\/\/www.welovecycling.com\/wide\/2026\/01\/26\/doubles-for-van-der-poel-and-pieterse-on-final-world-cup-weekend\/\",\"url\":\"https:\/\/www.welovecycling.com\/wide\/2026\/01\/26\/doubles-for-van-der-poel-and-pieterse-on-final-world-cup-weekend\/\",\"name\":\"Doubles for van der Poel and Pieterse on World Cup Weekend\",\"isPartOf\":{\"@id\":\"https:\/\/www.welovecycling.com\/wide\/#website\"},\"primaryImageOfPage\":{\"@id\":\"https:\/\/www.welovecycling.com\/wide\/2026\/01\/26\/doubles-for-van-der-poel-and-pieterse-on-final-world-cup-weekend\/#primaryimage\"},\"image\":{\"@id\":\"https:\/\/www.welovecycling.com\/wide\/2026\/01\/26\/doubles-for-van-der-poel-and-pieterse-on-final-world-cup-weekend\/#primaryimage\"},\"thumbnailUrl\":\"https:\/\/d2p6e6u75xmxt8.cloudfront.net\/2\/2026\/01\/Puck-Pieterse-profimedia-1068991925-CVR.webp\",\"datePublished\":\"2026-01-26T10:05:43+00:00\",\"dateModified\":\"2026-01-26T11:20:53+00:00\",\"author\":{\"@id\":\"https:\/\/www.welovecycling.com\/wide\/#\/schema\/person\/50f01ecd18718d2333cf72e823c4f926\"},\"description\":\"I\u2019m starting this overview of the weekend\u2019s four World Cup races with Saturday\u2019s Elite Men\u2019s race because it was a remarkably dramatic contest that\",\"breadcrumb\":{\"@id\":\"https:\/\/www.welovecycling.com\/wide\/2026\/01\/26\/doubles-for-van-der-poel-and-pieterse-on-final-world-cup-weekend\/#breadcrumb\"},\"inLanguage\":\"en-US\",\"potentialAction\":[{\"@type\":\"ReadAction\",\"target\":[\"https:\/\/www.welovecycling.com\/wide\/2026\/01\/26\/doubles-for-van-der-poel-and-pieterse-on-final-world-cup-weekend\/\"]}]},{\"@type\":\"ImageObject\",\"inLanguage\":\"en-US\",\"@id\":\"https:\/\/www.welovecycling.com\/wide\/2026\/01\/26\/doubles-for-van-der-poel-and-pieterse-on-final-world-cup-weekend\/#primaryimage\",\"url\":\"https:\/\/d2p6e6u75xmxt8.cloudfront.net\/2\/2026\/01\/Puck-Pieterse-profimedia-1068991925-CVR.webp\",\"contentUrl\":\"https:\/\/d2p6e6u75xmxt8.cloudfront.net\/2\/2026\/01\/Puck-Pieterse-profimedia-1068991925-CVR.webp\",\"width\":990,\"height\":660,\"caption\":\"Puck Pieterse\"},{\"@type\":\"BreadcrumbList\",\"@id\":\"https:\/\/www.welovecycling.com\/wide\/2026\/01\/26\/doubles-for-van-der-poel-and-pieterse-on-final-world-cup-weekend\/#breadcrumb\",\"itemListElement\":[{\"@type\":\"ListItem\",\"position\":1,\"name\":\"Home\",\"item\":\"https:\/\/www.welovecycling.com\/wide\/\"},{\"@type\":\"ListItem\",\"position\":2,\"name\":\"Doubles for Record-Breaker van der Poel and Pieterse on Final World Cup Weekend\"}]},{\"@type\":\"WebSite\",\"@id\":\"https:\/\/www.welovecycling.com\/wide\/#website\",\"url\":\"https:\/\/www.welovecycling.com\/wide\/\",\"name\":\"\u0160koda We Love Cycling\",\"description\":\"\u0160koda We Love Cycling magazine\",\"alternateName\":\"\u0160koda WLC\",\"potentialAction\":[{\"@type\":\"SearchAction\",\"target\":{\"@type\":\"EntryPoint\",\"urlTemplate\":\"https:\/\/www.welovecycling.com\/wide\/?s={search_term_string}\"},\"query-input\":{\"@type\":\"PropertyValueSpecification\",\"valueRequired\":true,\"valueName\":\"search_term_string\"}}],\"inLanguage\":\"en-US\"},{\"@type\":\"Person\",\"@id\":\"https:\/\/www.welovecycling.com\/wide\/#\/schema\/person\/50f01ecd18718d2333cf72e823c4f926\",\"name\":\"tereza\",\"image\":{\"@type\":\"ImageObject\",\"inLanguage\":\"en-US\",\"@id\":\"https:\/\/www.welovecycling.com\/wide\/#\/schema\/person\/image\/\",\"url\":\"https:\/\/secure.gravatar.com\/avatar\/1f9eb71be33845f0afabce3791bc1c58ecdb0a25c62964987e5dbcf7a20d2ec7?s=96&d=mm&r=g\",\"contentUrl\":\"https:\/\/secure.gravatar.com\/avatar\/1f9eb71be33845f0afabce3791bc1c58ecdb0a25c62964987e5dbcf7a20d2ec7?s=96&d=mm&r=g\",\"caption\":\"tereza\"},\"url\":\"https:\/\/www.welovecycling.com\/wide\/author\/tereza\/\"}]}<\/script>\n<!-- \/ Yoast SEO Premium plugin. -->","yoast_head_json":{"title":"Doubles for van der Poel and Pieterse on World Cup Weekend","description":"I\u2019m starting this overview of the weekend\u2019s four World Cup races with Saturday\u2019s Elite Men\u2019s race because it was a remarkably dramatic contest that","robots":{"index":"index","follow":"follow","max-snippet":"max-snippet:-1","max-image-preview":"max-image-preview:large","max-video-preview":"max-video-preview:-1"},"canonical":"https:\/\/www.welovecycling.com\/wide\/2026\/01\/26\/doubles-for-van-der-poel-and-pieterse-on-final-world-cup-weekend\/","og_locale":"en_US","og_type":"article","og_title":"Doubles for Record-Breaker van der Poel and Pieterse on Final World Cup Weekend","og_description":"I\u2019m starting this overview of the weekend\u2019s four World Cup races with Saturday\u2019s Elite Men\u2019s race because it was a remarkably dramatic contest that","og_url":"https:\/\/www.welovecycling.com\/wide\/2026\/01\/26\/doubles-for-van-der-poel-and-pieterse-on-final-world-cup-weekend\/","og_site_name":"\u0160koda We Love Cycling","article_published_time":"2026-01-26T10:05:43+00:00","article_modified_time":"2026-01-26T11:20:53+00:00","og_image":[{"width":990,"height":660,"url":"https:\/\/d2p6e6u75xmxt8.cloudfront.net\/2\/2026\/01\/Puck-Pieterse-profimedia-1068991925-CVR.webp","type":"image\/webp"}],"author":"tereza","twitter_card":"summary_large_image","twitter_misc":{"Written by":"Siegfried Mortkowitz","Est. reading time":"3"},"schema":{"@context":"https:\/\/schema.org","@graph":[{"@type":"WebPage","@id":"https:\/\/www.welovecycling.com\/wide\/2026\/01\/26\/doubles-for-van-der-poel-and-pieterse-on-final-world-cup-weekend\/","url":"https:\/\/www.welovecycling.com\/wide\/2026\/01\/26\/doubles-for-van-der-poel-and-pieterse-on-final-world-cup-weekend\/","name":"Doubles for van der Poel and Pieterse on World Cup Weekend","isPartOf":{"@id":"https:\/\/www.welovecycling.com\/wide\/#website"},"primaryImageOfPage":{"@id":"https:\/\/www.welovecycling.com\/wide\/2026\/01\/26\/doubles-for-van-der-poel-and-pieterse-on-final-world-cup-weekend\/#primaryimage"},"image":{"@id":"https:\/\/www.welovecycling.com\/wide\/2026\/01\/26\/doubles-for-van-der-poel-and-pieterse-on-final-world-cup-weekend\/#primaryimage"},"thumbnailUrl":"https:\/\/d2p6e6u75xmxt8.cloudfront.net\/2\/2026\/01\/Puck-Pieterse-profimedia-1068991925-CVR.webp","datePublished":"2026-01-26T10:05:43+00:00","dateModified":"2026-01-26T11:20:53+00:00","author":{"@id":"https:\/\/www.welovecycling.com\/wide\/#\/schema\/person\/50f01ecd18718d2333cf72e823c4f926"},"description":"I\u2019m starting this overview of the weekend\u2019s four World Cup races with Saturday\u2019s Elite Men\u2019s race because it was a remarkably dramatic contest that","breadcrumb":{"@id":"https:\/\/www.welovecycling.com\/wide\/2026\/01\/26\/doubles-for-van-der-poel-and-pieterse-on-final-world-cup-weekend\/#breadcrumb"},"inLanguage":"en-US","potentialAction":[{"@type":"ReadAction","target":["https:\/\/www.welovecycling.com\/wide\/2026\/01\/26\/doubles-for-van-der-poel-and-pieterse-on-final-world-cup-weekend\/"]}]},{"@type":"ImageObject","inLanguage":"en-US","@id":"https:\/\/www.welovecycling.com\/wide\/2026\/01\/26\/doubles-for-van-der-poel-and-pieterse-on-final-world-cup-weekend\/#primaryimage","url":"https:\/\/d2p6e6u75xmxt8.cloudfront.net\/2\/2026\/01\/Puck-Pieterse-profimedia-1068991925-CVR.webp","contentUrl":"https:\/\/d2p6e6u75xmxt8.cloudfront.net\/2\/2026\/01\/Puck-Pieterse-profimedia-1068991925-CVR.webp","width":990,"height":660,"caption":"Puck Pieterse"},{"@type":"BreadcrumbList","@id":"https:\/\/www.welovecycling.com\/wide\/2026\/01\/26\/doubles-for-van-der-poel-and-pieterse-on-final-world-cup-weekend\/#breadcrumb","itemListElement":[{"@type":"ListItem","position":1,"name":"Home","item":"https:\/\/www.welovecycling.com\/wide\/"},{"@type":"ListItem","position":2,"name":"Doubles for Record-Breaker van der Poel and Pieterse on Final World Cup Weekend"}]},{"@type":"WebSite","@id":"https:\/\/www.welovecycling.com\/wide\/#website","url":"https:\/\/www.welovecycling.com\/wide\/","name":"\u0160koda We Love Cycling","description":"\u0160koda We Love Cycling magazine","alternateName":"\u0160koda WLC","potentialAction":[{"@type":"SearchAction","target":{"@type":"EntryPoint","urlTemplate":"https:\/\/www.welovecycling.com\/wide\/?s={search_term_string}"},"query-input":{"@type":"PropertyValueSpecification","valueRequired":true,"valueName":"search_term_string"}}],"inLanguage":"en-US"},{"@type":"Person","@id":"https:\/\/www.welovecycling.com\/wide\/#\/schema\/person\/50f01ecd18718d2333cf72e823c4f926","name":"tereza","image":{"@type":"ImageObject","inLanguage":"en-US","@id":"https:\/\/www.welovecycling.com\/wide\/#\/schema\/person\/image\/","url":"https:\/\/secure.gravatar.com\/avatar\/1f9eb71be33845f0afabce3791bc1c58ecdb0a25c62964987e5dbcf7a20d2ec7?s=96&d=mm&r=g","contentUrl":"https:\/\/secure.gravatar.com\/avatar\/1f9eb71be33845f0afabce3791bc1c58ecdb0a25c62964987e5dbcf7a20d2ec7?s=96&d=mm&r=g","caption":"tereza"},"url":"https:\/\/www.welovecycling.com\/wide\/author\/tereza\/"}]}},"_links":{"self":[{"href":"https:\/\/www.welovecycling.com\/wide\/wp-json\/wp\/v2\/posts\/204608","targetHints":{"allow":["GET"]}}],"collection":[{"href":"https:\/\/www.welovecycling.com\/wide\/wp-json\/wp\/v2\/posts"}],"about":[{"href":"https:\/\/www.welovecycling.com\/wide\/wp-json\/wp\/v2\/types\/post"}],"author":[{"embeddable":true,"href":"https:\/\/www.welovecycling.com\/wide\/wp-json\/wp\/v2\/users\/99"}],"replies":[{"embeddable":true,"href":"https:\/\/www.welovecycling.com\/wide\/wp-json\/wp\/v2\/comments?post=204608"}],"version-history":[{"count":3,"href":"https:\/\/www.welovecycling.com\/wide\/wp-json\/wp\/v2\/posts\/204608\/revisions"}],"predecessor-version":[{"id":204612,"href":"https:\/\/www.welovecycling.com\/wide\/wp-json\/wp\/v2\/posts\/204608\/revisions\/204612"}],"wp:featuredmedia":[{"embeddable":true,"href":"https:\/\/www.welovecycling.com\/wide\/wp-json\/wp\/v2\/media\/204609"}],"wp:attachment":[{"href":"https:\/\/www.welovecycling.com\/wide\/wp-json\/wp\/v2\/media?parent=204608"}],"wp:term":[{"taxonomy":"category","embeddable":true,"href":"https:\/\/www.welovecycling.com\/wide\/wp-json\/wp\/v2\/categories?post=204608"},{"taxonomy":"post_tag","embeddable":true,"href":"https:\/\/www.welovecycling.com\/wide\/wp-json\/wp\/v2\/tags?post=204608"},{"taxonomy":"global-categories","embeddable":true,"href":"https:\/\/www.welovecycling.com\/wide\/wp-json\/wp\/v2\/global-categories?post=204608"}],"curies":[{"name":"wp","href":"https:\/\/api.w.org\/{rel}","templated":true}]}}