{"id":204340,"date":"2025-12-11T12:03:03","date_gmt":"2025-12-11T12:03:03","guid":{"rendered":"https:\/\/www.welovecycling.com\/wide\/?p=204340"},"modified":"2025-12-12T09:18:58","modified_gmt":"2025-12-12T09:18:58","slug":"its-now-official-meet-the-new-lotto-intermarche-team","status":"publish","type":"post","link":"https:\/\/www.welovecycling.com\/wide\/2025\/12\/11\/its-now-official-meet-the-new-lotto-intermarche-team\/","title":{"rendered":"It\u2019s Now Official: Meet the New Lotto-Intermarch\u00e9 Team"},"content":{"rendered":"<p style=\"font-weight: 400;\"><strong>The other shoe has finally fallen; the endless merger has finally been made official. A day after the UCI included Lotto-Intermarch\u00e9 on a list of 18 World Tour teams granted licenses for the next three years, the newly \u2013 and finally \u2013 merged team announced in a press statement its squad of 30 riders for 2026, as well as other contributors and members of the new squad.<\/strong><\/p>\n<p><!--more--><\/p>\n<p style=\"font-weight: 400;\">Regarding sponsors and bikes, much remains the same, with Basque bicycle manufacturer Orbea continuing to supply bikes, and other long-standing partners, such as Vermarc Sport, Eko\u00ef and Caps, also remaining with the new project. Even Groupe Wanty, the former title sponsor of the now defunct Intermarch\u00e9-Wanty team, will remain with the new team for at least six years and will become the second name sponsor of the development team Lotto\u2013Groupe Wanty.<\/p>\n<p style=\"font-weight: 400;\">Intermarch\u00e9-Wanty General Manager Jean-Francous Bourlart becomes CEO of Lotto-Intermarch\u00e9, with Lotto\u2019s Kurt Van de Wouwer as sports manager and Intermarch\u00e9-Wanty\u2019s Aike Visbeek serving as performance manager. \u201cToday, thanks to the unification of two historic Belgian teams, a new chapter begins in international cycling,\u201d Bourlart said in the new team\u2019s press statement. \u201cIn recent months we have worked very hard behind the scenes to build a solid project, based on the foundations of Lotto Cycling Team and Intermarch\u00e9-Wanty. We are pleased that the UCI places its confidence in us for the next three years to make this project succeed. The recognition of the UCI ProTeam status for the women\u2019s team also makes us happy.\u201d<\/p>\n<p style=\"font-weight: 400;\">However, one very important member of Intermarch\u00e9-Wanty has not joined the new squad: 2024 Tour de France green jersey winner Biniam Girmay. The Eritrean, who became the first African rider to win the Tour\u2019s green jersey, <a href=\"https:\/\/www.welovecycling.com\/wide\/2025\/12\/03\/girmay-signs-with-nsn-cycling-the-team-that-replaced-israel-premier-tech\/\">signed with NSN Cycling<\/a> for three years.<\/p>\n<figure id=\"attachment_204300\" aria-describedby=\"caption-attachment-204300\" style=\"width: 990px\" class=\"wp-caption alignnone\"><a href=\"https:\/\/d2p6e6u75xmxt8.cloudfront.net\/2\/2025\/12\/Biniam-Girmay-profimedia-1041284972-CVR.webp\"><img loading=\"lazy\" decoding=\"async\" class=\"wp-image-204300 size-full\" src=\"https:\/\/d2p6e6u75xmxt8.cloudfront.net\/2\/2025\/12\/Biniam-Girmay-profimedia-1041284972-CVR.webp\" alt=\"Biniam Girmay\" width=\"990\" height=\"660\" srcset=\"https:\/\/d2p6e6u75xmxt8.cloudfront.net\/2\/2025\/12\/Biniam-Girmay-profimedia-1041284972-CVR.webp 990w, https:\/\/d2p6e6u75xmxt8.cloudfront.net\/2\/2025\/12\/Biniam-Girmay-profimedia-1041284972-CVR-300x200.webp 300w, https:\/\/d2p6e6u75xmxt8.cloudfront.net\/2\/2025\/12\/Biniam-Girmay-profimedia-1041284972-CVR-768x512.webp 768w, https:\/\/d2p6e6u75xmxt8.cloudfront.net\/2\/2025\/12\/Biniam-Girmay-profimedia-1041284972-CVR-400x267.webp 400w, https:\/\/d2p6e6u75xmxt8.cloudfront.net\/2\/2025\/12\/Biniam-Girmay-profimedia-1041284972-CVR-272x182.webp 272w\" sizes=\"auto, (max-width: 990px) 100vw, 990px\" \/><\/a><figcaption id=\"caption-attachment-204300\" class=\"wp-caption-text\">NSN Cycling, the team formerly known as Israel\u2013Premier Tech, has confirmed that it has signed 2024 Tour de France green jersey winner Biniam Girmay until 2028. \u00a9 Profimedia<\/figcaption><\/figure>\n<p style=\"font-weight: 400;\">That doesn\u2019t mean that Lotto-Intermarch\u00e9 will be lacking speed. On the contrary, the team has held on to 23-year-old Arnaud de Lie, who won the Renewi Tour, the\u00a0\u00a0Grand Prix de Wallonie\u00a0and the\u00a0Bretagne Classic\u00a0this year, and can only improve with time. Lotto\u2019s promising 24-year-old climber Lennert Van Eetvelt also remains and will be eager to prove himself after a season that ended with injuries sustained in a crash in the Tour de France.<\/p>\n<p style=\"font-weight: 400;\">This is a very young team, with only three riders over the age of 30 and no fewer than 20 of the 30 riders being 25 years of age or younger. Which means that, at best, the team has a great deal of potential for future success, but lots of uncertainty about its future success remains. However, Van de Wouwer is very optimistic. &#8220;[W]e continue to invest in the development of young talent,\u201d he said in the press release. \u201cNewly crowned [U23] European champion Jarno Widar joins the pro squad, and with Huub Artz and Felix \u00d8rn-Kristoff, we welcome two more former European champions from the youth categories. It demonstrates the potential of our group and the quality of our development programs.&#8221; The 19-year-old \u00d8rn-Kristoff won the 2024 Junior Men\u2019s European Road Race Championship and the now 23-year-old Artz was victorious in the same year\u2019s U-23 Road Race Championship.<\/p>\n<p style=\"font-weight: 400;\">&#8220;Talent development remains one of our key pillars in the renewed structure,\u201d Van de Wouwer added. \u201cIn recent seasons, both development teams together delivered more than 26 riders to the pro ranks. . . . I am convinced we will continue to be one of the best continental development teams with Lotto-Wanty.&#8221;<\/p>\n<p style=\"font-weight: 400;\">As a result of the merger, nine riders \u2013 including the 25-year-old French rider Louis Barr\u00e9 \u2013 have so far failed to find a new team, while six riders \u2013 including Elia Viviani, whose 90 wins include 9 Grand Tour stages \u2013 have retired.<\/p>\n","protected":false},"excerpt":{"rendered":"<p>The other shoe has finally fallen; the endless merger has finally been made official. A day after the UCI included [&hellip;]<\/p>\n","protected":false},"author":99,"featured_media":204342,"comment_status":"closed","ping_status":"open","sticky":false,"template":"","format":"standard","meta":{"footnotes":""},"categories":[329],"tags":[6356,8647,8821,8822],"global-categories":[3366],"class_list":["post-204340","post","type-post","status-publish","format-standard","has-post-thumbnail","hentry","category-road-cycling","tag-biniam-girmay","tag-intermarche-wanty","tag-lotto-intermarche-team","tag-pro-cycling-teams","global-categories-cycling"],"yoast_head":"<!-- This site is optimized with the Yoast SEO Premium plugin v25.3 (Yoast SEO v25.9) - https:\/\/yoast.com\/wordpress\/plugins\/seo\/ -->\n<title>It\u2019s Now Official: Meet the New Lotto-Intermarch\u00e9 Team - \u0160koda We Love Cycling<\/title>\n<meta name=\"description\" content=\"The other shoe has finally fallen; the endless merger has finally been made official. A day after the UCI included Lotto-Intermarch\u00e9 on a list of 18 World\" \/>\n<meta name=\"robots\" content=\"index, follow, max-snippet:-1, max-image-preview:large, max-video-preview:-1\" \/>\n<link rel=\"canonical\" href=\"https:\/\/www.welovecycling.com\/wide\/2025\/12\/11\/its-now-official-meet-the-new-lotto-intermarche-team\/\" \/>\n<meta property=\"og:locale\" content=\"en_US\" \/>\n<meta property=\"og:type\" content=\"article\" \/>\n<meta property=\"og:title\" content=\"It\u2019s Now Official: Meet the New Lotto-Intermarch\u00e9 Team\" \/>\n<meta property=\"og:description\" content=\"The other shoe has finally fallen; the endless merger has finally been made official. A day after the UCI included Lotto-Intermarch\u00e9 on a list of 18 World\" \/>\n<meta property=\"og:url\" content=\"https:\/\/www.welovecycling.com\/wide\/2025\/12\/11\/its-now-official-meet-the-new-lotto-intermarche-team\/\" \/>\n<meta property=\"og:site_name\" content=\"\u0160koda We Love Cycling\" \/>\n<meta property=\"article:published_time\" content=\"2025-12-11T12:03:03+00:00\" \/>\n<meta property=\"article:modified_time\" content=\"2025-12-12T09:18:58+00:00\" \/>\n<meta property=\"og:image\" content=\"https:\/\/d2p6e6u75xmxt8.cloudfront.net\/2\/2025\/12\/Girmay-De-Lie-Lotto-Intermarche-profimedia-1038847695-CVR.webp\" \/>\n\t<meta property=\"og:image:width\" content=\"990\" \/>\n\t<meta property=\"og:image:height\" content=\"660\" \/>\n\t<meta property=\"og:image:type\" content=\"image\/webp\" \/>\n<meta name=\"author\" content=\"tereza\" \/>\n<meta name=\"twitter:card\" content=\"summary_large_image\" \/>\n<meta name=\"twitter:label1\" content=\"Written by\" \/>\n\t<meta name=\"twitter:data1\" content=\"Siegfried Mortkowitz\" \/>\n\t<meta name=\"twitter:label2\" content=\"Est. reading time\" \/>\n\t<meta name=\"twitter:data2\" content=\"2\" \/>\n<script type=\"application\/ld+json\" class=\"yoast-schema-graph\">{\"@context\":\"https:\/\/schema.org\",\"@graph\":[{\"@type\":\"WebPage\",\"@id\":\"https:\/\/www.welovecycling.com\/wide\/2025\/12\/11\/its-now-official-meet-the-new-lotto-intermarche-team\/\",\"url\":\"https:\/\/www.welovecycling.com\/wide\/2025\/12\/11\/its-now-official-meet-the-new-lotto-intermarche-team\/\",\"name\":\"It\u2019s Now Official: Meet the New Lotto-Intermarch\u00e9 Team - \u0160koda We Love Cycling\",\"isPartOf\":{\"@id\":\"https:\/\/www.welovecycling.com\/wide\/#website\"},\"primaryImageOfPage\":{\"@id\":\"https:\/\/www.welovecycling.com\/wide\/2025\/12\/11\/its-now-official-meet-the-new-lotto-intermarche-team\/#primaryimage\"},\"image\":{\"@id\":\"https:\/\/www.welovecycling.com\/wide\/2025\/12\/11\/its-now-official-meet-the-new-lotto-intermarche-team\/#primaryimage\"},\"thumbnailUrl\":\"https:\/\/d2p6e6u75xmxt8.cloudfront.net\/2\/2025\/12\/Girmay-De-Lie-Lotto-Intermarche-profimedia-1038847695-CVR.webp\",\"datePublished\":\"2025-12-11T12:03:03+00:00\",\"dateModified\":\"2025-12-12T09:18:58+00:00\",\"author\":{\"@id\":\"https:\/\/www.welovecycling.com\/wide\/#\/schema\/person\/50f01ecd18718d2333cf72e823c4f926\"},\"description\":\"The other shoe has finally fallen; the endless merger has finally been made official. A day after the UCI included Lotto-Intermarch\u00e9 on a list of 18 World\",\"breadcrumb\":{\"@id\":\"https:\/\/www.welovecycling.com\/wide\/2025\/12\/11\/its-now-official-meet-the-new-lotto-intermarche-team\/#breadcrumb\"},\"inLanguage\":\"en-US\",\"potentialAction\":[{\"@type\":\"ReadAction\",\"target\":[\"https:\/\/www.welovecycling.com\/wide\/2025\/12\/11\/its-now-official-meet-the-new-lotto-intermarche-team\/\"]}]},{\"@type\":\"ImageObject\",\"inLanguage\":\"en-US\",\"@id\":\"https:\/\/www.welovecycling.com\/wide\/2025\/12\/11\/its-now-official-meet-the-new-lotto-intermarche-team\/#primaryimage\",\"url\":\"https:\/\/d2p6e6u75xmxt8.cloudfront.net\/2\/2025\/12\/Girmay-De-Lie-Lotto-Intermarche-profimedia-1038847695-CVR.webp\",\"contentUrl\":\"https:\/\/d2p6e6u75xmxt8.cloudfront.net\/2\/2025\/12\/Girmay-De-Lie-Lotto-Intermarche-profimedia-1038847695-CVR.webp\",\"width\":990,\"height\":660,\"caption\":\"Lotto Intermarche\"},{\"@type\":\"BreadcrumbList\",\"@id\":\"https:\/\/www.welovecycling.com\/wide\/2025\/12\/11\/its-now-official-meet-the-new-lotto-intermarche-team\/#breadcrumb\",\"itemListElement\":[{\"@type\":\"ListItem\",\"position\":1,\"name\":\"Home\",\"item\":\"https:\/\/www.welovecycling.com\/wide\/\"},{\"@type\":\"ListItem\",\"position\":2,\"name\":\"It\u2019s Now Official: Meet the New Lotto-Intermarch\u00e9 Team\"}]},{\"@type\":\"WebSite\",\"@id\":\"https:\/\/www.welovecycling.com\/wide\/#website\",\"url\":\"https:\/\/www.welovecycling.com\/wide\/\",\"name\":\"\u0160koda We Love Cycling\",\"description\":\"\u0160koda We Love Cycling magazine\",\"alternateName\":\"\u0160koda WLC\",\"potentialAction\":[{\"@type\":\"SearchAction\",\"target\":{\"@type\":\"EntryPoint\",\"urlTemplate\":\"https:\/\/www.welovecycling.com\/wide\/?s={search_term_string}\"},\"query-input\":{\"@type\":\"PropertyValueSpecification\",\"valueRequired\":true,\"valueName\":\"search_term_string\"}}],\"inLanguage\":\"en-US\"},{\"@type\":\"Person\",\"@id\":\"https:\/\/www.welovecycling.com\/wide\/#\/schema\/person\/50f01ecd18718d2333cf72e823c4f926\",\"name\":\"tereza\",\"image\":{\"@type\":\"ImageObject\",\"inLanguage\":\"en-US\",\"@id\":\"https:\/\/www.welovecycling.com\/wide\/#\/schema\/person\/image\/\",\"url\":\"https:\/\/secure.gravatar.com\/avatar\/1f9eb71be33845f0afabce3791bc1c58ecdb0a25c62964987e5dbcf7a20d2ec7?s=96&d=mm&r=g\",\"contentUrl\":\"https:\/\/secure.gravatar.com\/avatar\/1f9eb71be33845f0afabce3791bc1c58ecdb0a25c62964987e5dbcf7a20d2ec7?s=96&d=mm&r=g\",\"caption\":\"tereza\"},\"url\":\"https:\/\/www.welovecycling.com\/wide\/author\/tereza\/\"}]}<\/script>\n<!-- \/ Yoast SEO Premium plugin. -->","yoast_head_json":{"title":"It\u2019s Now Official: Meet the New Lotto-Intermarch\u00e9 Team - \u0160koda We Love Cycling","description":"The other shoe has finally fallen; the endless merger has finally been made official. A day after the UCI included Lotto-Intermarch\u00e9 on a list of 18 World","robots":{"index":"index","follow":"follow","max-snippet":"max-snippet:-1","max-image-preview":"max-image-preview:large","max-video-preview":"max-video-preview:-1"},"canonical":"https:\/\/www.welovecycling.com\/wide\/2025\/12\/11\/its-now-official-meet-the-new-lotto-intermarche-team\/","og_locale":"en_US","og_type":"article","og_title":"It\u2019s Now Official: Meet the New Lotto-Intermarch\u00e9 Team","og_description":"The other shoe has finally fallen; the endless merger has finally been made official. A day after the UCI included Lotto-Intermarch\u00e9 on a list of 18 World","og_url":"https:\/\/www.welovecycling.com\/wide\/2025\/12\/11\/its-now-official-meet-the-new-lotto-intermarche-team\/","og_site_name":"\u0160koda We Love Cycling","article_published_time":"2025-12-11T12:03:03+00:00","article_modified_time":"2025-12-12T09:18:58+00:00","og_image":[{"width":990,"height":660,"url":"https:\/\/d2p6e6u75xmxt8.cloudfront.net\/2\/2025\/12\/Girmay-De-Lie-Lotto-Intermarche-profimedia-1038847695-CVR.webp","type":"image\/webp"}],"author":"tereza","twitter_card":"summary_large_image","twitter_misc":{"Written by":"Siegfried Mortkowitz","Est. reading time":"2"},"schema":{"@context":"https:\/\/schema.org","@graph":[{"@type":"WebPage","@id":"https:\/\/www.welovecycling.com\/wide\/2025\/12\/11\/its-now-official-meet-the-new-lotto-intermarche-team\/","url":"https:\/\/www.welovecycling.com\/wide\/2025\/12\/11\/its-now-official-meet-the-new-lotto-intermarche-team\/","name":"It\u2019s Now Official: Meet the New Lotto-Intermarch\u00e9 Team - \u0160koda We Love Cycling","isPartOf":{"@id":"https:\/\/www.welovecycling.com\/wide\/#website"},"primaryImageOfPage":{"@id":"https:\/\/www.welovecycling.com\/wide\/2025\/12\/11\/its-now-official-meet-the-new-lotto-intermarche-team\/#primaryimage"},"image":{"@id":"https:\/\/www.welovecycling.com\/wide\/2025\/12\/11\/its-now-official-meet-the-new-lotto-intermarche-team\/#primaryimage"},"thumbnailUrl":"https:\/\/d2p6e6u75xmxt8.cloudfront.net\/2\/2025\/12\/Girmay-De-Lie-Lotto-Intermarche-profimedia-1038847695-CVR.webp","datePublished":"2025-12-11T12:03:03+00:00","dateModified":"2025-12-12T09:18:58+00:00","author":{"@id":"https:\/\/www.welovecycling.com\/wide\/#\/schema\/person\/50f01ecd18718d2333cf72e823c4f926"},"description":"The other shoe has finally fallen; the endless merger has finally been made official. A day after the UCI included Lotto-Intermarch\u00e9 on a list of 18 World","breadcrumb":{"@id":"https:\/\/www.welovecycling.com\/wide\/2025\/12\/11\/its-now-official-meet-the-new-lotto-intermarche-team\/#breadcrumb"},"inLanguage":"en-US","potentialAction":[{"@type":"ReadAction","target":["https:\/\/www.welovecycling.com\/wide\/2025\/12\/11\/its-now-official-meet-the-new-lotto-intermarche-team\/"]}]},{"@type":"ImageObject","inLanguage":"en-US","@id":"https:\/\/www.welovecycling.com\/wide\/2025\/12\/11\/its-now-official-meet-the-new-lotto-intermarche-team\/#primaryimage","url":"https:\/\/d2p6e6u75xmxt8.cloudfront.net\/2\/2025\/12\/Girmay-De-Lie-Lotto-Intermarche-profimedia-1038847695-CVR.webp","contentUrl":"https:\/\/d2p6e6u75xmxt8.cloudfront.net\/2\/2025\/12\/Girmay-De-Lie-Lotto-Intermarche-profimedia-1038847695-CVR.webp","width":990,"height":660,"caption":"Lotto Intermarche"},{"@type":"BreadcrumbList","@id":"https:\/\/www.welovecycling.com\/wide\/2025\/12\/11\/its-now-official-meet-the-new-lotto-intermarche-team\/#breadcrumb","itemListElement":[{"@type":"ListItem","position":1,"name":"Home","item":"https:\/\/www.welovecycling.com\/wide\/"},{"@type":"ListItem","position":2,"name":"It\u2019s Now Official: Meet the New Lotto-Intermarch\u00e9 Team"}]},{"@type":"WebSite","@id":"https:\/\/www.welovecycling.com\/wide\/#website","url":"https:\/\/www.welovecycling.com\/wide\/","name":"\u0160koda We Love Cycling","description":"\u0160koda We Love Cycling magazine","alternateName":"\u0160koda WLC","potentialAction":[{"@type":"SearchAction","target":{"@type":"EntryPoint","urlTemplate":"https:\/\/www.welovecycling.com\/wide\/?s={search_term_string}"},"query-input":{"@type":"PropertyValueSpecification","valueRequired":true,"valueName":"search_term_string"}}],"inLanguage":"en-US"},{"@type":"Person","@id":"https:\/\/www.welovecycling.com\/wide\/#\/schema\/person\/50f01ecd18718d2333cf72e823c4f926","name":"tereza","image":{"@type":"ImageObject","inLanguage":"en-US","@id":"https:\/\/www.welovecycling.com\/wide\/#\/schema\/person\/image\/","url":"https:\/\/secure.gravatar.com\/avatar\/1f9eb71be33845f0afabce3791bc1c58ecdb0a25c62964987e5dbcf7a20d2ec7?s=96&d=mm&r=g","contentUrl":"https:\/\/secure.gravatar.com\/avatar\/1f9eb71be33845f0afabce3791bc1c58ecdb0a25c62964987e5dbcf7a20d2ec7?s=96&d=mm&r=g","caption":"tereza"},"url":"https:\/\/www.welovecycling.com\/wide\/author\/tereza\/"}]}},"_links":{"self":[{"href":"https:\/\/www.welovecycling.com\/wide\/wp-json\/wp\/v2\/posts\/204340","targetHints":{"allow":["GET"]}}],"collection":[{"href":"https:\/\/www.welovecycling.com\/wide\/wp-json\/wp\/v2\/posts"}],"about":[{"href":"https:\/\/www.welovecycling.com\/wide\/wp-json\/wp\/v2\/types\/post"}],"author":[{"embeddable":true,"href":"https:\/\/www.welovecycling.com\/wide\/wp-json\/wp\/v2\/users\/99"}],"replies":[{"embeddable":true,"href":"https:\/\/www.welovecycling.com\/wide\/wp-json\/wp\/v2\/comments?post=204340"}],"version-history":[{"count":3,"href":"https:\/\/www.welovecycling.com\/wide\/wp-json\/wp\/v2\/posts\/204340\/revisions"}],"predecessor-version":[{"id":204349,"href":"https:\/\/www.welovecycling.com\/wide\/wp-json\/wp\/v2\/posts\/204340\/revisions\/204349"}],"wp:featuredmedia":[{"embeddable":true,"href":"https:\/\/www.welovecycling.com\/wide\/wp-json\/wp\/v2\/media\/204342"}],"wp:attachment":[{"href":"https:\/\/www.welovecycling.com\/wide\/wp-json\/wp\/v2\/media?parent=204340"}],"wp:term":[{"taxonomy":"category","embeddable":true,"href":"https:\/\/www.welovecycling.com\/wide\/wp-json\/wp\/v2\/categories?post=204340"},{"taxonomy":"post_tag","embeddable":true,"href":"https:\/\/www.welovecycling.com\/wide\/wp-json\/wp\/v2\/tags?post=204340"},{"taxonomy":"global-categories","embeddable":true,"href":"https:\/\/www.welovecycling.com\/wide\/wp-json\/wp\/v2\/global-categories?post=204340"}],"curies":[{"name":"wp","href":"https:\/\/api.w.org\/{rel}","templated":true}]}}