{"id":204321,"date":"2025-12-08T12:00:15","date_gmt":"2025-12-08T12:00:15","guid":{"rendered":"https:\/\/www.welovecycling.com\/wide\/?p=204321"},"modified":"2025-12-08T12:08:29","modified_gmt":"2025-12-08T12:08:29","slug":"vanthourenhout-and-brand-of-course-win-world-cup-races-on-sardinia","status":"publish","type":"post","link":"https:\/\/www.welovecycling.com\/wide\/2025\/12\/08\/vanthourenhout-and-brand-of-course-win-world-cup-races-on-sardinia\/","title":{"rendered":"Vanthourenhout and Brand (of Course!) Win World Cup Races on Sardinia"},"content":{"rendered":"<p style=\"font-weight: 400;\"><strong>Michael Vanthourenhout (Pauwels Sauzen\u2013Altez Industriebouw) and (who else?) Lucinda Brand (Baloise Glowi Lions) won their respective UCI Cyclocross World Cup races on Sunday on a flat course in Torralba on the Italian island of Sardinia. The 31-year-old Belgian was strongest in crunch time at the end of a thrilling three-rider battle, while Brand did it her usual way, overpowering her rivals with a long, irresistible solo ride.<\/strong><\/p>\n<p><!--more--><\/p>\n<h2 style=\"font-weight: 400;\"><strong>A battle down to the wire<\/strong><\/h2>\n<p style=\"font-weight: 400;\">On a rain-drenched but fast course, with puddles that were probably deeper than the elevation gained, a lead group of 11 riders eventually formed. Vanthourenhout and Joris Nieuwenhuis (Ridley Racing) spent most of the first six of nine stages exchanging the lead position in the group, and it long appeared that they would take their duel all the way to the finish. But eventually Laurens Sweeck (Crelan-Corendon) and then Pim Ronhaar (Baloise Glowi Lions) joined the skirmish for the front, which turned muscular when Ronhaar jostled Sweeck while passing him on a corner on lap 8, and Sweeck responded with an elbow that\u00a0 caused him to lose his balance and drop down to sixth.<\/p>\n<p style=\"font-weight: 400;\">At the end of that penultimate lap, there were still eight riders within 6 seconds of each other as the battle for the lead became serious and Vanthourenhout, Nieuwenhuis, Sweeck and Ronhaar disputed the win among themselves. With about 500 meters left to ride, tragedy struck Ronhaar as he suffered a flat on a bike he had just swapped for. He would finish a disconsolate 10th. After some serious back-and-forth, Vanthourenhout attacked in a sand pit and soon had a decent gap, which he was able to maintain all the way to the line. Nieuwenhuis and Sweeck came in second and third, 1 second behind the winner.<\/p>\n<p style=\"font-weight: 400;\">\u201cIt felt good to be fighting for the win again,\u201d Vanthourenhout said after his first World Cup win of the season. \u201cI felt very strong today, but it was difficult to make a gap.\u201d It was his first win since October and follows a string of five races in which the 2024-25 World Cup champion missed out on the podium. \u201cIn the final lap I was lucky that I could move up on the inside,\u201d he explained. \u201cHopefully that slightly weaker period is now behind me.\u201d<\/p>\n<p style=\"font-weight: 400;\">\u201cIt was quite a hard race in the end because I had a good feeling that me and Michael [Vanthourenhout] were the best in the race at the start,\u201d Nieuwenhuis said. \u201cWe tried to get away, but it was quite hard. I tried to defend my position all the time and hoped to do something in the last lap. I think Michael got a bit better of a line and [had] a bit better legs. He just got the better of me in the end.\u201d<\/p>\n<p style=\"font-weight: 400;\">The World Cup leader Thibau Nys (Baloise Glowi Lions), who won the first two races of the series, in-form Cameron Mason (Seven Racing) and European champion Toon Aerts were among the riders who skipped the race, which was one reason 11 riders competed with hope until the final lap. Nys still leads the series with 80 points, to 76 for Sweeck and 75 for Nieuwenhuis.<\/p>\n<h2 style=\"font-weight: 400;\"><strong>Brand is still irresistible<\/strong><\/h2>\n<p style=\"font-weight: 400;\">Will <a href=\"https:\/\/www.welovecycling.com\/wide\/2025\/12\/03\/lucinda-brand-shows-no-signs-of-slowing-down\/\" target=\"_blank\" rel=\"noopener\">Lucinda Brand<\/a> lose another race this year? That\u2019s the question I had after watching her yet again demolish a field of her rivals in Sunday\u2019s Elite Women\u2019s race. She has now won five races in succession and nine of 11 races this season; and she has now finished on the podium for the 52nd time in a row. The only rider who could challenge her dominance, Fem van Empel (Visma\u2013Lease a Bike), is still out with an unspecified illness and no date for her return has been announced.<\/p>\n<blockquote class=\"instagram-media\" style=\"background: #FFF; border: 0; border-radius: 3px; box-shadow: 0 0 1px 0 rgba(0,0,0,0.5),0 1px 10px 0 rgba(0,0,0,0.15); margin: 1px; max-width: 540px; min-width: 326px; padding: 0; width: calc(100% - 2px);\" data-instgrm-captioned=\"\" data-instgrm-permalink=\"https:\/\/www.instagram.com\/p\/DR9trNcCnKG\/?utm_source=ig_embed&amp;utm_campaign=loading\" data-instgrm-version=\"14\">\n<div style=\"padding: 16px;\">\n<p>&nbsp;<\/p>\n<div style=\"display: flex; flex-direction: row; align-items: center;\">\n<div style=\"background-color: #f4f4f4; border-radius: 50%; flex-grow: 0; height: 40px; margin-right: 14px; width: 40px;\"><\/div>\n<div style=\"display: flex; flex-direction: column; flex-grow: 1; justify-content: center;\">\n<div style=\"background-color: #f4f4f4; border-radius: 4px; flex-grow: 0; height: 14px; margin-bottom: 6px; width: 100px;\"><\/div>\n<div style=\"background-color: #f4f4f4; border-radius: 4px; flex-grow: 0; height: 14px; width: 60px;\"><\/div>\n<\/div>\n<\/div>\n<div style=\"padding: 19% 0;\"><\/div>\n<div style=\"display: block; height: 50px; margin: 0 auto 12px; width: 50px;\"><\/div>\n<div style=\"padding-top: 8px;\">\n<div style=\"color: #3897f0; font-family: Arial,sans-serif; font-size: 14px; font-style: normal; font-weight: 550; line-height: 18px;\">View this post on Instagram<\/div>\n<\/div>\n<div style=\"padding: 12.5% 0;\"><\/div>\n<div style=\"display: flex; flex-direction: row; margin-bottom: 14px; align-items: center;\">\n<div>\n<div style=\"background-color: #f4f4f4; border-radius: 50%; height: 12.5px; width: 12.5px; transform: translateX(0px) translateY(7px);\"><\/div>\n<div style=\"background-color: #f4f4f4; height: 12.5px; transform: rotate(-45deg) translateX(3px) translateY(1px); width: 12.5px; flex-grow: 0; margin-right: 14px; margin-left: 2px;\"><\/div>\n<div style=\"background-color: #f4f4f4; border-radius: 50%; height: 12.5px; width: 12.5px; transform: translateX(9px) translateY(-18px);\"><\/div>\n<\/div>\n<div style=\"margin-left: 8px;\">\n<div style=\"background-color: #f4f4f4; border-radius: 50%; flex-grow: 0; height: 20px; width: 20px;\"><\/div>\n<div style=\"width: 0; height: 0; border-top: 2px solid transparent; border-left: 6px solid #f4f4f4; border-bottom: 2px solid transparent; transform: translateX(16px) translateY(-4px) rotate(30deg);\"><\/div>\n<\/div>\n<div style=\"margin-left: auto;\">\n<div style=\"width: 0px; border-top: 8px solid #F4F4F4; border-right: 8px solid transparent; transform: translateY(16px);\"><\/div>\n<div style=\"background-color: #f4f4f4; flex-grow: 0; height: 12px; width: 16px; transform: translateY(-4px);\"><\/div>\n<div style=\"width: 0; height: 0; border-top: 8px solid #F4F4F4; border-left: 8px solid transparent; transform: translateY(-4px) translateX(8px);\"><\/div>\n<\/div>\n<\/div>\n<div style=\"display: flex; flex-direction: column; flex-grow: 1; justify-content: center; margin-bottom: 24px;\">\n<div style=\"background-color: #f4f4f4; border-radius: 4px; flex-grow: 0; height: 14px; margin-bottom: 6px; width: 224px;\"><\/div>\n<div style=\"background-color: #f4f4f4; border-radius: 4px; flex-grow: 0; height: 14px; width: 144px;\"><\/div>\n<\/div>\n<p>&nbsp;<\/p>\n<p style=\"color: #c9c8cd; font-family: Arial,sans-serif; font-size: 14px; line-height: 17px; margin-bottom: 0; margin-top: 8px; overflow: hidden; padding: 8px 0 7px; text-align: center; text-overflow: ellipsis; white-space: nowrap;\"><a style=\"color: #c9c8cd; font-family: Arial,sans-serif; font-size: 14px; font-style: normal; font-weight: normal; line-height: 17px; text-decoration: none;\" href=\"https:\/\/www.instagram.com\/p\/DR9trNcCnKG\/?utm_source=ig_embed&amp;utm_campaign=loading\" target=\"_blank\" rel=\"noopener\">A post shared by UCI Cyclo-cross World Cup (@ucicyclocrossworldcup)<\/a><\/p>\n<\/div>\n<\/blockquote>\n<p><script async src=\"\/\/www.instagram.com\/embed.js\"><\/script>The Terralba course, with lots of fast, hard ground, deep muddy puddles and clinging sand suited Brand\u2019s power, and she was clearly feeling powerful. The 36-year-old Dutchwoman attacked in a tricky sand pit early on the second of six laps, quickly opened up a gap of 20 meters and was never threatened. Chased by last weekend\u2019s winner Aniek van Alphen (Seven Racing), the resurgent Shirin van Anrooij (Baloise Glowi Lions), Sara Casasola (Crelan\u2013Corendon) and Leonie Bentveld (Pauwels Sauzen\u2013Altez Industriebouw), her lead was 9 seconds after lap 2, 17 seconds after lap 3 and 31 seconds after lap 4. At the end, her winning margin was 20 seconds over van Alphen, with the resurgent van Anrooij \u2013 who was riding only her third cyclocross race in two years \u2013 33 seconds adrift.<\/p>\n<p style=\"font-weight: 400;\">\u201cThere were some difficult sectors and Aniek was held up a bit, which made me feel like I had the momentum,\u201d Brand said after the race. \u201cI went straight away and wanted to see where that would take me.\u201d She also acknowledged teammate van Anrooij\u2019s contribution in the chase group. \u201cShirin was there as a team-mate as well,\u201d Brand said, \u201cand that automatically makes the morale of your opponents drop a little.\u201d<\/p>\n<p style=\"font-weight: 400;\">Van Anrooij was in a thrilling nip-and-tuck battle with van Alphen for second that saw the two riders try to out-tactic each other for the last three laps. It was decided with about 200 meters to go when van Alphen opened a small gap and van Anrooij subsequently had a mechanical issue that caused her to slow down. But the former junior and under-23 cyclocross world champion was not discouraged in the least after securing her first World Cup podium since January 2023. \u201cI\u2019m getting closer and closer back to a good cyclo-cross shape,\u201d she said. \u201cI&#8217;m super happy to be back. It&#8217;s really beautiful after two years to be back on the podium of the World Cup.\u201d<\/p>\n<p style=\"font-weight: 400;\"><strong>Top 5 Elite Men \u2013 Terralba CX World Cup 2025<\/strong><\/p>\n<ol>\n<li>Michael Vanthourenhout, Pauwels Sauzen\u2013Altez Industriebouw) 1:03:17<\/li>\n<li>Joris Nieuwenhuis, Ridley Racing +0:01<\/li>\n<li>Laurens Sweeck, Crelan\u2013Corendon \u00a0\u00a0\u00a0\u00a0\u00a0\u00a0\u201c<\/li>\n<li>Ryan Kamp, Fenix \u00a0\u00a0\u00a0\u00a0\u00a0\u00a0\u00a0\u00a0\u00a0\u00a0\u00a0\u00a0\u00a0\u00a0\u00a0\u00a0\u00a0\u00a0\u00a0\u00a0\u00a0\u00a0\u00a0\u00a0\u00a0\u00a0\u00a0\u00a0\u00a0\u00a0\u00a0\u00a0\u00a0\u00a0\u00a0\u00a0\u00a0\u00a0\u00a0\u00a0\u00a0\u00a0\u00a0\u00a0\u00a0\u00a0\u00a0\u00a0\u00a0\u00a0\u00a0\u00a0\u00a0\u00a0+0:07<\/li>\n<li>Niels Vandeputte, Alpecin\u2013Deceuninck \u00a0\u00a0\u00a0\u00a0\u00a0\u00a0\u00a0\u00a0\u00a0\u00a0\u00a0\u00a0\u00a0\u00a0\u00a0\u00a0\u00a0\u00a0\u00a0\u00a0\u00a0+0:08<\/li>\n<\/ol>\n<p style=\"font-weight: 400;\"><strong>Top 5 Eliet Women \u2013 Terralba CX World Cup 2025<\/strong><\/p>\n<ol>\n<li style=\"font-weight: 400;\">1<strong>. <\/strong>Lucinda Brand, Baloise Glowi Lions 47:14<\/li>\n<li style=\"font-weight: 400;\">Aniek van Alphen, Seven Racing +0:20<\/li>\n<li style=\"font-weight: 400;\">Shirin van Anrooij, Baloise Glowi Lions +0:33<\/li>\n<li style=\"font-weight: 400;\">Leonie Bentveld, Pauwels Sauzen\u2013Altez Industriebouw +1:02<\/li>\n<li style=\"font-weight: 400;\">Sara Casasola, Crelan\u2013Corendon \u201c<\/li>\n<\/ol>\n","protected":false},"excerpt":{"rendered":"<p>Michael Vanthourenhout (Pauwels Sauzen\u2013Altez Industriebouw) and (who else?) Lucinda Brand (Baloise Glowi Lions) won their respective UCI Cyclocross World Cup [&hellip;]<\/p>\n","protected":false},"author":99,"featured_media":204322,"comment_status":"closed","ping_status":"open","sticky":false,"template":"","format":"standard","meta":{"footnotes":""},"categories":[328,329],"tags":[6916,633,5928,8815],"global-categories":[3366],"class_list":["post-204321","post","type-post","status-publish","format-standard","has-post-thumbnail","hentry","category-outdoor-mountain","category-road-cycling","tag-joris-nieuwenhuis","tag-lucinda-brand","tag-michael-vanthourenhout","tag-uci-cyclocross-world-cup-sardinia","global-categories-cycling"],"yoast_head":"<!-- This site is optimized with the Yoast SEO Premium plugin v25.3 (Yoast SEO v25.9) - https:\/\/yoast.com\/wordpress\/plugins\/seo\/ -->\n<title>Vanthourenhout and Brand (of Course!) Win World Cup Races on Sardinia - \u0160koda We Love Cycling<\/title>\n<meta name=\"description\" content=\"Michael Vanthourenhout (Pauwels Sauzen\u2013Altez Industriebouw) and (who else?) Lucinda Brand (Baloise Glowi Lions) won their respective UCI Cyclocross World\" \/>\n<meta name=\"robots\" content=\"index, follow, max-snippet:-1, max-image-preview:large, max-video-preview:-1\" \/>\n<link rel=\"canonical\" href=\"https:\/\/www.welovecycling.com\/wide\/2025\/12\/08\/vanthourenhout-and-brand-of-course-win-world-cup-races-on-sardinia\/\" \/>\n<meta property=\"og:locale\" content=\"en_US\" \/>\n<meta property=\"og:type\" content=\"article\" \/>\n<meta property=\"og:title\" content=\"Vanthourenhout and Brand (of Course!) Win World Cup Races on Sardinia\" \/>\n<meta property=\"og:description\" content=\"Michael Vanthourenhout (Pauwels Sauzen\u2013Altez Industriebouw) and (who else?) Lucinda Brand (Baloise Glowi Lions) won their respective UCI Cyclocross World\" \/>\n<meta property=\"og:url\" content=\"https:\/\/www.welovecycling.com\/wide\/2025\/12\/08\/vanthourenhout-and-brand-of-course-win-world-cup-races-on-sardinia\/\" \/>\n<meta property=\"og:site_name\" content=\"\u0160koda We Love Cycling\" \/>\n<meta property=\"article:published_time\" content=\"2025-12-08T12:00:15+00:00\" \/>\n<meta property=\"article:modified_time\" content=\"2025-12-08T12:08:29+00:00\" \/>\n<meta property=\"og:image\" content=\"https:\/\/d2p6e6u75xmxt8.cloudfront.net\/2\/2025\/12\/Cyclocross-Sardinia-Vanthourenhout-profimedia-1057413300-CVR.webp\" \/>\n\t<meta property=\"og:image:width\" content=\"990\" \/>\n\t<meta property=\"og:image:height\" content=\"660\" \/>\n\t<meta property=\"og:image:type\" content=\"image\/webp\" \/>\n<meta name=\"author\" content=\"tereza\" \/>\n<meta name=\"twitter:card\" content=\"summary_large_image\" \/>\n<meta name=\"twitter:label1\" content=\"Written by\" \/>\n\t<meta name=\"twitter:data1\" content=\"Siegfried Mortkowitz\" \/>\n\t<meta name=\"twitter:label2\" content=\"Est. reading time\" \/>\n\t<meta name=\"twitter:data2\" content=\"2\" \/>\n<script type=\"application\/ld+json\" class=\"yoast-schema-graph\">{\"@context\":\"https:\/\/schema.org\",\"@graph\":[{\"@type\":\"WebPage\",\"@id\":\"https:\/\/www.welovecycling.com\/wide\/2025\/12\/08\/vanthourenhout-and-brand-of-course-win-world-cup-races-on-sardinia\/\",\"url\":\"https:\/\/www.welovecycling.com\/wide\/2025\/12\/08\/vanthourenhout-and-brand-of-course-win-world-cup-races-on-sardinia\/\",\"name\":\"Vanthourenhout and Brand (of Course!) Win World Cup Races on Sardinia - \u0160koda We Love Cycling\",\"isPartOf\":{\"@id\":\"https:\/\/www.welovecycling.com\/wide\/#website\"},\"primaryImageOfPage\":{\"@id\":\"https:\/\/www.welovecycling.com\/wide\/2025\/12\/08\/vanthourenhout-and-brand-of-course-win-world-cup-races-on-sardinia\/#primaryimage\"},\"image\":{\"@id\":\"https:\/\/www.welovecycling.com\/wide\/2025\/12\/08\/vanthourenhout-and-brand-of-course-win-world-cup-races-on-sardinia\/#primaryimage\"},\"thumbnailUrl\":\"https:\/\/d2p6e6u75xmxt8.cloudfront.net\/2\/2025\/12\/Cyclocross-Sardinia-Vanthourenhout-profimedia-1057413300-CVR.webp\",\"datePublished\":\"2025-12-08T12:00:15+00:00\",\"dateModified\":\"2025-12-08T12:08:29+00:00\",\"author\":{\"@id\":\"https:\/\/www.welovecycling.com\/wide\/#\/schema\/person\/50f01ecd18718d2333cf72e823c4f926\"},\"description\":\"Michael Vanthourenhout (Pauwels Sauzen\u2013Altez Industriebouw) and (who else?) Lucinda Brand (Baloise Glowi Lions) won their respective UCI Cyclocross World\",\"breadcrumb\":{\"@id\":\"https:\/\/www.welovecycling.com\/wide\/2025\/12\/08\/vanthourenhout-and-brand-of-course-win-world-cup-races-on-sardinia\/#breadcrumb\"},\"inLanguage\":\"en-US\",\"potentialAction\":[{\"@type\":\"ReadAction\",\"target\":[\"https:\/\/www.welovecycling.com\/wide\/2025\/12\/08\/vanthourenhout-and-brand-of-course-win-world-cup-races-on-sardinia\/\"]}]},{\"@type\":\"ImageObject\",\"inLanguage\":\"en-US\",\"@id\":\"https:\/\/www.welovecycling.com\/wide\/2025\/12\/08\/vanthourenhout-and-brand-of-course-win-world-cup-races-on-sardinia\/#primaryimage\",\"url\":\"https:\/\/d2p6e6u75xmxt8.cloudfront.net\/2\/2025\/12\/Cyclocross-Sardinia-Vanthourenhout-profimedia-1057413300-CVR.webp\",\"contentUrl\":\"https:\/\/d2p6e6u75xmxt8.cloudfront.net\/2\/2025\/12\/Cyclocross-Sardinia-Vanthourenhout-profimedia-1057413300-CVR.webp\",\"width\":990,\"height\":660,\"caption\":\"Michael Vanthourenhout\"},{\"@type\":\"BreadcrumbList\",\"@id\":\"https:\/\/www.welovecycling.com\/wide\/2025\/12\/08\/vanthourenhout-and-brand-of-course-win-world-cup-races-on-sardinia\/#breadcrumb\",\"itemListElement\":[{\"@type\":\"ListItem\",\"position\":1,\"name\":\"Home\",\"item\":\"https:\/\/www.welovecycling.com\/wide\/\"},{\"@type\":\"ListItem\",\"position\":2,\"name\":\"Vanthourenhout and Brand (of Course!) Win World Cup Races on Sardinia\"}]},{\"@type\":\"WebSite\",\"@id\":\"https:\/\/www.welovecycling.com\/wide\/#website\",\"url\":\"https:\/\/www.welovecycling.com\/wide\/\",\"name\":\"\u0160koda We Love Cycling\",\"description\":\"\u0160koda We Love Cycling magazine\",\"alternateName\":\"\u0160koda WLC\",\"potentialAction\":[{\"@type\":\"SearchAction\",\"target\":{\"@type\":\"EntryPoint\",\"urlTemplate\":\"https:\/\/www.welovecycling.com\/wide\/?s={search_term_string}\"},\"query-input\":{\"@type\":\"PropertyValueSpecification\",\"valueRequired\":true,\"valueName\":\"search_term_string\"}}],\"inLanguage\":\"en-US\"},{\"@type\":\"Person\",\"@id\":\"https:\/\/www.welovecycling.com\/wide\/#\/schema\/person\/50f01ecd18718d2333cf72e823c4f926\",\"name\":\"tereza\",\"image\":{\"@type\":\"ImageObject\",\"inLanguage\":\"en-US\",\"@id\":\"https:\/\/www.welovecycling.com\/wide\/#\/schema\/person\/image\/\",\"url\":\"https:\/\/secure.gravatar.com\/avatar\/1f9eb71be33845f0afabce3791bc1c58ecdb0a25c62964987e5dbcf7a20d2ec7?s=96&d=mm&r=g\",\"contentUrl\":\"https:\/\/secure.gravatar.com\/avatar\/1f9eb71be33845f0afabce3791bc1c58ecdb0a25c62964987e5dbcf7a20d2ec7?s=96&d=mm&r=g\",\"caption\":\"tereza\"},\"url\":\"https:\/\/www.welovecycling.com\/wide\/author\/tereza\/\"}]}<\/script>\n<!-- \/ Yoast SEO Premium plugin. -->","yoast_head_json":{"title":"Vanthourenhout and Brand (of Course!) Win World Cup Races on Sardinia - \u0160koda We Love Cycling","description":"Michael Vanthourenhout (Pauwels Sauzen\u2013Altez Industriebouw) and (who else?) Lucinda Brand (Baloise Glowi Lions) won their respective UCI Cyclocross World","robots":{"index":"index","follow":"follow","max-snippet":"max-snippet:-1","max-image-preview":"max-image-preview:large","max-video-preview":"max-video-preview:-1"},"canonical":"https:\/\/www.welovecycling.com\/wide\/2025\/12\/08\/vanthourenhout-and-brand-of-course-win-world-cup-races-on-sardinia\/","og_locale":"en_US","og_type":"article","og_title":"Vanthourenhout and Brand (of Course!) Win World Cup Races on Sardinia","og_description":"Michael Vanthourenhout (Pauwels Sauzen\u2013Altez Industriebouw) and (who else?) Lucinda Brand (Baloise Glowi Lions) won their respective UCI Cyclocross World","og_url":"https:\/\/www.welovecycling.com\/wide\/2025\/12\/08\/vanthourenhout-and-brand-of-course-win-world-cup-races-on-sardinia\/","og_site_name":"\u0160koda We Love Cycling","article_published_time":"2025-12-08T12:00:15+00:00","article_modified_time":"2025-12-08T12:08:29+00:00","og_image":[{"width":990,"height":660,"url":"https:\/\/d2p6e6u75xmxt8.cloudfront.net\/2\/2025\/12\/Cyclocross-Sardinia-Vanthourenhout-profimedia-1057413300-CVR.webp","type":"image\/webp"}],"author":"tereza","twitter_card":"summary_large_image","twitter_misc":{"Written by":"Siegfried Mortkowitz","Est. reading time":"2"},"schema":{"@context":"https:\/\/schema.org","@graph":[{"@type":"WebPage","@id":"https:\/\/www.welovecycling.com\/wide\/2025\/12\/08\/vanthourenhout-and-brand-of-course-win-world-cup-races-on-sardinia\/","url":"https:\/\/www.welovecycling.com\/wide\/2025\/12\/08\/vanthourenhout-and-brand-of-course-win-world-cup-races-on-sardinia\/","name":"Vanthourenhout and Brand (of Course!) Win World Cup Races on Sardinia - \u0160koda We Love Cycling","isPartOf":{"@id":"https:\/\/www.welovecycling.com\/wide\/#website"},"primaryImageOfPage":{"@id":"https:\/\/www.welovecycling.com\/wide\/2025\/12\/08\/vanthourenhout-and-brand-of-course-win-world-cup-races-on-sardinia\/#primaryimage"},"image":{"@id":"https:\/\/www.welovecycling.com\/wide\/2025\/12\/08\/vanthourenhout-and-brand-of-course-win-world-cup-races-on-sardinia\/#primaryimage"},"thumbnailUrl":"https:\/\/d2p6e6u75xmxt8.cloudfront.net\/2\/2025\/12\/Cyclocross-Sardinia-Vanthourenhout-profimedia-1057413300-CVR.webp","datePublished":"2025-12-08T12:00:15+00:00","dateModified":"2025-12-08T12:08:29+00:00","author":{"@id":"https:\/\/www.welovecycling.com\/wide\/#\/schema\/person\/50f01ecd18718d2333cf72e823c4f926"},"description":"Michael Vanthourenhout (Pauwels Sauzen\u2013Altez Industriebouw) and (who else?) Lucinda Brand (Baloise Glowi Lions) won their respective UCI Cyclocross World","breadcrumb":{"@id":"https:\/\/www.welovecycling.com\/wide\/2025\/12\/08\/vanthourenhout-and-brand-of-course-win-world-cup-races-on-sardinia\/#breadcrumb"},"inLanguage":"en-US","potentialAction":[{"@type":"ReadAction","target":["https:\/\/www.welovecycling.com\/wide\/2025\/12\/08\/vanthourenhout-and-brand-of-course-win-world-cup-races-on-sardinia\/"]}]},{"@type":"ImageObject","inLanguage":"en-US","@id":"https:\/\/www.welovecycling.com\/wide\/2025\/12\/08\/vanthourenhout-and-brand-of-course-win-world-cup-races-on-sardinia\/#primaryimage","url":"https:\/\/d2p6e6u75xmxt8.cloudfront.net\/2\/2025\/12\/Cyclocross-Sardinia-Vanthourenhout-profimedia-1057413300-CVR.webp","contentUrl":"https:\/\/d2p6e6u75xmxt8.cloudfront.net\/2\/2025\/12\/Cyclocross-Sardinia-Vanthourenhout-profimedia-1057413300-CVR.webp","width":990,"height":660,"caption":"Michael Vanthourenhout"},{"@type":"BreadcrumbList","@id":"https:\/\/www.welovecycling.com\/wide\/2025\/12\/08\/vanthourenhout-and-brand-of-course-win-world-cup-races-on-sardinia\/#breadcrumb","itemListElement":[{"@type":"ListItem","position":1,"name":"Home","item":"https:\/\/www.welovecycling.com\/wide\/"},{"@type":"ListItem","position":2,"name":"Vanthourenhout and Brand (of Course!) Win World Cup Races on Sardinia"}]},{"@type":"WebSite","@id":"https:\/\/www.welovecycling.com\/wide\/#website","url":"https:\/\/www.welovecycling.com\/wide\/","name":"\u0160koda We Love Cycling","description":"\u0160koda We Love Cycling magazine","alternateName":"\u0160koda WLC","potentialAction":[{"@type":"SearchAction","target":{"@type":"EntryPoint","urlTemplate":"https:\/\/www.welovecycling.com\/wide\/?s={search_term_string}"},"query-input":{"@type":"PropertyValueSpecification","valueRequired":true,"valueName":"search_term_string"}}],"inLanguage":"en-US"},{"@type":"Person","@id":"https:\/\/www.welovecycling.com\/wide\/#\/schema\/person\/50f01ecd18718d2333cf72e823c4f926","name":"tereza","image":{"@type":"ImageObject","inLanguage":"en-US","@id":"https:\/\/www.welovecycling.com\/wide\/#\/schema\/person\/image\/","url":"https:\/\/secure.gravatar.com\/avatar\/1f9eb71be33845f0afabce3791bc1c58ecdb0a25c62964987e5dbcf7a20d2ec7?s=96&d=mm&r=g","contentUrl":"https:\/\/secure.gravatar.com\/avatar\/1f9eb71be33845f0afabce3791bc1c58ecdb0a25c62964987e5dbcf7a20d2ec7?s=96&d=mm&r=g","caption":"tereza"},"url":"https:\/\/www.welovecycling.com\/wide\/author\/tereza\/"}]}},"_links":{"self":[{"href":"https:\/\/www.welovecycling.com\/wide\/wp-json\/wp\/v2\/posts\/204321","targetHints":{"allow":["GET"]}}],"collection":[{"href":"https:\/\/www.welovecycling.com\/wide\/wp-json\/wp\/v2\/posts"}],"about":[{"href":"https:\/\/www.welovecycling.com\/wide\/wp-json\/wp\/v2\/types\/post"}],"author":[{"embeddable":true,"href":"https:\/\/www.welovecycling.com\/wide\/wp-json\/wp\/v2\/users\/99"}],"replies":[{"embeddable":true,"href":"https:\/\/www.welovecycling.com\/wide\/wp-json\/wp\/v2\/comments?post=204321"}],"version-history":[{"count":4,"href":"https:\/\/www.welovecycling.com\/wide\/wp-json\/wp\/v2\/posts\/204321\/revisions"}],"predecessor-version":[{"id":204326,"href":"https:\/\/www.welovecycling.com\/wide\/wp-json\/wp\/v2\/posts\/204321\/revisions\/204326"}],"wp:featuredmedia":[{"embeddable":true,"href":"https:\/\/www.welovecycling.com\/wide\/wp-json\/wp\/v2\/media\/204322"}],"wp:attachment":[{"href":"https:\/\/www.welovecycling.com\/wide\/wp-json\/wp\/v2\/media?parent=204321"}],"wp:term":[{"taxonomy":"category","embeddable":true,"href":"https:\/\/www.welovecycling.com\/wide\/wp-json\/wp\/v2\/categories?post=204321"},{"taxonomy":"post_tag","embeddable":true,"href":"https:\/\/www.welovecycling.com\/wide\/wp-json\/wp\/v2\/tags?post=204321"},{"taxonomy":"global-categories","embeddable":true,"href":"https:\/\/www.welovecycling.com\/wide\/wp-json\/wp\/v2\/global-categories?post=204321"}],"curies":[{"name":"wp","href":"https:\/\/api.w.org\/{rel}","templated":true}]}}