{"id":204214,"date":"2025-11-20T11:51:47","date_gmt":"2025-11-20T11:51:47","guid":{"rendered":"https:\/\/www.welovecycling.com\/wide\/?p=204214"},"modified":"2025-11-20T11:51:47","modified_gmt":"2025-11-20T11:51:47","slug":"how-many-car-trips-might-you-be-replacing-when-you-ride-an-e-bike","status":"publish","type":"post","link":"https:\/\/www.welovecycling.com\/wide\/2025\/11\/20\/how-many-car-trips-might-you-be-replacing-when-you-ride-an-e-bike\/","title":{"rendered":"How Many Car Trips Might You Be Replacing When You Ride an E-Bike?"},"content":{"rendered":"<p style=\"font-weight: 400;\"><strong>A German study suggests that when you choose an e-bike over a car, you might be doing more for the environment than you think.<\/strong><\/p>\n<p><!--more--><\/p>\n<h2><strong>A closer look at what e-bikes actually replace<\/strong><\/h2>\n<p style=\"font-weight: 400;\">It\u2019s easy to assume that every person switching to an e-bike is replacing a car journey. But that\u2019s not always true, some riders might otherwise have taken the bus, cycled a regular bike, or even walked. To find out what really happens, researchers from the University of Wuppertal and Ruhr-Universit\u00e4t Bochum decided to dig into the data.<\/p>\n<p style=\"font-weight: 400;\"><a href=\"https:\/\/www.tandfonline.com\/doi\/full\/10.1080\/15568318.2025.2533307#abstract\">Their open-access study,<\/a> published in the International Journal of Sustainable Transportation in 2025, analysed more than 190,000 trips. Using a nested logit model, a standard tool in transport research, they modelled how people choose between different modes of travel, including walking, public transport, car, conventional bike, and e-bike.<\/p>\n<p style=\"font-weight: 400;\">The model didn\u2019t just consider distance and time, but also terrain, bicycle infrastructure, and public-transport access, factors that haven\u2019t been included in previous research.<\/p>\n<h2><strong>E-bikes behave more like cars than bikes<\/strong><\/h2>\n<p style=\"font-weight: 400;\">One of the most interesting findings was that e-bikes behave more like cars than like regular bikes. When the researchers looked at how trip length influences people\u2019s choices, e-bike trips were much closer to car trips. Put simply, people are willing to use an e-bike for much longer distances than they would attempt on a normal bike.<\/p>\n<p style=\"font-weight: 400;\">Another insight came from terrain data. While hills reduced the likelihood of choosing a bicycle in general, e-bike riders were far less sensitive to gradient than conventional cyclists. The motor does not remove the impact of steep terrain completely, but it makes those trips far more feasible.<\/p>\n<figure id=\"attachment_197344\" aria-describedby=\"caption-attachment-197344\" style=\"width: 990px\" class=\"wp-caption alignnone\"><a href=\"https:\/\/d2p6e6u75xmxt8.cloudfront.net\/2\/2024\/11\/Woman-E-Bike-Hamburg-profimedia-0556088346-CVR.webp\"><img loading=\"lazy\" decoding=\"async\" class=\"wp-image-197344 size-full\" src=\"https:\/\/d2p6e6u75xmxt8.cloudfront.net\/2\/2024\/11\/Woman-E-Bike-Hamburg-profimedia-0556088346-CVR.webp\" alt=\"E-Biking\" width=\"990\" height=\"660\" srcset=\"https:\/\/d2p6e6u75xmxt8.cloudfront.net\/2\/2024\/11\/Woman-E-Bike-Hamburg-profimedia-0556088346-CVR.webp 990w, https:\/\/d2p6e6u75xmxt8.cloudfront.net\/2\/2024\/11\/Woman-E-Bike-Hamburg-profimedia-0556088346-CVR-300x200.webp 300w, https:\/\/d2p6e6u75xmxt8.cloudfront.net\/2\/2024\/11\/Woman-E-Bike-Hamburg-profimedia-0556088346-CVR-768x512.webp 768w, https:\/\/d2p6e6u75xmxt8.cloudfront.net\/2\/2024\/11\/Woman-E-Bike-Hamburg-profimedia-0556088346-CVR-400x267.webp 400w, https:\/\/d2p6e6u75xmxt8.cloudfront.net\/2\/2024\/11\/Woman-E-Bike-Hamburg-profimedia-0556088346-CVR-272x182.webp 272w\" sizes=\"auto, (max-width: 990px) 100vw, 990px\" \/><\/a><figcaption id=\"caption-attachment-197344\" class=\"wp-caption-text\">A study suggests that when you choose an e-bike over a car, you might be doing more for the environment than you think. \u00a9 Profimedia<\/figcaption><\/figure>\n<h2><strong>Why it matters<\/strong><\/h2>\n<p style=\"font-weight: 400;\">These patterns have big implications for urban planners and sustainability experts. If e-bikes attract the same types of trips people would otherwise make by car, and not just replace regular bike rides, they can play a key role in cutting emissions and congestion while boosting physical activity.<\/p>\n<p style=\"font-weight: 400;\">The authors also emphasise that e-bike infrastructure should reflect this broader use case: longer distances, higher average speeds, and a need for safe, continuous cycling corridors that connect suburban and urban areas.<\/p>\n<p style=\"font-weight: 400;\">As the researchers put it, \u201c<a href=\"https:\/\/www.welovecycling.com\/wide\/2025\/04\/29\/the-10-commandments-of-safe-e-bike-riding\/\" target=\"_blank\" rel=\"noopener\">E-bikes<\/a> have the potential to substitute a considerable share of car trips, particularly in areas with adequate cycling infrastructure and manageable gradients.\u201d<\/p>\n<h2><strong>The study\u2019s limitations<\/strong><\/h2>\n<p style=\"font-weight: 400;\">Like any large-scale model, this one is not perfect. The dataset comes from 2017, when e-bike ownership in Germany was still relatively low. Today\u2019s market is far more diverse, with cargo e-bikes, long-range batteries, and new regulations all influencing rider behaviour.<\/p>\n<p style=\"font-weight: 400;\">The authors acknowledge that repeating the analysis with newer data could produce even stronger substitution effects, since e-bikes have become faster, more capable, and socially mainstream.<\/p>\n<h2><strong>So\u2026 how many car trips are you really replacing?<\/strong><\/h2>\n<p style=\"font-weight: 400;\">Here\u2019s the number you\u2019ve been waiting for: according to the researchers, around 43 % of all e-bike trips and more than 63 % of total e-bike mileage would otherwise have been made by car.<\/p>\n<p style=\"font-weight: 400;\">In other words, nearly half of the times you ride your e-bike, you\u2019re likely taking a car off the road, and for the longer trips, that replacement effect is even stronger.<\/p>\n<p style=\"font-weight: 400;\">That\u2019s not just good news for emissions; it\u2019s also good news for public health. Each car trip replaced by an e-bike adds gentle physical activity to a person\u2019s day, which can meaningfully improve fitness and mental wellbeing, even if the motor does part of the work.<\/p>\n<h2><strong>What riders and cities can take away<\/strong><\/h2>\n<p style=\"font-weight: 400;\">For individual riders, the message is simple: every e-bike ride counts, especially the longer ones. Use the assist to stretch your commute or tackle a hilly route you\u2019d otherwise avoid, those are the trips that matter most.<\/p>\n<p style=\"font-weight: 400;\">For cities, the takeaway is equally clear. When supported by safe and direct cycling networks, e-bikes can make a measurable dent in car dependency, offering a bridge between traditional cycling and motorised transport.<\/p>\n","protected":false},"excerpt":{"rendered":"<p>A German study suggests that when you choose an e-bike over a car, you might be doing more for the [&hellip;]<\/p>\n","protected":false},"author":99,"featured_media":198167,"comment_status":"closed","ping_status":"open","sticky":false,"template":"","format":"standard","meta":{"footnotes":""},"categories":[330],"tags":[348,6948,5095,2865],"global-categories":[3366],"class_list":["post-204214","post","type-post","status-publish","format-standard","has-post-thumbnail","hentry","category-urban-cycling","tag-e-bikes","tag-e-biking","tag-new-study","tag-urban-cycling","global-categories-cycling"],"yoast_head":"<!-- This site is optimized with the Yoast SEO Premium plugin v25.3 (Yoast SEO v25.9) - https:\/\/yoast.com\/wordpress\/plugins\/seo\/ -->\n<title>How Many Car Trips Might You Be Replacing When You Ride an E-Bike? - \u0160koda We Love Cycling<\/title>\n<meta name=\"description\" content=\"A German study suggests that when you choose an e-bike over a car, you might be doing more for the environment than you think. A closer look at what\" \/>\n<meta name=\"robots\" content=\"index, follow, max-snippet:-1, max-image-preview:large, max-video-preview:-1\" \/>\n<link rel=\"canonical\" href=\"https:\/\/www.welovecycling.com\/wide\/2025\/11\/20\/how-many-car-trips-might-you-be-replacing-when-you-ride-an-e-bike\/\" \/>\n<meta property=\"og:locale\" content=\"en_US\" \/>\n<meta property=\"og:type\" content=\"article\" \/>\n<meta property=\"og:title\" content=\"How Many Car Trips Might You Be Replacing When You Ride an E-Bike?\" \/>\n<meta property=\"og:description\" content=\"A German study suggests that when you choose an e-bike over a car, you might be doing more for the environment than you think. A closer look at what\" \/>\n<meta property=\"og:url\" content=\"https:\/\/www.welovecycling.com\/wide\/2025\/11\/20\/how-many-car-trips-might-you-be-replacing-when-you-ride-an-e-bike\/\" \/>\n<meta property=\"og:site_name\" content=\"\u0160koda We Love Cycling\" \/>\n<meta property=\"article:published_time\" content=\"2025-11-20T11:51:47+00:00\" \/>\n<meta property=\"og:image\" content=\"https:\/\/d2p6e6u75xmxt8.cloudfront.net\/2\/2025\/03\/E-Bike-Commute-profimedia-0893829363-CVR.webp\" \/>\n\t<meta property=\"og:image:width\" content=\"990\" \/>\n\t<meta property=\"og:image:height\" content=\"660\" \/>\n\t<meta property=\"og:image:type\" content=\"image\/webp\" \/>\n<meta name=\"author\" content=\"tereza\" \/>\n<meta name=\"twitter:card\" content=\"summary_large_image\" \/>\n<meta name=\"twitter:label1\" content=\"Written by\" \/>\n\t<meta name=\"twitter:data1\" content=\"Jiri Kaloc\" \/>\n\t<meta name=\"twitter:label2\" content=\"Est. reading time\" \/>\n\t<meta name=\"twitter:data2\" content=\"2\" \/>\n<script type=\"application\/ld+json\" class=\"yoast-schema-graph\">{\"@context\":\"https:\/\/schema.org\",\"@graph\":[{\"@type\":\"WebPage\",\"@id\":\"https:\/\/www.welovecycling.com\/wide\/2025\/11\/20\/how-many-car-trips-might-you-be-replacing-when-you-ride-an-e-bike\/\",\"url\":\"https:\/\/www.welovecycling.com\/wide\/2025\/11\/20\/how-many-car-trips-might-you-be-replacing-when-you-ride-an-e-bike\/\",\"name\":\"How Many Car Trips Might You Be Replacing When You Ride an E-Bike? - \u0160koda We Love Cycling\",\"isPartOf\":{\"@id\":\"https:\/\/www.welovecycling.com\/wide\/#website\"},\"primaryImageOfPage\":{\"@id\":\"https:\/\/www.welovecycling.com\/wide\/2025\/11\/20\/how-many-car-trips-might-you-be-replacing-when-you-ride-an-e-bike\/#primaryimage\"},\"image\":{\"@id\":\"https:\/\/www.welovecycling.com\/wide\/2025\/11\/20\/how-many-car-trips-might-you-be-replacing-when-you-ride-an-e-bike\/#primaryimage\"},\"thumbnailUrl\":\"https:\/\/d2p6e6u75xmxt8.cloudfront.net\/2\/2025\/03\/E-Bike-Commute-profimedia-0893829363-CVR.webp\",\"datePublished\":\"2025-11-20T11:51:47+00:00\",\"author\":{\"@id\":\"https:\/\/www.welovecycling.com\/wide\/#\/schema\/person\/50f01ecd18718d2333cf72e823c4f926\"},\"description\":\"A German study suggests that when you choose an e-bike over a car, you might be doing more for the environment than you think. A closer look at what\",\"breadcrumb\":{\"@id\":\"https:\/\/www.welovecycling.com\/wide\/2025\/11\/20\/how-many-car-trips-might-you-be-replacing-when-you-ride-an-e-bike\/#breadcrumb\"},\"inLanguage\":\"en-US\",\"potentialAction\":[{\"@type\":\"ReadAction\",\"target\":[\"https:\/\/www.welovecycling.com\/wide\/2025\/11\/20\/how-many-car-trips-might-you-be-replacing-when-you-ride-an-e-bike\/\"]}]},{\"@type\":\"ImageObject\",\"inLanguage\":\"en-US\",\"@id\":\"https:\/\/www.welovecycling.com\/wide\/2025\/11\/20\/how-many-car-trips-might-you-be-replacing-when-you-ride-an-e-bike\/#primaryimage\",\"url\":\"https:\/\/d2p6e6u75xmxt8.cloudfront.net\/2\/2025\/03\/E-Bike-Commute-profimedia-0893829363-CVR.webp\",\"contentUrl\":\"https:\/\/d2p6e6u75xmxt8.cloudfront.net\/2\/2025\/03\/E-Bike-Commute-profimedia-0893829363-CVR.webp\",\"width\":990,\"height\":660,\"caption\":\"E-Biking\"},{\"@type\":\"BreadcrumbList\",\"@id\":\"https:\/\/www.welovecycling.com\/wide\/2025\/11\/20\/how-many-car-trips-might-you-be-replacing-when-you-ride-an-e-bike\/#breadcrumb\",\"itemListElement\":[{\"@type\":\"ListItem\",\"position\":1,\"name\":\"Home\",\"item\":\"https:\/\/www.welovecycling.com\/wide\/\"},{\"@type\":\"ListItem\",\"position\":2,\"name\":\"How Many Car Trips Might You Be Replacing When You Ride an E-Bike?\"}]},{\"@type\":\"WebSite\",\"@id\":\"https:\/\/www.welovecycling.com\/wide\/#website\",\"url\":\"https:\/\/www.welovecycling.com\/wide\/\",\"name\":\"\u0160koda We Love Cycling\",\"description\":\"\u0160koda We Love Cycling magazine\",\"alternateName\":\"\u0160koda WLC\",\"potentialAction\":[{\"@type\":\"SearchAction\",\"target\":{\"@type\":\"EntryPoint\",\"urlTemplate\":\"https:\/\/www.welovecycling.com\/wide\/?s={search_term_string}\"},\"query-input\":{\"@type\":\"PropertyValueSpecification\",\"valueRequired\":true,\"valueName\":\"search_term_string\"}}],\"inLanguage\":\"en-US\"},{\"@type\":\"Person\",\"@id\":\"https:\/\/www.welovecycling.com\/wide\/#\/schema\/person\/50f01ecd18718d2333cf72e823c4f926\",\"name\":\"tereza\",\"image\":{\"@type\":\"ImageObject\",\"inLanguage\":\"en-US\",\"@id\":\"https:\/\/www.welovecycling.com\/wide\/#\/schema\/person\/image\/\",\"url\":\"https:\/\/secure.gravatar.com\/avatar\/1f9eb71be33845f0afabce3791bc1c58ecdb0a25c62964987e5dbcf7a20d2ec7?s=96&d=mm&r=g\",\"contentUrl\":\"https:\/\/secure.gravatar.com\/avatar\/1f9eb71be33845f0afabce3791bc1c58ecdb0a25c62964987e5dbcf7a20d2ec7?s=96&d=mm&r=g\",\"caption\":\"tereza\"},\"url\":\"https:\/\/www.welovecycling.com\/wide\/author\/tereza\/\"}]}<\/script>\n<!-- \/ Yoast SEO Premium plugin. -->","yoast_head_json":{"title":"How Many Car Trips Might You Be Replacing When You Ride an E-Bike? - \u0160koda We Love Cycling","description":"A German study suggests that when you choose an e-bike over a car, you might be doing more for the environment than you think. A closer look at what","robots":{"index":"index","follow":"follow","max-snippet":"max-snippet:-1","max-image-preview":"max-image-preview:large","max-video-preview":"max-video-preview:-1"},"canonical":"https:\/\/www.welovecycling.com\/wide\/2025\/11\/20\/how-many-car-trips-might-you-be-replacing-when-you-ride-an-e-bike\/","og_locale":"en_US","og_type":"article","og_title":"How Many Car Trips Might You Be Replacing When You Ride an E-Bike?","og_description":"A German study suggests that when you choose an e-bike over a car, you might be doing more for the environment than you think. A closer look at what","og_url":"https:\/\/www.welovecycling.com\/wide\/2025\/11\/20\/how-many-car-trips-might-you-be-replacing-when-you-ride-an-e-bike\/","og_site_name":"\u0160koda We Love Cycling","article_published_time":"2025-11-20T11:51:47+00:00","og_image":[{"width":990,"height":660,"url":"https:\/\/d2p6e6u75xmxt8.cloudfront.net\/2\/2025\/03\/E-Bike-Commute-profimedia-0893829363-CVR.webp","type":"image\/webp"}],"author":"tereza","twitter_card":"summary_large_image","twitter_misc":{"Written by":"Jiri Kaloc","Est. reading time":"2"},"schema":{"@context":"https:\/\/schema.org","@graph":[{"@type":"WebPage","@id":"https:\/\/www.welovecycling.com\/wide\/2025\/11\/20\/how-many-car-trips-might-you-be-replacing-when-you-ride-an-e-bike\/","url":"https:\/\/www.welovecycling.com\/wide\/2025\/11\/20\/how-many-car-trips-might-you-be-replacing-when-you-ride-an-e-bike\/","name":"How Many Car Trips Might You Be Replacing When You Ride an E-Bike? - \u0160koda We Love Cycling","isPartOf":{"@id":"https:\/\/www.welovecycling.com\/wide\/#website"},"primaryImageOfPage":{"@id":"https:\/\/www.welovecycling.com\/wide\/2025\/11\/20\/how-many-car-trips-might-you-be-replacing-when-you-ride-an-e-bike\/#primaryimage"},"image":{"@id":"https:\/\/www.welovecycling.com\/wide\/2025\/11\/20\/how-many-car-trips-might-you-be-replacing-when-you-ride-an-e-bike\/#primaryimage"},"thumbnailUrl":"https:\/\/d2p6e6u75xmxt8.cloudfront.net\/2\/2025\/03\/E-Bike-Commute-profimedia-0893829363-CVR.webp","datePublished":"2025-11-20T11:51:47+00:00","author":{"@id":"https:\/\/www.welovecycling.com\/wide\/#\/schema\/person\/50f01ecd18718d2333cf72e823c4f926"},"description":"A German study suggests that when you choose an e-bike over a car, you might be doing more for the environment than you think. A closer look at what","breadcrumb":{"@id":"https:\/\/www.welovecycling.com\/wide\/2025\/11\/20\/how-many-car-trips-might-you-be-replacing-when-you-ride-an-e-bike\/#breadcrumb"},"inLanguage":"en-US","potentialAction":[{"@type":"ReadAction","target":["https:\/\/www.welovecycling.com\/wide\/2025\/11\/20\/how-many-car-trips-might-you-be-replacing-when-you-ride-an-e-bike\/"]}]},{"@type":"ImageObject","inLanguage":"en-US","@id":"https:\/\/www.welovecycling.com\/wide\/2025\/11\/20\/how-many-car-trips-might-you-be-replacing-when-you-ride-an-e-bike\/#primaryimage","url":"https:\/\/d2p6e6u75xmxt8.cloudfront.net\/2\/2025\/03\/E-Bike-Commute-profimedia-0893829363-CVR.webp","contentUrl":"https:\/\/d2p6e6u75xmxt8.cloudfront.net\/2\/2025\/03\/E-Bike-Commute-profimedia-0893829363-CVR.webp","width":990,"height":660,"caption":"E-Biking"},{"@type":"BreadcrumbList","@id":"https:\/\/www.welovecycling.com\/wide\/2025\/11\/20\/how-many-car-trips-might-you-be-replacing-when-you-ride-an-e-bike\/#breadcrumb","itemListElement":[{"@type":"ListItem","position":1,"name":"Home","item":"https:\/\/www.welovecycling.com\/wide\/"},{"@type":"ListItem","position":2,"name":"How Many Car Trips Might You Be Replacing When You Ride an E-Bike?"}]},{"@type":"WebSite","@id":"https:\/\/www.welovecycling.com\/wide\/#website","url":"https:\/\/www.welovecycling.com\/wide\/","name":"\u0160koda We Love Cycling","description":"\u0160koda We Love Cycling magazine","alternateName":"\u0160koda WLC","potentialAction":[{"@type":"SearchAction","target":{"@type":"EntryPoint","urlTemplate":"https:\/\/www.welovecycling.com\/wide\/?s={search_term_string}"},"query-input":{"@type":"PropertyValueSpecification","valueRequired":true,"valueName":"search_term_string"}}],"inLanguage":"en-US"},{"@type":"Person","@id":"https:\/\/www.welovecycling.com\/wide\/#\/schema\/person\/50f01ecd18718d2333cf72e823c4f926","name":"tereza","image":{"@type":"ImageObject","inLanguage":"en-US","@id":"https:\/\/www.welovecycling.com\/wide\/#\/schema\/person\/image\/","url":"https:\/\/secure.gravatar.com\/avatar\/1f9eb71be33845f0afabce3791bc1c58ecdb0a25c62964987e5dbcf7a20d2ec7?s=96&d=mm&r=g","contentUrl":"https:\/\/secure.gravatar.com\/avatar\/1f9eb71be33845f0afabce3791bc1c58ecdb0a25c62964987e5dbcf7a20d2ec7?s=96&d=mm&r=g","caption":"tereza"},"url":"https:\/\/www.welovecycling.com\/wide\/author\/tereza\/"}]}},"_links":{"self":[{"href":"https:\/\/www.welovecycling.com\/wide\/wp-json\/wp\/v2\/posts\/204214","targetHints":{"allow":["GET"]}}],"collection":[{"href":"https:\/\/www.welovecycling.com\/wide\/wp-json\/wp\/v2\/posts"}],"about":[{"href":"https:\/\/www.welovecycling.com\/wide\/wp-json\/wp\/v2\/types\/post"}],"author":[{"embeddable":true,"href":"https:\/\/www.welovecycling.com\/wide\/wp-json\/wp\/v2\/users\/99"}],"replies":[{"embeddable":true,"href":"https:\/\/www.welovecycling.com\/wide\/wp-json\/wp\/v2\/comments?post=204214"}],"version-history":[{"count":1,"href":"https:\/\/www.welovecycling.com\/wide\/wp-json\/wp\/v2\/posts\/204214\/revisions"}],"predecessor-version":[{"id":204215,"href":"https:\/\/www.welovecycling.com\/wide\/wp-json\/wp\/v2\/posts\/204214\/revisions\/204215"}],"wp:featuredmedia":[{"embeddable":true,"href":"https:\/\/www.welovecycling.com\/wide\/wp-json\/wp\/v2\/media\/198167"}],"wp:attachment":[{"href":"https:\/\/www.welovecycling.com\/wide\/wp-json\/wp\/v2\/media?parent=204214"}],"wp:term":[{"taxonomy":"category","embeddable":true,"href":"https:\/\/www.welovecycling.com\/wide\/wp-json\/wp\/v2\/categories?post=204214"},{"taxonomy":"post_tag","embeddable":true,"href":"https:\/\/www.welovecycling.com\/wide\/wp-json\/wp\/v2\/tags?post=204214"},{"taxonomy":"global-categories","embeddable":true,"href":"https:\/\/www.welovecycling.com\/wide\/wp-json\/wp\/v2\/global-categories?post=204214"}],"curies":[{"name":"wp","href":"https:\/\/api.w.org\/{rel}","templated":true}]}}