{"id":204186,"date":"2025-11-14T11:49:37","date_gmt":"2025-11-14T11:49:37","guid":{"rendered":"https:\/\/www.welovecycling.com\/wide\/?p=204186"},"modified":"2025-11-14T11:50:56","modified_gmt":"2025-11-14T11:50:56","slug":"why-the-pogacar-effect-is-good-for-cyclocross","status":"publish","type":"post","link":"https:\/\/www.welovecycling.com\/wide\/2025\/11\/14\/why-the-pogacar-effect-is-good-for-cyclocross\/","title":{"rendered":"Why the \u201cPoga\u010dar Effect\u201d Is Good for Cyclocross"},"content":{"rendered":"<p data-start=\"95\" data-end=\"987\"><strong>Two recent men\u2019s cyclocross races were a perfect illustration of what I am calling the \u201cPoga\u010dar Effect.\u201d The Poga\u010dar Effect is what happens to a race in which the best rider in the world participates: it reduces the primary interest for spectators to riders fighting for second place and to by how much Poga\u010dar will win.<\/strong><\/p>\n<p data-start=\"95\" data-end=\"987\"><!--more--><\/p>\n<p data-start=\"95\" data-end=\"987\">This is wholly true in Grand Tour races, especially since 2023, which was the last year in which the Slovenian world champion lost a Grand Tour. It is less true for the Classics races, especially when he competes against Mathieu van der Poel, but it is certainly sufficiently prevalent to be referred to as an \u201ceffect.\u201d And the mention of the Alpecin-Deceuninck superstar offers a perfect segue to how the Poga\u010dar Effect affects cyclocross in races in which the seven-time cyclocross world champion rides.<\/p>\n<p>In addition to his three world championships in a row, van der Poel has also won 15 of the last 16 cyclocross races he has ridden going back to 2023, many of them from start to finish and by significant margins. In those races, the suspense was basically over before half the race had been run. On the other hand, the races in which he doesn\u2019t ride \u2013 such as last Sunday\u2019s Elite Men\u2019s European Championship and, two days later, the Superprestige Niel \u2013 are often thrilling and suspenseful from start to finish.<\/p>\n<p>In the European Championships, eight riders had a chance to win at the start of the final lap of the race, and about 300 meters from the finish line five riders were still in the lead group. At that point, Toon Aerts and Thibau Nys opened a gap and rode together into the home stretch, where Aerts was able to hold off his Belgian compatriot in an all-out sprint. It doesn\u2019t get more exciting than that \u2013 except perhaps for the finish the following Tuesday in the Superprestige Niel.<\/p>\n<p>In that race, as in the European Championship, the lead kept changing throughout the race, as did the lead groups, until a group of three \u2013 Laurens Sweeck, Niels Vandeputte and Michael Vanthourenhout \u2013 rode into the final lap with a modest lead over Emiel Verstrynge, with Felipe Orts close behind. Vanthourenhout cracked in the final 15 metres, which left Vandeputte to sprint against Sweeck, who won by the slimmest of margins, perhaps the thickness of his tire.<\/p>\n<p>Two races and two thrilling sprint finishes. I can\u2019t remember the last time van der Poel was involved in a final sprint in a cyclocross race. As usual, he will race a reduced schedule of cyclocross races this season, with his main goal being a record-breaking eighth rainbow jersey at the UCI Cyclocross World Championships in Li\u00e9vin, France. He is expected to start his season in mid-December, as he did last year.<\/p>\n<figure id=\"attachment_197737\" aria-describedby=\"caption-attachment-197737\" style=\"width: 990px\" class=\"wp-caption alignnone\"><a href=\"https:\/\/d2p6e6u75xmxt8.cloudfront.net\/2\/2025\/01\/Mathieu-van-der-Poel-Cyclocross-profimedia-0950240801-CVR.webp\"><img loading=\"lazy\" decoding=\"async\" class=\"wp-image-197737 size-full\" src=\"https:\/\/d2p6e6u75xmxt8.cloudfront.net\/2\/2025\/01\/Mathieu-van-der-Poel-Cyclocross-profimedia-0950240801-CVR.webp\" alt=\"Mathieu van der Poel\" width=\"990\" height=\"660\" srcset=\"https:\/\/d2p6e6u75xmxt8.cloudfront.net\/2\/2025\/01\/Mathieu-van-der-Poel-Cyclocross-profimedia-0950240801-CVR.webp 990w, https:\/\/d2p6e6u75xmxt8.cloudfront.net\/2\/2025\/01\/Mathieu-van-der-Poel-Cyclocross-profimedia-0950240801-CVR-300x200.webp 300w, https:\/\/d2p6e6u75xmxt8.cloudfront.net\/2\/2025\/01\/Mathieu-van-der-Poel-Cyclocross-profimedia-0950240801-CVR-768x512.webp 768w, https:\/\/d2p6e6u75xmxt8.cloudfront.net\/2\/2025\/01\/Mathieu-van-der-Poel-Cyclocross-profimedia-0950240801-CVR-400x267.webp 400w, https:\/\/d2p6e6u75xmxt8.cloudfront.net\/2\/2025\/01\/Mathieu-van-der-Poel-Cyclocross-profimedia-0950240801-CVR-272x182.webp 272w\" sizes=\"auto, (max-width: 990px) 100vw, 990px\" \/><\/a><figcaption id=\"caption-attachment-197737\" class=\"wp-caption-text\">Van der Poel has set his sight on winning an eight rainbow jersey at the . \u00a9 Profimedia<\/figcaption><\/figure>\n<p>Which means that we may see another month of tight races and exciting finishes.<\/p>\n<p>But what about <a href=\"https:\/\/www.welovecycling.com\/wide\/2025\/03\/06\/has-wout-van-aert-lost-the-heart-for-racing\/\" target=\"_blank\" rel=\"noopener\">Wout van Aert,<\/a> who used to dominate cyclocross races as well? According to <a href=\"https:\/\/www.facebook.com\/TheCyclingWeek\/posts\/-breaking-wout-van-aert-has-resumed-training-and-is-set-to-return-to-racing-in-d\/122152002464899102\/\">Cycling Week,<\/a> he plans to compete in six events, following a streamlined schedule tailored to his training needs. These races are:<br \/>\n\u2022 December 23: Mol Superprestige<br \/>\n\u2022 December 27: Loenhout Exact Cross<br \/>\n\u2022 January 4: Gullegem Superprestige<br \/>\n\u2022 January 5: Dendermonde World Cup<br \/>\n\u2022 January 19: Benidorm World Cup<br \/>\n\u2022 January 25: Maasmechelen World Cup<\/p>\n<p>Van Aert said that he will skip the Cyclocross World Championships, choosing instead to focus on preparations for the road season, particularly the 2026 Spring Classics and the Tour de France. In other words, he is prioritizing his road season over cyclocross, while emphasizing that \u2018cross remains his first love. As for Tom Pidcock, he is apparently not riding cyclocross this year, instead preparing to build on his excellent 2025 road season with his Q36.5 team.<\/p>\n<p>That leaves the reigning and no doubt future champ, who will ride about 10 races, win nine or all of them, and then bring home his eighth world title. The temptation is to say \u201cYawn,\u201d but that\u2019s neither true nor fair. Though some cyclocross riders may be secretly cross that van der Poel parachutes in as he pleases, wins as he pleases and goes home with the big crown while they toil for long months and come into the tail end of the season with dozens of races in their legs while he has had a lot of time to rest and recover from his road season, they did all the work, but van der Poel gets the glory.<\/p>\n<p>But it is what it is \u2013 and what it is, as a lot of people in the discipline believe, is that he is good for cyclocross. As the great Sven Nys put it in 2023, talking about van der Poel and van Aert, \u201cThe fact that they continue to \u2018cross is a victory.\u201d He means that they bring the spectators and the sponsors and the attention to the sport, and many of the people who come to see van der Poel dominate may come to a few more races the following year simply for the sport. In addition, some TV stations that are reluctant to cover any cyclocross race other than the major races will have cameras at every race in which van der Poel and\/or van Aert ride. As a result, their participation in races makes everyone in the sport richer.<\/p>\n<p>That is the undeniable truth of the Poga\u010dar Effect: everybody loves a winner, and dominant winners, in cycling as in other sports, are celebrities, like movie stars. Just think of Poga\u010dar as the sport\u2019s Brad Pitt and van der Poel as Tom Cruise.<\/p>\n","protected":false},"excerpt":{"rendered":"<p>Two recent men\u2019s cyclocross races were a perfect illustration of what I am calling the \u201cPoga\u010dar Effect.\u201d The Poga\u010dar Effect [&hellip;]<\/p>\n","protected":false},"author":99,"featured_media":196861,"comment_status":"closed","ping_status":"open","sticky":false,"template":"","format":"standard","meta":{"footnotes":""},"categories":[329],"tags":[631,632,8184,2933,5928,3415,831],"global-categories":[3366],"class_list":["post-204186","post","type-post","status-publish","format-standard","has-post-thumbnail","hentry","category-road-cycling","tag-cyclo-cross","tag-cyclocross","tag-felipe-orts","tag-mathieu-van-der-poel","tag-michael-vanthourenhout","tag-tadej-pogacar","tag-wout-van-aert","global-categories-cycling"],"yoast_head":"<!-- This site is optimized with the Yoast SEO Premium plugin v25.3 (Yoast SEO v25.9) - https:\/\/yoast.com\/wordpress\/plugins\/seo\/ -->\n<title>Why the \u201cPoga\u010dar Effect\u201d Is Good for Cyclocross - \u0160koda We Love Cycling<\/title>\n<meta name=\"description\" content=\"Two recent men\u2019s cyclocross races were a perfect illustration of what I am calling the \u201cPoga\u010dar Effect.\u201d The Poga\u010dar Effect is what happens to a race in\" \/>\n<meta name=\"robots\" content=\"index, follow, max-snippet:-1, max-image-preview:large, max-video-preview:-1\" \/>\n<link rel=\"canonical\" href=\"https:\/\/www.welovecycling.com\/wide\/2025\/11\/14\/why-the-pogacar-effect-is-good-for-cyclocross\/\" \/>\n<meta property=\"og:locale\" content=\"en_US\" \/>\n<meta property=\"og:type\" content=\"article\" \/>\n<meta property=\"og:title\" content=\"Why the \u201cPoga\u010dar Effect\u201d Is Good for Cyclocross\" \/>\n<meta property=\"og:description\" content=\"Two recent men\u2019s cyclocross races were a perfect illustration of what I am calling the \u201cPoga\u010dar Effect.\u201d The Poga\u010dar Effect is what happens to a race in\" \/>\n<meta property=\"og:url\" content=\"https:\/\/www.welovecycling.com\/wide\/2025\/11\/14\/why-the-pogacar-effect-is-good-for-cyclocross\/\" \/>\n<meta property=\"og:site_name\" content=\"\u0160koda We Love Cycling\" \/>\n<meta property=\"article:published_time\" content=\"2025-11-14T11:49:37+00:00\" \/>\n<meta property=\"article:modified_time\" content=\"2025-11-14T11:50:56+00:00\" \/>\n<meta property=\"og:image\" content=\"https:\/\/d2p6e6u75xmxt8.cloudfront.net\/2\/2024\/09\/Tadej-Pogacar-profimedia-0913747731-CVR.webp\" \/>\n\t<meta property=\"og:image:width\" content=\"990\" \/>\n\t<meta property=\"og:image:height\" content=\"660\" \/>\n\t<meta property=\"og:image:type\" content=\"image\/webp\" \/>\n<meta name=\"author\" content=\"tereza\" \/>\n<meta name=\"twitter:card\" content=\"summary_large_image\" \/>\n<meta name=\"twitter:label1\" content=\"Written by\" \/>\n\t<meta name=\"twitter:data1\" content=\"Siegfried Mortkowitz\" \/>\n\t<meta name=\"twitter:label2\" content=\"Est. reading time\" \/>\n\t<meta name=\"twitter:data2\" content=\"2\" \/>\n<script type=\"application\/ld+json\" class=\"yoast-schema-graph\">{\"@context\":\"https:\/\/schema.org\",\"@graph\":[{\"@type\":\"WebPage\",\"@id\":\"https:\/\/www.welovecycling.com\/wide\/2025\/11\/14\/why-the-pogacar-effect-is-good-for-cyclocross\/\",\"url\":\"https:\/\/www.welovecycling.com\/wide\/2025\/11\/14\/why-the-pogacar-effect-is-good-for-cyclocross\/\",\"name\":\"Why the \u201cPoga\u010dar Effect\u201d Is Good for Cyclocross - \u0160koda We Love Cycling\",\"isPartOf\":{\"@id\":\"https:\/\/www.welovecycling.com\/wide\/#website\"},\"primaryImageOfPage\":{\"@id\":\"https:\/\/www.welovecycling.com\/wide\/2025\/11\/14\/why-the-pogacar-effect-is-good-for-cyclocross\/#primaryimage\"},\"image\":{\"@id\":\"https:\/\/www.welovecycling.com\/wide\/2025\/11\/14\/why-the-pogacar-effect-is-good-for-cyclocross\/#primaryimage\"},\"thumbnailUrl\":\"https:\/\/d2p6e6u75xmxt8.cloudfront.net\/2\/2024\/09\/Tadej-Pogacar-profimedia-0913747731-CVR.webp\",\"datePublished\":\"2025-11-14T11:49:37+00:00\",\"dateModified\":\"2025-11-14T11:50:56+00:00\",\"author\":{\"@id\":\"https:\/\/www.welovecycling.com\/wide\/#\/schema\/person\/50f01ecd18718d2333cf72e823c4f926\"},\"description\":\"Two recent men\u2019s cyclocross races were a perfect illustration of what I am calling the \u201cPoga\u010dar Effect.\u201d The Poga\u010dar Effect is what happens to a race in\",\"breadcrumb\":{\"@id\":\"https:\/\/www.welovecycling.com\/wide\/2025\/11\/14\/why-the-pogacar-effect-is-good-for-cyclocross\/#breadcrumb\"},\"inLanguage\":\"en-US\",\"potentialAction\":[{\"@type\":\"ReadAction\",\"target\":[\"https:\/\/www.welovecycling.com\/wide\/2025\/11\/14\/why-the-pogacar-effect-is-good-for-cyclocross\/\"]}]},{\"@type\":\"ImageObject\",\"inLanguage\":\"en-US\",\"@id\":\"https:\/\/www.welovecycling.com\/wide\/2025\/11\/14\/why-the-pogacar-effect-is-good-for-cyclocross\/#primaryimage\",\"url\":\"https:\/\/d2p6e6u75xmxt8.cloudfront.net\/2\/2024\/09\/Tadej-Pogacar-profimedia-0913747731-CVR.webp\",\"contentUrl\":\"https:\/\/d2p6e6u75xmxt8.cloudfront.net\/2\/2024\/09\/Tadej-Pogacar-profimedia-0913747731-CVR.webp\",\"width\":990,\"height\":660,\"caption\":\"There's\"},{\"@type\":\"BreadcrumbList\",\"@id\":\"https:\/\/www.welovecycling.com\/wide\/2025\/11\/14\/why-the-pogacar-effect-is-good-for-cyclocross\/#breadcrumb\",\"itemListElement\":[{\"@type\":\"ListItem\",\"position\":1,\"name\":\"Home\",\"item\":\"https:\/\/www.welovecycling.com\/wide\/\"},{\"@type\":\"ListItem\",\"position\":2,\"name\":\"Why the \u201cPoga\u010dar Effect\u201d Is Good for Cyclocross\"}]},{\"@type\":\"WebSite\",\"@id\":\"https:\/\/www.welovecycling.com\/wide\/#website\",\"url\":\"https:\/\/www.welovecycling.com\/wide\/\",\"name\":\"\u0160koda We Love Cycling\",\"description\":\"\u0160koda We Love Cycling magazine\",\"alternateName\":\"\u0160koda WLC\",\"potentialAction\":[{\"@type\":\"SearchAction\",\"target\":{\"@type\":\"EntryPoint\",\"urlTemplate\":\"https:\/\/www.welovecycling.com\/wide\/?s={search_term_string}\"},\"query-input\":{\"@type\":\"PropertyValueSpecification\",\"valueRequired\":true,\"valueName\":\"search_term_string\"}}],\"inLanguage\":\"en-US\"},{\"@type\":\"Person\",\"@id\":\"https:\/\/www.welovecycling.com\/wide\/#\/schema\/person\/50f01ecd18718d2333cf72e823c4f926\",\"name\":\"tereza\",\"image\":{\"@type\":\"ImageObject\",\"inLanguage\":\"en-US\",\"@id\":\"https:\/\/www.welovecycling.com\/wide\/#\/schema\/person\/image\/\",\"url\":\"https:\/\/secure.gravatar.com\/avatar\/1f9eb71be33845f0afabce3791bc1c58ecdb0a25c62964987e5dbcf7a20d2ec7?s=96&d=mm&r=g\",\"contentUrl\":\"https:\/\/secure.gravatar.com\/avatar\/1f9eb71be33845f0afabce3791bc1c58ecdb0a25c62964987e5dbcf7a20d2ec7?s=96&d=mm&r=g\",\"caption\":\"tereza\"},\"url\":\"https:\/\/www.welovecycling.com\/wide\/author\/tereza\/\"}]}<\/script>\n<!-- \/ Yoast SEO Premium plugin. -->","yoast_head_json":{"title":"Why the \u201cPoga\u010dar Effect\u201d Is Good for Cyclocross - \u0160koda We Love Cycling","description":"Two recent men\u2019s cyclocross races were a perfect illustration of what I am calling the \u201cPoga\u010dar Effect.\u201d The Poga\u010dar Effect is what happens to a race in","robots":{"index":"index","follow":"follow","max-snippet":"max-snippet:-1","max-image-preview":"max-image-preview:large","max-video-preview":"max-video-preview:-1"},"canonical":"https:\/\/www.welovecycling.com\/wide\/2025\/11\/14\/why-the-pogacar-effect-is-good-for-cyclocross\/","og_locale":"en_US","og_type":"article","og_title":"Why the \u201cPoga\u010dar Effect\u201d Is Good for Cyclocross","og_description":"Two recent men\u2019s cyclocross races were a perfect illustration of what I am calling the \u201cPoga\u010dar Effect.\u201d The Poga\u010dar Effect is what happens to a race in","og_url":"https:\/\/www.welovecycling.com\/wide\/2025\/11\/14\/why-the-pogacar-effect-is-good-for-cyclocross\/","og_site_name":"\u0160koda We Love Cycling","article_published_time":"2025-11-14T11:49:37+00:00","article_modified_time":"2025-11-14T11:50:56+00:00","og_image":[{"width":990,"height":660,"url":"https:\/\/d2p6e6u75xmxt8.cloudfront.net\/2\/2024\/09\/Tadej-Pogacar-profimedia-0913747731-CVR.webp","type":"image\/webp"}],"author":"tereza","twitter_card":"summary_large_image","twitter_misc":{"Written by":"Siegfried Mortkowitz","Est. reading time":"2"},"schema":{"@context":"https:\/\/schema.org","@graph":[{"@type":"WebPage","@id":"https:\/\/www.welovecycling.com\/wide\/2025\/11\/14\/why-the-pogacar-effect-is-good-for-cyclocross\/","url":"https:\/\/www.welovecycling.com\/wide\/2025\/11\/14\/why-the-pogacar-effect-is-good-for-cyclocross\/","name":"Why the \u201cPoga\u010dar Effect\u201d Is Good for Cyclocross - \u0160koda We Love Cycling","isPartOf":{"@id":"https:\/\/www.welovecycling.com\/wide\/#website"},"primaryImageOfPage":{"@id":"https:\/\/www.welovecycling.com\/wide\/2025\/11\/14\/why-the-pogacar-effect-is-good-for-cyclocross\/#primaryimage"},"image":{"@id":"https:\/\/www.welovecycling.com\/wide\/2025\/11\/14\/why-the-pogacar-effect-is-good-for-cyclocross\/#primaryimage"},"thumbnailUrl":"https:\/\/d2p6e6u75xmxt8.cloudfront.net\/2\/2024\/09\/Tadej-Pogacar-profimedia-0913747731-CVR.webp","datePublished":"2025-11-14T11:49:37+00:00","dateModified":"2025-11-14T11:50:56+00:00","author":{"@id":"https:\/\/www.welovecycling.com\/wide\/#\/schema\/person\/50f01ecd18718d2333cf72e823c4f926"},"description":"Two recent men\u2019s cyclocross races were a perfect illustration of what I am calling the \u201cPoga\u010dar Effect.\u201d The Poga\u010dar Effect is what happens to a race in","breadcrumb":{"@id":"https:\/\/www.welovecycling.com\/wide\/2025\/11\/14\/why-the-pogacar-effect-is-good-for-cyclocross\/#breadcrumb"},"inLanguage":"en-US","potentialAction":[{"@type":"ReadAction","target":["https:\/\/www.welovecycling.com\/wide\/2025\/11\/14\/why-the-pogacar-effect-is-good-for-cyclocross\/"]}]},{"@type":"ImageObject","inLanguage":"en-US","@id":"https:\/\/www.welovecycling.com\/wide\/2025\/11\/14\/why-the-pogacar-effect-is-good-for-cyclocross\/#primaryimage","url":"https:\/\/d2p6e6u75xmxt8.cloudfront.net\/2\/2024\/09\/Tadej-Pogacar-profimedia-0913747731-CVR.webp","contentUrl":"https:\/\/d2p6e6u75xmxt8.cloudfront.net\/2\/2024\/09\/Tadej-Pogacar-profimedia-0913747731-CVR.webp","width":990,"height":660,"caption":"There's"},{"@type":"BreadcrumbList","@id":"https:\/\/www.welovecycling.com\/wide\/2025\/11\/14\/why-the-pogacar-effect-is-good-for-cyclocross\/#breadcrumb","itemListElement":[{"@type":"ListItem","position":1,"name":"Home","item":"https:\/\/www.welovecycling.com\/wide\/"},{"@type":"ListItem","position":2,"name":"Why the \u201cPoga\u010dar Effect\u201d Is Good for Cyclocross"}]},{"@type":"WebSite","@id":"https:\/\/www.welovecycling.com\/wide\/#website","url":"https:\/\/www.welovecycling.com\/wide\/","name":"\u0160koda We Love Cycling","description":"\u0160koda We Love Cycling magazine","alternateName":"\u0160koda WLC","potentialAction":[{"@type":"SearchAction","target":{"@type":"EntryPoint","urlTemplate":"https:\/\/www.welovecycling.com\/wide\/?s={search_term_string}"},"query-input":{"@type":"PropertyValueSpecification","valueRequired":true,"valueName":"search_term_string"}}],"inLanguage":"en-US"},{"@type":"Person","@id":"https:\/\/www.welovecycling.com\/wide\/#\/schema\/person\/50f01ecd18718d2333cf72e823c4f926","name":"tereza","image":{"@type":"ImageObject","inLanguage":"en-US","@id":"https:\/\/www.welovecycling.com\/wide\/#\/schema\/person\/image\/","url":"https:\/\/secure.gravatar.com\/avatar\/1f9eb71be33845f0afabce3791bc1c58ecdb0a25c62964987e5dbcf7a20d2ec7?s=96&d=mm&r=g","contentUrl":"https:\/\/secure.gravatar.com\/avatar\/1f9eb71be33845f0afabce3791bc1c58ecdb0a25c62964987e5dbcf7a20d2ec7?s=96&d=mm&r=g","caption":"tereza"},"url":"https:\/\/www.welovecycling.com\/wide\/author\/tereza\/"}]}},"_links":{"self":[{"href":"https:\/\/www.welovecycling.com\/wide\/wp-json\/wp\/v2\/posts\/204186","targetHints":{"allow":["GET"]}}],"collection":[{"href":"https:\/\/www.welovecycling.com\/wide\/wp-json\/wp\/v2\/posts"}],"about":[{"href":"https:\/\/www.welovecycling.com\/wide\/wp-json\/wp\/v2\/types\/post"}],"author":[{"embeddable":true,"href":"https:\/\/www.welovecycling.com\/wide\/wp-json\/wp\/v2\/users\/99"}],"replies":[{"embeddable":true,"href":"https:\/\/www.welovecycling.com\/wide\/wp-json\/wp\/v2\/comments?post=204186"}],"version-history":[{"count":3,"href":"https:\/\/www.welovecycling.com\/wide\/wp-json\/wp\/v2\/posts\/204186\/revisions"}],"predecessor-version":[{"id":204189,"href":"https:\/\/www.welovecycling.com\/wide\/wp-json\/wp\/v2\/posts\/204186\/revisions\/204189"}],"wp:featuredmedia":[{"embeddable":true,"href":"https:\/\/www.welovecycling.com\/wide\/wp-json\/wp\/v2\/media\/196861"}],"wp:attachment":[{"href":"https:\/\/www.welovecycling.com\/wide\/wp-json\/wp\/v2\/media?parent=204186"}],"wp:term":[{"taxonomy":"category","embeddable":true,"href":"https:\/\/www.welovecycling.com\/wide\/wp-json\/wp\/v2\/categories?post=204186"},{"taxonomy":"post_tag","embeddable":true,"href":"https:\/\/www.welovecycling.com\/wide\/wp-json\/wp\/v2\/tags?post=204186"},{"taxonomy":"global-categories","embeddable":true,"href":"https:\/\/www.welovecycling.com\/wide\/wp-json\/wp\/v2\/global-categories?post=204186"}],"curies":[{"name":"wp","href":"https:\/\/api.w.org\/{rel}","templated":true}]}}