{"id":204072,"date":"2025-10-29T13:36:05","date_gmt":"2025-10-29T13:36:05","guid":{"rendered":"https:\/\/www.welovecycling.com\/wide\/?p=204072"},"modified":"2025-10-29T13:37:32","modified_gmt":"2025-10-29T13:37:32","slug":"ride-a-queen-stage-of-the-2026-letape-du-tour-de-france","status":"publish","type":"post","link":"https:\/\/www.welovecycling.com\/wide\/2025\/10\/29\/ride-a-queen-stage-of-the-2026-letape-du-tour-de-france\/","title":{"rendered":"Ride a Queen Stage of the 2026 L\u2019\u00c9tape du Tour de France"},"content":{"rendered":"<p><strong>In 2026, amateur cyclists from around the world will once again have the chance to ride a stage of next year\u2019s Tour de France under the same closed-road conditions as, presumably, Tadej Poga\u010dar and Jonas Vingegaard, who between them have won the last six Tours.<\/strong><\/p>\n<p><!--more--><\/p>\n<p>On Sunday, July 19, riders participating in the 34th edition of L\u2019\u00c9tape du Tour de France will tackle nothing less than the race\u2019s queen stage \u2014 Stage 20 \u2014 171 km from Bourg-d&#8217;Oisans to the top of Alpe d&#8217;Huez. The more than 5,400 m of altitude gained includes such legendary climbs as the Col de la Croix de Fer (24 km @ 5.2%), the Col du T\u00e9l\u00e9graphe (11.9 km @ 7.1%), and the Col du Galibier (17.7 km @ 6.9%). However, <a href=\"https:\/\/www.welovecycling.com\/wide\/ride-tested\/alpe-dhuez\/\" target=\"_blank\" rel=\"noopener\">Alpe d\u2019Huez<\/a> will be climbed from a different side than usual and not from its foot. Rather, it will be tackled after the Col de Sarenne (12.9 km @ 7.3%) and consists of a relatively small bump in the road (3.8 km @ 6.1%). But the view from the top will be the same.<\/p>\n<p>Some 16,000 riders are expected to participate \u2014 quite an increase over the 1,700 who took part in the first edition on July 11, 1993. That L\u2019\u00c9tape went from Tarbes to Pau in the Pyrenees, covered 208 kilometers, and included an ascent of the Col du Tourmalet. Interestingly, the winner of that first edition, Christophe Rinero, went on to become a professional rider and finished fourth in the 1998 Tour de France.<\/p>\n<p>In 2011 and 2012, the event was a two-day affair. The 2017 L\u2019\u00c9tape was won by Norwegian rider Jonas Abrahamsen (yes, the Jonas Abrahamsen who now rides for the newly promoted all-Scandinavian Uno-X Mobility). In fact, over the years, a number of future and past professional riders have participated, including Thierry Bourguignon (1995), Greg LeMond and \u00c9ric Boyer (2000), <a href=\"https:\/\/www.welovecycling.com\/wide\/2022\/07\/16\/the-story-of-indurain-and-riis-at-the-1996-tour-de-france\/\" target=\"_blank\" rel=\"noopener\">Miguel Indur\u00e1in<\/a> and Abraham Olano (2003), and Victor Lafay (Decathlon AG2R La Mondiale), who won the 2018 L\u2019\u00c9tape and has since won a stage of both the Tour and the Giro d\u2019Italia.<\/p>\n<p>It will be a difficult slog, especially \u2014 as has often been the case \u2014 if it is hot. It is therefore imperative that you come to the event in the best form of your life. To that end, you will have to present a sports license or a medical certificate stating that there are no contraindications to the practice of competitive cycling, or a \u201cModule Sant\u00e9\u201d certificate, to be uploaded on the Timeto platform. For more specific regulations, see <a href=\"https:\/\/www.letapedutourdefrance.com\/en\/the-race\/regulations\">here.<\/a><\/p>\n<p>While there is no time limit for finishing, a \u201ctime vehicle\u201d will follow the trailing riders, who must drop out of the contest if it overtakes them. If you\u2019re an amateur cyclist with ambitions to move up, this event is a must \u2014 not only to measure how you are doing compared to other riders, but also for the sheer experience of racing in a Tour de France stage. Registration for the event begins on Monday, November 3, at 2 p.m. French time <a href=\"https:\/\/www.letapedutourdefrance.com\/en\/the-race\/regulations#:~:text=Time%20limit%20(end%20of%20race,in%20your%20race%20number%20envelope).\">here.<\/a><\/p>\n<p>For those riders who are interested in participating in such an event but can\u2019t make it to France for one reason or another, the Amaury Sport Organization (A.S.O.), which organizes L\u2019\u00c9tape du Tour de France (and, of course, the Tour de France), has agreements with local partner organizations such as Kolo pro \u017eivot, z.s. in the Czech Republic to hold similar races on local circuits. Go HERE to find out about the more than 30 races in the L\u2019\u00c9tape series of events. For example, L\u2019\u00c9tape Greece takes place on April 4 in Sparta, while L\u2019\u00c9tape Serra Negra will be held on June 27 in Serra Negra, Brazil.<\/p>\n<p>In addition, for the second year in a row, there will also be an edition of L\u2019\u00c9tape du Tour de France Femmes avec Zwift, which will be held on August 6 and will consist of a 120 km course from Vaison-la-Romaine to the summit of Mont Ventoux (15.7 km @ 8.8%), comprising about 3,000 meters of altitude gained. For more information, read <a href=\"https:\/\/www.letourfemmes.fr\/en\/etape-du-tour-de-france-femmes-avec-zwift\/infos-pratiques\">here.<\/a><\/p>\n","protected":false},"excerpt":{"rendered":"<p>In 2026, amateur cyclists from around the world will once again have the chance to ride a stage of next [&hellip;]<\/p>\n","protected":false},"author":99,"featured_media":204075,"comment_status":"closed","ping_status":"open","sticky":false,"template":"","format":"standard","meta":{"footnotes":""},"categories":[329],"tags":[8755,8747,6506,413],"global-categories":[3366],"class_list":["post-204072","post","type-post","status-publish","format-standard","has-post-thumbnail","hentry","category-road-cycling","tag-2026-letape","tag-2026-tour","tag-amateur-cycling","tag-letape","global-categories-cycling"],"yoast_head":"<!-- This site is optimized with the Yoast SEO Premium plugin v25.3 (Yoast SEO v25.9) - https:\/\/yoast.com\/wordpress\/plugins\/seo\/ -->\n<title>Ride a Queen Stage of the 2026 L\u2019\u00c9tape du Tour de France - \u0160koda We Love Cycling<\/title>\n<meta name=\"description\" content=\"In 2026, amateur cyclists from around the world will once again have the chance to ride a stage of next year\u2019s Tour de France under the same closed-road\" \/>\n<meta name=\"robots\" content=\"index, follow, max-snippet:-1, max-image-preview:large, max-video-preview:-1\" \/>\n<link rel=\"canonical\" href=\"https:\/\/www.welovecycling.com\/wide\/2025\/10\/29\/ride-a-queen-stage-of-the-2026-letape-du-tour-de-france\/\" \/>\n<meta property=\"og:locale\" content=\"en_US\" \/>\n<meta property=\"og:type\" content=\"article\" \/>\n<meta property=\"og:title\" content=\"Ride a Queen Stage of the 2026 L\u2019\u00c9tape du Tour de France\" \/>\n<meta property=\"og:description\" content=\"In 2026, amateur cyclists from around the world will once again have the chance to ride a stage of next year\u2019s Tour de France under the same closed-road\" \/>\n<meta property=\"og:url\" content=\"https:\/\/www.welovecycling.com\/wide\/2025\/10\/29\/ride-a-queen-stage-of-the-2026-letape-du-tour-de-france\/\" \/>\n<meta property=\"og:site_name\" content=\"\u0160koda We Love Cycling\" \/>\n<meta property=\"article:published_time\" content=\"2025-10-29T13:36:05+00:00\" \/>\n<meta property=\"article:modified_time\" content=\"2025-10-29T13:37:32+00:00\" \/>\n<meta property=\"og:image\" content=\"https:\/\/d2p6e6u75xmxt8.cloudfront.net\/2\/2025\/10\/Alpe-dHuez-Letape-profimedia-0374757289-CVR.webp\" \/>\n\t<meta property=\"og:image:width\" content=\"990\" \/>\n\t<meta property=\"og:image:height\" content=\"660\" \/>\n\t<meta property=\"og:image:type\" content=\"image\/webp\" \/>\n<meta name=\"author\" content=\"tereza\" \/>\n<meta name=\"twitter:card\" content=\"summary_large_image\" \/>\n<meta name=\"twitter:label1\" content=\"Written by\" \/>\n\t<meta name=\"twitter:data1\" content=\"Siegfried Mortkowitz\" \/>\n\t<meta name=\"twitter:label2\" content=\"Est. reading time\" \/>\n\t<meta name=\"twitter:data2\" content=\"2\" \/>\n<script type=\"application\/ld+json\" class=\"yoast-schema-graph\">{\"@context\":\"https:\/\/schema.org\",\"@graph\":[{\"@type\":\"WebPage\",\"@id\":\"https:\/\/www.welovecycling.com\/wide\/2025\/10\/29\/ride-a-queen-stage-of-the-2026-letape-du-tour-de-france\/\",\"url\":\"https:\/\/www.welovecycling.com\/wide\/2025\/10\/29\/ride-a-queen-stage-of-the-2026-letape-du-tour-de-france\/\",\"name\":\"Ride a Queen Stage of the 2026 L\u2019\u00c9tape du Tour de France - \u0160koda We Love Cycling\",\"isPartOf\":{\"@id\":\"https:\/\/www.welovecycling.com\/wide\/#website\"},\"primaryImageOfPage\":{\"@id\":\"https:\/\/www.welovecycling.com\/wide\/2025\/10\/29\/ride-a-queen-stage-of-the-2026-letape-du-tour-de-france\/#primaryimage\"},\"image\":{\"@id\":\"https:\/\/www.welovecycling.com\/wide\/2025\/10\/29\/ride-a-queen-stage-of-the-2026-letape-du-tour-de-france\/#primaryimage\"},\"thumbnailUrl\":\"https:\/\/d2p6e6u75xmxt8.cloudfront.net\/2\/2025\/10\/Alpe-dHuez-Letape-profimedia-0374757289-CVR.webp\",\"datePublished\":\"2025-10-29T13:36:05+00:00\",\"dateModified\":\"2025-10-29T13:37:32+00:00\",\"author\":{\"@id\":\"https:\/\/www.welovecycling.com\/wide\/#\/schema\/person\/50f01ecd18718d2333cf72e823c4f926\"},\"description\":\"In 2026, amateur cyclists from around the world will once again have the chance to ride a stage of next year\u2019s Tour de France under the same closed-road\",\"breadcrumb\":{\"@id\":\"https:\/\/www.welovecycling.com\/wide\/2025\/10\/29\/ride-a-queen-stage-of-the-2026-letape-du-tour-de-france\/#breadcrumb\"},\"inLanguage\":\"en-US\",\"potentialAction\":[{\"@type\":\"ReadAction\",\"target\":[\"https:\/\/www.welovecycling.com\/wide\/2025\/10\/29\/ride-a-queen-stage-of-the-2026-letape-du-tour-de-france\/\"]}]},{\"@type\":\"ImageObject\",\"inLanguage\":\"en-US\",\"@id\":\"https:\/\/www.welovecycling.com\/wide\/2025\/10\/29\/ride-a-queen-stage-of-the-2026-letape-du-tour-de-france\/#primaryimage\",\"url\":\"https:\/\/d2p6e6u75xmxt8.cloudfront.net\/2\/2025\/10\/Alpe-dHuez-Letape-profimedia-0374757289-CVR.webp\",\"contentUrl\":\"https:\/\/d2p6e6u75xmxt8.cloudfront.net\/2\/2025\/10\/Alpe-dHuez-Letape-profimedia-0374757289-CVR.webp\",\"width\":990,\"height\":660,\"caption\":\"Alpe d'Huez\"},{\"@type\":\"BreadcrumbList\",\"@id\":\"https:\/\/www.welovecycling.com\/wide\/2025\/10\/29\/ride-a-queen-stage-of-the-2026-letape-du-tour-de-france\/#breadcrumb\",\"itemListElement\":[{\"@type\":\"ListItem\",\"position\":1,\"name\":\"Home\",\"item\":\"https:\/\/www.welovecycling.com\/wide\/\"},{\"@type\":\"ListItem\",\"position\":2,\"name\":\"Ride a Queen Stage of the 2026 L\u2019\u00c9tape du Tour de France\"}]},{\"@type\":\"WebSite\",\"@id\":\"https:\/\/www.welovecycling.com\/wide\/#website\",\"url\":\"https:\/\/www.welovecycling.com\/wide\/\",\"name\":\"\u0160koda We Love Cycling\",\"description\":\"\u0160koda We Love Cycling magazine\",\"alternateName\":\"\u0160koda WLC\",\"potentialAction\":[{\"@type\":\"SearchAction\",\"target\":{\"@type\":\"EntryPoint\",\"urlTemplate\":\"https:\/\/www.welovecycling.com\/wide\/?s={search_term_string}\"},\"query-input\":{\"@type\":\"PropertyValueSpecification\",\"valueRequired\":true,\"valueName\":\"search_term_string\"}}],\"inLanguage\":\"en-US\"},{\"@type\":\"Person\",\"@id\":\"https:\/\/www.welovecycling.com\/wide\/#\/schema\/person\/50f01ecd18718d2333cf72e823c4f926\",\"name\":\"tereza\",\"image\":{\"@type\":\"ImageObject\",\"inLanguage\":\"en-US\",\"@id\":\"https:\/\/www.welovecycling.com\/wide\/#\/schema\/person\/image\/\",\"url\":\"https:\/\/secure.gravatar.com\/avatar\/1f9eb71be33845f0afabce3791bc1c58ecdb0a25c62964987e5dbcf7a20d2ec7?s=96&d=mm&r=g\",\"contentUrl\":\"https:\/\/secure.gravatar.com\/avatar\/1f9eb71be33845f0afabce3791bc1c58ecdb0a25c62964987e5dbcf7a20d2ec7?s=96&d=mm&r=g\",\"caption\":\"tereza\"},\"url\":\"https:\/\/www.welovecycling.com\/wide\/author\/tereza\/\"}]}<\/script>\n<!-- \/ Yoast SEO Premium plugin. -->","yoast_head_json":{"title":"Ride a Queen Stage of the 2026 L\u2019\u00c9tape du Tour de France - \u0160koda We Love Cycling","description":"In 2026, amateur cyclists from around the world will once again have the chance to ride a stage of next year\u2019s Tour de France under the same closed-road","robots":{"index":"index","follow":"follow","max-snippet":"max-snippet:-1","max-image-preview":"max-image-preview:large","max-video-preview":"max-video-preview:-1"},"canonical":"https:\/\/www.welovecycling.com\/wide\/2025\/10\/29\/ride-a-queen-stage-of-the-2026-letape-du-tour-de-france\/","og_locale":"en_US","og_type":"article","og_title":"Ride a Queen Stage of the 2026 L\u2019\u00c9tape du Tour de France","og_description":"In 2026, amateur cyclists from around the world will once again have the chance to ride a stage of next year\u2019s Tour de France under the same closed-road","og_url":"https:\/\/www.welovecycling.com\/wide\/2025\/10\/29\/ride-a-queen-stage-of-the-2026-letape-du-tour-de-france\/","og_site_name":"\u0160koda We Love Cycling","article_published_time":"2025-10-29T13:36:05+00:00","article_modified_time":"2025-10-29T13:37:32+00:00","og_image":[{"width":990,"height":660,"url":"https:\/\/d2p6e6u75xmxt8.cloudfront.net\/2\/2025\/10\/Alpe-dHuez-Letape-profimedia-0374757289-CVR.webp","type":"image\/webp"}],"author":"tereza","twitter_card":"summary_large_image","twitter_misc":{"Written by":"Siegfried Mortkowitz","Est. reading time":"2"},"schema":{"@context":"https:\/\/schema.org","@graph":[{"@type":"WebPage","@id":"https:\/\/www.welovecycling.com\/wide\/2025\/10\/29\/ride-a-queen-stage-of-the-2026-letape-du-tour-de-france\/","url":"https:\/\/www.welovecycling.com\/wide\/2025\/10\/29\/ride-a-queen-stage-of-the-2026-letape-du-tour-de-france\/","name":"Ride a Queen Stage of the 2026 L\u2019\u00c9tape du Tour de France - \u0160koda We Love Cycling","isPartOf":{"@id":"https:\/\/www.welovecycling.com\/wide\/#website"},"primaryImageOfPage":{"@id":"https:\/\/www.welovecycling.com\/wide\/2025\/10\/29\/ride-a-queen-stage-of-the-2026-letape-du-tour-de-france\/#primaryimage"},"image":{"@id":"https:\/\/www.welovecycling.com\/wide\/2025\/10\/29\/ride-a-queen-stage-of-the-2026-letape-du-tour-de-france\/#primaryimage"},"thumbnailUrl":"https:\/\/d2p6e6u75xmxt8.cloudfront.net\/2\/2025\/10\/Alpe-dHuez-Letape-profimedia-0374757289-CVR.webp","datePublished":"2025-10-29T13:36:05+00:00","dateModified":"2025-10-29T13:37:32+00:00","author":{"@id":"https:\/\/www.welovecycling.com\/wide\/#\/schema\/person\/50f01ecd18718d2333cf72e823c4f926"},"description":"In 2026, amateur cyclists from around the world will once again have the chance to ride a stage of next year\u2019s Tour de France under the same closed-road","breadcrumb":{"@id":"https:\/\/www.welovecycling.com\/wide\/2025\/10\/29\/ride-a-queen-stage-of-the-2026-letape-du-tour-de-france\/#breadcrumb"},"inLanguage":"en-US","potentialAction":[{"@type":"ReadAction","target":["https:\/\/www.welovecycling.com\/wide\/2025\/10\/29\/ride-a-queen-stage-of-the-2026-letape-du-tour-de-france\/"]}]},{"@type":"ImageObject","inLanguage":"en-US","@id":"https:\/\/www.welovecycling.com\/wide\/2025\/10\/29\/ride-a-queen-stage-of-the-2026-letape-du-tour-de-france\/#primaryimage","url":"https:\/\/d2p6e6u75xmxt8.cloudfront.net\/2\/2025\/10\/Alpe-dHuez-Letape-profimedia-0374757289-CVR.webp","contentUrl":"https:\/\/d2p6e6u75xmxt8.cloudfront.net\/2\/2025\/10\/Alpe-dHuez-Letape-profimedia-0374757289-CVR.webp","width":990,"height":660,"caption":"Alpe d'Huez"},{"@type":"BreadcrumbList","@id":"https:\/\/www.welovecycling.com\/wide\/2025\/10\/29\/ride-a-queen-stage-of-the-2026-letape-du-tour-de-france\/#breadcrumb","itemListElement":[{"@type":"ListItem","position":1,"name":"Home","item":"https:\/\/www.welovecycling.com\/wide\/"},{"@type":"ListItem","position":2,"name":"Ride a Queen Stage of the 2026 L\u2019\u00c9tape du Tour de France"}]},{"@type":"WebSite","@id":"https:\/\/www.welovecycling.com\/wide\/#website","url":"https:\/\/www.welovecycling.com\/wide\/","name":"\u0160koda We Love Cycling","description":"\u0160koda We Love Cycling magazine","alternateName":"\u0160koda WLC","potentialAction":[{"@type":"SearchAction","target":{"@type":"EntryPoint","urlTemplate":"https:\/\/www.welovecycling.com\/wide\/?s={search_term_string}"},"query-input":{"@type":"PropertyValueSpecification","valueRequired":true,"valueName":"search_term_string"}}],"inLanguage":"en-US"},{"@type":"Person","@id":"https:\/\/www.welovecycling.com\/wide\/#\/schema\/person\/50f01ecd18718d2333cf72e823c4f926","name":"tereza","image":{"@type":"ImageObject","inLanguage":"en-US","@id":"https:\/\/www.welovecycling.com\/wide\/#\/schema\/person\/image\/","url":"https:\/\/secure.gravatar.com\/avatar\/1f9eb71be33845f0afabce3791bc1c58ecdb0a25c62964987e5dbcf7a20d2ec7?s=96&d=mm&r=g","contentUrl":"https:\/\/secure.gravatar.com\/avatar\/1f9eb71be33845f0afabce3791bc1c58ecdb0a25c62964987e5dbcf7a20d2ec7?s=96&d=mm&r=g","caption":"tereza"},"url":"https:\/\/www.welovecycling.com\/wide\/author\/tereza\/"}]}},"_links":{"self":[{"href":"https:\/\/www.welovecycling.com\/wide\/wp-json\/wp\/v2\/posts\/204072","targetHints":{"allow":["GET"]}}],"collection":[{"href":"https:\/\/www.welovecycling.com\/wide\/wp-json\/wp\/v2\/posts"}],"about":[{"href":"https:\/\/www.welovecycling.com\/wide\/wp-json\/wp\/v2\/types\/post"}],"author":[{"embeddable":true,"href":"https:\/\/www.welovecycling.com\/wide\/wp-json\/wp\/v2\/users\/99"}],"replies":[{"embeddable":true,"href":"https:\/\/www.welovecycling.com\/wide\/wp-json\/wp\/v2\/comments?post=204072"}],"version-history":[{"count":3,"href":"https:\/\/www.welovecycling.com\/wide\/wp-json\/wp\/v2\/posts\/204072\/revisions"}],"predecessor-version":[{"id":204077,"href":"https:\/\/www.welovecycling.com\/wide\/wp-json\/wp\/v2\/posts\/204072\/revisions\/204077"}],"wp:featuredmedia":[{"embeddable":true,"href":"https:\/\/www.welovecycling.com\/wide\/wp-json\/wp\/v2\/media\/204075"}],"wp:attachment":[{"href":"https:\/\/www.welovecycling.com\/wide\/wp-json\/wp\/v2\/media?parent=204072"}],"wp:term":[{"taxonomy":"category","embeddable":true,"href":"https:\/\/www.welovecycling.com\/wide\/wp-json\/wp\/v2\/categories?post=204072"},{"taxonomy":"post_tag","embeddable":true,"href":"https:\/\/www.welovecycling.com\/wide\/wp-json\/wp\/v2\/tags?post=204072"},{"taxonomy":"global-categories","embeddable":true,"href":"https:\/\/www.welovecycling.com\/wide\/wp-json\/wp\/v2\/global-categories?post=204072"}],"curies":[{"name":"wp","href":"https:\/\/api.w.org\/{rel}","templated":true}]}}