{"id":204058,"date":"2025-10-27T13:32:14","date_gmt":"2025-10-27T13:32:14","guid":{"rendered":"https:\/\/www.welovecycling.com\/wide\/?p=204058"},"modified":"2025-10-27T13:32:14","modified_gmt":"2025-10-27T13:32:14","slug":"will-these-confident-young-french-riders-change-their-countrys-narrative","status":"publish","type":"post","link":"https:\/\/www.welovecycling.com\/wide\/2025\/10\/27\/will-these-confident-young-french-riders-change-their-countrys-narrative\/","title":{"rendered":"Will These Confident Young French Riders Change Their Country\u2019s Narrative?"},"content":{"rendered":"<p><strong>The disheartening decades-long stretch of futility in Grand Tour racing for French men riders may be nearing an end because of the presence in the peloton of the French sporting goods retail giant Decathlon as a sponsor and because the current crop of under-25 riders looks like the most talented generation in quite some time.<\/strong><\/p>\n<p><!--more--><\/p>\n<p>Admittedly, things aren\u2019t all rosy in the land of Camembert cheese and Ch\u00e2teau Margaux\u00a0wine: the French women\u2019s team FDJ-Suez, which supplanted SD Worx\u2013Protime as the most successful team of the year, thanks largely to its leader Demi Vollering, <a href=\"https:\/\/www.msn.com\/en-us\/sports\/cycling\/team-boss-vollering-sounds-the-alarm-fewer-riders-and-races-for-fdj-suez-in-2026\/ar-AA1PasIb?ocid=msedgdhp&amp;pc=U531&amp;cvid=68fdd673320b4313b9ed69bbb383b038&amp;ei=82\">has announced<\/a> that it is curtailing its racing program by 5 to 10% because of a shortage of funding; and, more seriously, the French team Ark\u00e9a\u2013B&amp;B Hotels will cease to exist at the end of the year because it could not find a sponsor.<\/p>\n<h2><strong>A French winner for INEOS<\/strong><\/h2>\n<p>That is a mixed blessing for the 24-year-old Ark\u00e9a rider K\u00e9vin Vauquelin, who has raced so impressively for his cash-starved squad that he was picked up by the generously funded INEOS Grenadiers. Last year, Vauquelin recorded his team\u2019s first, and last, Grand Tour stage win when he was victorious in stage 2 of the Tour de France. This year he finished seventh in the Tour and in the Tour de Suisse; he has also twice finished second (2024 and \u201825) in the classic La Fl\u00e8che Wallonne.<\/p>\n<p>Given the improved training facilities, equipment and teammates he is certain to find at INEOS, he will be a rider to watch in one-day races and Grand Tour stages. He will have to improve by leaps and bounds, however, to end his country\u2019s run of Grand Tour GC futility, which dates back to 1995, when Laurent Jalabert won the Vuelta a Espa\u00f1a, the last French rider to win a Grand Tour. As is well known, France\u2019s drought of Tour de France wins dates back another 10 years.<\/p>\n<h2><strong>Will Seixas et al. end the drought?<\/strong><\/h2>\n<p>The country\u2019s hopes of ending one or both of these losing streaks may rest on the shoulders of 19-year-old Paul Seixas (Decathlon CMA CGM), who won this year\u2019s Tour de l\u2019Avenir, a race that has in the past signaled the arrival of such future Tour de France champions as Joop Zoetemelk,\u00a0<a href=\"https:\/\/www.welovecycling.com\/wide\/2021\/12\/29\/the-greatest-comeback-in-cycling-history-the-greg-lemond-story\/\" target=\"_blank\" rel=\"noopener\">Greg LeMond,<\/a>\u00a0Miguel Indur\u00e1in,\u00a0Laurent Fignon,\u00a0Egan Bernal, and\u00a0Tadej Poga\u010dar. This year he also placed third in the European Championship Road Race, seventh in Il Lombardia and eighth in the Crit\u00e9rium du Dauphin\u00e9, becoming at age 18 the youngest rider ever to achieve a top 10 finish in a UCI WorldTour stage race (he turned 19 on September 24).<\/p>\n<figure id=\"attachment_204062\" aria-describedby=\"caption-attachment-204062\" style=\"width: 990px\" class=\"wp-caption alignnone\"><a href=\"https:\/\/d2p6e6u75xmxt8.cloudfront.net\/2\/2025\/10\/Pogacar-Seixas-Evenepoel-profimedia-1043727805.webp\"><img loading=\"lazy\" decoding=\"async\" class=\"wp-image-204062 size-full\" src=\"https:\/\/d2p6e6u75xmxt8.cloudfront.net\/2\/2025\/10\/Pogacar-Seixas-Evenepoel-profimedia-1043727805.webp\" alt=\"Paul Seixas \" width=\"990\" height=\"660\" srcset=\"https:\/\/d2p6e6u75xmxt8.cloudfront.net\/2\/2025\/10\/Pogacar-Seixas-Evenepoel-profimedia-1043727805.webp 990w, https:\/\/d2p6e6u75xmxt8.cloudfront.net\/2\/2025\/10\/Pogacar-Seixas-Evenepoel-profimedia-1043727805-300x200.webp 300w, https:\/\/d2p6e6u75xmxt8.cloudfront.net\/2\/2025\/10\/Pogacar-Seixas-Evenepoel-profimedia-1043727805-768x512.webp 768w, https:\/\/d2p6e6u75xmxt8.cloudfront.net\/2\/2025\/10\/Pogacar-Seixas-Evenepoel-profimedia-1043727805-400x267.webp 400w, https:\/\/d2p6e6u75xmxt8.cloudfront.net\/2\/2025\/10\/Pogacar-Seixas-Evenepoel-profimedia-1043727805-272x182.webp 272w\" sizes=\"auto, (max-width: 990px) 100vw, 990px\" \/><\/a><figcaption id=\"caption-attachment-204062\" class=\"wp-caption-text\">France&#8217;s hopes of ending one or both of these losing streaks may rest on the shoulders of 19-year-old Paul Seixas. \u00a9 Profimedia<\/figcaption><\/figure>\n<p>Riding for big-spending Decathlon, he looks to have the support and the potential to race for Tour de France glory once the all-conquering Poga\u010dar retires. But he doesn\u2019t want to wait that long. \u201cThe goal is not to beat him when he\u2019s on the decline, but when he is at his best level,\u201d the very ambitious Seixas <a href=\"https:\/\/www.eurosport.fr\/cyclisme\/paul-seixas-invite-de-bistrot-velo-le-but-ce-nest-pas-dattendre-le-declin-de-tadej-pogacar-pour-le-battre_sto23230869\/story.shtml\">said<\/a>. That is exactly the kind of confidence and audaciousness it takes to be a Grand Tour champion. Of course, you also need the legs.<\/p>\n<p>Romain Gr\u00e9goire\u00a0announced himself as a potential future champion when he won the U23 Li\u00e8ge\u2013Bastogne\u2013Li\u00e8ge, the 2021 European junior road race and time trial championships, and a stage of the under-23 Giro d&#8217;Italia.\u00a0This year, aged 22, he won the Tour of Britain, beating Remco Evenpoel in the GC by 2 seconds, the Faun-Ard\u00e8che Classic, a stage of the Tour de Suisse, in which he finished fourth. The team has a GC rider in David Gaudu, but he is 29 and has not been a GC threat for some years. It\u2019s possible, depending on Gr\u00e9goire\u2019s progress, that Groupama may look to Gr\u00e9goire to fill that role.<\/p>\n<p>Another potential French Grand Tour winner is 22-year-old Lenny Martinez. That\u2019s what Bahrain-Victorious thought when they signed him from Groupama-FDJ at the beginning of this year. It was certainly a good move for Martinez, who improved every phase of his skillset in 2025. He won the Japan Cup on the last day of the season, finished second in the Tour de Romandie and won a stage of the Crit\u00e9rium du Dauphin\u00e9.<\/p>\n<p>However, though he is clearly a better rider than he was a year ago, questions remain about his race management. For example, on the final climb of the Giro dell\u2019Emilia, when different riders attacked 2km from the finish, he followed every single attack and then didn\u2019t have the legs to ride with Tom Pidcock (Q36.5) and Isaac del Toro (UAE Team Emirates\u2013XRG) in the decisive move of the race. That Martinez nevertheless finished third illustrated his prodigious resources; he now needs to be better at using them.<\/p>\n<h2><strong>A French sprinter looking for green<\/strong><\/h2>\n<p>The French have also not had many Grand Tour green jersey winners. The last one was Arnaud D\u00e9mare in 2022 (the Giro). Before that, there was Nacer Bouhanni (Giro) in 2014 and before that the great Laurent Jalabert, who won a total of seven, including points classification wins in all three Grand Tours, the last one in 1999. They may now have a future multiple green jersey winner in Paul Magnier. Magnier is only 21 years old and in 2025 he won 19 races. If he is not mentioned in the same breath as <a href=\"https:\/\/en.wikipedia.org\/wiki\/Tadej_Poga%C4%8Dar\">Poga\u010dar<\/a>, who won 20, it is because most of the victories came in lower-level races, such as the Tour of Guangxi, in which he won five of the six stages and the green jersey.<\/p>\n<p>He also won the green jersey in the CRO Race and the Tour of Slovakia, won a stage in the Tour of Poland, came in third in a stage of the Giro, won three minor one-day races and finished second in the Omloop Nieuwsblad, outsprinting Jasper Philipsen for that podium place.\u00a0The kid obviously has a huge upside and riding on the sprinter-friendly Soudal Quick-Step \u2013 whose primary sprinter, Tim Merlier, will turn 33 at the end of the month \u2013 he should have lots of chances to stretch his legs. There is currently an unprecedented group of very talented sprinters in the peloton, with Philipsen, Joathan Milan (Lidl-Trek), and Olav Kooij (Decathlon CMA CGM\u00a0in 2026), to name only three. Magnier should find his rightful place among them.<\/p>\n<p>I know that there have been promising French riders before that did not live up to the hype that accompanied them into the peloton. But this group feels different. They look unbothered by the expectations, and in some cases even happily add to them. That\u2019s a promising sign.<\/p>\n","protected":false},"excerpt":{"rendered":"<p>The disheartening decades-long stretch of futility in Grand Tour racing for French men riders may be nearing an end because [&hellip;]<\/p>\n","protected":false},"author":99,"featured_media":204061,"comment_status":"closed","ping_status":"open","sticky":false,"template":"","format":"standard","meta":{"footnotes":""},"categories":[329],"tags":[8481,7368,7378,8752,8621],"global-categories":[3366],"class_list":["post-204058","post","type-post","status-publish","format-standard","has-post-thumbnail","hentry","category-road-cycling","tag-kevin-vauquelin","tag-lenny-martinez","tag-olav-kooij","tag-paul-seixas","tag-young-riders","global-categories-cycling"],"yoast_head":"<!-- This site is optimized with the Yoast SEO Premium plugin v25.3 (Yoast SEO v25.9) - https:\/\/yoast.com\/wordpress\/plugins\/seo\/ -->\n<title>Will These Young French Riders Change Their Country\u2019s Narrative?<\/title>\n<meta name=\"description\" content=\"The disheartening decades-long stretch of futility in Grand Tour racing for French men riders may be nearing an end because of the presence in the peloton\" \/>\n<meta name=\"robots\" content=\"index, follow, max-snippet:-1, max-image-preview:large, max-video-preview:-1\" \/>\n<link rel=\"canonical\" href=\"https:\/\/www.welovecycling.com\/wide\/2025\/10\/27\/will-these-confident-young-french-riders-change-their-countrys-narrative\/\" \/>\n<meta property=\"og:locale\" content=\"en_US\" \/>\n<meta property=\"og:type\" content=\"article\" \/>\n<meta property=\"og:title\" content=\"Will These Confident Young French Riders Change Their Country\u2019s Narrative?\" \/>\n<meta property=\"og:description\" content=\"The disheartening decades-long stretch of futility in Grand Tour racing for French men riders may be nearing an end because of the presence in the peloton\" \/>\n<meta property=\"og:url\" content=\"https:\/\/www.welovecycling.com\/wide\/2025\/10\/27\/will-these-confident-young-french-riders-change-their-countrys-narrative\/\" \/>\n<meta property=\"og:site_name\" content=\"\u0160koda We Love Cycling\" \/>\n<meta property=\"article:published_time\" content=\"2025-10-27T13:32:14+00:00\" \/>\n<meta property=\"og:image\" content=\"https:\/\/d2p6e6u75xmxt8.cloudfront.net\/2\/2025\/10\/Kevin-Vauquelin-profimedia-1026115017-CVR.webp\" \/>\n\t<meta property=\"og:image:width\" content=\"990\" \/>\n\t<meta property=\"og:image:height\" content=\"660\" \/>\n\t<meta property=\"og:image:type\" content=\"image\/webp\" \/>\n<meta name=\"author\" content=\"tereza\" \/>\n<meta name=\"twitter:card\" content=\"summary_large_image\" \/>\n<meta name=\"twitter:label1\" content=\"Written by\" \/>\n\t<meta name=\"twitter:data1\" content=\"Siegfried Mortkowitz\" \/>\n\t<meta name=\"twitter:label2\" content=\"Est. reading time\" \/>\n\t<meta name=\"twitter:data2\" content=\"2\" \/>\n<script type=\"application\/ld+json\" class=\"yoast-schema-graph\">{\"@context\":\"https:\/\/schema.org\",\"@graph\":[{\"@type\":\"WebPage\",\"@id\":\"https:\/\/www.welovecycling.com\/wide\/2025\/10\/27\/will-these-confident-young-french-riders-change-their-countrys-narrative\/\",\"url\":\"https:\/\/www.welovecycling.com\/wide\/2025\/10\/27\/will-these-confident-young-french-riders-change-their-countrys-narrative\/\",\"name\":\"Will These Young French Riders Change Their Country\u2019s Narrative?\",\"isPartOf\":{\"@id\":\"https:\/\/www.welovecycling.com\/wide\/#website\"},\"primaryImageOfPage\":{\"@id\":\"https:\/\/www.welovecycling.com\/wide\/2025\/10\/27\/will-these-confident-young-french-riders-change-their-countrys-narrative\/#primaryimage\"},\"image\":{\"@id\":\"https:\/\/www.welovecycling.com\/wide\/2025\/10\/27\/will-these-confident-young-french-riders-change-their-countrys-narrative\/#primaryimage\"},\"thumbnailUrl\":\"https:\/\/d2p6e6u75xmxt8.cloudfront.net\/2\/2025\/10\/Kevin-Vauquelin-profimedia-1026115017-CVR.webp\",\"datePublished\":\"2025-10-27T13:32:14+00:00\",\"author\":{\"@id\":\"https:\/\/www.welovecycling.com\/wide\/#\/schema\/person\/50f01ecd18718d2333cf72e823c4f926\"},\"description\":\"The disheartening decades-long stretch of futility in Grand Tour racing for French men riders may be nearing an end because of the presence in the peloton\",\"breadcrumb\":{\"@id\":\"https:\/\/www.welovecycling.com\/wide\/2025\/10\/27\/will-these-confident-young-french-riders-change-their-countrys-narrative\/#breadcrumb\"},\"inLanguage\":\"en-US\",\"potentialAction\":[{\"@type\":\"ReadAction\",\"target\":[\"https:\/\/www.welovecycling.com\/wide\/2025\/10\/27\/will-these-confident-young-french-riders-change-their-countrys-narrative\/\"]}]},{\"@type\":\"ImageObject\",\"inLanguage\":\"en-US\",\"@id\":\"https:\/\/www.welovecycling.com\/wide\/2025\/10\/27\/will-these-confident-young-french-riders-change-their-countrys-narrative\/#primaryimage\",\"url\":\"https:\/\/d2p6e6u75xmxt8.cloudfront.net\/2\/2025\/10\/Kevin-Vauquelin-profimedia-1026115017-CVR.webp\",\"contentUrl\":\"https:\/\/d2p6e6u75xmxt8.cloudfront.net\/2\/2025\/10\/Kevin-Vauquelin-profimedia-1026115017-CVR.webp\",\"width\":990,\"height\":660,\"caption\":\"Kevin Vauquelin\"},{\"@type\":\"BreadcrumbList\",\"@id\":\"https:\/\/www.welovecycling.com\/wide\/2025\/10\/27\/will-these-confident-young-french-riders-change-their-countrys-narrative\/#breadcrumb\",\"itemListElement\":[{\"@type\":\"ListItem\",\"position\":1,\"name\":\"Home\",\"item\":\"https:\/\/www.welovecycling.com\/wide\/\"},{\"@type\":\"ListItem\",\"position\":2,\"name\":\"Will These Confident Young French Riders Change Their Country\u2019s Narrative?\"}]},{\"@type\":\"WebSite\",\"@id\":\"https:\/\/www.welovecycling.com\/wide\/#website\",\"url\":\"https:\/\/www.welovecycling.com\/wide\/\",\"name\":\"\u0160koda We Love Cycling\",\"description\":\"\u0160koda We Love Cycling magazine\",\"alternateName\":\"\u0160koda WLC\",\"potentialAction\":[{\"@type\":\"SearchAction\",\"target\":{\"@type\":\"EntryPoint\",\"urlTemplate\":\"https:\/\/www.welovecycling.com\/wide\/?s={search_term_string}\"},\"query-input\":{\"@type\":\"PropertyValueSpecification\",\"valueRequired\":true,\"valueName\":\"search_term_string\"}}],\"inLanguage\":\"en-US\"},{\"@type\":\"Person\",\"@id\":\"https:\/\/www.welovecycling.com\/wide\/#\/schema\/person\/50f01ecd18718d2333cf72e823c4f926\",\"name\":\"tereza\",\"image\":{\"@type\":\"ImageObject\",\"inLanguage\":\"en-US\",\"@id\":\"https:\/\/www.welovecycling.com\/wide\/#\/schema\/person\/image\/\",\"url\":\"https:\/\/secure.gravatar.com\/avatar\/1f9eb71be33845f0afabce3791bc1c58ecdb0a25c62964987e5dbcf7a20d2ec7?s=96&d=mm&r=g\",\"contentUrl\":\"https:\/\/secure.gravatar.com\/avatar\/1f9eb71be33845f0afabce3791bc1c58ecdb0a25c62964987e5dbcf7a20d2ec7?s=96&d=mm&r=g\",\"caption\":\"tereza\"},\"url\":\"https:\/\/www.welovecycling.com\/wide\/author\/tereza\/\"}]}<\/script>\n<!-- \/ Yoast SEO Premium plugin. -->","yoast_head_json":{"title":"Will These Young French Riders Change Their Country\u2019s Narrative?","description":"The disheartening decades-long stretch of futility in Grand Tour racing for French men riders may be nearing an end because of the presence in the peloton","robots":{"index":"index","follow":"follow","max-snippet":"max-snippet:-1","max-image-preview":"max-image-preview:large","max-video-preview":"max-video-preview:-1"},"canonical":"https:\/\/www.welovecycling.com\/wide\/2025\/10\/27\/will-these-confident-young-french-riders-change-their-countrys-narrative\/","og_locale":"en_US","og_type":"article","og_title":"Will These Confident Young French Riders Change Their Country\u2019s Narrative?","og_description":"The disheartening decades-long stretch of futility in Grand Tour racing for French men riders may be nearing an end because of the presence in the peloton","og_url":"https:\/\/www.welovecycling.com\/wide\/2025\/10\/27\/will-these-confident-young-french-riders-change-their-countrys-narrative\/","og_site_name":"\u0160koda We Love Cycling","article_published_time":"2025-10-27T13:32:14+00:00","og_image":[{"width":990,"height":660,"url":"https:\/\/d2p6e6u75xmxt8.cloudfront.net\/2\/2025\/10\/Kevin-Vauquelin-profimedia-1026115017-CVR.webp","type":"image\/webp"}],"author":"tereza","twitter_card":"summary_large_image","twitter_misc":{"Written by":"Siegfried Mortkowitz","Est. reading time":"2"},"schema":{"@context":"https:\/\/schema.org","@graph":[{"@type":"WebPage","@id":"https:\/\/www.welovecycling.com\/wide\/2025\/10\/27\/will-these-confident-young-french-riders-change-their-countrys-narrative\/","url":"https:\/\/www.welovecycling.com\/wide\/2025\/10\/27\/will-these-confident-young-french-riders-change-their-countrys-narrative\/","name":"Will These Young French Riders Change Their Country\u2019s Narrative?","isPartOf":{"@id":"https:\/\/www.welovecycling.com\/wide\/#website"},"primaryImageOfPage":{"@id":"https:\/\/www.welovecycling.com\/wide\/2025\/10\/27\/will-these-confident-young-french-riders-change-their-countrys-narrative\/#primaryimage"},"image":{"@id":"https:\/\/www.welovecycling.com\/wide\/2025\/10\/27\/will-these-confident-young-french-riders-change-their-countrys-narrative\/#primaryimage"},"thumbnailUrl":"https:\/\/d2p6e6u75xmxt8.cloudfront.net\/2\/2025\/10\/Kevin-Vauquelin-profimedia-1026115017-CVR.webp","datePublished":"2025-10-27T13:32:14+00:00","author":{"@id":"https:\/\/www.welovecycling.com\/wide\/#\/schema\/person\/50f01ecd18718d2333cf72e823c4f926"},"description":"The disheartening decades-long stretch of futility in Grand Tour racing for French men riders may be nearing an end because of the presence in the peloton","breadcrumb":{"@id":"https:\/\/www.welovecycling.com\/wide\/2025\/10\/27\/will-these-confident-young-french-riders-change-their-countrys-narrative\/#breadcrumb"},"inLanguage":"en-US","potentialAction":[{"@type":"ReadAction","target":["https:\/\/www.welovecycling.com\/wide\/2025\/10\/27\/will-these-confident-young-french-riders-change-their-countrys-narrative\/"]}]},{"@type":"ImageObject","inLanguage":"en-US","@id":"https:\/\/www.welovecycling.com\/wide\/2025\/10\/27\/will-these-confident-young-french-riders-change-their-countrys-narrative\/#primaryimage","url":"https:\/\/d2p6e6u75xmxt8.cloudfront.net\/2\/2025\/10\/Kevin-Vauquelin-profimedia-1026115017-CVR.webp","contentUrl":"https:\/\/d2p6e6u75xmxt8.cloudfront.net\/2\/2025\/10\/Kevin-Vauquelin-profimedia-1026115017-CVR.webp","width":990,"height":660,"caption":"Kevin Vauquelin"},{"@type":"BreadcrumbList","@id":"https:\/\/www.welovecycling.com\/wide\/2025\/10\/27\/will-these-confident-young-french-riders-change-their-countrys-narrative\/#breadcrumb","itemListElement":[{"@type":"ListItem","position":1,"name":"Home","item":"https:\/\/www.welovecycling.com\/wide\/"},{"@type":"ListItem","position":2,"name":"Will These Confident Young French Riders Change Their Country\u2019s Narrative?"}]},{"@type":"WebSite","@id":"https:\/\/www.welovecycling.com\/wide\/#website","url":"https:\/\/www.welovecycling.com\/wide\/","name":"\u0160koda We Love Cycling","description":"\u0160koda We Love Cycling magazine","alternateName":"\u0160koda WLC","potentialAction":[{"@type":"SearchAction","target":{"@type":"EntryPoint","urlTemplate":"https:\/\/www.welovecycling.com\/wide\/?s={search_term_string}"},"query-input":{"@type":"PropertyValueSpecification","valueRequired":true,"valueName":"search_term_string"}}],"inLanguage":"en-US"},{"@type":"Person","@id":"https:\/\/www.welovecycling.com\/wide\/#\/schema\/person\/50f01ecd18718d2333cf72e823c4f926","name":"tereza","image":{"@type":"ImageObject","inLanguage":"en-US","@id":"https:\/\/www.welovecycling.com\/wide\/#\/schema\/person\/image\/","url":"https:\/\/secure.gravatar.com\/avatar\/1f9eb71be33845f0afabce3791bc1c58ecdb0a25c62964987e5dbcf7a20d2ec7?s=96&d=mm&r=g","contentUrl":"https:\/\/secure.gravatar.com\/avatar\/1f9eb71be33845f0afabce3791bc1c58ecdb0a25c62964987e5dbcf7a20d2ec7?s=96&d=mm&r=g","caption":"tereza"},"url":"https:\/\/www.welovecycling.com\/wide\/author\/tereza\/"}]}},"_links":{"self":[{"href":"https:\/\/www.welovecycling.com\/wide\/wp-json\/wp\/v2\/posts\/204058","targetHints":{"allow":["GET"]}}],"collection":[{"href":"https:\/\/www.welovecycling.com\/wide\/wp-json\/wp\/v2\/posts"}],"about":[{"href":"https:\/\/www.welovecycling.com\/wide\/wp-json\/wp\/v2\/types\/post"}],"author":[{"embeddable":true,"href":"https:\/\/www.welovecycling.com\/wide\/wp-json\/wp\/v2\/users\/99"}],"replies":[{"embeddable":true,"href":"https:\/\/www.welovecycling.com\/wide\/wp-json\/wp\/v2\/comments?post=204058"}],"version-history":[{"count":2,"href":"https:\/\/www.welovecycling.com\/wide\/wp-json\/wp\/v2\/posts\/204058\/revisions"}],"predecessor-version":[{"id":204063,"href":"https:\/\/www.welovecycling.com\/wide\/wp-json\/wp\/v2\/posts\/204058\/revisions\/204063"}],"wp:featuredmedia":[{"embeddable":true,"href":"https:\/\/www.welovecycling.com\/wide\/wp-json\/wp\/v2\/media\/204061"}],"wp:attachment":[{"href":"https:\/\/www.welovecycling.com\/wide\/wp-json\/wp\/v2\/media?parent=204058"}],"wp:term":[{"taxonomy":"category","embeddable":true,"href":"https:\/\/www.welovecycling.com\/wide\/wp-json\/wp\/v2\/categories?post=204058"},{"taxonomy":"post_tag","embeddable":true,"href":"https:\/\/www.welovecycling.com\/wide\/wp-json\/wp\/v2\/tags?post=204058"},{"taxonomy":"global-categories","embeddable":true,"href":"https:\/\/www.welovecycling.com\/wide\/wp-json\/wp\/v2\/global-categories?post=204058"}],"curies":[{"name":"wp","href":"https:\/\/api.w.org\/{rel}","templated":true}]}}