{"id":204052,"date":"2025-10-23T13:09:56","date_gmt":"2025-10-23T13:09:56","guid":{"rendered":"https:\/\/www.welovecycling.com\/wide\/?p=204052"},"modified":"2025-10-23T13:09:56","modified_gmt":"2025-10-23T13:09:56","slug":"tour-de-france-femmes-avec-zwift-2026-swiss-start-climbing-finish-and-a-route-for-the-bold","status":"publish","type":"post","link":"https:\/\/www.welovecycling.com\/wide\/2025\/10\/23\/tour-de-france-femmes-avec-zwift-2026-swiss-start-climbing-finish-and-a-route-for-the-bold\/","title":{"rendered":"Tour de France Femmes avec Zwift 2026: Swiss Start, Climbing Finish, and a Route for the Bold"},"content":{"rendered":"<p style=\"font-weight: 400;\"><strong>The 2026 Tour de France Femmes avec Zwift, the fifth edition of the revived women\u2019s race, will take place from 1 to 9 August 2026, spanning nine stages. The peloton will roll out from Lausanne, Switzerland, tracing the shores of Lake Geneva, climbing early, and heading into France for a finale that\u2019s expected to include Mont Ventoux before a concluding stage in the south.<\/strong><\/p>\n<p><!--more--><\/p>\n<p style=\"font-weight: 400;\">This is not a gentle course. It\u2019s a route that asks riders to be sharp from Stage 1, rewards versatility, and saves its decisive altitude battles for the final weekend.<\/p>\n<h2><strong>Swiss precision: a scenic and strategic start<\/strong><\/h2>\n<p style=\"font-weight: 400;\">Switzerland hosts the Grand D\u00e9part for the first time, offering a spectacular stage for the women\u2019s peloton. Lausanne, Aigle (home of the UCI), and Geneva will feature across the opening three days, a geographically compact but tactically demanding start.<\/p>\n<p><strong>Stage 1 \u2013 Lausanne \u2192 Lausanne (~137 km)<\/strong><br \/>\nThe opener loops around Lake Geneva, peppered with short climbs (3\u20134 km at 5\u20136%) before a punchy uphill drag to the finish in the city centre. Expect a small-group sprint or solo attack rather than a mass finish, the perfect stage for aggressive riders like Elisa Longo Borghini or Marianne Vos.<\/p>\n<p><strong>Stage 2 \u2013 Aigle \u2192 Geneva (~150 km)<br \/>\n<\/strong>Starting from the UCI\u2019s global HQ in Aigle, the route rolls along the vineyards above Montreux and Vevey, with three classified climbs before a fast run-in toward Geneva. A breakaway may go the distance if the sprinters\u2019 teams hesitate.<\/p>\n<p><strong>Stage 3 \u2013 Geneva \u2192 France (undisclosed finish)<br \/>\n<\/strong>The race crosses the border into France, where rolling terrain offers the chance for crosswinds or tactical splits \u2014 a day tailor-made for Lotte Kopecky, <a href=\"https:\/\/www.welovecycling.com\/wide\/2025\/09\/16\/finding-balance-mental-health-and-managing-nerves-in-cycling-by-kasia-niewiadoma\/\" target=\"_blank\" rel=\"noopener\">Kasia Niewiadoma-Phinney,<\/a> or any opportunist brave enough to gamble early.<\/p>\n<p style=\"font-weight: 400;\">These opening stages combine spectacle with substance: postcard views, yes, but also real GC implications if anyone falters early.<\/p>\n<blockquote class=\"instagram-media\" style=\"background: #FFF; border: 0; border-radius: 3px; box-shadow: 0 0 1px 0 rgba(0,0,0,0.5),0 1px 10px 0 rgba(0,0,0,0.15); margin: 1px; max-width: 540px; min-width: 326px; padding: 0; width: calc(100% - 2px);\" data-instgrm-captioned=\"\" data-instgrm-permalink=\"https:\/\/www.instagram.com\/p\/DQJeiRhCo_y\/?utm_source=ig_embed&amp;utm_campaign=loading\" data-instgrm-version=\"14\">\n<div style=\"padding: 16px;\">\n<p>&nbsp;<\/p>\n<div style=\"display: flex; flex-direction: row; align-items: center;\">\n<div style=\"background-color: #f4f4f4; border-radius: 50%; flex-grow: 0; height: 40px; margin-right: 14px; width: 40px;\"><\/div>\n<div style=\"display: flex; flex-direction: column; flex-grow: 1; justify-content: center;\">\n<div style=\"background-color: #f4f4f4; border-radius: 4px; flex-grow: 0; height: 14px; margin-bottom: 6px; width: 100px;\"><\/div>\n<div style=\"background-color: #f4f4f4; border-radius: 4px; flex-grow: 0; height: 14px; width: 60px;\"><\/div>\n<\/div>\n<\/div>\n<div style=\"padding: 19% 0;\"><\/div>\n<div style=\"display: block; height: 50px; margin: 0 auto 12px; width: 50px;\"><\/div>\n<div style=\"padding-top: 8px;\">\n<div style=\"color: #3897f0; font-family: Arial,sans-serif; font-size: 14px; font-style: normal; font-weight: 550; line-height: 18px;\">Zobrazit p\u0159\u00edsp\u011bvek na Instagramu<\/div>\n<\/div>\n<div style=\"padding: 12.5% 0;\"><\/div>\n<div style=\"display: flex; flex-direction: row; margin-bottom: 14px; align-items: center;\">\n<div>\n<div style=\"background-color: #f4f4f4; border-radius: 50%; height: 12.5px; width: 12.5px; transform: translateX(0px) translateY(7px);\"><\/div>\n<div style=\"background-color: #f4f4f4; height: 12.5px; transform: rotate(-45deg) translateX(3px) translateY(1px); width: 12.5px; flex-grow: 0; margin-right: 14px; margin-left: 2px;\"><\/div>\n<div style=\"background-color: #f4f4f4; border-radius: 50%; height: 12.5px; width: 12.5px; transform: translateX(9px) translateY(-18px);\"><\/div>\n<\/div>\n<div style=\"margin-left: 8px;\">\n<div style=\"background-color: #f4f4f4; border-radius: 50%; flex-grow: 0; height: 20px; width: 20px;\"><\/div>\n<div style=\"width: 0; height: 0; border-top: 2px solid transparent; border-left: 6px solid #f4f4f4; border-bottom: 2px solid transparent; transform: translateX(16px) translateY(-4px) rotate(30deg);\"><\/div>\n<\/div>\n<div style=\"margin-left: auto;\">\n<div style=\"width: 0px; border-top: 8px solid #F4F4F4; border-right: 8px solid transparent; transform: translateY(16px);\"><\/div>\n<div style=\"background-color: #f4f4f4; flex-grow: 0; height: 12px; width: 16px; transform: translateY(-4px);\"><\/div>\n<div style=\"width: 0; height: 0; border-top: 8px solid #F4F4F4; border-left: 8px solid transparent; transform: translateY(-4px) translateX(8px);\"><\/div>\n<\/div>\n<\/div>\n<div style=\"display: flex; flex-direction: column; flex-grow: 1; justify-content: center; margin-bottom: 24px;\">\n<div style=\"background-color: #f4f4f4; border-radius: 4px; flex-grow: 0; height: 14px; margin-bottom: 6px; width: 224px;\"><\/div>\n<div style=\"background-color: #f4f4f4; border-radius: 4px; flex-grow: 0; height: 14px; width: 144px;\"><\/div>\n<\/div>\n<p>&nbsp;<\/p>\n<p style=\"color: #c9c8cd; font-family: Arial,sans-serif; font-size: 14px; line-height: 17px; margin-bottom: 0; margin-top: 8px; overflow: hidden; padding: 8px 0 7px; text-align: center; text-overflow: ellipsis; white-space: nowrap;\"><a style=\"color: #c9c8cd; font-family: Arial,sans-serif; font-size: 14px; font-style: normal; font-weight: normal; line-height: 17px; text-decoration: none;\" href=\"https:\/\/www.instagram.com\/p\/DQJeiRhCo_y\/?utm_source=ig_embed&amp;utm_campaign=loading\" target=\"_blank\" rel=\"noopener\">P\u0159\u00edsp\u011bvek sd\u00edlen\u00fd Le Tour de France Femmes avec Zwift (@letourfemmes)<\/a><\/p>\n<\/div>\n<\/blockquote>\n<h2><script async src=\"\/\/www.instagram.com\/embed.js\"><\/script><strong>Building the race: From punch to pure climb<\/strong><\/h2>\n<p style=\"font-weight: 400;\">After the Swiss start, the peloton will make its way through eastern France, threading through the Jura and Rh\u00f4ne regions toward the high mountains. While the ASO hasn\u2019t released the full route beyond the first three days, strong indications suggest:<\/p>\n<ul>\n<li>Nine total stages, covering roughly 950\u20131,000 km.<\/li>\n<li>A mountain summit finish on <a href=\"https:\/\/www.welovecycling.com\/wide\/ride-tested\/mont-ventoux-by-mountain-bike\/\" target=\"_blank\" rel=\"noopener\">Mont Ventoux<\/a> around Stage 7, marking the race\u2019s first visit to the iconic climb.<\/li>\n<li>One or two intermediate hilly stages likely in the Massif Central.<\/li>\n<li>A time trial or short uphill finish to conclude the race.<\/li>\n<\/ul>\n<p style=\"font-weight: 400;\">That means the route will reward all-rounders early and pure climbers late, a structure similar to the 2023 edition, but on a bigger geographic and symbolic scale.<\/p>\n<h2><strong>Tactical implications<\/strong><\/h2>\n<p><strong>Early days \u2013 GC control starts now<br \/>\n<\/strong>Stage 1\u2019s sharp climbs and Lausanne\u2019s finish could expose weaknesses in team organisation. GC contenders will need immediate focus; seconds lost here could matter later.<\/p>\n<p><strong>Sprinters \u2013 limited window<br \/>\n<\/strong>Stages 2 and 3 are the key chances for fast finishers such as Lorena Wiebes or Charlotte Kool. Beyond Geneva, opportunities narrow fast.<\/p>\n<p><strong>Puncheurs \u2013 mid-race opportunity<br \/>\n<\/strong>Riders like Elise Chabbey (on home soil), Silvia Persico, or Juliette Labous will love the lumpy transition stages, ideal for late moves or small-group sprints.<\/p>\n<p><strong>Climbers \u2013 the Ventoux awaits<br \/>\n<\/strong>The likely summit finish on Mont Ventoux is the race\u2019s natural centrepiece. Whether via B\u00e9doin or Sault, the climb\u2019s 1,900 metres of elevation gain will ensure only the strongest survive. It\u2019s where the yellow jersey could change hands for good.<\/p>\n<p><strong>Time Triallists \u2013 A possible decider<br \/>\n<\/strong><\/p>\n<p>Rumours suggest a final-day time trial around Provence or the C\u00f4te d\u2019Azur. If confirmed, it could add another twist \u2014 a rare late-race chance for riders like Demi Vollering or Marlen Reusser to stamp authority.<\/p>\n<h3><strong>Riders to watch<\/strong><\/h3>\n<ul>\n<li><strong>Demi Vollering (SD Worx-Protime)<\/strong> \u2014 defending champion-in-waiting and the most complete rider in the field; excels in both punchy and high-mountain terrain.<\/li>\n<li><strong>Kasia Niewiadoma (Canyon\/\/SRAM)<\/strong> \u2014 our very own \u0160koda We Love Cycling expert is consistent, aggressive, and brilliant in the medium mountains; could capitalise on a route that suits her.<\/li>\n<li><strong>Elisa Longo Borghini (Lidl-Trek)<\/strong> \u2014 thrives on long, draining stages and technical descents; Switzerland\u2019s roads play to her strengths.<\/li>\n<li><strong>Gaia Realini (Lidl-Trek)<\/strong> \u2014 the pure climber most likely to challenge on Ventoux.<\/li>\n<li><strong>Lorena Wiebes (SD Worx-Protime)<\/strong> \u2014 the top sprinter; will be looking to secure at least one win before the mountains hit.<\/li>\n<li><strong>Cecilie Uttrup Ludwig (FDJ-Suez)<\/strong> \u2014 racing on home-ish roads, her punch and morale could ignite the middle stages.<\/li>\n<\/ul>\n<h2><strong>Broader significance<\/strong><\/h2>\n<p style=\"font-weight: 400;\">The choice of Switzerland for the Grand D\u00e9part is more than logistical convenience \u2014 it\u2019s symbolic. Lausanne and Aigle position the race near the heart of world cycling governance and showcase women\u2019s racing on global terrain.<\/p>\n<p style=\"font-weight: 400;\">It also reflects a trend: the Tour de France Femmes avec Zwift is expanding internationally, cementing itself as a standalone event, not a spin-off. With every edition, the route grows in ambition \u2014 more mountains, more distance, more spectacle \u2014 and 2026 looks like another leap forward.<\/p>\n<p style=\"font-weight: 400;\"><a href=\"http:\/\/letourfemmes.fr\">The Tour de France Femmes avec Zwift 2026<\/a> is built for modern women\u2019s cycling: dynamic, unpredictable and fiercely competitive. Lausanne\u2019s lakeside roads will open the story; Mont Ventoux\u2019s lunar slopes will write its ending. Who do you think will win it? Let us know!<\/p>\n","protected":false},"excerpt":{"rendered":"<p>The 2026 Tour de France Femmes avec Zwift, the fifth edition of the revived women\u2019s race, will take place from [&hellip;]<\/p>\n","protected":false},"author":99,"featured_media":204053,"comment_status":"closed","ping_status":"open","sticky":false,"template":"","format":"standard","meta":{"footnotes":""},"categories":[329],"tags":[8747,8751,8749,5781],"global-categories":[3366],"class_list":["post-204052","post","type-post","status-publish","format-standard","has-post-thumbnail","hentry","category-road-cycling","tag-2026-tour","tag-2026-tour-de-france-femmes-avec-zwift-route","tag-2026-tour-de-france-femmes-route","tag-marion-rousse","global-categories-cycling"],"yoast_head":"<!-- This site is optimized with the Yoast SEO Premium plugin v25.3 (Yoast SEO v25.9) - https:\/\/yoast.com\/wordpress\/plugins\/seo\/ -->\n<title>Tour de France Femmes avec Zwift 2026: A Route for the Bold<\/title>\n<meta name=\"description\" content=\"The 2026 Tour de France Femmes avec Zwift, the fifth edition of the revived women\u2019s race, will take place from 1 to 9 August 2026, spanning nine stages.\" \/>\n<meta name=\"robots\" content=\"index, follow, max-snippet:-1, max-image-preview:large, max-video-preview:-1\" \/>\n<link rel=\"canonical\" href=\"https:\/\/www.welovecycling.com\/wide\/2025\/10\/23\/tour-de-france-femmes-avec-zwift-2026-swiss-start-climbing-finish-and-a-route-for-the-bold\/\" \/>\n<meta property=\"og:locale\" content=\"en_US\" \/>\n<meta property=\"og:type\" content=\"article\" \/>\n<meta property=\"og:title\" content=\"Tour de France Femmes avec Zwift 2026: Swiss Start, Climbing Finish, and a Route for the Bold\" \/>\n<meta property=\"og:description\" content=\"The 2026 Tour de France Femmes avec Zwift, the fifth edition of the revived women\u2019s race, will take place from 1 to 9 August 2026, spanning nine stages.\" \/>\n<meta property=\"og:url\" content=\"https:\/\/www.welovecycling.com\/wide\/2025\/10\/23\/tour-de-france-femmes-avec-zwift-2026-swiss-start-climbing-finish-and-a-route-for-the-bold\/\" \/>\n<meta property=\"og:site_name\" content=\"\u0160koda We Love Cycling\" \/>\n<meta property=\"article:published_time\" content=\"2025-10-23T13:09:56+00:00\" \/>\n<meta property=\"og:image\" content=\"https:\/\/d2p6e6u75xmxt8.cloudfront.net\/2\/2025\/10\/Tour-26-Route-Marion-Rousse-profimedia-1047599515-CVR.webp\" \/>\n\t<meta property=\"og:image:width\" content=\"990\" \/>\n\t<meta property=\"og:image:height\" content=\"660\" \/>\n\t<meta property=\"og:image:type\" content=\"image\/webp\" \/>\n<meta name=\"author\" content=\"tereza\" \/>\n<meta name=\"twitter:card\" content=\"summary_large_image\" \/>\n<meta name=\"twitter:label1\" content=\"Written by\" \/>\n\t<meta name=\"twitter:data1\" content=\"Monica Buck\" \/>\n\t<meta name=\"twitter:label2\" content=\"Est. reading time\" \/>\n\t<meta name=\"twitter:data2\" content=\"2\" \/>\n<script type=\"application\/ld+json\" class=\"yoast-schema-graph\">{\"@context\":\"https:\/\/schema.org\",\"@graph\":[{\"@type\":\"WebPage\",\"@id\":\"https:\/\/www.welovecycling.com\/wide\/2025\/10\/23\/tour-de-france-femmes-avec-zwift-2026-swiss-start-climbing-finish-and-a-route-for-the-bold\/\",\"url\":\"https:\/\/www.welovecycling.com\/wide\/2025\/10\/23\/tour-de-france-femmes-avec-zwift-2026-swiss-start-climbing-finish-and-a-route-for-the-bold\/\",\"name\":\"Tour de France Femmes avec Zwift 2026: A Route for the Bold\",\"isPartOf\":{\"@id\":\"https:\/\/www.welovecycling.com\/wide\/#website\"},\"primaryImageOfPage\":{\"@id\":\"https:\/\/www.welovecycling.com\/wide\/2025\/10\/23\/tour-de-france-femmes-avec-zwift-2026-swiss-start-climbing-finish-and-a-route-for-the-bold\/#primaryimage\"},\"image\":{\"@id\":\"https:\/\/www.welovecycling.com\/wide\/2025\/10\/23\/tour-de-france-femmes-avec-zwift-2026-swiss-start-climbing-finish-and-a-route-for-the-bold\/#primaryimage\"},\"thumbnailUrl\":\"https:\/\/d2p6e6u75xmxt8.cloudfront.net\/2\/2025\/10\/Tour-26-Route-Marion-Rousse-profimedia-1047599515-CVR.webp\",\"datePublished\":\"2025-10-23T13:09:56+00:00\",\"author\":{\"@id\":\"https:\/\/www.welovecycling.com\/wide\/#\/schema\/person\/50f01ecd18718d2333cf72e823c4f926\"},\"description\":\"The 2026 Tour de France Femmes avec Zwift, the fifth edition of the revived women\u2019s race, will take place from 1 to 9 August 2026, spanning nine stages.\",\"breadcrumb\":{\"@id\":\"https:\/\/www.welovecycling.com\/wide\/2025\/10\/23\/tour-de-france-femmes-avec-zwift-2026-swiss-start-climbing-finish-and-a-route-for-the-bold\/#breadcrumb\"},\"inLanguage\":\"en-US\",\"potentialAction\":[{\"@type\":\"ReadAction\",\"target\":[\"https:\/\/www.welovecycling.com\/wide\/2025\/10\/23\/tour-de-france-femmes-avec-zwift-2026-swiss-start-climbing-finish-and-a-route-for-the-bold\/\"]}]},{\"@type\":\"ImageObject\",\"inLanguage\":\"en-US\",\"@id\":\"https:\/\/www.welovecycling.com\/wide\/2025\/10\/23\/tour-de-france-femmes-avec-zwift-2026-swiss-start-climbing-finish-and-a-route-for-the-bold\/#primaryimage\",\"url\":\"https:\/\/d2p6e6u75xmxt8.cloudfront.net\/2\/2025\/10\/Tour-26-Route-Marion-Rousse-profimedia-1047599515-CVR.webp\",\"contentUrl\":\"https:\/\/d2p6e6u75xmxt8.cloudfront.net\/2\/2025\/10\/Tour-26-Route-Marion-Rousse-profimedia-1047599515-CVR.webp\",\"width\":990,\"height\":660,\"caption\":\"Marion Rousse\"},{\"@type\":\"BreadcrumbList\",\"@id\":\"https:\/\/www.welovecycling.com\/wide\/2025\/10\/23\/tour-de-france-femmes-avec-zwift-2026-swiss-start-climbing-finish-and-a-route-for-the-bold\/#breadcrumb\",\"itemListElement\":[{\"@type\":\"ListItem\",\"position\":1,\"name\":\"Home\",\"item\":\"https:\/\/www.welovecycling.com\/wide\/\"},{\"@type\":\"ListItem\",\"position\":2,\"name\":\"Tour de France Femmes avec Zwift 2026: Swiss Start, Climbing Finish, and a Route for the Bold\"}]},{\"@type\":\"WebSite\",\"@id\":\"https:\/\/www.welovecycling.com\/wide\/#website\",\"url\":\"https:\/\/www.welovecycling.com\/wide\/\",\"name\":\"\u0160koda We Love Cycling\",\"description\":\"\u0160koda We Love Cycling magazine\",\"alternateName\":\"\u0160koda WLC\",\"potentialAction\":[{\"@type\":\"SearchAction\",\"target\":{\"@type\":\"EntryPoint\",\"urlTemplate\":\"https:\/\/www.welovecycling.com\/wide\/?s={search_term_string}\"},\"query-input\":{\"@type\":\"PropertyValueSpecification\",\"valueRequired\":true,\"valueName\":\"search_term_string\"}}],\"inLanguage\":\"en-US\"},{\"@type\":\"Person\",\"@id\":\"https:\/\/www.welovecycling.com\/wide\/#\/schema\/person\/50f01ecd18718d2333cf72e823c4f926\",\"name\":\"tereza\",\"image\":{\"@type\":\"ImageObject\",\"inLanguage\":\"en-US\",\"@id\":\"https:\/\/www.welovecycling.com\/wide\/#\/schema\/person\/image\/\",\"url\":\"https:\/\/secure.gravatar.com\/avatar\/1f9eb71be33845f0afabce3791bc1c58ecdb0a25c62964987e5dbcf7a20d2ec7?s=96&d=mm&r=g\",\"contentUrl\":\"https:\/\/secure.gravatar.com\/avatar\/1f9eb71be33845f0afabce3791bc1c58ecdb0a25c62964987e5dbcf7a20d2ec7?s=96&d=mm&r=g\",\"caption\":\"tereza\"},\"url\":\"https:\/\/www.welovecycling.com\/wide\/author\/tereza\/\"}]}<\/script>\n<!-- \/ Yoast SEO Premium plugin. -->","yoast_head_json":{"title":"Tour de France Femmes avec Zwift 2026: A Route for the Bold","description":"The 2026 Tour de France Femmes avec Zwift, the fifth edition of the revived women\u2019s race, will take place from 1 to 9 August 2026, spanning nine stages.","robots":{"index":"index","follow":"follow","max-snippet":"max-snippet:-1","max-image-preview":"max-image-preview:large","max-video-preview":"max-video-preview:-1"},"canonical":"https:\/\/www.welovecycling.com\/wide\/2025\/10\/23\/tour-de-france-femmes-avec-zwift-2026-swiss-start-climbing-finish-and-a-route-for-the-bold\/","og_locale":"en_US","og_type":"article","og_title":"Tour de France Femmes avec Zwift 2026: Swiss Start, Climbing Finish, and a Route for the Bold","og_description":"The 2026 Tour de France Femmes avec Zwift, the fifth edition of the revived women\u2019s race, will take place from 1 to 9 August 2026, spanning nine stages.","og_url":"https:\/\/www.welovecycling.com\/wide\/2025\/10\/23\/tour-de-france-femmes-avec-zwift-2026-swiss-start-climbing-finish-and-a-route-for-the-bold\/","og_site_name":"\u0160koda We Love Cycling","article_published_time":"2025-10-23T13:09:56+00:00","og_image":[{"width":990,"height":660,"url":"https:\/\/d2p6e6u75xmxt8.cloudfront.net\/2\/2025\/10\/Tour-26-Route-Marion-Rousse-profimedia-1047599515-CVR.webp","type":"image\/webp"}],"author":"tereza","twitter_card":"summary_large_image","twitter_misc":{"Written by":"Monica Buck","Est. reading time":"2"},"schema":{"@context":"https:\/\/schema.org","@graph":[{"@type":"WebPage","@id":"https:\/\/www.welovecycling.com\/wide\/2025\/10\/23\/tour-de-france-femmes-avec-zwift-2026-swiss-start-climbing-finish-and-a-route-for-the-bold\/","url":"https:\/\/www.welovecycling.com\/wide\/2025\/10\/23\/tour-de-france-femmes-avec-zwift-2026-swiss-start-climbing-finish-and-a-route-for-the-bold\/","name":"Tour de France Femmes avec Zwift 2026: A Route for the Bold","isPartOf":{"@id":"https:\/\/www.welovecycling.com\/wide\/#website"},"primaryImageOfPage":{"@id":"https:\/\/www.welovecycling.com\/wide\/2025\/10\/23\/tour-de-france-femmes-avec-zwift-2026-swiss-start-climbing-finish-and-a-route-for-the-bold\/#primaryimage"},"image":{"@id":"https:\/\/www.welovecycling.com\/wide\/2025\/10\/23\/tour-de-france-femmes-avec-zwift-2026-swiss-start-climbing-finish-and-a-route-for-the-bold\/#primaryimage"},"thumbnailUrl":"https:\/\/d2p6e6u75xmxt8.cloudfront.net\/2\/2025\/10\/Tour-26-Route-Marion-Rousse-profimedia-1047599515-CVR.webp","datePublished":"2025-10-23T13:09:56+00:00","author":{"@id":"https:\/\/www.welovecycling.com\/wide\/#\/schema\/person\/50f01ecd18718d2333cf72e823c4f926"},"description":"The 2026 Tour de France Femmes avec Zwift, the fifth edition of the revived women\u2019s race, will take place from 1 to 9 August 2026, spanning nine stages.","breadcrumb":{"@id":"https:\/\/www.welovecycling.com\/wide\/2025\/10\/23\/tour-de-france-femmes-avec-zwift-2026-swiss-start-climbing-finish-and-a-route-for-the-bold\/#breadcrumb"},"inLanguage":"en-US","potentialAction":[{"@type":"ReadAction","target":["https:\/\/www.welovecycling.com\/wide\/2025\/10\/23\/tour-de-france-femmes-avec-zwift-2026-swiss-start-climbing-finish-and-a-route-for-the-bold\/"]}]},{"@type":"ImageObject","inLanguage":"en-US","@id":"https:\/\/www.welovecycling.com\/wide\/2025\/10\/23\/tour-de-france-femmes-avec-zwift-2026-swiss-start-climbing-finish-and-a-route-for-the-bold\/#primaryimage","url":"https:\/\/d2p6e6u75xmxt8.cloudfront.net\/2\/2025\/10\/Tour-26-Route-Marion-Rousse-profimedia-1047599515-CVR.webp","contentUrl":"https:\/\/d2p6e6u75xmxt8.cloudfront.net\/2\/2025\/10\/Tour-26-Route-Marion-Rousse-profimedia-1047599515-CVR.webp","width":990,"height":660,"caption":"Marion Rousse"},{"@type":"BreadcrumbList","@id":"https:\/\/www.welovecycling.com\/wide\/2025\/10\/23\/tour-de-france-femmes-avec-zwift-2026-swiss-start-climbing-finish-and-a-route-for-the-bold\/#breadcrumb","itemListElement":[{"@type":"ListItem","position":1,"name":"Home","item":"https:\/\/www.welovecycling.com\/wide\/"},{"@type":"ListItem","position":2,"name":"Tour de France Femmes avec Zwift 2026: Swiss Start, Climbing Finish, and a Route for the Bold"}]},{"@type":"WebSite","@id":"https:\/\/www.welovecycling.com\/wide\/#website","url":"https:\/\/www.welovecycling.com\/wide\/","name":"\u0160koda We Love Cycling","description":"\u0160koda We Love Cycling magazine","alternateName":"\u0160koda WLC","potentialAction":[{"@type":"SearchAction","target":{"@type":"EntryPoint","urlTemplate":"https:\/\/www.welovecycling.com\/wide\/?s={search_term_string}"},"query-input":{"@type":"PropertyValueSpecification","valueRequired":true,"valueName":"search_term_string"}}],"inLanguage":"en-US"},{"@type":"Person","@id":"https:\/\/www.welovecycling.com\/wide\/#\/schema\/person\/50f01ecd18718d2333cf72e823c4f926","name":"tereza","image":{"@type":"ImageObject","inLanguage":"en-US","@id":"https:\/\/www.welovecycling.com\/wide\/#\/schema\/person\/image\/","url":"https:\/\/secure.gravatar.com\/avatar\/1f9eb71be33845f0afabce3791bc1c58ecdb0a25c62964987e5dbcf7a20d2ec7?s=96&d=mm&r=g","contentUrl":"https:\/\/secure.gravatar.com\/avatar\/1f9eb71be33845f0afabce3791bc1c58ecdb0a25c62964987e5dbcf7a20d2ec7?s=96&d=mm&r=g","caption":"tereza"},"url":"https:\/\/www.welovecycling.com\/wide\/author\/tereza\/"}]}},"_links":{"self":[{"href":"https:\/\/www.welovecycling.com\/wide\/wp-json\/wp\/v2\/posts\/204052","targetHints":{"allow":["GET"]}}],"collection":[{"href":"https:\/\/www.welovecycling.com\/wide\/wp-json\/wp\/v2\/posts"}],"about":[{"href":"https:\/\/www.welovecycling.com\/wide\/wp-json\/wp\/v2\/types\/post"}],"author":[{"embeddable":true,"href":"https:\/\/www.welovecycling.com\/wide\/wp-json\/wp\/v2\/users\/99"}],"replies":[{"embeddable":true,"href":"https:\/\/www.welovecycling.com\/wide\/wp-json\/wp\/v2\/comments?post=204052"}],"version-history":[{"count":1,"href":"https:\/\/www.welovecycling.com\/wide\/wp-json\/wp\/v2\/posts\/204052\/revisions"}],"predecessor-version":[{"id":204054,"href":"https:\/\/www.welovecycling.com\/wide\/wp-json\/wp\/v2\/posts\/204052\/revisions\/204054"}],"wp:featuredmedia":[{"embeddable":true,"href":"https:\/\/www.welovecycling.com\/wide\/wp-json\/wp\/v2\/media\/204053"}],"wp:attachment":[{"href":"https:\/\/www.welovecycling.com\/wide\/wp-json\/wp\/v2\/media?parent=204052"}],"wp:term":[{"taxonomy":"category","embeddable":true,"href":"https:\/\/www.welovecycling.com\/wide\/wp-json\/wp\/v2\/categories?post=204052"},{"taxonomy":"post_tag","embeddable":true,"href":"https:\/\/www.welovecycling.com\/wide\/wp-json\/wp\/v2\/tags?post=204052"},{"taxonomy":"global-categories","embeddable":true,"href":"https:\/\/www.welovecycling.com\/wide\/wp-json\/wp\/v2\/global-categories?post=204052"}],"curies":[{"name":"wp","href":"https:\/\/api.w.org\/{rel}","templated":true}]}}