{"id":204047,"date":"2025-10-23T12:39:11","date_gmt":"2025-10-23T12:39:11","guid":{"rendered":"https:\/\/www.welovecycling.com\/wide\/?p=204047"},"modified":"2025-10-23T12:39:11","modified_gmt":"2025-10-23T12:39:11","slug":"tour-de-france-2026-barcelona-grand-depart-alpine-showdowns-and-early-stakes","status":"publish","type":"post","link":"https:\/\/www.welovecycling.com\/wide\/2025\/10\/23\/tour-de-france-2026-barcelona-grand-depart-alpine-showdowns-and-early-stakes\/","title":{"rendered":"Tour de France 2026: Barcelona Grand D\u00e9part, Alpine Showdowns and Early Stakes"},"content":{"rendered":"<p style=\"font-weight: 400;\"><strong>The 113th edition of the Tour de France, unveiled in Paris on 23 October 2025, will run from 4 to 26 July 2026. It opens with a bold Grand D\u00e9part in Barcelona, dips immediately into the Pyrenees, sweeps across France\u2019s central ranges, and ends with an Alpine crescendo before the traditional finale in Paris.<\/strong><\/p>\n<p><!--more--><\/p>\n<p style=\"font-weight: 400;\">It\u2019s a route that doesn\u2019t wait for the Alps to bring the drama. Instead, it demands aggression, tactical discipline and stamina from day one.<\/p>\n<h2><strong>Bold start in Barcelona<\/strong><\/h2>\n<p style=\"font-weight: 400;\">For the first time in history, the Tour will start in <strong>Barcelona<\/strong>, a city that previously hosted stages in 1957, 1965 and 2009 but has never opened the race. The Grand D\u00e9part features three distinct and decisive days in Catalonia.<\/p>\n<h4><strong>Stage 1 \u2013 Team Time Trial, 19.7 km (Barcelona \u2192 Barcelona)<\/strong><\/h4>\n<p>A short, technical loop around the city, with a climb up <strong>Montju\u00efc<\/strong>, the hill that once hosted the city\u2019s Formula 1 circuit and 1992 Olympic complex.<\/p>\n<p>It\u2019s the first TTT to open the Tour since 1971, and the consequences could be huge. Strong collective engines like <strong>Visma\u2013Lease a Bike<\/strong>, <strong>UAE Team Emirates<\/strong> or <strong>INEOS Grenadiers<\/strong> could carve out real GC gaps before the race even hits open roads.<\/p>\n<h4><strong>Stage 2 \u2013 Tarragona \u2192 Barcelona (~178 km)<\/strong><\/h4>\n<p>A scenic coastal run north along the Mediterranean, punctuated by exposed sections where <strong>crosswinds<\/strong> could cause havoc. Expect a reduced-bunch sprint or late-attack finish as riders climb back over Montju\u00efc to the city centre.<\/p>\n<h4><strong>Stage 3 \u2013 Granollers \u2192 Les Angles (Pyrenees)<br \/>\n<\/strong><\/h4>\n<p>Just three days in, the peloton heads straight for altitude. The final climb to <strong>Les Angles<\/strong> (1,600 m) isn\u2019t monstrous but it\u2019s long enough to expose anyone still shaking off travel legs. GC contenders will already be measuring each other.<\/p>\n<p style=\"font-weight: 400;\">This opening block is designed to be restless \u2014 no processional stages, no calm before the storm.<\/p>\n<blockquote class=\"instagram-media\" style=\"background: #FFF; border: 0; border-radius: 3px; box-shadow: 0 0 1px 0 rgba(0,0,0,0.5),0 1px 10px 0 rgba(0,0,0,0.15); margin: 1px; max-width: 540px; min-width: 326px; padding: 0; width: calc(100% - 2px);\" data-instgrm-captioned=\"\" data-instgrm-permalink=\"https:\/\/www.instagram.com\/p\/DQJoUa_CHop\/?utm_source=ig_embed&amp;utm_campaign=loading\" data-instgrm-version=\"14\">\n<div style=\"padding: 16px;\">\n<p>&nbsp;<\/p>\n<div style=\"display: flex; flex-direction: row; align-items: center;\">\n<div style=\"background-color: #f4f4f4; border-radius: 50%; flex-grow: 0; height: 40px; margin-right: 14px; width: 40px;\"><\/div>\n<div style=\"display: flex; flex-direction: column; flex-grow: 1; justify-content: center;\">\n<div style=\"background-color: #f4f4f4; border-radius: 4px; flex-grow: 0; height: 14px; margin-bottom: 6px; width: 100px;\"><\/div>\n<div style=\"background-color: #f4f4f4; border-radius: 4px; flex-grow: 0; height: 14px; width: 60px;\"><\/div>\n<\/div>\n<\/div>\n<div style=\"padding: 19% 0;\"><\/div>\n<div style=\"display: block; height: 50px; margin: 0 auto 12px; width: 50px;\"><\/div>\n<div style=\"padding-top: 8px;\">\n<div style=\"color: #3897f0; font-family: Arial,sans-serif; font-size: 14px; font-style: normal; font-weight: 550; line-height: 18px;\">Zobrazit p\u0159\u00edsp\u011bvek na Instagramu<\/div>\n<\/div>\n<div style=\"padding: 12.5% 0;\"><\/div>\n<div style=\"display: flex; flex-direction: row; margin-bottom: 14px; align-items: center;\">\n<div>\n<div style=\"background-color: #f4f4f4; border-radius: 50%; height: 12.5px; width: 12.5px; transform: translateX(0px) translateY(7px);\"><\/div>\n<div style=\"background-color: #f4f4f4; height: 12.5px; transform: rotate(-45deg) translateX(3px) translateY(1px); width: 12.5px; flex-grow: 0; margin-right: 14px; margin-left: 2px;\"><\/div>\n<div style=\"background-color: #f4f4f4; border-radius: 50%; height: 12.5px; width: 12.5px; transform: translateX(9px) translateY(-18px);\"><\/div>\n<\/div>\n<div style=\"margin-left: 8px;\">\n<div style=\"background-color: #f4f4f4; border-radius: 50%; flex-grow: 0; height: 20px; width: 20px;\"><\/div>\n<div style=\"width: 0; height: 0; border-top: 2px solid transparent; border-left: 6px solid #f4f4f4; border-bottom: 2px solid transparent; transform: translateX(16px) translateY(-4px) rotate(30deg);\"><\/div>\n<\/div>\n<div style=\"margin-left: auto;\">\n<div style=\"width: 0px; border-top: 8px solid #F4F4F4; border-right: 8px solid transparent; transform: translateY(16px);\"><\/div>\n<div style=\"background-color: #f4f4f4; flex-grow: 0; height: 12px; width: 16px; transform: translateY(-4px);\"><\/div>\n<div style=\"width: 0; height: 0; border-top: 8px solid #F4F4F4; border-left: 8px solid transparent; transform: translateY(-4px) translateX(8px);\"><\/div>\n<\/div>\n<\/div>\n<div style=\"display: flex; flex-direction: column; flex-grow: 1; justify-content: center; margin-bottom: 24px;\">\n<div style=\"background-color: #f4f4f4; border-radius: 4px; flex-grow: 0; height: 14px; margin-bottom: 6px; width: 224px;\"><\/div>\n<div style=\"background-color: #f4f4f4; border-radius: 4px; flex-grow: 0; height: 14px; width: 144px;\"><\/div>\n<\/div>\n<p>&nbsp;<\/p>\n<p style=\"color: #c9c8cd; font-family: Arial,sans-serif; font-size: 14px; line-height: 17px; margin-bottom: 0; margin-top: 8px; overflow: hidden; padding: 8px 0 7px; text-align: center; text-overflow: ellipsis; white-space: nowrap;\"><a style=\"color: #c9c8cd; font-family: Arial,sans-serif; font-size: 14px; font-style: normal; font-weight: normal; line-height: 17px; text-decoration: none;\" href=\"https:\/\/www.instagram.com\/p\/DQJoUa_CHop\/?utm_source=ig_embed&amp;utm_campaign=loading\" target=\"_blank\" rel=\"noopener\">P\u0159\u00edsp\u011bvek sd\u00edlen\u00fd Tour de France\u2122 (@letourdefrance)<\/a><\/p>\n<\/div>\n<\/blockquote>\n<h2><script async src=\"\/\/www.instagram.com\/embed.js\"><\/script><strong>Crossing France: Constant tests<\/strong><\/h2>\n<p>After crossing the border into France, the Tour carves a jagged diagonal line across the country, dipping in and out of every major mountain chain before reaching the Alps.<\/p>\n<p><strong>The first week<\/strong> closes with a mountain summit in Gavarnie-G\u00e8dre, deep in the Pyrenees, a high-altitude test where lighter climbers like Landa, Rodr\u00edguez or Caruso might fancy early raids.<\/p>\n<p><strong>The second week<\/strong> takes riders through the Massif Central, where rolling, exposed roads and heat often do more damage than gradients. Expect opportunists and breakaway experts such as Matej Mohori\u010d or Magnus Cort to target these stages.<\/p>\n<p>A visit to the Vosges brings shorter, punchier climbs that will suit explosive riders, think Pidcock, Alaphilippe or Skjelmose.<\/p>\n<p>A key addition is the <strong>Plateau de Solaison<\/strong>, climbing for the first time in Tour history. It\u2019s a brutal ascent averaging 9% and could serve as a GC sorting point before the Alps even arrive.<\/p>\n<blockquote class=\"instagram-media\" style=\"background: #FFF; border: 0; border-radius: 3px; box-shadow: 0 0 1px 0 rgba(0,0,0,0.5),0 1px 10px 0 rgba(0,0,0,0.15); margin: 1px; max-width: 540px; min-width: 326px; padding: 0; width: calc(100% - 2px);\" data-instgrm-captioned=\"\" data-instgrm-permalink=\"https:\/\/www.instagram.com\/p\/DQJqMKbCN1K\/?utm_source=ig_embed&amp;utm_campaign=loading\" data-instgrm-version=\"14\">\n<div style=\"padding: 16px;\">\n<p>&nbsp;<\/p>\n<div style=\"display: flex; flex-direction: row; align-items: center;\">\n<div style=\"background-color: #f4f4f4; border-radius: 50%; flex-grow: 0; height: 40px; margin-right: 14px; width: 40px;\"><\/div>\n<div style=\"display: flex; flex-direction: column; flex-grow: 1; justify-content: center;\">\n<div style=\"background-color: #f4f4f4; border-radius: 4px; flex-grow: 0; height: 14px; margin-bottom: 6px; width: 100px;\"><\/div>\n<div style=\"background-color: #f4f4f4; border-radius: 4px; flex-grow: 0; height: 14px; width: 60px;\"><\/div>\n<\/div>\n<\/div>\n<div style=\"padding: 19% 0;\"><\/div>\n<div style=\"display: block; height: 50px; margin: 0 auto 12px; width: 50px;\"><\/div>\n<div style=\"padding-top: 8px;\">\n<div style=\"color: #3897f0; font-family: Arial,sans-serif; font-size: 14px; font-style: normal; font-weight: 550; line-height: 18px;\">Zobrazit p\u0159\u00edsp\u011bvek na Instagramu<\/div>\n<\/div>\n<div style=\"padding: 12.5% 0;\"><\/div>\n<div style=\"display: flex; flex-direction: row; margin-bottom: 14px; align-items: center;\">\n<div>\n<div style=\"background-color: #f4f4f4; border-radius: 50%; height: 12.5px; width: 12.5px; transform: translateX(0px) translateY(7px);\"><\/div>\n<div style=\"background-color: #f4f4f4; height: 12.5px; transform: rotate(-45deg) translateX(3px) translateY(1px); width: 12.5px; flex-grow: 0; margin-right: 14px; margin-left: 2px;\"><\/div>\n<div style=\"background-color: #f4f4f4; border-radius: 50%; height: 12.5px; width: 12.5px; transform: translateX(9px) translateY(-18px);\"><\/div>\n<\/div>\n<div style=\"margin-left: 8px;\">\n<div style=\"background-color: #f4f4f4; border-radius: 50%; flex-grow: 0; height: 20px; width: 20px;\"><\/div>\n<div style=\"width: 0; height: 0; border-top: 2px solid transparent; border-left: 6px solid #f4f4f4; border-bottom: 2px solid transparent; transform: translateX(16px) translateY(-4px) rotate(30deg);\"><\/div>\n<\/div>\n<div style=\"margin-left: auto;\">\n<div style=\"width: 0px; border-top: 8px solid #F4F4F4; border-right: 8px solid transparent; transform: translateY(16px);\"><\/div>\n<div style=\"background-color: #f4f4f4; flex-grow: 0; height: 12px; width: 16px; transform: translateY(-4px);\"><\/div>\n<div style=\"width: 0; height: 0; border-top: 8px solid #F4F4F4; border-left: 8px solid transparent; transform: translateY(-4px) translateX(8px);\"><\/div>\n<\/div>\n<\/div>\n<div style=\"display: flex; flex-direction: column; flex-grow: 1; justify-content: center; margin-bottom: 24px;\">\n<div style=\"background-color: #f4f4f4; border-radius: 4px; flex-grow: 0; height: 14px; margin-bottom: 6px; width: 224px;\"><\/div>\n<div style=\"background-color: #f4f4f4; border-radius: 4px; flex-grow: 0; height: 14px; width: 144px;\"><\/div>\n<\/div>\n<p>&nbsp;<\/p>\n<p style=\"color: #c9c8cd; font-family: Arial,sans-serif; font-size: 14px; line-height: 17px; margin-bottom: 0; margin-top: 8px; overflow: hidden; padding: 8px 0 7px; text-align: center; text-overflow: ellipsis; white-space: nowrap;\"><a style=\"color: #c9c8cd; font-family: Arial,sans-serif; font-size: 14px; font-style: normal; font-weight: normal; line-height: 17px; text-decoration: none;\" href=\"https:\/\/www.instagram.com\/p\/DQJqMKbCN1K\/?utm_source=ig_embed&amp;utm_campaign=loading\" target=\"_blank\" rel=\"noopener\">P\u0159\u00edsp\u011bvek sd\u00edlen\u00fd Tour de France\u2122 (@letourdefrance)<\/a><\/p>\n<\/div>\n<\/blockquote>\n<p><script async src=\"\/\/www.instagram.com\/embed.js\"><\/script><\/p>\n<h2 style=\"font-weight: 400;\"><strong>Time <\/strong><strong>trials<\/strong><\/h2>\n<p style=\"font-weight: 400;\">Two race-against-the-clock tests feature in 2026:<\/p>\n<ul>\n<li>The <strong>Barcelona TTT<\/strong> to open the race (Stage 1).<\/li>\n<li>A <strong>late individual time trial<\/strong>, expected to take place near Lake Geneva.<\/li>\n<\/ul>\n<p style=\"font-weight: 400;\">The second could prove decisive. At roughly 35 km with rolling terrain, it\u2019s perfectly placed to reshuffle the top ten before the final two mountain showdowns. A disciplined all-rounder, someone like <strong>Poga\u010dar<\/strong> or <strong>Evenepoel<\/strong>, could turn small gaps into minutes.<\/p>\n<h2><strong>The decisive Alpine double<\/strong><\/h2>\n<p style=\"font-weight: 400;\">The organisers have saved the biggest theatre for the end. The <strong>final Alpine block<\/strong> looks absolutely savage:<\/p>\n<h4><strong>Stage 19 \u2013 Gap \u2192 Alpe d\u2019Huez<br \/>\n<\/strong><\/h4>\n<p>A long transition that grows steadily more vertical, climbing through <strong>La Mure<\/strong>, <strong>Ornon<\/strong>, and finishing on the 21 hairpins of Alpe d\u2019Huez. Expect fireworks from the GC contenders and perhaps the first real cracks among the pure climbers.<\/p>\n<h4><strong>Stage 20 \u2013 Bourg d\u2019Oisans \u2192 Alpe d\u2019Huez (via Croix de Fer, T\u00e9l\u00e9graphe &amp; Galibier)<br \/>\n<\/strong><\/h4>\n<p>The Queen Stage. Nearly 5,000 metres of elevation gain, a double ascent of <a href=\"https:\/\/www.welovecycling.com\/wide\/ride-tested\/alpe-dhuez\/\" target=\"_blank\" rel=\"noopener\">Alpe d\u2019Huez<\/a> (including the lesser-known Col de Sarenne descent and return climb), and two legendary passes that could make or break yellow dreams.<\/p>\n<p>The Tour hasn\u2019t used this configuration before; it\u2019s a masterstroke of geography and sadism.<\/p>\n<p style=\"font-weight: 400;\">The GC battle will almost certainly be settled here. Whoever wears yellow at the top of the Alpe on Stage 20 will likely parade it through Paris the next day.<\/p>\n<blockquote class=\"instagram-media\" style=\"background: #FFF; border: 0; border-radius: 3px; box-shadow: 0 0 1px 0 rgba(0,0,0,0.5),0 1px 10px 0 rgba(0,0,0,0.15); margin: 1px; max-width: 540px; min-width: 326px; padding: 0; width: calc(100% - 2px);\" data-instgrm-captioned=\"\" data-instgrm-permalink=\"https:\/\/www.instagram.com\/p\/DQJqRvWiG5F\/?utm_source=ig_embed&amp;utm_campaign=loading\" data-instgrm-version=\"14\">\n<div style=\"padding: 16px;\">\n<p>&nbsp;<\/p>\n<div style=\"display: flex; flex-direction: row; align-items: center;\">\n<div style=\"background-color: #f4f4f4; border-radius: 50%; flex-grow: 0; height: 40px; margin-right: 14px; width: 40px;\"><\/div>\n<div style=\"display: flex; flex-direction: column; flex-grow: 1; justify-content: center;\">\n<div style=\"background-color: #f4f4f4; border-radius: 4px; flex-grow: 0; height: 14px; margin-bottom: 6px; width: 100px;\"><\/div>\n<div style=\"background-color: #f4f4f4; border-radius: 4px; flex-grow: 0; height: 14px; width: 60px;\"><\/div>\n<\/div>\n<\/div>\n<div style=\"padding: 19% 0;\"><\/div>\n<div style=\"display: block; height: 50px; margin: 0 auto 12px; width: 50px;\"><\/div>\n<div style=\"padding-top: 8px;\">\n<div style=\"color: #3897f0; font-family: Arial,sans-serif; font-size: 14px; font-style: normal; font-weight: 550; line-height: 18px;\">Zobrazit p\u0159\u00edsp\u011bvek na Instagramu<\/div>\n<\/div>\n<div style=\"padding: 12.5% 0;\"><\/div>\n<div style=\"display: flex; flex-direction: row; margin-bottom: 14px; align-items: center;\">\n<div>\n<div style=\"background-color: #f4f4f4; border-radius: 50%; height: 12.5px; width: 12.5px; transform: translateX(0px) translateY(7px);\"><\/div>\n<div style=\"background-color: #f4f4f4; height: 12.5px; transform: rotate(-45deg) translateX(3px) translateY(1px); width: 12.5px; flex-grow: 0; margin-right: 14px; margin-left: 2px;\"><\/div>\n<div style=\"background-color: #f4f4f4; border-radius: 50%; height: 12.5px; width: 12.5px; transform: translateX(9px) translateY(-18px);\"><\/div>\n<\/div>\n<div style=\"margin-left: 8px;\">\n<div style=\"background-color: #f4f4f4; border-radius: 50%; flex-grow: 0; height: 20px; width: 20px;\"><\/div>\n<div style=\"width: 0; height: 0; border-top: 2px solid transparent; border-left: 6px solid #f4f4f4; border-bottom: 2px solid transparent; transform: translateX(16px) translateY(-4px) rotate(30deg);\"><\/div>\n<\/div>\n<div style=\"margin-left: auto;\">\n<div style=\"width: 0px; border-top: 8px solid #F4F4F4; border-right: 8px solid transparent; transform: translateY(16px);\"><\/div>\n<div style=\"background-color: #f4f4f4; flex-grow: 0; height: 12px; width: 16px; transform: translateY(-4px);\"><\/div>\n<div style=\"width: 0; height: 0; border-top: 8px solid #F4F4F4; border-left: 8px solid transparent; transform: translateY(-4px) translateX(8px);\"><\/div>\n<\/div>\n<\/div>\n<div style=\"display: flex; flex-direction: column; flex-grow: 1; justify-content: center; margin-bottom: 24px;\">\n<div style=\"background-color: #f4f4f4; border-radius: 4px; flex-grow: 0; height: 14px; margin-bottom: 6px; width: 224px;\"><\/div>\n<div style=\"background-color: #f4f4f4; border-radius: 4px; flex-grow: 0; height: 14px; width: 144px;\"><\/div>\n<\/div>\n<p>&nbsp;<\/p>\n<p style=\"color: #c9c8cd; font-family: Arial,sans-serif; font-size: 14px; line-height: 17px; margin-bottom: 0; margin-top: 8px; overflow: hidden; padding: 8px 0 7px; text-align: center; text-overflow: ellipsis; white-space: nowrap;\"><a style=\"color: #c9c8cd; font-family: Arial,sans-serif; font-size: 14px; font-style: normal; font-weight: normal; line-height: 17px; text-decoration: none;\" href=\"https:\/\/www.instagram.com\/p\/DQJqRvWiG5F\/?utm_source=ig_embed&amp;utm_campaign=loading\" target=\"_blank\" rel=\"noopener\">P\u0159\u00edsp\u011bvek sd\u00edlen\u00fd Tour de France\u2122 (@letourdefrance)<\/a><\/p>\n<\/div>\n<\/blockquote>\n<h2><script async src=\"\/\/www.instagram.com\/embed.js\"><\/script><strong>Back to Paris<\/strong><\/h2>\n<p style=\"font-weight: 400;\">The final stage brings the peloton back to Paris for the traditional sprint showdown, but there\u2019s a twist: a Montmartre circuit returns, with its cobbled slopes and postcard skyline views. It\u2019s one for the sprinters who can handle a punchy finish: Philipsen, Pedersen, Jakobsen, maybe even Girmay.<\/p>\n<h2><strong>Who the route favours<\/strong><\/h2>\n<ul>\n<li><strong>Tadej Poga\u010dar<\/strong>: The mix of early climbing, a late time trial and multiple summit finishes is practically written for him.<\/li>\n<li><strong>Jonas Vingegaard<\/strong>: Will love the Lioran and Galibier climbs but may lose early seconds in the TTT.<\/li>\n<li><strong>Remco Evenepoel<\/strong>: The two time trials could play perfectly if he can survive the Alpine brutality.<\/li>\n<li><strong>Carlos Rodr\u00edguez \/ Juan Ayuso<\/strong>: Dark horses \u2014 comfortable in heat, strong on medium-mountain terrain, both could shine in Catalonia and the Pyrenees.<\/li>\n<li><strong>Primo\u017e Rogli\u010d<\/strong>: A route that rewards control and power; if he arrives healthy, he\u2019ll be dangerous.<\/li>\n<\/ul>\n<blockquote class=\"instagram-media\" style=\"background: #FFF; border: 0; border-radius: 3px; box-shadow: 0 0 1px 0 rgba(0,0,0,0.5),0 1px 10px 0 rgba(0,0,0,0.15); margin: 1px; max-width: 540px; min-width: 326px; padding: 0; width: calc(100% - 2px);\" data-instgrm-captioned=\"\" data-instgrm-permalink=\"https:\/\/www.instagram.com\/reel\/DQJUun8iGfN\/?utm_source=ig_embed&amp;utm_campaign=loading\" data-instgrm-version=\"14\">\n<div style=\"padding: 16px;\">\n<p>&nbsp;<\/p>\n<div style=\"display: flex; flex-direction: row; align-items: center;\">\n<div style=\"background-color: #f4f4f4; border-radius: 50%; flex-grow: 0; height: 40px; margin-right: 14px; width: 40px;\"><\/div>\n<div style=\"display: flex; flex-direction: column; flex-grow: 1; justify-content: center;\">\n<div style=\"background-color: #f4f4f4; border-radius: 4px; flex-grow: 0; height: 14px; margin-bottom: 6px; width: 100px;\"><\/div>\n<div style=\"background-color: #f4f4f4; border-radius: 4px; flex-grow: 0; height: 14px; width: 60px;\"><\/div>\n<\/div>\n<\/div>\n<div style=\"padding: 19% 0;\"><\/div>\n<div style=\"display: block; height: 50px; margin: 0 auto 12px; width: 50px;\"><\/div>\n<div style=\"padding-top: 8px;\">\n<div style=\"color: #3897f0; font-family: Arial,sans-serif; font-size: 14px; font-style: normal; font-weight: 550; line-height: 18px;\">Zobrazit p\u0159\u00edsp\u011bvek na Instagramu<\/div>\n<\/div>\n<div style=\"padding: 12.5% 0;\"><\/div>\n<div style=\"display: flex; flex-direction: row; margin-bottom: 14px; align-items: center;\">\n<div>\n<div style=\"background-color: #f4f4f4; border-radius: 50%; height: 12.5px; width: 12.5px; transform: translateX(0px) translateY(7px);\"><\/div>\n<div style=\"background-color: #f4f4f4; height: 12.5px; transform: rotate(-45deg) translateX(3px) translateY(1px); width: 12.5px; flex-grow: 0; margin-right: 14px; margin-left: 2px;\"><\/div>\n<div style=\"background-color: #f4f4f4; border-radius: 50%; height: 12.5px; width: 12.5px; transform: translateX(9px) translateY(-18px);\"><\/div>\n<\/div>\n<div style=\"margin-left: 8px;\">\n<div style=\"background-color: #f4f4f4; border-radius: 50%; flex-grow: 0; height: 20px; width: 20px;\"><\/div>\n<div style=\"width: 0; height: 0; border-top: 2px solid transparent; border-left: 6px solid #f4f4f4; border-bottom: 2px solid transparent; transform: translateX(16px) translateY(-4px) rotate(30deg);\"><\/div>\n<\/div>\n<div style=\"margin-left: auto;\">\n<div style=\"width: 0px; border-top: 8px solid #F4F4F4; border-right: 8px solid transparent; transform: translateY(16px);\"><\/div>\n<div style=\"background-color: #f4f4f4; flex-grow: 0; height: 12px; width: 16px; transform: translateY(-4px);\"><\/div>\n<div style=\"width: 0; height: 0; border-top: 8px solid #F4F4F4; border-left: 8px solid transparent; transform: translateY(-4px) translateX(8px);\"><\/div>\n<\/div>\n<\/div>\n<div style=\"display: flex; flex-direction: column; flex-grow: 1; justify-content: center; margin-bottom: 24px;\">\n<div style=\"background-color: #f4f4f4; border-radius: 4px; flex-grow: 0; height: 14px; margin-bottom: 6px; width: 224px;\"><\/div>\n<div style=\"background-color: #f4f4f4; border-radius: 4px; flex-grow: 0; height: 14px; width: 144px;\"><\/div>\n<\/div>\n<p>&nbsp;<\/p>\n<p style=\"color: #c9c8cd; font-family: Arial,sans-serif; font-size: 14px; line-height: 17px; margin-bottom: 0; margin-top: 8px; overflow: hidden; padding: 8px 0 7px; text-align: center; text-overflow: ellipsis; white-space: nowrap;\"><a style=\"color: #c9c8cd; font-family: Arial,sans-serif; font-size: 14px; font-style: normal; font-weight: normal; line-height: 17px; text-decoration: none;\" href=\"https:\/\/www.instagram.com\/reel\/DQJUun8iGfN\/?utm_source=ig_embed&amp;utm_campaign=loading\" target=\"_blank\" rel=\"noopener\">P\u0159\u00edsp\u011bvek sd\u00edlen\u00fd \u0160koda We Love Cycling (@wlcmagazine)<\/a><\/p>\n<\/div>\n<\/blockquote>\n<p><script async src=\"\/\/www.instagram.com\/embed.js\"><\/script><strong style=\"font-family: 'SKODA Next', 'Adjusted Arial Fallback', sans-serif; font-size: 1.8em;\">What to expect<\/strong><\/p>\n<p><strong>Early tension.<\/strong> The Barcelona TTT will immediately stretch the GC.<\/p>\n<p><strong>Crosswind drama.<\/strong> Stages 2\u20134 along the Mediterranean coast could see the peloton split to pieces.<\/p>\n<p><strong>Relentless middle week.<\/strong> The Massif Central and Vosges may look tame, but the rolling terrain could decide the green jersey and eliminate tired legs before the Alps.<\/p>\n<p><strong>High-altitude suffering.<\/strong> With summit finishes in Les Angles, Gavarnie, Solaison and double Alpe d\u2019Huez, recovery will be the true differentiator.<\/p>\n<p style=\"font-weight: 400;\">The 2026 Tour de France has all the ingredients of a classic: an ambitious foreign start, a route that discourages passivity, and a finale built for legends. It\u2019s less about defending yellow and more about daring to take it. We cannot wait for it to start.<\/p>\n","protected":false},"excerpt":{"rendered":"<p>The 113th edition of the Tour de France, unveiled in Paris on 23 October 2025, will run from 4 to [&hellip;]<\/p>\n","protected":false},"author":99,"featured_media":204049,"comment_status":"closed","ping_status":"open","sticky":false,"template":"","format":"standard","meta":{"footnotes":""},"categories":[329],"tags":[8747,8748,433],"global-categories":[3366],"class_list":["post-204047","post","type-post","status-publish","format-standard","has-post-thumbnail","hentry","category-road-cycling","tag-2026-tour","tag-2026-tour-de-france-route","tag-tour-de-france","global-categories-cycling"],"yoast_head":"<!-- This site is optimized with the Yoast SEO Premium plugin v25.3 (Yoast SEO v25.9) - https:\/\/yoast.com\/wordpress\/plugins\/seo\/ -->\n<title>Tour de France 2026 Route: A Commentary<\/title>\n<meta name=\"description\" content=\"The 113th edition of the Tour de France, unveiled in Paris on 23 October 2025, will run from 4 to 26 July 2026. It opens with a bold Grand D\u00e9part in\" \/>\n<meta name=\"robots\" content=\"index, follow, max-snippet:-1, max-image-preview:large, max-video-preview:-1\" \/>\n<link rel=\"canonical\" href=\"https:\/\/www.welovecycling.com\/wide\/2025\/10\/23\/tour-de-france-2026-barcelona-grand-depart-alpine-showdowns-and-early-stakes\/\" \/>\n<meta property=\"og:locale\" content=\"en_US\" \/>\n<meta property=\"og:type\" content=\"article\" \/>\n<meta property=\"og:title\" content=\"Tour de France 2026: Barcelona Grand D\u00e9part, Alpine Showdowns and Early Stakes\" \/>\n<meta property=\"og:description\" content=\"The 113th edition of the Tour de France, unveiled in Paris on 23 October 2025, will run from 4 to 26 July 2026. It opens with a bold Grand D\u00e9part in\" \/>\n<meta property=\"og:url\" content=\"https:\/\/www.welovecycling.com\/wide\/2025\/10\/23\/tour-de-france-2026-barcelona-grand-depart-alpine-showdowns-and-early-stakes\/\" \/>\n<meta property=\"og:site_name\" content=\"\u0160koda We Love Cycling\" \/>\n<meta property=\"article:published_time\" content=\"2025-10-23T12:39:11+00:00\" \/>\n<meta property=\"og:image\" content=\"https:\/\/d2p6e6u75xmxt8.cloudfront.net\/2\/2025\/10\/Tour-26-Route-Prudhomme-profimedia-1047599541-CVR.webp\" \/>\n\t<meta property=\"og:image:width\" content=\"990\" \/>\n\t<meta property=\"og:image:height\" content=\"660\" \/>\n\t<meta property=\"og:image:type\" content=\"image\/webp\" \/>\n<meta name=\"author\" content=\"tereza\" \/>\n<meta name=\"twitter:card\" content=\"summary_large_image\" \/>\n<meta name=\"twitter:label1\" content=\"Written by\" \/>\n\t<meta name=\"twitter:data1\" content=\"Monica Buck\" \/>\n\t<meta name=\"twitter:label2\" content=\"Est. reading time\" \/>\n\t<meta name=\"twitter:data2\" content=\"3\" \/>\n<script type=\"application\/ld+json\" class=\"yoast-schema-graph\">{\"@context\":\"https:\/\/schema.org\",\"@graph\":[{\"@type\":\"WebPage\",\"@id\":\"https:\/\/www.welovecycling.com\/wide\/2025\/10\/23\/tour-de-france-2026-barcelona-grand-depart-alpine-showdowns-and-early-stakes\/\",\"url\":\"https:\/\/www.welovecycling.com\/wide\/2025\/10\/23\/tour-de-france-2026-barcelona-grand-depart-alpine-showdowns-and-early-stakes\/\",\"name\":\"Tour de France 2026 Route: A Commentary\",\"isPartOf\":{\"@id\":\"https:\/\/www.welovecycling.com\/wide\/#website\"},\"primaryImageOfPage\":{\"@id\":\"https:\/\/www.welovecycling.com\/wide\/2025\/10\/23\/tour-de-france-2026-barcelona-grand-depart-alpine-showdowns-and-early-stakes\/#primaryimage\"},\"image\":{\"@id\":\"https:\/\/www.welovecycling.com\/wide\/2025\/10\/23\/tour-de-france-2026-barcelona-grand-depart-alpine-showdowns-and-early-stakes\/#primaryimage\"},\"thumbnailUrl\":\"https:\/\/d2p6e6u75xmxt8.cloudfront.net\/2\/2025\/10\/Tour-26-Route-Prudhomme-profimedia-1047599541-CVR.webp\",\"datePublished\":\"2025-10-23T12:39:11+00:00\",\"author\":{\"@id\":\"https:\/\/www.welovecycling.com\/wide\/#\/schema\/person\/50f01ecd18718d2333cf72e823c4f926\"},\"description\":\"The 113th edition of the Tour de France, unveiled in Paris on 23 October 2025, will run from 4 to 26 July 2026. It opens with a bold Grand D\u00e9part in\",\"breadcrumb\":{\"@id\":\"https:\/\/www.welovecycling.com\/wide\/2025\/10\/23\/tour-de-france-2026-barcelona-grand-depart-alpine-showdowns-and-early-stakes\/#breadcrumb\"},\"inLanguage\":\"en-US\",\"potentialAction\":[{\"@type\":\"ReadAction\",\"target\":[\"https:\/\/www.welovecycling.com\/wide\/2025\/10\/23\/tour-de-france-2026-barcelona-grand-depart-alpine-showdowns-and-early-stakes\/\"]}]},{\"@type\":\"ImageObject\",\"inLanguage\":\"en-US\",\"@id\":\"https:\/\/www.welovecycling.com\/wide\/2025\/10\/23\/tour-de-france-2026-barcelona-grand-depart-alpine-showdowns-and-early-stakes\/#primaryimage\",\"url\":\"https:\/\/d2p6e6u75xmxt8.cloudfront.net\/2\/2025\/10\/Tour-26-Route-Prudhomme-profimedia-1047599541-CVR.webp\",\"contentUrl\":\"https:\/\/d2p6e6u75xmxt8.cloudfront.net\/2\/2025\/10\/Tour-26-Route-Prudhomme-profimedia-1047599541-CVR.webp\",\"width\":990,\"height\":660,\"caption\":\"2026 Tour Route\"},{\"@type\":\"BreadcrumbList\",\"@id\":\"https:\/\/www.welovecycling.com\/wide\/2025\/10\/23\/tour-de-france-2026-barcelona-grand-depart-alpine-showdowns-and-early-stakes\/#breadcrumb\",\"itemListElement\":[{\"@type\":\"ListItem\",\"position\":1,\"name\":\"Home\",\"item\":\"https:\/\/www.welovecycling.com\/wide\/\"},{\"@type\":\"ListItem\",\"position\":2,\"name\":\"Tour de France 2026: Barcelona Grand D\u00e9part, Alpine Showdowns and Early Stakes\"}]},{\"@type\":\"WebSite\",\"@id\":\"https:\/\/www.welovecycling.com\/wide\/#website\",\"url\":\"https:\/\/www.welovecycling.com\/wide\/\",\"name\":\"\u0160koda We Love Cycling\",\"description\":\"\u0160koda We Love Cycling magazine\",\"alternateName\":\"\u0160koda WLC\",\"potentialAction\":[{\"@type\":\"SearchAction\",\"target\":{\"@type\":\"EntryPoint\",\"urlTemplate\":\"https:\/\/www.welovecycling.com\/wide\/?s={search_term_string}\"},\"query-input\":{\"@type\":\"PropertyValueSpecification\",\"valueRequired\":true,\"valueName\":\"search_term_string\"}}],\"inLanguage\":\"en-US\"},{\"@type\":\"Person\",\"@id\":\"https:\/\/www.welovecycling.com\/wide\/#\/schema\/person\/50f01ecd18718d2333cf72e823c4f926\",\"name\":\"tereza\",\"image\":{\"@type\":\"ImageObject\",\"inLanguage\":\"en-US\",\"@id\":\"https:\/\/www.welovecycling.com\/wide\/#\/schema\/person\/image\/\",\"url\":\"https:\/\/secure.gravatar.com\/avatar\/1f9eb71be33845f0afabce3791bc1c58ecdb0a25c62964987e5dbcf7a20d2ec7?s=96&d=mm&r=g\",\"contentUrl\":\"https:\/\/secure.gravatar.com\/avatar\/1f9eb71be33845f0afabce3791bc1c58ecdb0a25c62964987e5dbcf7a20d2ec7?s=96&d=mm&r=g\",\"caption\":\"tereza\"},\"url\":\"https:\/\/www.welovecycling.com\/wide\/author\/tereza\/\"}]}<\/script>\n<!-- \/ Yoast SEO Premium plugin. -->","yoast_head_json":{"title":"Tour de France 2026 Route: A Commentary","description":"The 113th edition of the Tour de France, unveiled in Paris on 23 October 2025, will run from 4 to 26 July 2026. It opens with a bold Grand D\u00e9part in","robots":{"index":"index","follow":"follow","max-snippet":"max-snippet:-1","max-image-preview":"max-image-preview:large","max-video-preview":"max-video-preview:-1"},"canonical":"https:\/\/www.welovecycling.com\/wide\/2025\/10\/23\/tour-de-france-2026-barcelona-grand-depart-alpine-showdowns-and-early-stakes\/","og_locale":"en_US","og_type":"article","og_title":"Tour de France 2026: Barcelona Grand D\u00e9part, Alpine Showdowns and Early Stakes","og_description":"The 113th edition of the Tour de France, unveiled in Paris on 23 October 2025, will run from 4 to 26 July 2026. It opens with a bold Grand D\u00e9part in","og_url":"https:\/\/www.welovecycling.com\/wide\/2025\/10\/23\/tour-de-france-2026-barcelona-grand-depart-alpine-showdowns-and-early-stakes\/","og_site_name":"\u0160koda We Love Cycling","article_published_time":"2025-10-23T12:39:11+00:00","og_image":[{"width":990,"height":660,"url":"https:\/\/d2p6e6u75xmxt8.cloudfront.net\/2\/2025\/10\/Tour-26-Route-Prudhomme-profimedia-1047599541-CVR.webp","type":"image\/webp"}],"author":"tereza","twitter_card":"summary_large_image","twitter_misc":{"Written by":"Monica Buck","Est. reading time":"3"},"schema":{"@context":"https:\/\/schema.org","@graph":[{"@type":"WebPage","@id":"https:\/\/www.welovecycling.com\/wide\/2025\/10\/23\/tour-de-france-2026-barcelona-grand-depart-alpine-showdowns-and-early-stakes\/","url":"https:\/\/www.welovecycling.com\/wide\/2025\/10\/23\/tour-de-france-2026-barcelona-grand-depart-alpine-showdowns-and-early-stakes\/","name":"Tour de France 2026 Route: A Commentary","isPartOf":{"@id":"https:\/\/www.welovecycling.com\/wide\/#website"},"primaryImageOfPage":{"@id":"https:\/\/www.welovecycling.com\/wide\/2025\/10\/23\/tour-de-france-2026-barcelona-grand-depart-alpine-showdowns-and-early-stakes\/#primaryimage"},"image":{"@id":"https:\/\/www.welovecycling.com\/wide\/2025\/10\/23\/tour-de-france-2026-barcelona-grand-depart-alpine-showdowns-and-early-stakes\/#primaryimage"},"thumbnailUrl":"https:\/\/d2p6e6u75xmxt8.cloudfront.net\/2\/2025\/10\/Tour-26-Route-Prudhomme-profimedia-1047599541-CVR.webp","datePublished":"2025-10-23T12:39:11+00:00","author":{"@id":"https:\/\/www.welovecycling.com\/wide\/#\/schema\/person\/50f01ecd18718d2333cf72e823c4f926"},"description":"The 113th edition of the Tour de France, unveiled in Paris on 23 October 2025, will run from 4 to 26 July 2026. It opens with a bold Grand D\u00e9part in","breadcrumb":{"@id":"https:\/\/www.welovecycling.com\/wide\/2025\/10\/23\/tour-de-france-2026-barcelona-grand-depart-alpine-showdowns-and-early-stakes\/#breadcrumb"},"inLanguage":"en-US","potentialAction":[{"@type":"ReadAction","target":["https:\/\/www.welovecycling.com\/wide\/2025\/10\/23\/tour-de-france-2026-barcelona-grand-depart-alpine-showdowns-and-early-stakes\/"]}]},{"@type":"ImageObject","inLanguage":"en-US","@id":"https:\/\/www.welovecycling.com\/wide\/2025\/10\/23\/tour-de-france-2026-barcelona-grand-depart-alpine-showdowns-and-early-stakes\/#primaryimage","url":"https:\/\/d2p6e6u75xmxt8.cloudfront.net\/2\/2025\/10\/Tour-26-Route-Prudhomme-profimedia-1047599541-CVR.webp","contentUrl":"https:\/\/d2p6e6u75xmxt8.cloudfront.net\/2\/2025\/10\/Tour-26-Route-Prudhomme-profimedia-1047599541-CVR.webp","width":990,"height":660,"caption":"2026 Tour Route"},{"@type":"BreadcrumbList","@id":"https:\/\/www.welovecycling.com\/wide\/2025\/10\/23\/tour-de-france-2026-barcelona-grand-depart-alpine-showdowns-and-early-stakes\/#breadcrumb","itemListElement":[{"@type":"ListItem","position":1,"name":"Home","item":"https:\/\/www.welovecycling.com\/wide\/"},{"@type":"ListItem","position":2,"name":"Tour de France 2026: Barcelona Grand D\u00e9part, Alpine Showdowns and Early Stakes"}]},{"@type":"WebSite","@id":"https:\/\/www.welovecycling.com\/wide\/#website","url":"https:\/\/www.welovecycling.com\/wide\/","name":"\u0160koda We Love Cycling","description":"\u0160koda We Love Cycling magazine","alternateName":"\u0160koda WLC","potentialAction":[{"@type":"SearchAction","target":{"@type":"EntryPoint","urlTemplate":"https:\/\/www.welovecycling.com\/wide\/?s={search_term_string}"},"query-input":{"@type":"PropertyValueSpecification","valueRequired":true,"valueName":"search_term_string"}}],"inLanguage":"en-US"},{"@type":"Person","@id":"https:\/\/www.welovecycling.com\/wide\/#\/schema\/person\/50f01ecd18718d2333cf72e823c4f926","name":"tereza","image":{"@type":"ImageObject","inLanguage":"en-US","@id":"https:\/\/www.welovecycling.com\/wide\/#\/schema\/person\/image\/","url":"https:\/\/secure.gravatar.com\/avatar\/1f9eb71be33845f0afabce3791bc1c58ecdb0a25c62964987e5dbcf7a20d2ec7?s=96&d=mm&r=g","contentUrl":"https:\/\/secure.gravatar.com\/avatar\/1f9eb71be33845f0afabce3791bc1c58ecdb0a25c62964987e5dbcf7a20d2ec7?s=96&d=mm&r=g","caption":"tereza"},"url":"https:\/\/www.welovecycling.com\/wide\/author\/tereza\/"}]}},"_links":{"self":[{"href":"https:\/\/www.welovecycling.com\/wide\/wp-json\/wp\/v2\/posts\/204047","targetHints":{"allow":["GET"]}}],"collection":[{"href":"https:\/\/www.welovecycling.com\/wide\/wp-json\/wp\/v2\/posts"}],"about":[{"href":"https:\/\/www.welovecycling.com\/wide\/wp-json\/wp\/v2\/types\/post"}],"author":[{"embeddable":true,"href":"https:\/\/www.welovecycling.com\/wide\/wp-json\/wp\/v2\/users\/99"}],"replies":[{"embeddable":true,"href":"https:\/\/www.welovecycling.com\/wide\/wp-json\/wp\/v2\/comments?post=204047"}],"version-history":[{"count":3,"href":"https:\/\/www.welovecycling.com\/wide\/wp-json\/wp\/v2\/posts\/204047\/revisions"}],"predecessor-version":[{"id":204051,"href":"https:\/\/www.welovecycling.com\/wide\/wp-json\/wp\/v2\/posts\/204047\/revisions\/204051"}],"wp:featuredmedia":[{"embeddable":true,"href":"https:\/\/www.welovecycling.com\/wide\/wp-json\/wp\/v2\/media\/204049"}],"wp:attachment":[{"href":"https:\/\/www.welovecycling.com\/wide\/wp-json\/wp\/v2\/media?parent=204047"}],"wp:term":[{"taxonomy":"category","embeddable":true,"href":"https:\/\/www.welovecycling.com\/wide\/wp-json\/wp\/v2\/categories?post=204047"},{"taxonomy":"post_tag","embeddable":true,"href":"https:\/\/www.welovecycling.com\/wide\/wp-json\/wp\/v2\/tags?post=204047"},{"taxonomy":"global-categories","embeddable":true,"href":"https:\/\/www.welovecycling.com\/wide\/wp-json\/wp\/v2\/global-categories?post=204047"}],"curies":[{"name":"wp","href":"https:\/\/api.w.org\/{rel}","templated":true}]}}