{"id":204031,"date":"2025-10-22T14:54:25","date_gmt":"2025-10-22T14:54:25","guid":{"rendered":"https:\/\/www.welovecycling.com\/wide\/?p=204031"},"modified":"2025-10-22T14:54:25","modified_gmt":"2025-10-22T14:54:25","slug":"the-five-personalities-of-a-cyclist-at-a-cafe-stop-in-october","status":"publish","type":"post","link":"https:\/\/www.welovecycling.com\/wide\/2025\/10\/22\/the-five-personalities-of-a-cyclist-at-a-cafe-stop-in-october\/","title":{"rendered":"The Five Personalities of a Cyclist at a Caf\u00e9 Stop in October"},"content":{"rendered":"<p style=\"font-weight: 400;\"><strong>October caf\u00e9 stops are not like summer caf\u00e9 stops.<\/strong> <strong>Gone is the carefree lounging, the exposed tanlines, the effortless sipping of espressos in the sun.<\/strong><\/p>\n<p><!--more--><\/p>\n<p style=\"font-weight: 400;\">October caf\u00e9 stops are <em>survival scenarios<\/em>. A liminal space between hope and hypothermia. The coffee is hotter. The desperation is realer. The personalities? Sharpened by windchill and bad decisions.<\/p>\n<p style=\"font-weight: 400;\">Here are the five types of cyclists you\u2019ll meet, and possibly become, when the temperature drops and the pastries are the only warm thing within 20km.<\/p>\n<h2><strong>The shivering latte hugger<\/strong><\/h2>\n<p style=\"font-weight: 400;\">You\u2019ll spot them instantly: both hands wrapped around a mug like it&#8217;s the last source of heat on Earth. Helmet still on. Jaw chattering. Eyes hollow.<\/p>\n<p style=\"font-weight: 400;\">They do not speak. They do not sip. They simply <em>absorb<\/em> heat via ceramic osmosis.<\/p>\n<p style=\"font-weight: 400;\">Their fingers no longer work. Their gloves are soaked. They\u2019ve forgotten how to chew. Their bike is parked at a 45-degree angle because they no longer possess the core stability to use a kickstand.<\/p>\n<p style=\"font-weight: 400;\">You offer them a napkin. They blink once.<\/p>\n<p style=\"font-weight: 400;\">They are not okay.<\/p>\n<figure id=\"attachment_204033\" aria-describedby=\"caption-attachment-204033\" style=\"width: 990px\" class=\"wp-caption alignnone\"><a href=\"https:\/\/d2p6e6u75xmxt8.cloudfront.net\/2\/2025\/10\/Cyclists-Cafe-profimedia-0966937890.webp\"><img loading=\"lazy\" decoding=\"async\" class=\"wp-image-204033 size-full\" src=\"https:\/\/d2p6e6u75xmxt8.cloudfront.net\/2\/2025\/10\/Cyclists-Cafe-profimedia-0966937890.webp\" alt=\"Cycling Cafe\" width=\"990\" height=\"660\" srcset=\"https:\/\/d2p6e6u75xmxt8.cloudfront.net\/2\/2025\/10\/Cyclists-Cafe-profimedia-0966937890.webp 990w, https:\/\/d2p6e6u75xmxt8.cloudfront.net\/2\/2025\/10\/Cyclists-Cafe-profimedia-0966937890-300x200.webp 300w, https:\/\/d2p6e6u75xmxt8.cloudfront.net\/2\/2025\/10\/Cyclists-Cafe-profimedia-0966937890-768x512.webp 768w, https:\/\/d2p6e6u75xmxt8.cloudfront.net\/2\/2025\/10\/Cyclists-Cafe-profimedia-0966937890-400x267.webp 400w, https:\/\/d2p6e6u75xmxt8.cloudfront.net\/2\/2025\/10\/Cyclists-Cafe-profimedia-0966937890-272x182.webp 272w\" sizes=\"auto, (max-width: 990px) 100vw, 990px\" \/><\/a><figcaption id=\"caption-attachment-204033\" class=\"wp-caption-text\">October caf\u00e9 stops are not like summer caf\u00e9 stops. Gone is the carefree lounging, the exposed tanlines, the effortless sipping of espressos in the sun. \u00a9 Profimedia<\/figcaption><\/figure>\n<h2><strong>The smug guy in merino<\/strong><\/h2>\n<p style=\"font-weight: 400;\">This one is <em>thriving<\/em>.<br \/>\nHe\u2019s warm. He\u2019s dry. He looks like a walking <a href=\"https:\/\/www.rapha.cc\/gb\/en\">Rapha<\/a> catalogue and smells faintly of eucalyptus and self-righteousness.<\/p>\n<p style=\"font-weight: 400;\">\u201cI told you guys merino was the move,\u201d he says, unwrapping his banana bread with steady hands and clear sinuses.<\/p>\n<p style=\"font-weight: 400;\">He does not appear to have sweat glands. Or regrets.<br \/>\nHe doesn\u2019t <em>need<\/em> overshoes, he says. \u201cWool socks do the job.\u201d<br \/>\nYou consider stabbing him with your spoon.<\/p>\n<h2><strong>The compulsive adjuster<\/strong><\/h2>\n<p style=\"font-weight: 400;\">They arrive and immediately start rearranging everything: gloves off, gilet unzipped, base layer halfway removed, neck buff turned into a hat, hat turned into a napkin.<\/p>\n<p style=\"font-weight: 400;\">They cannot sit still. They are locked in a battle with their own clothing. Their thermal tights are inside-out. Their jersey is now a cape. Their shoe covers are somewhere near the espresso machine.<\/p>\n<p style=\"font-weight: 400;\">They speak only in sighs and muttered phrases like \u201cI <em>knew<\/em> I shouldn\u2019t have worn the windstopper.\u201d<\/p>\n<p style=\"font-weight: 400;\">They will leave in a completely different outfit than they arrived in. Possibly someone else\u2019s.<\/p>\n<h2><strong>The one who brought a full change of clothes like a weirdo (a genius)<\/strong><\/h2>\n<p style=\"font-weight: 400;\">They reach into their saddlebag like Mary Poppins.<\/p>\n<p style=\"font-weight: 400;\">Out comes a dry base layer. Then socks. Then a spare neck warmer. Then a second set of gloves, warm from the depths of their smug, organised soul.<\/p>\n<p style=\"font-weight: 400;\">You laugh at first. Then you cry a little. Because this person is <em>not cold<\/em>. They are sipping hot chocolate in a clean jersey while you shiver in wet <a href=\"https:\/\/www.welovecycling.com\/wide\/2025\/09\/30\/lycra-layers-lies-dressing-for-a-ride-in-september\/\" target=\"_blank\" rel=\"noopener\">Lycra<\/a> that smells like agricultural runoff.<\/p>\n<p style=\"font-weight: 400;\">You call them a weirdo. But you also call them clever. Quietly. In your frostbitten heart.<\/p>\n<h2><strong>The \u201cwe should probably head back\u201d denialist<\/strong><\/h2>\n<p style=\"font-weight: 400;\">This one refuses to believe the temperature is dropping.<br \/>\n\u201cNo, we\u2019ll warm up on the way home,\u201d they say, as sleet begins to fall sideways.<\/p>\n<p style=\"font-weight: 400;\">They\u2019re the first to suggest outdoor seating. The first to remove their gloves. The last to admit that maybe, <em>just maybe<\/em>, October isn\u2019t late summer anymore.<\/p>\n<p style=\"font-weight: 400;\">You\u2019ll find them twenty minutes later, standing in the wind, crying into their cappuccino foam, whispering: \u201cI thought it would be sunny again by now.\u201d<\/p>\n<p style=\"font-weight: 400;\">It won\u2019t. It never is.<\/p>\n<h2><strong>Closing thoughts from the pastry cabinet<\/strong><\/h2>\n<p style=\"font-weight: 400;\">October caf\u00e9 stops are where cycling gets real. Your limits are tested. Your layering strategy is exposed. Your friendships are forged in shared suffering and wet saddles.<\/p>\n<p style=\"font-weight: 400;\">So bring gloves. Bring a plan. Bring a dry buff in a ziplock bag. Or just bring cash and enough charm to beg for indoor seating and a warm slice of banana bread.<\/p>\n<p style=\"font-weight: 400;\">You\u2019ll need both.<\/p>\n","protected":false},"excerpt":{"rendered":"<p>October caf\u00e9 stops are not like summer caf\u00e9 stops. Gone is the carefree lounging, the exposed tanlines, the effortless sipping [&hellip;]<\/p>\n","protected":false},"author":99,"featured_media":204032,"comment_status":"closed","ping_status":"open","sticky":false,"template":"","format":"standard","meta":{"footnotes":""},"categories":[334],"tags":[8742,7979,2668,6153],"global-categories":[3366],"class_list":["post-204031","post","type-post","status-publish","format-standard","has-post-thumbnail","hentry","category-socialising-and-culture","tag-coffee-stops","tag-cycling-cafe","tag-cycling-fun","tag-types-of-cyclists","global-categories-cycling"],"yoast_head":"<!-- This site is optimized with the Yoast SEO Premium plugin v25.3 (Yoast SEO v25.9) - https:\/\/yoast.com\/wordpress\/plugins\/seo\/ -->\n<title>The Five Personalities of a Cyclist at a Caf\u00e9 Stop in October - \u0160koda We Love Cycling<\/title>\n<meta name=\"description\" content=\"October caf\u00e9 stops are not like summer caf\u00e9 stops. Gone is the carefree lounging, the exposed tanlines, the effortless sipping of espressos in the sun.\" \/>\n<meta name=\"robots\" content=\"index, follow, max-snippet:-1, max-image-preview:large, max-video-preview:-1\" \/>\n<link rel=\"canonical\" href=\"https:\/\/www.welovecycling.com\/wide\/2025\/10\/22\/the-five-personalities-of-a-cyclist-at-a-cafe-stop-in-october\/\" \/>\n<meta property=\"og:locale\" content=\"en_US\" \/>\n<meta property=\"og:type\" content=\"article\" \/>\n<meta property=\"og:title\" content=\"The Five Personalities of a Cyclist at a Caf\u00e9 Stop in October\" \/>\n<meta property=\"og:description\" content=\"October caf\u00e9 stops are not like summer caf\u00e9 stops. Gone is the carefree lounging, the exposed tanlines, the effortless sipping of espressos in the sun.\" \/>\n<meta property=\"og:url\" content=\"https:\/\/www.welovecycling.com\/wide\/2025\/10\/22\/the-five-personalities-of-a-cyclist-at-a-cafe-stop-in-october\/\" \/>\n<meta property=\"og:site_name\" content=\"\u0160koda We Love Cycling\" \/>\n<meta property=\"article:published_time\" content=\"2025-10-22T14:54:25+00:00\" \/>\n<meta property=\"og:image\" content=\"https:\/\/d2p6e6u75xmxt8.cloudfront.net\/2\/2025\/10\/Tiesj-Benoot-Visma-Cafe-profimedia-1018399896-CVR.webp\" \/>\n\t<meta property=\"og:image:width\" content=\"990\" \/>\n\t<meta property=\"og:image:height\" content=\"660\" \/>\n\t<meta property=\"og:image:type\" content=\"image\/webp\" \/>\n<meta name=\"author\" content=\"tereza\" \/>\n<meta name=\"twitter:card\" content=\"summary_large_image\" \/>\n<meta name=\"twitter:label1\" content=\"Written by\" \/>\n\t<meta name=\"twitter:data1\" content=\"Monica Buck\" \/>\n\t<meta name=\"twitter:label2\" content=\"Est. reading time\" \/>\n\t<meta name=\"twitter:data2\" content=\"2\" \/>\n<script type=\"application\/ld+json\" class=\"yoast-schema-graph\">{\"@context\":\"https:\/\/schema.org\",\"@graph\":[{\"@type\":\"WebPage\",\"@id\":\"https:\/\/www.welovecycling.com\/wide\/2025\/10\/22\/the-five-personalities-of-a-cyclist-at-a-cafe-stop-in-october\/\",\"url\":\"https:\/\/www.welovecycling.com\/wide\/2025\/10\/22\/the-five-personalities-of-a-cyclist-at-a-cafe-stop-in-october\/\",\"name\":\"The Five Personalities of a Cyclist at a Caf\u00e9 Stop in October - \u0160koda We Love Cycling\",\"isPartOf\":{\"@id\":\"https:\/\/www.welovecycling.com\/wide\/#website\"},\"primaryImageOfPage\":{\"@id\":\"https:\/\/www.welovecycling.com\/wide\/2025\/10\/22\/the-five-personalities-of-a-cyclist-at-a-cafe-stop-in-october\/#primaryimage\"},\"image\":{\"@id\":\"https:\/\/www.welovecycling.com\/wide\/2025\/10\/22\/the-five-personalities-of-a-cyclist-at-a-cafe-stop-in-october\/#primaryimage\"},\"thumbnailUrl\":\"https:\/\/d2p6e6u75xmxt8.cloudfront.net\/2\/2025\/10\/Tiesj-Benoot-Visma-Cafe-profimedia-1018399896-CVR.webp\",\"datePublished\":\"2025-10-22T14:54:25+00:00\",\"author\":{\"@id\":\"https:\/\/www.welovecycling.com\/wide\/#\/schema\/person\/50f01ecd18718d2333cf72e823c4f926\"},\"description\":\"October caf\u00e9 stops are not like summer caf\u00e9 stops. Gone is the carefree lounging, the exposed tanlines, the effortless sipping of espressos in the sun.\",\"breadcrumb\":{\"@id\":\"https:\/\/www.welovecycling.com\/wide\/2025\/10\/22\/the-five-personalities-of-a-cyclist-at-a-cafe-stop-in-october\/#breadcrumb\"},\"inLanguage\":\"en-US\",\"potentialAction\":[{\"@type\":\"ReadAction\",\"target\":[\"https:\/\/www.welovecycling.com\/wide\/2025\/10\/22\/the-five-personalities-of-a-cyclist-at-a-cafe-stop-in-october\/\"]}]},{\"@type\":\"ImageObject\",\"inLanguage\":\"en-US\",\"@id\":\"https:\/\/www.welovecycling.com\/wide\/2025\/10\/22\/the-five-personalities-of-a-cyclist-at-a-cafe-stop-in-october\/#primaryimage\",\"url\":\"https:\/\/d2p6e6u75xmxt8.cloudfront.net\/2\/2025\/10\/Tiesj-Benoot-Visma-Cafe-profimedia-1018399896-CVR.webp\",\"contentUrl\":\"https:\/\/d2p6e6u75xmxt8.cloudfront.net\/2\/2025\/10\/Tiesj-Benoot-Visma-Cafe-profimedia-1018399896-CVR.webp\",\"width\":990,\"height\":660,\"caption\":\"Tiesj Benoot\"},{\"@type\":\"BreadcrumbList\",\"@id\":\"https:\/\/www.welovecycling.com\/wide\/2025\/10\/22\/the-five-personalities-of-a-cyclist-at-a-cafe-stop-in-october\/#breadcrumb\",\"itemListElement\":[{\"@type\":\"ListItem\",\"position\":1,\"name\":\"Home\",\"item\":\"https:\/\/www.welovecycling.com\/wide\/\"},{\"@type\":\"ListItem\",\"position\":2,\"name\":\"The Five Personalities of a Cyclist at a Caf\u00e9 Stop in October\"}]},{\"@type\":\"WebSite\",\"@id\":\"https:\/\/www.welovecycling.com\/wide\/#website\",\"url\":\"https:\/\/www.welovecycling.com\/wide\/\",\"name\":\"\u0160koda We Love Cycling\",\"description\":\"\u0160koda We Love Cycling magazine\",\"alternateName\":\"\u0160koda WLC\",\"potentialAction\":[{\"@type\":\"SearchAction\",\"target\":{\"@type\":\"EntryPoint\",\"urlTemplate\":\"https:\/\/www.welovecycling.com\/wide\/?s={search_term_string}\"},\"query-input\":{\"@type\":\"PropertyValueSpecification\",\"valueRequired\":true,\"valueName\":\"search_term_string\"}}],\"inLanguage\":\"en-US\"},{\"@type\":\"Person\",\"@id\":\"https:\/\/www.welovecycling.com\/wide\/#\/schema\/person\/50f01ecd18718d2333cf72e823c4f926\",\"name\":\"tereza\",\"image\":{\"@type\":\"ImageObject\",\"inLanguage\":\"en-US\",\"@id\":\"https:\/\/www.welovecycling.com\/wide\/#\/schema\/person\/image\/\",\"url\":\"https:\/\/secure.gravatar.com\/avatar\/1f9eb71be33845f0afabce3791bc1c58ecdb0a25c62964987e5dbcf7a20d2ec7?s=96&d=mm&r=g\",\"contentUrl\":\"https:\/\/secure.gravatar.com\/avatar\/1f9eb71be33845f0afabce3791bc1c58ecdb0a25c62964987e5dbcf7a20d2ec7?s=96&d=mm&r=g\",\"caption\":\"tereza\"},\"url\":\"https:\/\/www.welovecycling.com\/wide\/author\/tereza\/\"}]}<\/script>\n<!-- \/ Yoast SEO Premium plugin. -->","yoast_head_json":{"title":"The Five Personalities of a Cyclist at a Caf\u00e9 Stop in October - \u0160koda We Love Cycling","description":"October caf\u00e9 stops are not like summer caf\u00e9 stops. Gone is the carefree lounging, the exposed tanlines, the effortless sipping of espressos in the sun.","robots":{"index":"index","follow":"follow","max-snippet":"max-snippet:-1","max-image-preview":"max-image-preview:large","max-video-preview":"max-video-preview:-1"},"canonical":"https:\/\/www.welovecycling.com\/wide\/2025\/10\/22\/the-five-personalities-of-a-cyclist-at-a-cafe-stop-in-october\/","og_locale":"en_US","og_type":"article","og_title":"The Five Personalities of a Cyclist at a Caf\u00e9 Stop in October","og_description":"October caf\u00e9 stops are not like summer caf\u00e9 stops. Gone is the carefree lounging, the exposed tanlines, the effortless sipping of espressos in the sun.","og_url":"https:\/\/www.welovecycling.com\/wide\/2025\/10\/22\/the-five-personalities-of-a-cyclist-at-a-cafe-stop-in-october\/","og_site_name":"\u0160koda We Love Cycling","article_published_time":"2025-10-22T14:54:25+00:00","og_image":[{"width":990,"height":660,"url":"https:\/\/d2p6e6u75xmxt8.cloudfront.net\/2\/2025\/10\/Tiesj-Benoot-Visma-Cafe-profimedia-1018399896-CVR.webp","type":"image\/webp"}],"author":"tereza","twitter_card":"summary_large_image","twitter_misc":{"Written by":"Monica Buck","Est. reading time":"2"},"schema":{"@context":"https:\/\/schema.org","@graph":[{"@type":"WebPage","@id":"https:\/\/www.welovecycling.com\/wide\/2025\/10\/22\/the-five-personalities-of-a-cyclist-at-a-cafe-stop-in-october\/","url":"https:\/\/www.welovecycling.com\/wide\/2025\/10\/22\/the-five-personalities-of-a-cyclist-at-a-cafe-stop-in-october\/","name":"The Five Personalities of a Cyclist at a Caf\u00e9 Stop in October - \u0160koda We Love Cycling","isPartOf":{"@id":"https:\/\/www.welovecycling.com\/wide\/#website"},"primaryImageOfPage":{"@id":"https:\/\/www.welovecycling.com\/wide\/2025\/10\/22\/the-five-personalities-of-a-cyclist-at-a-cafe-stop-in-october\/#primaryimage"},"image":{"@id":"https:\/\/www.welovecycling.com\/wide\/2025\/10\/22\/the-five-personalities-of-a-cyclist-at-a-cafe-stop-in-october\/#primaryimage"},"thumbnailUrl":"https:\/\/d2p6e6u75xmxt8.cloudfront.net\/2\/2025\/10\/Tiesj-Benoot-Visma-Cafe-profimedia-1018399896-CVR.webp","datePublished":"2025-10-22T14:54:25+00:00","author":{"@id":"https:\/\/www.welovecycling.com\/wide\/#\/schema\/person\/50f01ecd18718d2333cf72e823c4f926"},"description":"October caf\u00e9 stops are not like summer caf\u00e9 stops. Gone is the carefree lounging, the exposed tanlines, the effortless sipping of espressos in the sun.","breadcrumb":{"@id":"https:\/\/www.welovecycling.com\/wide\/2025\/10\/22\/the-five-personalities-of-a-cyclist-at-a-cafe-stop-in-october\/#breadcrumb"},"inLanguage":"en-US","potentialAction":[{"@type":"ReadAction","target":["https:\/\/www.welovecycling.com\/wide\/2025\/10\/22\/the-five-personalities-of-a-cyclist-at-a-cafe-stop-in-october\/"]}]},{"@type":"ImageObject","inLanguage":"en-US","@id":"https:\/\/www.welovecycling.com\/wide\/2025\/10\/22\/the-five-personalities-of-a-cyclist-at-a-cafe-stop-in-october\/#primaryimage","url":"https:\/\/d2p6e6u75xmxt8.cloudfront.net\/2\/2025\/10\/Tiesj-Benoot-Visma-Cafe-profimedia-1018399896-CVR.webp","contentUrl":"https:\/\/d2p6e6u75xmxt8.cloudfront.net\/2\/2025\/10\/Tiesj-Benoot-Visma-Cafe-profimedia-1018399896-CVR.webp","width":990,"height":660,"caption":"Tiesj Benoot"},{"@type":"BreadcrumbList","@id":"https:\/\/www.welovecycling.com\/wide\/2025\/10\/22\/the-five-personalities-of-a-cyclist-at-a-cafe-stop-in-october\/#breadcrumb","itemListElement":[{"@type":"ListItem","position":1,"name":"Home","item":"https:\/\/www.welovecycling.com\/wide\/"},{"@type":"ListItem","position":2,"name":"The Five Personalities of a Cyclist at a Caf\u00e9 Stop in October"}]},{"@type":"WebSite","@id":"https:\/\/www.welovecycling.com\/wide\/#website","url":"https:\/\/www.welovecycling.com\/wide\/","name":"\u0160koda We Love Cycling","description":"\u0160koda We Love Cycling magazine","alternateName":"\u0160koda WLC","potentialAction":[{"@type":"SearchAction","target":{"@type":"EntryPoint","urlTemplate":"https:\/\/www.welovecycling.com\/wide\/?s={search_term_string}"},"query-input":{"@type":"PropertyValueSpecification","valueRequired":true,"valueName":"search_term_string"}}],"inLanguage":"en-US"},{"@type":"Person","@id":"https:\/\/www.welovecycling.com\/wide\/#\/schema\/person\/50f01ecd18718d2333cf72e823c4f926","name":"tereza","image":{"@type":"ImageObject","inLanguage":"en-US","@id":"https:\/\/www.welovecycling.com\/wide\/#\/schema\/person\/image\/","url":"https:\/\/secure.gravatar.com\/avatar\/1f9eb71be33845f0afabce3791bc1c58ecdb0a25c62964987e5dbcf7a20d2ec7?s=96&d=mm&r=g","contentUrl":"https:\/\/secure.gravatar.com\/avatar\/1f9eb71be33845f0afabce3791bc1c58ecdb0a25c62964987e5dbcf7a20d2ec7?s=96&d=mm&r=g","caption":"tereza"},"url":"https:\/\/www.welovecycling.com\/wide\/author\/tereza\/"}]}},"_links":{"self":[{"href":"https:\/\/www.welovecycling.com\/wide\/wp-json\/wp\/v2\/posts\/204031","targetHints":{"allow":["GET"]}}],"collection":[{"href":"https:\/\/www.welovecycling.com\/wide\/wp-json\/wp\/v2\/posts"}],"about":[{"href":"https:\/\/www.welovecycling.com\/wide\/wp-json\/wp\/v2\/types\/post"}],"author":[{"embeddable":true,"href":"https:\/\/www.welovecycling.com\/wide\/wp-json\/wp\/v2\/users\/99"}],"replies":[{"embeddable":true,"href":"https:\/\/www.welovecycling.com\/wide\/wp-json\/wp\/v2\/comments?post=204031"}],"version-history":[{"count":1,"href":"https:\/\/www.welovecycling.com\/wide\/wp-json\/wp\/v2\/posts\/204031\/revisions"}],"predecessor-version":[{"id":204034,"href":"https:\/\/www.welovecycling.com\/wide\/wp-json\/wp\/v2\/posts\/204031\/revisions\/204034"}],"wp:featuredmedia":[{"embeddable":true,"href":"https:\/\/www.welovecycling.com\/wide\/wp-json\/wp\/v2\/media\/204032"}],"wp:attachment":[{"href":"https:\/\/www.welovecycling.com\/wide\/wp-json\/wp\/v2\/media?parent=204031"}],"wp:term":[{"taxonomy":"category","embeddable":true,"href":"https:\/\/www.welovecycling.com\/wide\/wp-json\/wp\/v2\/categories?post=204031"},{"taxonomy":"post_tag","embeddable":true,"href":"https:\/\/www.welovecycling.com\/wide\/wp-json\/wp\/v2\/tags?post=204031"},{"taxonomy":"global-categories","embeddable":true,"href":"https:\/\/www.welovecycling.com\/wide\/wp-json\/wp\/v2\/global-categories?post=204031"}],"curies":[{"name":"wp","href":"https:\/\/api.w.org\/{rel}","templated":true}]}}