{"id":204028,"date":"2025-10-22T14:28:02","date_gmt":"2025-10-22T14:28:02","guid":{"rendered":"https:\/\/www.welovecycling.com\/wide\/?p=204028"},"modified":"2025-10-22T14:28:02","modified_gmt":"2025-10-22T14:28:02","slug":"uno-x-mobility-celebrates-promotion-to-the-worldtour","status":"publish","type":"post","link":"https:\/\/www.welovecycling.com\/wide\/2025\/10\/22\/uno-x-mobility-celebrates-promotion-to-the-worldtour\/","title":{"rendered":"Uno-X Mobility Celebrates Promotion to the WorldTour"},"content":{"rendered":"<p data-start=\"79\" data-end=\"903\"><strong>This has been a breakout and breakthrough year for the Uno-X Mobility men\u2019s team, which won 23 races in 2025 and needs only UCI approval to become the first Norwegian team to ride in cycling\u2019s elite level, the WorldTour. Officially, the team finished 19th in the UCI\u2019s Technical Team Rankings, and only the top 18 teams are eligible for WorldTour status.<\/strong><\/p>\n<p data-start=\"79\" data-end=\"903\"><!--more--><\/p>\n<p data-start=\"79\" data-end=\"903\">However, according to Cyclingnews, the team that finished 18th, Intermarch\u00e9-Wanty, did not apply for a license for next year in expectation that its pending merger with Lotto will be approved. That makes Uno-X Mobility one of three Pro-level teams \u2013 along with the post-merger Lotto Cycling Team and Israel\u2013Premier Tech (riding as Israel Cycling Academy) \u2013 to be promoted to WorldTour status.<\/p>\n<h2 data-start=\"905\" data-end=\"1813\"><strong data-start=\"905\" data-end=\"931\">Better late than never<\/strong><\/h2>\n<p data-start=\"905\" data-end=\"1813\">This is a well-deserved reward for a team that has consistently punched above its weight and has been one of the brightest and most entertaining teams in the peloton, regardless of the race. Fittingly, its promotion \u2013 should it pass the other UCI requirements \u2013 was definitively achieved on the final day of the season with Sakarias Koller L\u00f8land\u2019s victory in the one-day Veneto Classic, a victory worth 200 points. In addition, Fredrik Dversnes finished seventh in the race, adding 35 points. Coming into the season\u2019s final day, Uno-X led Cofidis by only 210 points. L\u00f8land\u2019s first professional win and Dversnes\u2019 top-10 finish widened the gap to an unassailable 397 points.<\/p>\n<p data-start=\"905\" data-end=\"1813\">\u201cThis is incredible,\u201d L\u00f8land said after the race. \u201cIt\u2019s going to take a while for this to sink in. I had a good feeling before the start today, and I\u2019m so happy that we managed to finish the job.\u201d<\/p>\n<p data-start=\"1815\" data-end=\"2122\">A celebratory message on the team\u2019s website declared, \u201cThis is the moment we\u2019ve dreamed of for years. A goal set when we first took our place in the professional peloton \u2013 to become the first Scandinavian setup with both men\u2019s and women\u2019s teams at the top level of world cycling. Now, it\u2019s a reality.\u201d<\/p>\n<blockquote class=\"instagram-media\" style=\"background: #FFF; border: 0; border-radius: 3px; box-shadow: 0 0 1px 0 rgba(0,0,0,0.5),0 1px 10px 0 rgba(0,0,0,0.15); margin: 1px; max-width: 540px; min-width: 326px; padding: 0; width: calc(100% - 2px);\" data-instgrm-captioned=\"\" data-instgrm-permalink=\"https:\/\/www.instagram.com\/p\/DP_m9syDGtn\/?utm_source=ig_embed&amp;utm_campaign=loading\" data-instgrm-version=\"14\">\n<div style=\"padding: 16px;\">\n<p>&nbsp;<\/p>\n<div style=\"display: flex; flex-direction: row; align-items: center;\">\n<div style=\"background-color: #f4f4f4; border-radius: 50%; flex-grow: 0; height: 40px; margin-right: 14px; width: 40px;\"><\/div>\n<div style=\"display: flex; flex-direction: column; flex-grow: 1; justify-content: center;\">\n<div style=\"background-color: #f4f4f4; border-radius: 4px; flex-grow: 0; height: 14px; margin-bottom: 6px; width: 100px;\"><\/div>\n<div style=\"background-color: #f4f4f4; border-radius: 4px; flex-grow: 0; height: 14px; width: 60px;\"><\/div>\n<\/div>\n<\/div>\n<div style=\"padding: 19% 0;\"><\/div>\n<div style=\"display: block; height: 50px; margin: 0 auto 12px; width: 50px;\"><\/div>\n<div style=\"padding-top: 8px;\">\n<div style=\"color: #3897f0; font-family: Arial,sans-serif; font-size: 14px; font-style: normal; font-weight: 550; line-height: 18px;\">Zobrazit p\u0159\u00edsp\u011bvek na Instagramu<\/div>\n<\/div>\n<div style=\"padding: 12.5% 0;\"><\/div>\n<div style=\"display: flex; flex-direction: row; margin-bottom: 14px; align-items: center;\">\n<div>\n<div style=\"background-color: #f4f4f4; border-radius: 50%; height: 12.5px; width: 12.5px; transform: translateX(0px) translateY(7px);\"><\/div>\n<div style=\"background-color: #f4f4f4; height: 12.5px; transform: rotate(-45deg) translateX(3px) translateY(1px); width: 12.5px; flex-grow: 0; margin-right: 14px; margin-left: 2px;\"><\/div>\n<div style=\"background-color: #f4f4f4; border-radius: 50%; height: 12.5px; width: 12.5px; transform: translateX(9px) translateY(-18px);\"><\/div>\n<\/div>\n<div style=\"margin-left: 8px;\">\n<div style=\"background-color: #f4f4f4; border-radius: 50%; flex-grow: 0; height: 20px; width: 20px;\"><\/div>\n<div style=\"width: 0; height: 0; border-top: 2px solid transparent; border-left: 6px solid #f4f4f4; border-bottom: 2px solid transparent; transform: translateX(16px) translateY(-4px) rotate(30deg);\"><\/div>\n<\/div>\n<div style=\"margin-left: auto;\">\n<div style=\"width: 0px; border-top: 8px solid #F4F4F4; border-right: 8px solid transparent; transform: translateY(16px);\"><\/div>\n<div style=\"background-color: #f4f4f4; flex-grow: 0; height: 12px; width: 16px; transform: translateY(-4px);\"><\/div>\n<div style=\"width: 0; height: 0; border-top: 8px solid #F4F4F4; border-left: 8px solid transparent; transform: translateY(-4px) translateX(8px);\"><\/div>\n<\/div>\n<\/div>\n<div style=\"display: flex; flex-direction: column; flex-grow: 1; justify-content: center; margin-bottom: 24px;\">\n<div style=\"background-color: #f4f4f4; border-radius: 4px; flex-grow: 0; height: 14px; margin-bottom: 6px; width: 224px;\"><\/div>\n<div style=\"background-color: #f4f4f4; border-radius: 4px; flex-grow: 0; height: 14px; width: 144px;\"><\/div>\n<\/div>\n<p>&nbsp;<\/p>\n<p style=\"color: #c9c8cd; font-family: Arial,sans-serif; font-size: 14px; line-height: 17px; margin-bottom: 0; margin-top: 8px; overflow: hidden; padding: 8px 0 7px; text-align: center; text-overflow: ellipsis; white-space: nowrap;\"><a style=\"color: #c9c8cd; font-family: Arial,sans-serif; font-size: 14px; font-style: normal; font-weight: normal; line-height: 17px; text-decoration: none;\" href=\"https:\/\/www.instagram.com\/p\/DP_m9syDGtn\/?utm_source=ig_embed&amp;utm_campaign=loading\" target=\"_blank\" rel=\"noopener\">P\u0159\u00edsp\u011bvek sd\u00edlen\u00fd Uno-X Mobility Cycling (@unoxteam)<\/a><\/p>\n<\/div>\n<\/blockquote>\n<p><script async src=\"\/\/www.instagram.com\/embed.js\"><\/script><\/p>\n<h2 data-start=\"2124\" data-end=\"2456\"><strong data-start=\"2124\" data-end=\"2150\">From modest beginnings<\/strong><\/h2>\n<p data-start=\"2124\" data-end=\"2456\">Founded in 2016 as the Uno-X Hydrogen Development Team with just a handful of riders, the team first rode on the Continental circuit, rising to ProTeam level in 2020. In 2021, the Uno-X Mobility women\u2019s team was launched and joined the Women\u2019s WorldTour in 2023. The men\u2019s road was more difficult.<\/p>\n<p data-start=\"2458\" data-end=\"2997\">In 2022, the men\u2019s team was invited to its first WorldTour stage race, the Volta a Catalunya, and got its first taste of success at the elite level: two of its riders finished in the final GC top 10, Tobias Halland Johannessen (seventh) and Torstein Tr\u00e6en (ninth). A year later, the team received an invitation to ride in the <a href=\"http:\/\/letour.fr\">Tour de France,<\/a> which was a major recognition for such a young team. Johannessen was again the team\u2019s best finisher, 30th overall, 2:15:33 behind the winner, Jumbo-Visma\u2019s Danish leader Jonas Vingegaard.<\/p>\n<p data-start=\"2999\" data-end=\"3579\">This year it also won its first-ever Tour de France stage, when Jonas Abrahamsen triumphed in Stage 11, beating Mathieu van der Poel and Wout van Aert, among others. Abrahamsen won the stage just four weeks after he broke his collarbone in the Baloise Belgium Tour. \u201cI was crying in the hospital because I thought I wasn\u2019t riding the Tour de France,\u201d he said after his historic win. \u201cThe day after, I was on the home trainer and hoping I could go to the Tour. Every day, I did everything I could to come back. So, to be here having won a stage of the Tour de France is amazing.\u201d<\/p>\n<h2 data-start=\"3581\" data-end=\"4194\"><strong data-start=\"3581\" data-end=\"3602\">A winning future?<\/strong><\/h2>\n<p data-start=\"3581\" data-end=\"4194\">For the team\u2019s general manager, Thor Hushovd, who knows a thing or two about winning races, the achievement was one of the highlights of his career in cycling \u2013 in which he won 10 Tour de France stages, two Tour de France <a href=\"https:\/\/www.welovecycling.com\/wide\/2020\/09\/08\/the-story-of-the-skoda-green-jersey-and-the-legend-of-peter-sagan\/\" target=\"_blank\" rel=\"noopener\">\u0160koda Green Jerseys,<\/a> and a World Championship. \u201cIt\u2019s hard to believe. You couldn\u2019t have written a better ending,\u201d he wrote on the team\u2019s website. \u201cThis autumn has been such an emotional ride, and I\u2019m incredibly happy with how it all came together. Sakarias taking his first pro win in the final, decisive race of the season \u2013 that\u2019s a moment I\u2019ll remember for the rest of my life.\u201d<\/p>\n<p data-start=\"4196\" data-end=\"4497\">\u201cThis has been a true achievement from the whole team, and real proof that we\u2019ve taken another big step forward as a squad. Even with injuries to some of our most prominent riders, we\u2019ve delivered a very strong autumn. The team has greater depth now \u2013 and is ready for even bigger challenges ahead.\u201d<\/p>\n<p data-start=\"4499\" data-end=\"5037\">It will be interesting to watch the team\u2019s progress as it tackles its new status. Uno-X Mobility is basically a one-day team, with an excellent sprinter in S\u00f8ren W\u00e6renskjold, who had six wins this year, including two stages and the yellow jersey in the Lidl Deutschland Tour. At 25, W\u00e6renskjold still has room and time for improvement and will surely target a Grand Tour stage win in 2026. The indefatigable Abrahamsen is already 30 and may be just past his prime \u2013 though I wouldn\u2019t rule out another Grand Tour stage win next year.<\/p>\n<p data-start=\"5039\" data-end=\"5626\">While winning races in the WorldTour is vital to the team\u2019s future, its main mission remains \u201cto nurture and develop the future talents of Scandinavian cycling,\u201d as it declares on its website, adding: \u201cOur commitment to fostering homegrown talent was the cornerstone of our foundation, and it remains pivotal to our philosophy today.\u201d Its success will likely breed more success, for surely more Scandinavian boys and girls will be inspired by the team\u2019s standing among the sport\u2019s elite. This should make Uno-X Mobility a force to be reckoned with in the peloton for years to come.<\/p>\n","protected":false},"excerpt":{"rendered":"<p>This has been a breakout and breakthrough year for the Uno-X Mobility men\u2019s team, which won 23 races in 2025 [&hellip;]<\/p>\n","protected":false},"author":99,"featured_media":204029,"comment_status":"closed","ping_status":"open","sticky":false,"template":"","format":"standard","meta":{"footnotes":""},"categories":[329],"tags":[8740,8741,8094,8739],"global-categories":[3366],"class_list":["post-204028","post","type-post","status-publish","format-standard","has-post-thumbnail","hentry","category-road-cycling","tag-fredrik-dversnes","tag-soren-waerenskjold","tag-uno-x-mobility","tag-worldtour-status","global-categories-cycling"],"yoast_head":"<!-- This site is optimized with the Yoast SEO Premium plugin v25.3 (Yoast SEO v25.9) - https:\/\/yoast.com\/wordpress\/plugins\/seo\/ -->\n<title>Uno-X Mobility Celebrates Promotion to the WorldTour - \u0160koda We Love Cycling<\/title>\n<meta name=\"description\" content=\"This has been a breakout and breakthrough year for the Uno-X Mobility men\u2019s team, which won 23 races in 2025 and needs only UCI approval to become the\" \/>\n<meta name=\"robots\" content=\"index, follow, max-snippet:-1, max-image-preview:large, max-video-preview:-1\" \/>\n<link rel=\"canonical\" href=\"https:\/\/www.welovecycling.com\/wide\/2025\/10\/22\/uno-x-mobility-celebrates-promotion-to-the-worldtour\/\" \/>\n<meta property=\"og:locale\" content=\"en_US\" \/>\n<meta property=\"og:type\" content=\"article\" \/>\n<meta property=\"og:title\" content=\"Uno-X Mobility Celebrates Promotion to the WorldTour\" \/>\n<meta property=\"og:description\" content=\"This has been a breakout and breakthrough year for the Uno-X Mobility men\u2019s team, which won 23 races in 2025 and needs only UCI approval to become the\" \/>\n<meta property=\"og:url\" content=\"https:\/\/www.welovecycling.com\/wide\/2025\/10\/22\/uno-x-mobility-celebrates-promotion-to-the-worldtour\/\" \/>\n<meta property=\"og:site_name\" content=\"\u0160koda We Love Cycling\" \/>\n<meta property=\"article:published_time\" content=\"2025-10-22T14:28:02+00:00\" \/>\n<meta property=\"og:image\" content=\"https:\/\/d2p6e6u75xmxt8.cloudfront.net\/2\/2025\/10\/Uno-X-Mobility-profimedia-1044727688-CVR.webp\" \/>\n\t<meta property=\"og:image:width\" content=\"990\" \/>\n\t<meta property=\"og:image:height\" content=\"660\" \/>\n\t<meta property=\"og:image:type\" content=\"image\/webp\" \/>\n<meta name=\"author\" content=\"tereza\" \/>\n<meta name=\"twitter:card\" content=\"summary_large_image\" \/>\n<meta name=\"twitter:label1\" content=\"Written by\" \/>\n\t<meta name=\"twitter:data1\" content=\"Siegfried Mortkowitz\" \/>\n\t<meta name=\"twitter:label2\" content=\"Est. reading time\" \/>\n\t<meta name=\"twitter:data2\" content=\"2\" \/>\n<script type=\"application\/ld+json\" class=\"yoast-schema-graph\">{\"@context\":\"https:\/\/schema.org\",\"@graph\":[{\"@type\":\"WebPage\",\"@id\":\"https:\/\/www.welovecycling.com\/wide\/2025\/10\/22\/uno-x-mobility-celebrates-promotion-to-the-worldtour\/\",\"url\":\"https:\/\/www.welovecycling.com\/wide\/2025\/10\/22\/uno-x-mobility-celebrates-promotion-to-the-worldtour\/\",\"name\":\"Uno-X Mobility Celebrates Promotion to the WorldTour - \u0160koda We Love Cycling\",\"isPartOf\":{\"@id\":\"https:\/\/www.welovecycling.com\/wide\/#website\"},\"primaryImageOfPage\":{\"@id\":\"https:\/\/www.welovecycling.com\/wide\/2025\/10\/22\/uno-x-mobility-celebrates-promotion-to-the-worldtour\/#primaryimage\"},\"image\":{\"@id\":\"https:\/\/www.welovecycling.com\/wide\/2025\/10\/22\/uno-x-mobility-celebrates-promotion-to-the-worldtour\/#primaryimage\"},\"thumbnailUrl\":\"https:\/\/d2p6e6u75xmxt8.cloudfront.net\/2\/2025\/10\/Uno-X-Mobility-profimedia-1044727688-CVR.webp\",\"datePublished\":\"2025-10-22T14:28:02+00:00\",\"author\":{\"@id\":\"https:\/\/www.welovecycling.com\/wide\/#\/schema\/person\/50f01ecd18718d2333cf72e823c4f926\"},\"description\":\"This has been a breakout and breakthrough year for the Uno-X Mobility men\u2019s team, which won 23 races in 2025 and needs only UCI approval to become the\",\"breadcrumb\":{\"@id\":\"https:\/\/www.welovecycling.com\/wide\/2025\/10\/22\/uno-x-mobility-celebrates-promotion-to-the-worldtour\/#breadcrumb\"},\"inLanguage\":\"en-US\",\"potentialAction\":[{\"@type\":\"ReadAction\",\"target\":[\"https:\/\/www.welovecycling.com\/wide\/2025\/10\/22\/uno-x-mobility-celebrates-promotion-to-the-worldtour\/\"]}]},{\"@type\":\"ImageObject\",\"inLanguage\":\"en-US\",\"@id\":\"https:\/\/www.welovecycling.com\/wide\/2025\/10\/22\/uno-x-mobility-celebrates-promotion-to-the-worldtour\/#primaryimage\",\"url\":\"https:\/\/d2p6e6u75xmxt8.cloudfront.net\/2\/2025\/10\/Uno-X-Mobility-profimedia-1044727688-CVR.webp\",\"contentUrl\":\"https:\/\/d2p6e6u75xmxt8.cloudfront.net\/2\/2025\/10\/Uno-X-Mobility-profimedia-1044727688-CVR.webp\",\"width\":990,\"height\":660,\"caption\":\"Uno X Mobility\"},{\"@type\":\"BreadcrumbList\",\"@id\":\"https:\/\/www.welovecycling.com\/wide\/2025\/10\/22\/uno-x-mobility-celebrates-promotion-to-the-worldtour\/#breadcrumb\",\"itemListElement\":[{\"@type\":\"ListItem\",\"position\":1,\"name\":\"Home\",\"item\":\"https:\/\/www.welovecycling.com\/wide\/\"},{\"@type\":\"ListItem\",\"position\":2,\"name\":\"Uno-X Mobility Celebrates Promotion to the WorldTour\"}]},{\"@type\":\"WebSite\",\"@id\":\"https:\/\/www.welovecycling.com\/wide\/#website\",\"url\":\"https:\/\/www.welovecycling.com\/wide\/\",\"name\":\"\u0160koda We Love Cycling\",\"description\":\"\u0160koda We Love Cycling magazine\",\"alternateName\":\"\u0160koda WLC\",\"potentialAction\":[{\"@type\":\"SearchAction\",\"target\":{\"@type\":\"EntryPoint\",\"urlTemplate\":\"https:\/\/www.welovecycling.com\/wide\/?s={search_term_string}\"},\"query-input\":{\"@type\":\"PropertyValueSpecification\",\"valueRequired\":true,\"valueName\":\"search_term_string\"}}],\"inLanguage\":\"en-US\"},{\"@type\":\"Person\",\"@id\":\"https:\/\/www.welovecycling.com\/wide\/#\/schema\/person\/50f01ecd18718d2333cf72e823c4f926\",\"name\":\"tereza\",\"image\":{\"@type\":\"ImageObject\",\"inLanguage\":\"en-US\",\"@id\":\"https:\/\/www.welovecycling.com\/wide\/#\/schema\/person\/image\/\",\"url\":\"https:\/\/secure.gravatar.com\/avatar\/1f9eb71be33845f0afabce3791bc1c58ecdb0a25c62964987e5dbcf7a20d2ec7?s=96&d=mm&r=g\",\"contentUrl\":\"https:\/\/secure.gravatar.com\/avatar\/1f9eb71be33845f0afabce3791bc1c58ecdb0a25c62964987e5dbcf7a20d2ec7?s=96&d=mm&r=g\",\"caption\":\"tereza\"},\"url\":\"https:\/\/www.welovecycling.com\/wide\/author\/tereza\/\"}]}<\/script>\n<!-- \/ Yoast SEO Premium plugin. -->","yoast_head_json":{"title":"Uno-X Mobility Celebrates Promotion to the WorldTour - \u0160koda We Love Cycling","description":"This has been a breakout and breakthrough year for the Uno-X Mobility men\u2019s team, which won 23 races in 2025 and needs only UCI approval to become the","robots":{"index":"index","follow":"follow","max-snippet":"max-snippet:-1","max-image-preview":"max-image-preview:large","max-video-preview":"max-video-preview:-1"},"canonical":"https:\/\/www.welovecycling.com\/wide\/2025\/10\/22\/uno-x-mobility-celebrates-promotion-to-the-worldtour\/","og_locale":"en_US","og_type":"article","og_title":"Uno-X Mobility Celebrates Promotion to the WorldTour","og_description":"This has been a breakout and breakthrough year for the Uno-X Mobility men\u2019s team, which won 23 races in 2025 and needs only UCI approval to become the","og_url":"https:\/\/www.welovecycling.com\/wide\/2025\/10\/22\/uno-x-mobility-celebrates-promotion-to-the-worldtour\/","og_site_name":"\u0160koda We Love Cycling","article_published_time":"2025-10-22T14:28:02+00:00","og_image":[{"width":990,"height":660,"url":"https:\/\/d2p6e6u75xmxt8.cloudfront.net\/2\/2025\/10\/Uno-X-Mobility-profimedia-1044727688-CVR.webp","type":"image\/webp"}],"author":"tereza","twitter_card":"summary_large_image","twitter_misc":{"Written by":"Siegfried Mortkowitz","Est. reading time":"2"},"schema":{"@context":"https:\/\/schema.org","@graph":[{"@type":"WebPage","@id":"https:\/\/www.welovecycling.com\/wide\/2025\/10\/22\/uno-x-mobility-celebrates-promotion-to-the-worldtour\/","url":"https:\/\/www.welovecycling.com\/wide\/2025\/10\/22\/uno-x-mobility-celebrates-promotion-to-the-worldtour\/","name":"Uno-X Mobility Celebrates Promotion to the WorldTour - \u0160koda We Love Cycling","isPartOf":{"@id":"https:\/\/www.welovecycling.com\/wide\/#website"},"primaryImageOfPage":{"@id":"https:\/\/www.welovecycling.com\/wide\/2025\/10\/22\/uno-x-mobility-celebrates-promotion-to-the-worldtour\/#primaryimage"},"image":{"@id":"https:\/\/www.welovecycling.com\/wide\/2025\/10\/22\/uno-x-mobility-celebrates-promotion-to-the-worldtour\/#primaryimage"},"thumbnailUrl":"https:\/\/d2p6e6u75xmxt8.cloudfront.net\/2\/2025\/10\/Uno-X-Mobility-profimedia-1044727688-CVR.webp","datePublished":"2025-10-22T14:28:02+00:00","author":{"@id":"https:\/\/www.welovecycling.com\/wide\/#\/schema\/person\/50f01ecd18718d2333cf72e823c4f926"},"description":"This has been a breakout and breakthrough year for the Uno-X Mobility men\u2019s team, which won 23 races in 2025 and needs only UCI approval to become the","breadcrumb":{"@id":"https:\/\/www.welovecycling.com\/wide\/2025\/10\/22\/uno-x-mobility-celebrates-promotion-to-the-worldtour\/#breadcrumb"},"inLanguage":"en-US","potentialAction":[{"@type":"ReadAction","target":["https:\/\/www.welovecycling.com\/wide\/2025\/10\/22\/uno-x-mobility-celebrates-promotion-to-the-worldtour\/"]}]},{"@type":"ImageObject","inLanguage":"en-US","@id":"https:\/\/www.welovecycling.com\/wide\/2025\/10\/22\/uno-x-mobility-celebrates-promotion-to-the-worldtour\/#primaryimage","url":"https:\/\/d2p6e6u75xmxt8.cloudfront.net\/2\/2025\/10\/Uno-X-Mobility-profimedia-1044727688-CVR.webp","contentUrl":"https:\/\/d2p6e6u75xmxt8.cloudfront.net\/2\/2025\/10\/Uno-X-Mobility-profimedia-1044727688-CVR.webp","width":990,"height":660,"caption":"Uno X Mobility"},{"@type":"BreadcrumbList","@id":"https:\/\/www.welovecycling.com\/wide\/2025\/10\/22\/uno-x-mobility-celebrates-promotion-to-the-worldtour\/#breadcrumb","itemListElement":[{"@type":"ListItem","position":1,"name":"Home","item":"https:\/\/www.welovecycling.com\/wide\/"},{"@type":"ListItem","position":2,"name":"Uno-X Mobility Celebrates Promotion to the WorldTour"}]},{"@type":"WebSite","@id":"https:\/\/www.welovecycling.com\/wide\/#website","url":"https:\/\/www.welovecycling.com\/wide\/","name":"\u0160koda We Love Cycling","description":"\u0160koda We Love Cycling magazine","alternateName":"\u0160koda WLC","potentialAction":[{"@type":"SearchAction","target":{"@type":"EntryPoint","urlTemplate":"https:\/\/www.welovecycling.com\/wide\/?s={search_term_string}"},"query-input":{"@type":"PropertyValueSpecification","valueRequired":true,"valueName":"search_term_string"}}],"inLanguage":"en-US"},{"@type":"Person","@id":"https:\/\/www.welovecycling.com\/wide\/#\/schema\/person\/50f01ecd18718d2333cf72e823c4f926","name":"tereza","image":{"@type":"ImageObject","inLanguage":"en-US","@id":"https:\/\/www.welovecycling.com\/wide\/#\/schema\/person\/image\/","url":"https:\/\/secure.gravatar.com\/avatar\/1f9eb71be33845f0afabce3791bc1c58ecdb0a25c62964987e5dbcf7a20d2ec7?s=96&d=mm&r=g","contentUrl":"https:\/\/secure.gravatar.com\/avatar\/1f9eb71be33845f0afabce3791bc1c58ecdb0a25c62964987e5dbcf7a20d2ec7?s=96&d=mm&r=g","caption":"tereza"},"url":"https:\/\/www.welovecycling.com\/wide\/author\/tereza\/"}]}},"_links":{"self":[{"href":"https:\/\/www.welovecycling.com\/wide\/wp-json\/wp\/v2\/posts\/204028","targetHints":{"allow":["GET"]}}],"collection":[{"href":"https:\/\/www.welovecycling.com\/wide\/wp-json\/wp\/v2\/posts"}],"about":[{"href":"https:\/\/www.welovecycling.com\/wide\/wp-json\/wp\/v2\/types\/post"}],"author":[{"embeddable":true,"href":"https:\/\/www.welovecycling.com\/wide\/wp-json\/wp\/v2\/users\/99"}],"replies":[{"embeddable":true,"href":"https:\/\/www.welovecycling.com\/wide\/wp-json\/wp\/v2\/comments?post=204028"}],"version-history":[{"count":1,"href":"https:\/\/www.welovecycling.com\/wide\/wp-json\/wp\/v2\/posts\/204028\/revisions"}],"predecessor-version":[{"id":204030,"href":"https:\/\/www.welovecycling.com\/wide\/wp-json\/wp\/v2\/posts\/204028\/revisions\/204030"}],"wp:featuredmedia":[{"embeddable":true,"href":"https:\/\/www.welovecycling.com\/wide\/wp-json\/wp\/v2\/media\/204029"}],"wp:attachment":[{"href":"https:\/\/www.welovecycling.com\/wide\/wp-json\/wp\/v2\/media?parent=204028"}],"wp:term":[{"taxonomy":"category","embeddable":true,"href":"https:\/\/www.welovecycling.com\/wide\/wp-json\/wp\/v2\/categories?post=204028"},{"taxonomy":"post_tag","embeddable":true,"href":"https:\/\/www.welovecycling.com\/wide\/wp-json\/wp\/v2\/tags?post=204028"},{"taxonomy":"global-categories","embeddable":true,"href":"https:\/\/www.welovecycling.com\/wide\/wp-json\/wp\/v2\/global-categories?post=204028"}],"curies":[{"name":"wp","href":"https:\/\/api.w.org\/{rel}","templated":true}]}}