{"id":203995,"date":"2025-10-15T15:12:36","date_gmt":"2025-10-15T15:12:36","guid":{"rendered":"https:\/\/www.welovecycling.com\/wide\/?p=203995"},"modified":"2025-10-15T15:15:35","modified_gmt":"2025-10-15T15:15:35","slug":"dust-sunshine-and-cycling-dreams-at-roc-dazur-2025","status":"publish","type":"post","link":"https:\/\/www.welovecycling.com\/wide\/2025\/10\/15\/dust-sunshine-and-cycling-dreams-at-roc-dazur-2025\/","title":{"rendered":"Dust, Sunshine, and Cycling Dreams at Roc d\u2019Azur 2025"},"content":{"rendered":"<p data-start=\"165\" data-end=\"380\"><strong>I can\u2019t believe I\u2019ve been cycling my whole life, yet I\u2019d never been to Roc d\u2019Azur! It\u2019s one of the most famous cycling festivals in the world, and 2025 was the year I finally got to find out what it was all about.<\/strong><\/p>\n<p data-start=\"165\" data-end=\"380\"><!--more--><\/p>\n<p dir=\"auto\">Roc d\u2019Azur isn\u2019t just a race weekend \u2014 it\u2019s the heart of mountain biking in Europe. Thousands of riders descend on Frejus and\u00a0every October to test themselves on some of the most scenic and challenging trails along the Mediterranean coast.<\/p>\n<p dir=\"auto\">The variety is a lot to get your head around: from grueling marathons and cross-country races to fast, technical descents and fun amateur events. Every type of rider has a place here \u2014 pros, veterans, and complete beginners alike. Even as a spectator, you can feel the excitement buzzing through the air as waves of riders take off at dawn, day and night.<\/p>\n<p data-start=\"382\" data-end=\"951\">I flew in from M\u00e1laga, where it\u2019s still scorching hot at this time of year. When I landed in Nice, I discovered that this part of the Mediterranean was also holding onto its heat\u2014blue skies, bright sunshine, and a sparkling sea. The mountains and landscape were on another level altogether. Honestly, I reckon it\u2019s one of the most beautiful places in Europe. The base camp was set up in Base Nature in Fr\u00e9jus, a small sea-front town with a well-organised venue where many of the rides and races began under imposing start gates, and where the Expo Village was hosted.<\/p>\n<p data-start=\"953\" data-end=\"1110\">Having heard so much about it, I wanted to find out whether <a href=\"https:\/\/www.rocazur.com\/en\/\">Roc d\u2019Azur<\/a> was a trade show with bike rides, or bike rides with a trade show. The answer? Both.<\/p>\n<p data-start=\"953\" data-end=\"1110\"><a href=\"https:\/\/d2p6e6u75xmxt8.cloudfront.net\/2\/2025\/10\/Roc-dAzur-1.webp\"><img loading=\"lazy\" decoding=\"async\" class=\"alignnone size-full wp-image-203998\" src=\"https:\/\/d2p6e6u75xmxt8.cloudfront.net\/2\/2025\/10\/Roc-dAzur-1.webp\" alt=\"Roc d'Azur\" width=\"990\" height=\"660\" srcset=\"https:\/\/d2p6e6u75xmxt8.cloudfront.net\/2\/2025\/10\/Roc-dAzur-1.webp 990w, https:\/\/d2p6e6u75xmxt8.cloudfront.net\/2\/2025\/10\/Roc-dAzur-1-300x200.webp 300w, https:\/\/d2p6e6u75xmxt8.cloudfront.net\/2\/2025\/10\/Roc-dAzur-1-768x512.webp 768w, https:\/\/d2p6e6u75xmxt8.cloudfront.net\/2\/2025\/10\/Roc-dAzur-1-400x267.webp 400w, https:\/\/d2p6e6u75xmxt8.cloudfront.net\/2\/2025\/10\/Roc-dAzur-1-272x182.webp 272w\" sizes=\"auto, (max-width: 990px) 100vw, 990px\" \/><\/a><\/p>\n<p data-start=\"1112\" data-end=\"1516\">The Expo Village was on the scale of the biggest product fairs I\u2019ve ever seen in cycling. All the major brands were there, showcasing their latest technology and styles. Visitors could test bikes, join fun competitions like the fastest wheel-change contest, or watch spectacular stunt shows. I bumped into plenty of familiar faces, friends from the past, and even a few cycling celebs wandering around.<\/p>\n<p data-start=\"1518\" data-end=\"1818\">Despite not having a bike, I was determined to follow the racing as much as I could and keep track of those taking part. Rides and races set off wave after wave. On Thursday, I watched the dusty MTB trails come alive with the Garmin Roc Masters and even the Roc Tandem race\u2014which was quite a sight!<\/p>\n<p data-start=\"1820\" data-end=\"2061\">It was on the mountain sides that I first noticed the smell of the place\u2014a smell that lingered for days and one I wish I could bottle: fresh mint, pine needles, a faint waft from the sea, and that specific scent of dust kicked up by bikes.<\/p>\n<p data-start=\"2063\" data-end=\"2301\">The highlight win for me was the \u0160koda Roc Marathon, just over 100 km of trails with nearly 3,000 m of climbing\u2014won by Wout Alleman, who then packed up and headed straight to the Gravel World Championships. Truly inspiring for us mere mortals.<\/p>\n<p data-start=\"2303\" data-end=\"2640\">The atmosphere was fantastic. You could tell the riders were enjoying themselves. It had that end-of-season vibe, where having fun felt just as important as the results. The spectators brought it to life too\u2014not in massive crowds, but in a steady stream of passionate cycling lovers, all smiles and friendly \u201cbonjours\u201d wherever I went.<\/p>\n<div id='gallery-1' class='gallery galleryid-203995 gallery-columns-2 gallery-size-large'><figure class='gallery-item'>\n\t\t\t<div class='gallery-icon landscape'>\n\t\t\t\t<a href='https:\/\/d2p6e6u75xmxt8.cloudfront.net\/2\/2025\/10\/Roc-dAzur-2.webp'><img loading=\"lazy\" decoding=\"async\" width=\"990\" height=\"660\" src=\"https:\/\/d2p6e6u75xmxt8.cloudfront.net\/2\/2025\/10\/Roc-dAzur-2.webp\" class=\"attachment-large size-large\" alt=\"\" srcset=\"https:\/\/d2p6e6u75xmxt8.cloudfront.net\/2\/2025\/10\/Roc-dAzur-2.webp 990w, https:\/\/d2p6e6u75xmxt8.cloudfront.net\/2\/2025\/10\/Roc-dAzur-2-300x200.webp 300w, https:\/\/d2p6e6u75xmxt8.cloudfront.net\/2\/2025\/10\/Roc-dAzur-2-768x512.webp 768w, https:\/\/d2p6e6u75xmxt8.cloudfront.net\/2\/2025\/10\/Roc-dAzur-2-400x267.webp 400w, https:\/\/d2p6e6u75xmxt8.cloudfront.net\/2\/2025\/10\/Roc-dAzur-2-272x182.webp 272w\" sizes=\"auto, (max-width: 990px) 100vw, 990px\" \/><\/a>\n\t\t\t<\/div><\/figure><figure class='gallery-item'>\n\t\t\t<div class='gallery-icon landscape'>\n\t\t\t\t<a href='https:\/\/d2p6e6u75xmxt8.cloudfront.net\/2\/2025\/10\/Roc-dAzur-3.webp'><img loading=\"lazy\" decoding=\"async\" width=\"990\" height=\"660\" src=\"https:\/\/d2p6e6u75xmxt8.cloudfront.net\/2\/2025\/10\/Roc-dAzur-3.webp\" class=\"attachment-large size-large\" alt=\"\" srcset=\"https:\/\/d2p6e6u75xmxt8.cloudfront.net\/2\/2025\/10\/Roc-dAzur-3.webp 990w, https:\/\/d2p6e6u75xmxt8.cloudfront.net\/2\/2025\/10\/Roc-dAzur-3-300x200.webp 300w, https:\/\/d2p6e6u75xmxt8.cloudfront.net\/2\/2025\/10\/Roc-dAzur-3-768x512.webp 768w, https:\/\/d2p6e6u75xmxt8.cloudfront.net\/2\/2025\/10\/Roc-dAzur-3-400x267.webp 400w, https:\/\/d2p6e6u75xmxt8.cloudfront.net\/2\/2025\/10\/Roc-dAzur-3-272x182.webp 272w\" sizes=\"auto, (max-width: 990px) 100vw, 990px\" \/><\/a>\n\t\t\t<\/div><\/figure>\n\t\t<\/div>\n\n<p data-start=\"2642\" data-end=\"2937\">The images that will stay with me most are of the kids\u2019 races. They started under the same huge gates as the pros, with loud music and a buzzing start line. The dust and noise they kicked up was remarkable. I suspect many of them went to bed that night with vivid dreams of becoming champions.<\/p>\n<p data-start=\"2939\" data-end=\"3062\">And when I wasn\u2019t race-chasing, I hung out at the \u0160koda We Love Cycling tent\u2014a hub for community leaders and group rides.<\/p>\n<p data-start=\"3064\" data-end=\"3510\">Back home in M\u00e1laga, I can finally tick Roc d\u2019Azur off my bucket list. It was a truly incredible experience. Even without a bike, it brought together the cycling community and radiated passion and joy. Coming back to reality feels like a bit of a comedown, to be honest. I guess it just means I need to plan my 2026 trip\u2014this time with the bike, the family, and a clear decision about which races to sign up for. Now\u2026 where\u2019s that spray bottle?<\/p>\n","protected":false},"excerpt":{"rendered":"<p>I can\u2019t believe I\u2019ve been cycling my whole life, yet I\u2019d never been to Roc d\u2019Azur! It\u2019s one of the [&hellip;]<\/p>\n","protected":false},"author":99,"featured_media":203997,"comment_status":"closed","ping_status":"open","sticky":false,"template":"","format":"standard","meta":{"footnotes":""},"categories":[328],"tags":[8732,397,8733],"global-categories":[3366],"class_list":["post-203995","post","type-post","status-publish","format-standard","has-post-thumbnail","hentry","category-outdoor-mountain","tag-2025-roc-dazur","tag-mtb","tag-roc-dazur","global-categories-cycling"],"yoast_head":"<!-- This site is optimized with the Yoast SEO Premium plugin v25.3 (Yoast SEO v25.9) - https:\/\/yoast.com\/wordpress\/plugins\/seo\/ -->\n<title>Dust, Sunshine, and Cycling Dreams at Roc d\u2019Azur 2025 - \u0160koda We Love Cycling<\/title>\n<meta name=\"description\" content=\"I can\u2019t believe I\u2019ve been cycling my whole life, yet I\u2019d never been to Roc d\u2019Azur! It\u2019s one of the most famous cycling festivals in the world, and 2025\" \/>\n<meta name=\"robots\" content=\"index, follow, max-snippet:-1, max-image-preview:large, max-video-preview:-1\" \/>\n<link rel=\"canonical\" href=\"https:\/\/www.welovecycling.com\/wide\/2025\/10\/15\/dust-sunshine-and-cycling-dreams-at-roc-dazur-2025\/\" \/>\n<meta property=\"og:locale\" content=\"en_US\" \/>\n<meta property=\"og:type\" content=\"article\" \/>\n<meta property=\"og:title\" content=\"Dust, Sunshine, and Cycling Dreams at Roc d\u2019Azur 2025\" \/>\n<meta property=\"og:description\" content=\"I can\u2019t believe I\u2019ve been cycling my whole life, yet I\u2019d never been to Roc d\u2019Azur! It\u2019s one of the most famous cycling festivals in the world, and 2025\" \/>\n<meta property=\"og:url\" content=\"https:\/\/www.welovecycling.com\/wide\/2025\/10\/15\/dust-sunshine-and-cycling-dreams-at-roc-dazur-2025\/\" \/>\n<meta property=\"og:site_name\" content=\"\u0160koda We Love Cycling\" \/>\n<meta property=\"article:published_time\" content=\"2025-10-15T15:12:36+00:00\" \/>\n<meta property=\"article:modified_time\" content=\"2025-10-15T15:15:35+00:00\" \/>\n<meta property=\"og:image\" content=\"https:\/\/d2p6e6u75xmxt8.cloudfront.net\/2\/2025\/10\/Roc-dAzur-CVR.webp\" \/>\n\t<meta property=\"og:image:width\" content=\"990\" \/>\n\t<meta property=\"og:image:height\" content=\"660\" \/>\n\t<meta property=\"og:image:type\" content=\"image\/webp\" \/>\n<meta name=\"author\" content=\"tereza\" \/>\n<meta name=\"twitter:card\" content=\"summary_large_image\" \/>\n<meta name=\"twitter:label1\" content=\"Written by\" \/>\n\t<meta name=\"twitter:data1\" content=\"Anna Glowinski\" \/>\n\t<meta name=\"twitter:label2\" content=\"Est. reading time\" \/>\n\t<meta name=\"twitter:data2\" content=\"2\" \/>\n<script type=\"application\/ld+json\" class=\"yoast-schema-graph\">{\"@context\":\"https:\/\/schema.org\",\"@graph\":[{\"@type\":\"WebPage\",\"@id\":\"https:\/\/www.welovecycling.com\/wide\/2025\/10\/15\/dust-sunshine-and-cycling-dreams-at-roc-dazur-2025\/\",\"url\":\"https:\/\/www.welovecycling.com\/wide\/2025\/10\/15\/dust-sunshine-and-cycling-dreams-at-roc-dazur-2025\/\",\"name\":\"Dust, Sunshine, and Cycling Dreams at Roc d\u2019Azur 2025 - \u0160koda We Love Cycling\",\"isPartOf\":{\"@id\":\"https:\/\/www.welovecycling.com\/wide\/#website\"},\"primaryImageOfPage\":{\"@id\":\"https:\/\/www.welovecycling.com\/wide\/2025\/10\/15\/dust-sunshine-and-cycling-dreams-at-roc-dazur-2025\/#primaryimage\"},\"image\":{\"@id\":\"https:\/\/www.welovecycling.com\/wide\/2025\/10\/15\/dust-sunshine-and-cycling-dreams-at-roc-dazur-2025\/#primaryimage\"},\"thumbnailUrl\":\"https:\/\/d2p6e6u75xmxt8.cloudfront.net\/2\/2025\/10\/Roc-dAzur-CVR.webp\",\"datePublished\":\"2025-10-15T15:12:36+00:00\",\"dateModified\":\"2025-10-15T15:15:35+00:00\",\"author\":{\"@id\":\"https:\/\/www.welovecycling.com\/wide\/#\/schema\/person\/50f01ecd18718d2333cf72e823c4f926\"},\"description\":\"I can\u2019t believe I\u2019ve been cycling my whole life, yet I\u2019d never been to Roc d\u2019Azur! It\u2019s one of the most famous cycling festivals in the world, and 2025\",\"breadcrumb\":{\"@id\":\"https:\/\/www.welovecycling.com\/wide\/2025\/10\/15\/dust-sunshine-and-cycling-dreams-at-roc-dazur-2025\/#breadcrumb\"},\"inLanguage\":\"en-US\",\"potentialAction\":[{\"@type\":\"ReadAction\",\"target\":[\"https:\/\/www.welovecycling.com\/wide\/2025\/10\/15\/dust-sunshine-and-cycling-dreams-at-roc-dazur-2025\/\"]}]},{\"@type\":\"ImageObject\",\"inLanguage\":\"en-US\",\"@id\":\"https:\/\/www.welovecycling.com\/wide\/2025\/10\/15\/dust-sunshine-and-cycling-dreams-at-roc-dazur-2025\/#primaryimage\",\"url\":\"https:\/\/d2p6e6u75xmxt8.cloudfront.net\/2\/2025\/10\/Roc-dAzur-CVR.webp\",\"contentUrl\":\"https:\/\/d2p6e6u75xmxt8.cloudfront.net\/2\/2025\/10\/Roc-dAzur-CVR.webp\",\"width\":990,\"height\":660,\"caption\":\"Roc d'Azur\"},{\"@type\":\"BreadcrumbList\",\"@id\":\"https:\/\/www.welovecycling.com\/wide\/2025\/10\/15\/dust-sunshine-and-cycling-dreams-at-roc-dazur-2025\/#breadcrumb\",\"itemListElement\":[{\"@type\":\"ListItem\",\"position\":1,\"name\":\"Home\",\"item\":\"https:\/\/www.welovecycling.com\/wide\/\"},{\"@type\":\"ListItem\",\"position\":2,\"name\":\"Dust, Sunshine, and Cycling Dreams at Roc d\u2019Azur 2025\"}]},{\"@type\":\"WebSite\",\"@id\":\"https:\/\/www.welovecycling.com\/wide\/#website\",\"url\":\"https:\/\/www.welovecycling.com\/wide\/\",\"name\":\"\u0160koda We Love Cycling\",\"description\":\"\u0160koda We Love Cycling magazine\",\"alternateName\":\"\u0160koda WLC\",\"potentialAction\":[{\"@type\":\"SearchAction\",\"target\":{\"@type\":\"EntryPoint\",\"urlTemplate\":\"https:\/\/www.welovecycling.com\/wide\/?s={search_term_string}\"},\"query-input\":{\"@type\":\"PropertyValueSpecification\",\"valueRequired\":true,\"valueName\":\"search_term_string\"}}],\"inLanguage\":\"en-US\"},{\"@type\":\"Person\",\"@id\":\"https:\/\/www.welovecycling.com\/wide\/#\/schema\/person\/50f01ecd18718d2333cf72e823c4f926\",\"name\":\"tereza\",\"image\":{\"@type\":\"ImageObject\",\"inLanguage\":\"en-US\",\"@id\":\"https:\/\/www.welovecycling.com\/wide\/#\/schema\/person\/image\/\",\"url\":\"https:\/\/secure.gravatar.com\/avatar\/1f9eb71be33845f0afabce3791bc1c58ecdb0a25c62964987e5dbcf7a20d2ec7?s=96&d=mm&r=g\",\"contentUrl\":\"https:\/\/secure.gravatar.com\/avatar\/1f9eb71be33845f0afabce3791bc1c58ecdb0a25c62964987e5dbcf7a20d2ec7?s=96&d=mm&r=g\",\"caption\":\"tereza\"},\"url\":\"https:\/\/www.welovecycling.com\/wide\/author\/tereza\/\"}]}<\/script>\n<!-- \/ Yoast SEO Premium plugin. -->","yoast_head_json":{"title":"Dust, Sunshine, and Cycling Dreams at Roc d\u2019Azur 2025 - \u0160koda We Love Cycling","description":"I can\u2019t believe I\u2019ve been cycling my whole life, yet I\u2019d never been to Roc d\u2019Azur! It\u2019s one of the most famous cycling festivals in the world, and 2025","robots":{"index":"index","follow":"follow","max-snippet":"max-snippet:-1","max-image-preview":"max-image-preview:large","max-video-preview":"max-video-preview:-1"},"canonical":"https:\/\/www.welovecycling.com\/wide\/2025\/10\/15\/dust-sunshine-and-cycling-dreams-at-roc-dazur-2025\/","og_locale":"en_US","og_type":"article","og_title":"Dust, Sunshine, and Cycling Dreams at Roc d\u2019Azur 2025","og_description":"I can\u2019t believe I\u2019ve been cycling my whole life, yet I\u2019d never been to Roc d\u2019Azur! It\u2019s one of the most famous cycling festivals in the world, and 2025","og_url":"https:\/\/www.welovecycling.com\/wide\/2025\/10\/15\/dust-sunshine-and-cycling-dreams-at-roc-dazur-2025\/","og_site_name":"\u0160koda We Love Cycling","article_published_time":"2025-10-15T15:12:36+00:00","article_modified_time":"2025-10-15T15:15:35+00:00","og_image":[{"width":990,"height":660,"url":"https:\/\/d2p6e6u75xmxt8.cloudfront.net\/2\/2025\/10\/Roc-dAzur-CVR.webp","type":"image\/webp"}],"author":"tereza","twitter_card":"summary_large_image","twitter_misc":{"Written by":"Anna Glowinski","Est. reading time":"2"},"schema":{"@context":"https:\/\/schema.org","@graph":[{"@type":"WebPage","@id":"https:\/\/www.welovecycling.com\/wide\/2025\/10\/15\/dust-sunshine-and-cycling-dreams-at-roc-dazur-2025\/","url":"https:\/\/www.welovecycling.com\/wide\/2025\/10\/15\/dust-sunshine-and-cycling-dreams-at-roc-dazur-2025\/","name":"Dust, Sunshine, and Cycling Dreams at Roc d\u2019Azur 2025 - \u0160koda We Love Cycling","isPartOf":{"@id":"https:\/\/www.welovecycling.com\/wide\/#website"},"primaryImageOfPage":{"@id":"https:\/\/www.welovecycling.com\/wide\/2025\/10\/15\/dust-sunshine-and-cycling-dreams-at-roc-dazur-2025\/#primaryimage"},"image":{"@id":"https:\/\/www.welovecycling.com\/wide\/2025\/10\/15\/dust-sunshine-and-cycling-dreams-at-roc-dazur-2025\/#primaryimage"},"thumbnailUrl":"https:\/\/d2p6e6u75xmxt8.cloudfront.net\/2\/2025\/10\/Roc-dAzur-CVR.webp","datePublished":"2025-10-15T15:12:36+00:00","dateModified":"2025-10-15T15:15:35+00:00","author":{"@id":"https:\/\/www.welovecycling.com\/wide\/#\/schema\/person\/50f01ecd18718d2333cf72e823c4f926"},"description":"I can\u2019t believe I\u2019ve been cycling my whole life, yet I\u2019d never been to Roc d\u2019Azur! It\u2019s one of the most famous cycling festivals in the world, and 2025","breadcrumb":{"@id":"https:\/\/www.welovecycling.com\/wide\/2025\/10\/15\/dust-sunshine-and-cycling-dreams-at-roc-dazur-2025\/#breadcrumb"},"inLanguage":"en-US","potentialAction":[{"@type":"ReadAction","target":["https:\/\/www.welovecycling.com\/wide\/2025\/10\/15\/dust-sunshine-and-cycling-dreams-at-roc-dazur-2025\/"]}]},{"@type":"ImageObject","inLanguage":"en-US","@id":"https:\/\/www.welovecycling.com\/wide\/2025\/10\/15\/dust-sunshine-and-cycling-dreams-at-roc-dazur-2025\/#primaryimage","url":"https:\/\/d2p6e6u75xmxt8.cloudfront.net\/2\/2025\/10\/Roc-dAzur-CVR.webp","contentUrl":"https:\/\/d2p6e6u75xmxt8.cloudfront.net\/2\/2025\/10\/Roc-dAzur-CVR.webp","width":990,"height":660,"caption":"Roc d'Azur"},{"@type":"BreadcrumbList","@id":"https:\/\/www.welovecycling.com\/wide\/2025\/10\/15\/dust-sunshine-and-cycling-dreams-at-roc-dazur-2025\/#breadcrumb","itemListElement":[{"@type":"ListItem","position":1,"name":"Home","item":"https:\/\/www.welovecycling.com\/wide\/"},{"@type":"ListItem","position":2,"name":"Dust, Sunshine, and Cycling Dreams at Roc d\u2019Azur 2025"}]},{"@type":"WebSite","@id":"https:\/\/www.welovecycling.com\/wide\/#website","url":"https:\/\/www.welovecycling.com\/wide\/","name":"\u0160koda We Love Cycling","description":"\u0160koda We Love Cycling magazine","alternateName":"\u0160koda WLC","potentialAction":[{"@type":"SearchAction","target":{"@type":"EntryPoint","urlTemplate":"https:\/\/www.welovecycling.com\/wide\/?s={search_term_string}"},"query-input":{"@type":"PropertyValueSpecification","valueRequired":true,"valueName":"search_term_string"}}],"inLanguage":"en-US"},{"@type":"Person","@id":"https:\/\/www.welovecycling.com\/wide\/#\/schema\/person\/50f01ecd18718d2333cf72e823c4f926","name":"tereza","image":{"@type":"ImageObject","inLanguage":"en-US","@id":"https:\/\/www.welovecycling.com\/wide\/#\/schema\/person\/image\/","url":"https:\/\/secure.gravatar.com\/avatar\/1f9eb71be33845f0afabce3791bc1c58ecdb0a25c62964987e5dbcf7a20d2ec7?s=96&d=mm&r=g","contentUrl":"https:\/\/secure.gravatar.com\/avatar\/1f9eb71be33845f0afabce3791bc1c58ecdb0a25c62964987e5dbcf7a20d2ec7?s=96&d=mm&r=g","caption":"tereza"},"url":"https:\/\/www.welovecycling.com\/wide\/author\/tereza\/"}]}},"_links":{"self":[{"href":"https:\/\/www.welovecycling.com\/wide\/wp-json\/wp\/v2\/posts\/203995","targetHints":{"allow":["GET"]}}],"collection":[{"href":"https:\/\/www.welovecycling.com\/wide\/wp-json\/wp\/v2\/posts"}],"about":[{"href":"https:\/\/www.welovecycling.com\/wide\/wp-json\/wp\/v2\/types\/post"}],"author":[{"embeddable":true,"href":"https:\/\/www.welovecycling.com\/wide\/wp-json\/wp\/v2\/users\/99"}],"replies":[{"embeddable":true,"href":"https:\/\/www.welovecycling.com\/wide\/wp-json\/wp\/v2\/comments?post=203995"}],"version-history":[{"count":4,"href":"https:\/\/www.welovecycling.com\/wide\/wp-json\/wp\/v2\/posts\/203995\/revisions"}],"predecessor-version":[{"id":204003,"href":"https:\/\/www.welovecycling.com\/wide\/wp-json\/wp\/v2\/posts\/203995\/revisions\/204003"}],"wp:featuredmedia":[{"embeddable":true,"href":"https:\/\/www.welovecycling.com\/wide\/wp-json\/wp\/v2\/media\/203997"}],"wp:attachment":[{"href":"https:\/\/www.welovecycling.com\/wide\/wp-json\/wp\/v2\/media?parent=203995"}],"wp:term":[{"taxonomy":"category","embeddable":true,"href":"https:\/\/www.welovecycling.com\/wide\/wp-json\/wp\/v2\/categories?post=203995"},{"taxonomy":"post_tag","embeddable":true,"href":"https:\/\/www.welovecycling.com\/wide\/wp-json\/wp\/v2\/tags?post=203995"},{"taxonomy":"global-categories","embeddable":true,"href":"https:\/\/www.welovecycling.com\/wide\/wp-json\/wp\/v2\/global-categories?post=203995"}],"curies":[{"name":"wp","href":"https:\/\/api.w.org\/{rel}","templated":true}]}}