{"id":203991,"date":"2025-10-17T06:00:26","date_gmt":"2025-10-17T06:00:26","guid":{"rendered":"https:\/\/www.welovecycling.com\/wide\/?p=203991"},"modified":"2025-10-15T11:06:18","modified_gmt":"2025-10-15T11:06:18","slug":"breast-cancer-awareness-month-on-two-wheels","status":"publish","type":"post","link":"https:\/\/www.welovecycling.com\/wide\/2025\/10\/17\/breast-cancer-awareness-month-on-two-wheels\/","title":{"rendered":"Breast Cancer Awareness Month on Two Wheels"},"content":{"rendered":"<p><strong>October brings more than autumn colours; it represents purpose and a coming together for all those affected by breast cancer. Around the world, cyclists, survivors, supporters, and communities turn their passion for two wheels into powerful statements of solidarity for Breast Cancer Awareness Month.\u00a0<\/strong><\/p>\n<p><!--more--><\/p>\n<p><span style=\"font-weight: 400;\">Through long-distance pedal spins, ribbon rallies, or small local group rides, each event intends to share stories of fear and recovery, promote awareness and change, and offer hope to those living in the shadow of diagnosis. Below are some real stories of riders who have helped make this collective effort so inspiring, followed by reflections on what these endeavours teach us, and what individuals and cycling communities everywhere can do to show their support.\u00a0<\/span><\/p>\n<h2><b>Christine O\u2019Connell &amp; One More City: Life with secondary breast cancer<\/b><\/h2>\n<p><span style=\"font-weight: 400;\">Christine O\u2019Connell has been fighting secondary breast cancer since 2018, after an initial diagnosis in 2013. Rather than let her condition define her, though, she founded <\/span><i><span style=\"font-weight: 400;\">One More City<\/span><\/i><span style=\"font-weight: 400;\">, an annual ride (or city-to-city journey) that raises funding for PhD research into secondary breast cancer. As she told <\/span><a href=\"https:\/\/www.rouleur.cc\/blogs\/the-rouleur-journal\/funding-the-future-one-more-citys-christine-oconnell?utm_source=chatgpt.com\"><i><span style=\"font-weight: 400;\">Rouleur<\/span><\/i><span style=\"font-weight: 400;\"> magazine<\/span><\/a><span style=\"font-weight: 400;\">, \u201cIt\u2019s my lifeline. I love it. It gives me a way to test myself other than a scan or a blood test. It is just a way to escape.\u201d<\/span><a href=\"https:\/\/www.rouleur.cc\/blogs\/the-rouleur-journal\/funding-the-future-one-more-citys-christine-oconnell?utm_source=chatgpt.com\"><span style=\"font-weight: 400;\">\u00a0<\/span><\/a><\/p>\n<p><span style=\"font-weight: 400;\">Her rides are not easy celebrations. In fact, part of Christine\u2019s mission is to correct widespread misunderstanding: many believe that breast cancer is always \u201ccurable\u201d and finite. Christine\u2019s truth is that for 20-30% of patients, cancer returns beyond the breast, spreading to other organs \u2014 a form known as secondary breast cancer, and treatment becomes ongoing, not simply something to finish and move on.<\/span><a href=\"https:\/\/www.rouleur.cc\/blogs\/the-rouleur-journal\/funding-the-future-one-more-citys-christine-oconnell?utm_source=chatgpt.com\"><span style=\"font-weight: 400;\">\u00a0<\/span><\/a><\/p>\n<p><span style=\"font-weight: 400;\">Every year, Christine and dozens of cyclists tackle new routes. Most recently, they rode from Munich to Venice, over challenging terrain, border crossings, and steep climbs. Their group included 36 riders. Christine said it was \u201camazingly hard, but beautiful,\u201d riding through Alpine landscapes, generous countryside, and the long stretches between towns. The money raised goes directly to support PhD students researching hard-to-treat forms of secondary breast cancer.<\/span><a href=\"https:\/\/www.rouleur.cc\/blogs\/the-rouleur-journal\/funding-the-future-one-more-citys-christine-oconnell?utm_source=chatgpt.com\"><span style=\"font-weight: 400;\">\u00a0<\/span><\/a><\/p>\n<h2><b>Al &amp; Terry Reszel: Love, miles, and endurance<\/b><\/h2>\n<p><span style=\"font-weight: 400;\">Al Reszel\u2019s bicycle has become a symbol of his determination and love for his wife, Terry, a breast cancer survivor since 2010. In their campaign <\/span><a href=\"https:\/\/www.bcrf.org\/blog\/al-reszel-cycles-3500-miles-breast-cancer-research\/?utm_source=chatgpt.com\"><i><span style=\"font-weight: 400;\">Pink Pedals 4 A Cure<\/span><\/i><\/a><i><span style=\"font-weight: 400;\"> &#8211; Terry\u2019s Ride<\/span><\/i><span style=\"font-weight: 400;\">, Al cycles thousands of miles across the United States, while Terry drives support in a van, handling logistics, connecting with people, and sharing stories. In 2018, Al rode from Los Angeles to New York \u2013 over 3,500 miles, across 13 states, to raise funds for the Breast Cancer Research Foundation, all in Terry\u2019s honour.<\/span><a href=\"https:\/\/www.bcrf.org\/blog\/al-reszel-cycles-3500-miles-breast-cancer-research\/?utm_source=chatgpt.com\"><span style=\"font-weight: 400;\">\u00a0<\/span><\/a><\/p>\n<p><span style=\"font-weight: 400;\">Al described the ride plainly: \u201cThere were good days and there were tough days,\u201d he told <\/span><a href=\"https:\/\/www.bcrf.org\/blog\/al-reszel-cycles-3500-miles-breast-cancer-research\/?utm_source=chatgpt.com\"><i><span style=\"font-weight: 400;\">BCRF<\/span><\/i><\/a><span style=\"font-weight: 400;\">. But every mile had meaning. Terry, her support vehicle trailing behind, isn\u2019t just a passenger; she\u2019s an active equal in this journey. \u201cI couldn\u2019t have done it without Terry,\u201d Al says.<\/span><a href=\"https:\/\/www.bcrf.org\/blog\/al-reszel-cycles-3500-miles-breast-cancer-research\/?utm_source=chatgpt.com\"><span style=\"font-weight: 400;\">\u00a0<\/span><\/a><\/p>\n<p><span style=\"font-weight: 400;\">Terry\u2019s journey with breast cancer, her recovery, her fear, her triumphs \u2014 all provided the fuel. \u201cPost-surgery, my emotions ran the gamut from emptiness, fear, dread and horror,\u201d <\/span><a href=\"https:\/\/www.bcrf.org\/blog\/husband-cycles-across-country-honor-his-wife-and-support-breast-cancer-research\/?utm_source=chatgpt.com\"><span style=\"font-weight: 400;\">Terry once recalled<\/span><\/a><span style=\"font-weight: 400;\">, after her bilateral mastectomy. But after recovery, life returned: family, grandchildren, daily routines, and the dream to do something more.<\/span><a href=\"https:\/\/www.bcrf.org\/blog\/husband-cycles-across-country-honor-his-wife-and-support-breast-cancer-research\/?utm_source=chatgpt.com\"><span style=\"font-weight: 400;\">\u00a0<\/span><\/a><\/p>\n<p><span style=\"font-weight: 400;\">Al and Terry have come to represent what many believe: that survival is not just living, but doing \u2014 action, awareness, reach. Their rides grow in scale, in miles, and in impact. Over the years, they have raised tens of thousands of dollars, connected with hundreds of people, and spread the message: early detection, research, and community support are vital.<\/span><a href=\"https:\/\/www.bcrf.org\/blog\/al-reszel-cycles-3500-miles-breast-cancer-research\/?utm_source=chatgpt.com\"><span style=\"font-weight: 400;\">\u00a0<\/span><\/a><\/p>\n<blockquote class=\"instagram-media\" style=\"background: #FFF; border: 0; border-radius: 3px; box-shadow: 0 0 1px 0 rgba(0,0,0,0.5),0 1px 10px 0 rgba(0,0,0,0.15); margin: 1px; max-width: 540px; min-width: 326px; padding: 0; width: calc(100% - 2px);\" data-instgrm-captioned=\"\" data-instgrm-permalink=\"https:\/\/www.instagram.com\/p\/DPyxWqfDixm\/?utm_source=ig_embed&amp;utm_campaign=loading\" data-instgrm-version=\"14\">\n<div style=\"padding: 16px;\">\n<p>&nbsp;<\/p>\n<div style=\"display: flex; flex-direction: row; align-items: center;\">\n<div style=\"background-color: #f4f4f4; border-radius: 50%; flex-grow: 0; height: 40px; margin-right: 14px; width: 40px;\"><\/div>\n<div style=\"display: flex; flex-direction: column; flex-grow: 1; justify-content: center;\">\n<div style=\"background-color: #f4f4f4; border-radius: 4px; flex-grow: 0; height: 14px; margin-bottom: 6px; width: 100px;\"><\/div>\n<div style=\"background-color: #f4f4f4; border-radius: 4px; flex-grow: 0; height: 14px; width: 60px;\"><\/div>\n<\/div>\n<\/div>\n<div style=\"padding: 19% 0;\"><\/div>\n<div style=\"display: block; height: 50px; margin: 0 auto 12px; width: 50px;\"><\/div>\n<div style=\"padding-top: 8px;\">\n<div style=\"color: #3897f0; font-family: Arial,sans-serif; font-size: 14px; font-style: normal; font-weight: 550; line-height: 18px;\">Zobrazit p\u0159\u00edsp\u011bvek na Instagramu<\/div>\n<\/div>\n<div style=\"padding: 12.5% 0;\"><\/div>\n<div style=\"display: flex; flex-direction: row; margin-bottom: 14px; align-items: center;\">\n<div>\n<div style=\"background-color: #f4f4f4; border-radius: 50%; height: 12.5px; width: 12.5px; transform: translateX(0px) translateY(7px);\"><\/div>\n<div style=\"background-color: #f4f4f4; height: 12.5px; transform: rotate(-45deg) translateX(3px) translateY(1px); width: 12.5px; flex-grow: 0; margin-right: 14px; margin-left: 2px;\"><\/div>\n<div style=\"background-color: #f4f4f4; border-radius: 50%; height: 12.5px; width: 12.5px; transform: translateX(9px) translateY(-18px);\"><\/div>\n<\/div>\n<div style=\"margin-left: 8px;\">\n<div style=\"background-color: #f4f4f4; border-radius: 50%; flex-grow: 0; height: 20px; width: 20px;\"><\/div>\n<div style=\"width: 0; height: 0; border-top: 2px solid transparent; border-left: 6px solid #f4f4f4; border-bottom: 2px solid transparent; transform: translateX(16px) translateY(-4px) rotate(30deg);\"><\/div>\n<\/div>\n<div style=\"margin-left: auto;\">\n<div style=\"width: 0px; border-top: 8px solid #F4F4F4; border-right: 8px solid transparent; transform: translateY(16px);\"><\/div>\n<div style=\"background-color: #f4f4f4; flex-grow: 0; height: 12px; width: 16px; transform: translateY(-4px);\"><\/div>\n<div style=\"width: 0; height: 0; border-top: 8px solid #F4F4F4; border-left: 8px solid transparent; transform: translateY(-4px) translateX(8px);\"><\/div>\n<\/div>\n<\/div>\n<div style=\"display: flex; flex-direction: column; flex-grow: 1; justify-content: center; margin-bottom: 24px;\">\n<div style=\"background-color: #f4f4f4; border-radius: 4px; flex-grow: 0; height: 14px; margin-bottom: 6px; width: 224px;\"><\/div>\n<div style=\"background-color: #f4f4f4; border-radius: 4px; flex-grow: 0; height: 14px; width: 144px;\"><\/div>\n<\/div>\n<p>&nbsp;<\/p>\n<p style=\"color: #c9c8cd; font-family: Arial,sans-serif; font-size: 14px; line-height: 17px; margin-bottom: 0; margin-top: 8px; overflow: hidden; padding: 8px 0 7px; text-align: center; text-overflow: ellipsis; white-space: nowrap;\"><a style=\"color: #c9c8cd; font-family: Arial,sans-serif; font-size: 14px; font-style: normal; font-weight: normal; line-height: 17px; text-decoration: none;\" href=\"https:\/\/www.instagram.com\/p\/DPyxWqfDixm\/?utm_source=ig_embed&amp;utm_campaign=loading\" target=\"_blank\" rel=\"noopener\">P\u0159\u00edsp\u011bvek sd\u00edlen\u00fd BCRF (@bcrfcure)<\/a><\/p>\n<\/div>\n<\/blockquote>\n<h2><script async src=\"\/\/www.instagram.com\/embed.js\"><\/script><b>Nancy: Cycling as therapy after treatment<\/b><\/h2>\n<p><span style=\"font-weight: 400;\">When Nancy turned 60, she decided it was time for a challenge. A few years after finishing treatment for breast cancer, she tackled a classic UK epic: cycling from Land\u2019s End to John O\u2019Groats, about 1,000 miles, over 14 consecutive days.<\/span><a href=\"https:\/\/breastcancernow.org\/about-us\/news-personal-stories\/my-therapy-after-treatment-1000-mile-cycle-celebrate-my-60th?utm_source=chatgpt.com\"><span style=\"font-weight: 400;\">\u00a0<\/span><\/a><\/p>\n<p><a href=\"https:\/\/breastcancernow.org\/about-us\/news-personal-stories\/my-therapy-after-treatment-1000-mile-cycle-celebrate-my-60th?utm_source=chatgpt.com\"><span style=\"font-weight: 400;\">She recalls<\/span><\/a><span style=\"font-weight: 400;\"> being terrified before starting chemotherapy, especially worried about sickness, but with antiemetic drugs, she never got sick once. During treatment, she would lie in the chemo ward dreaming of being back on her bike. Her motivation to survive, to reclaim strength, to reclaim the joy of cycling in nature, carried her through not only treatment but this epic ride.<\/span><a href=\"https:\/\/breastcancernow.org\/about-us\/news-personal-stories\/my-therapy-after-treatment-1000-mile-cycle-celebrate-my-60th?utm_source=chatgpt.com\"><span style=\"font-weight: 400;\">\u00a0<\/span><\/a><\/p>\n<p><span style=\"font-weight: 400;\">Nancy\u2019s ride was more than a birthday celebration; it was therapy. \u201cCycling over the Cairngorms nearly broke me \u2013 but I kept going,\u201d she says. At an average of 70 miles a day, with climbs, bad weather, and fuelled only by perseverance, the challenge was immense. Arriving at John O\u2019Groats, watching the silvery light of the coast, she felt something beyond physical exhaustion \u2014 a sense that she could do anything.<\/span><a href=\"https:\/\/breastcancernow.org\/about-us\/news-personal-stories\/my-therapy-after-treatment-1000-mile-cycle-celebrate-my-60th?utm_source=chatgpt.com\"><span style=\"font-weight: 400;\">\u00a0<\/span><\/a><\/p>\n<h2><b>Why these stories matter<\/b><\/h2>\n<p><span style=\"font-weight: 400;\">Beyond personal triumphs, these stories highlight vital truths:<\/span><\/p>\n<p><b>Awareness needs to be more than symbolic<\/b><span style=\"font-weight: 400;\">: It\u2019s not enough to pedal in pink. These rides bring attention to secondary breast cancer, treatment gaps, research funding, and the lived experience of those still fighting. Christine O\u2019Connell, whose condition will never be \u201ccured\u201d in the conventional sense, shows how research into harder-to-treat forms is underfunded and misunderstood.<\/span><span style=\"font-weight: 400;\"><br \/>\n<\/span><\/p>\n<p><b>Physical challenge mirrors emotional challenge<\/b><span style=\"font-weight: 400;\">: The hills, long days, early risers. The worry before treatment, the fear of recurrence, the fragile healing, each has its own terrain. Completing a long ride becomes a metaphor: if you can survive a climb, you can handle what lies beyond. Nancy\u2019s \u201ctherapy after treatment\u201d is as much mental as physical.<\/span><span style=\"font-weight: 400;\"><br \/>\n<\/span><\/p>\n<p><b>Community supports survivors and raises hope<\/b><span style=\"font-weight: 400;\">: Whether it\u2019s Terry driving behind Al, Nancy drawing strength from fellow riders, or Christine\u2019s students who benefit when she raises funds for PhD research, there\u2019s a network. These rides are shared accomplishments. They build bridges between people affected, people who care, and people who want to help. The stories open conversation: about screenings, about support, about what life looks like after treatment.<\/span><\/p>\n<p><b>Action counts<\/b><span style=\"font-weight: 400;\">: Money raised, research funded, awareness spread. These efforts make concrete contributions to the fight against breast cancer. <\/span><\/p>\n<h2><b>For cyclists who want to ride with purpose<\/b><\/h2>\n<p><span style=\"font-weight: 400;\">If these stories have inspired you to get involved, the good news is that making a difference doesn\u2019t require an epic 3,500-mile journey. The point isn\u2019t distance; it\u2019s connection. When people come together, talk, and ride in solidarity, awareness spreads in the most genuine way.<\/span><\/p>\n<p><span style=\"font-weight: 400;\">One of the most potent things cycling communities can do is make space for survivors to share their voices. Letting those who\u2019ve lived through breast cancer lead, speak, or simply be visible brings depth and authenticity to every event. Their stories remind others why awareness matters and keep the focus on real people rather than abstract causes.<\/span><\/p>\n<p><span style=\"font-weight: 400;\">Partnerships can make that impact even stronger. Linking your ride with a research foundation, local charity, or healthcare organisation gives the effort tangible weight. It could mean raising funds for a research institute, supporting screening programs in your area, or helping to provide access to diagnostic care for those who need it most.<\/span><\/p>\n<p><span style=\"font-weight: 400;\">Challenge can also be a powerful motivator. Whether you commit to twenty kilometres or a thousand, setting a personal goal adds purpose and momentum to your efforts. In a way, the rhythm of training and riding mirrors the process of treatment and recovery. It\u2019s a reminder that progress doesn\u2019t happen all at once; it\u2019s built slowly, through persistence.<\/span><\/p>\n<p><span style=\"font-weight: 400;\">And while October shines a light on breast cancer awareness, the most meaningful impact happens when that energy carries through the rest of the year. Continuing to organise annual rides, keep in touch with survivors, or share research updates helps ensure that the message doesn\u2019t fade once the month ends.\u00a0<\/span><\/p>\n<p><i><span style=\"font-weight: 400;\">If you\u2019re ready to take the next step, there are several established organisations around the world that channel cycling efforts and donations directly into breast cancer research, treatment, and support:<\/span><\/i><i><\/i><\/p>\n<ul>\n<li style=\"font-weight: 400;\" aria-level=\"1\"><a href=\"http:\/\/bcrf.org\/\"><i><span style=\"font-weight: 400;\">Breast Cancer Research Foundation<\/span><\/i><\/a><i><span style=\"font-weight: 400;\"> (BCRF) \u2013 The world\u2019s largest private funder of breast cancer research, supporting groundbreaking work in prevention, diagnosis, and treatment.\u00a0<\/span><\/i><\/li>\n<\/ul>\n<ul>\n<li style=\"font-weight: 400;\" aria-level=\"1\"><a href=\"http:\/\/breastcancernow.org\/\"><i><span style=\"font-weight: 400;\">Breast Cancer Now<\/span><\/i><\/a><i><span style=\"font-weight: 400;\"> \u2013 Based in the UK, this organisation combines research, patient support, and advocacy to improve outcomes and quality of life.\u00a0<\/span><\/i><\/li>\n<\/ul>\n<p><i><span style=\"font-weight: 400;\">Wherever you are, it\u2019s also worth checking which organisations are active locally, from small community groups to regional foundations and hospitals. Supporting what\u2019s happening close to home can make a direct impact on early detection, access to care, and the strength of your own cycling and wellness community.<\/span><\/i><\/p>\n","protected":false},"excerpt":{"rendered":"<p>October brings more than autumn colours; it represents purpose and a coming together for all those affected by breast cancer. [&hellip;]<\/p>\n","protected":false},"author":99,"featured_media":191747,"comment_status":"closed","ping_status":"open","sticky":false,"template":"","format":"standard","meta":{"footnotes":""},"categories":[329],"tags":[8729,8731,8728,8730],"global-categories":[3366],"class_list":["post-203991","post","type-post","status-publish","format-standard","has-post-thumbnail","hentry","category-road-cycling","tag-breast-cancer","tag-christine-oconnell","tag-cycling-charity","tag-one-more-city","global-categories-cycling"],"yoast_head":"<!-- This site is optimized with the Yoast SEO Premium plugin v25.3 (Yoast SEO v25.9) - https:\/\/yoast.com\/wordpress\/plugins\/seo\/ -->\n<title>Breast Cancer Awareness Month on Two Wheels - \u0160koda We Love Cycling<\/title>\n<meta name=\"description\" content=\"October brings more than autumn colours; it represents purpose and a coming together for all those affected by breast cancer. Around the world, cyclists,\" \/>\n<meta name=\"robots\" content=\"index, follow, max-snippet:-1, max-image-preview:large, max-video-preview:-1\" \/>\n<link rel=\"canonical\" href=\"https:\/\/www.welovecycling.com\/wide\/2025\/10\/17\/breast-cancer-awareness-month-on-two-wheels\/\" \/>\n<meta property=\"og:locale\" content=\"en_US\" \/>\n<meta property=\"og:type\" content=\"article\" \/>\n<meta property=\"og:title\" content=\"Breast Cancer Awareness Month on Two Wheels\" \/>\n<meta property=\"og:description\" content=\"October brings more than autumn colours; it represents purpose and a coming together for all those affected by breast cancer. Around the world, cyclists,\" \/>\n<meta property=\"og:url\" content=\"https:\/\/www.welovecycling.com\/wide\/2025\/10\/17\/breast-cancer-awareness-month-on-two-wheels\/\" \/>\n<meta property=\"og:site_name\" content=\"\u0160koda We Love Cycling\" \/>\n<meta property=\"article:published_time\" content=\"2025-10-17T06:00:26+00:00\" \/>\n<meta property=\"og:image\" content=\"https:\/\/d2p6e6u75xmxt8.cloudfront.net\/2\/2023\/01\/Road-Cyclists-Men-and-Woman-profimedia-0748616353-CVR.webp\" \/>\n\t<meta property=\"og:image:width\" content=\"990\" \/>\n\t<meta property=\"og:image:height\" content=\"660\" \/>\n\t<meta property=\"og:image:type\" content=\"image\/webp\" \/>\n<meta name=\"author\" content=\"tereza\" \/>\n<meta name=\"twitter:card\" content=\"summary_large_image\" \/>\n<meta name=\"twitter:label1\" content=\"Written by\" \/>\n\t<meta name=\"twitter:data1\" content=\"Megan Flottorp\" \/>\n\t<meta name=\"twitter:label2\" content=\"Est. reading time\" \/>\n\t<meta name=\"twitter:data2\" content=\"3\" \/>\n<script type=\"application\/ld+json\" class=\"yoast-schema-graph\">{\"@context\":\"https:\/\/schema.org\",\"@graph\":[{\"@type\":\"WebPage\",\"@id\":\"https:\/\/www.welovecycling.com\/wide\/2025\/10\/17\/breast-cancer-awareness-month-on-two-wheels\/\",\"url\":\"https:\/\/www.welovecycling.com\/wide\/2025\/10\/17\/breast-cancer-awareness-month-on-two-wheels\/\",\"name\":\"Breast Cancer Awareness Month on Two Wheels - \u0160koda We Love Cycling\",\"isPartOf\":{\"@id\":\"https:\/\/www.welovecycling.com\/wide\/#website\"},\"primaryImageOfPage\":{\"@id\":\"https:\/\/www.welovecycling.com\/wide\/2025\/10\/17\/breast-cancer-awareness-month-on-two-wheels\/#primaryimage\"},\"image\":{\"@id\":\"https:\/\/www.welovecycling.com\/wide\/2025\/10\/17\/breast-cancer-awareness-month-on-two-wheels\/#primaryimage\"},\"thumbnailUrl\":\"https:\/\/d2p6e6u75xmxt8.cloudfront.net\/2\/2023\/01\/Road-Cyclists-Men-and-Woman-profimedia-0748616353-CVR.webp\",\"datePublished\":\"2025-10-17T06:00:26+00:00\",\"author\":{\"@id\":\"https:\/\/www.welovecycling.com\/wide\/#\/schema\/person\/50f01ecd18718d2333cf72e823c4f926\"},\"description\":\"October brings more than autumn colours; it represents purpose and a coming together for all those affected by breast cancer. Around the world, cyclists,\",\"breadcrumb\":{\"@id\":\"https:\/\/www.welovecycling.com\/wide\/2025\/10\/17\/breast-cancer-awareness-month-on-two-wheels\/#breadcrumb\"},\"inLanguage\":\"en-US\",\"potentialAction\":[{\"@type\":\"ReadAction\",\"target\":[\"https:\/\/www.welovecycling.com\/wide\/2025\/10\/17\/breast-cancer-awareness-month-on-two-wheels\/\"]}]},{\"@type\":\"ImageObject\",\"inLanguage\":\"en-US\",\"@id\":\"https:\/\/www.welovecycling.com\/wide\/2025\/10\/17\/breast-cancer-awareness-month-on-two-wheels\/#primaryimage\",\"url\":\"https:\/\/d2p6e6u75xmxt8.cloudfront.net\/2\/2023\/01\/Road-Cyclists-Men-and-Woman-profimedia-0748616353-CVR.webp\",\"contentUrl\":\"https:\/\/d2p6e6u75xmxt8.cloudfront.net\/2\/2023\/01\/Road-Cyclists-Men-and-Woman-profimedia-0748616353-CVR.webp\",\"width\":990,\"height\":660,\"caption\":\"Cyclists Training\"},{\"@type\":\"BreadcrumbList\",\"@id\":\"https:\/\/www.welovecycling.com\/wide\/2025\/10\/17\/breast-cancer-awareness-month-on-two-wheels\/#breadcrumb\",\"itemListElement\":[{\"@type\":\"ListItem\",\"position\":1,\"name\":\"Home\",\"item\":\"https:\/\/www.welovecycling.com\/wide\/\"},{\"@type\":\"ListItem\",\"position\":2,\"name\":\"Breast Cancer Awareness Month on Two Wheels\"}]},{\"@type\":\"WebSite\",\"@id\":\"https:\/\/www.welovecycling.com\/wide\/#website\",\"url\":\"https:\/\/www.welovecycling.com\/wide\/\",\"name\":\"\u0160koda We Love Cycling\",\"description\":\"\u0160koda We Love Cycling magazine\",\"alternateName\":\"\u0160koda WLC\",\"potentialAction\":[{\"@type\":\"SearchAction\",\"target\":{\"@type\":\"EntryPoint\",\"urlTemplate\":\"https:\/\/www.welovecycling.com\/wide\/?s={search_term_string}\"},\"query-input\":{\"@type\":\"PropertyValueSpecification\",\"valueRequired\":true,\"valueName\":\"search_term_string\"}}],\"inLanguage\":\"en-US\"},{\"@type\":\"Person\",\"@id\":\"https:\/\/www.welovecycling.com\/wide\/#\/schema\/person\/50f01ecd18718d2333cf72e823c4f926\",\"name\":\"tereza\",\"image\":{\"@type\":\"ImageObject\",\"inLanguage\":\"en-US\",\"@id\":\"https:\/\/www.welovecycling.com\/wide\/#\/schema\/person\/image\/\",\"url\":\"https:\/\/secure.gravatar.com\/avatar\/1f9eb71be33845f0afabce3791bc1c58ecdb0a25c62964987e5dbcf7a20d2ec7?s=96&d=mm&r=g\",\"contentUrl\":\"https:\/\/secure.gravatar.com\/avatar\/1f9eb71be33845f0afabce3791bc1c58ecdb0a25c62964987e5dbcf7a20d2ec7?s=96&d=mm&r=g\",\"caption\":\"tereza\"},\"url\":\"https:\/\/www.welovecycling.com\/wide\/author\/tereza\/\"}]}<\/script>\n<!-- \/ Yoast SEO Premium plugin. -->","yoast_head_json":{"title":"Breast Cancer Awareness Month on Two Wheels - \u0160koda We Love Cycling","description":"October brings more than autumn colours; it represents purpose and a coming together for all those affected by breast cancer. Around the world, cyclists,","robots":{"index":"index","follow":"follow","max-snippet":"max-snippet:-1","max-image-preview":"max-image-preview:large","max-video-preview":"max-video-preview:-1"},"canonical":"https:\/\/www.welovecycling.com\/wide\/2025\/10\/17\/breast-cancer-awareness-month-on-two-wheels\/","og_locale":"en_US","og_type":"article","og_title":"Breast Cancer Awareness Month on Two Wheels","og_description":"October brings more than autumn colours; it represents purpose and a coming together for all those affected by breast cancer. Around the world, cyclists,","og_url":"https:\/\/www.welovecycling.com\/wide\/2025\/10\/17\/breast-cancer-awareness-month-on-two-wheels\/","og_site_name":"\u0160koda We Love Cycling","article_published_time":"2025-10-17T06:00:26+00:00","og_image":[{"width":990,"height":660,"url":"https:\/\/d2p6e6u75xmxt8.cloudfront.net\/2\/2023\/01\/Road-Cyclists-Men-and-Woman-profimedia-0748616353-CVR.webp","type":"image\/webp"}],"author":"tereza","twitter_card":"summary_large_image","twitter_misc":{"Written by":"Megan Flottorp","Est. reading time":"3"},"schema":{"@context":"https:\/\/schema.org","@graph":[{"@type":"WebPage","@id":"https:\/\/www.welovecycling.com\/wide\/2025\/10\/17\/breast-cancer-awareness-month-on-two-wheels\/","url":"https:\/\/www.welovecycling.com\/wide\/2025\/10\/17\/breast-cancer-awareness-month-on-two-wheels\/","name":"Breast Cancer Awareness Month on Two Wheels - \u0160koda We Love Cycling","isPartOf":{"@id":"https:\/\/www.welovecycling.com\/wide\/#website"},"primaryImageOfPage":{"@id":"https:\/\/www.welovecycling.com\/wide\/2025\/10\/17\/breast-cancer-awareness-month-on-two-wheels\/#primaryimage"},"image":{"@id":"https:\/\/www.welovecycling.com\/wide\/2025\/10\/17\/breast-cancer-awareness-month-on-two-wheels\/#primaryimage"},"thumbnailUrl":"https:\/\/d2p6e6u75xmxt8.cloudfront.net\/2\/2023\/01\/Road-Cyclists-Men-and-Woman-profimedia-0748616353-CVR.webp","datePublished":"2025-10-17T06:00:26+00:00","author":{"@id":"https:\/\/www.welovecycling.com\/wide\/#\/schema\/person\/50f01ecd18718d2333cf72e823c4f926"},"description":"October brings more than autumn colours; it represents purpose and a coming together for all those affected by breast cancer. Around the world, cyclists,","breadcrumb":{"@id":"https:\/\/www.welovecycling.com\/wide\/2025\/10\/17\/breast-cancer-awareness-month-on-two-wheels\/#breadcrumb"},"inLanguage":"en-US","potentialAction":[{"@type":"ReadAction","target":["https:\/\/www.welovecycling.com\/wide\/2025\/10\/17\/breast-cancer-awareness-month-on-two-wheels\/"]}]},{"@type":"ImageObject","inLanguage":"en-US","@id":"https:\/\/www.welovecycling.com\/wide\/2025\/10\/17\/breast-cancer-awareness-month-on-two-wheels\/#primaryimage","url":"https:\/\/d2p6e6u75xmxt8.cloudfront.net\/2\/2023\/01\/Road-Cyclists-Men-and-Woman-profimedia-0748616353-CVR.webp","contentUrl":"https:\/\/d2p6e6u75xmxt8.cloudfront.net\/2\/2023\/01\/Road-Cyclists-Men-and-Woman-profimedia-0748616353-CVR.webp","width":990,"height":660,"caption":"Cyclists Training"},{"@type":"BreadcrumbList","@id":"https:\/\/www.welovecycling.com\/wide\/2025\/10\/17\/breast-cancer-awareness-month-on-two-wheels\/#breadcrumb","itemListElement":[{"@type":"ListItem","position":1,"name":"Home","item":"https:\/\/www.welovecycling.com\/wide\/"},{"@type":"ListItem","position":2,"name":"Breast Cancer Awareness Month on Two Wheels"}]},{"@type":"WebSite","@id":"https:\/\/www.welovecycling.com\/wide\/#website","url":"https:\/\/www.welovecycling.com\/wide\/","name":"\u0160koda We Love Cycling","description":"\u0160koda We Love Cycling magazine","alternateName":"\u0160koda WLC","potentialAction":[{"@type":"SearchAction","target":{"@type":"EntryPoint","urlTemplate":"https:\/\/www.welovecycling.com\/wide\/?s={search_term_string}"},"query-input":{"@type":"PropertyValueSpecification","valueRequired":true,"valueName":"search_term_string"}}],"inLanguage":"en-US"},{"@type":"Person","@id":"https:\/\/www.welovecycling.com\/wide\/#\/schema\/person\/50f01ecd18718d2333cf72e823c4f926","name":"tereza","image":{"@type":"ImageObject","inLanguage":"en-US","@id":"https:\/\/www.welovecycling.com\/wide\/#\/schema\/person\/image\/","url":"https:\/\/secure.gravatar.com\/avatar\/1f9eb71be33845f0afabce3791bc1c58ecdb0a25c62964987e5dbcf7a20d2ec7?s=96&d=mm&r=g","contentUrl":"https:\/\/secure.gravatar.com\/avatar\/1f9eb71be33845f0afabce3791bc1c58ecdb0a25c62964987e5dbcf7a20d2ec7?s=96&d=mm&r=g","caption":"tereza"},"url":"https:\/\/www.welovecycling.com\/wide\/author\/tereza\/"}]}},"_links":{"self":[{"href":"https:\/\/www.welovecycling.com\/wide\/wp-json\/wp\/v2\/posts\/203991","targetHints":{"allow":["GET"]}}],"collection":[{"href":"https:\/\/www.welovecycling.com\/wide\/wp-json\/wp\/v2\/posts"}],"about":[{"href":"https:\/\/www.welovecycling.com\/wide\/wp-json\/wp\/v2\/types\/post"}],"author":[{"embeddable":true,"href":"https:\/\/www.welovecycling.com\/wide\/wp-json\/wp\/v2\/users\/99"}],"replies":[{"embeddable":true,"href":"https:\/\/www.welovecycling.com\/wide\/wp-json\/wp\/v2\/comments?post=203991"}],"version-history":[{"count":3,"href":"https:\/\/www.welovecycling.com\/wide\/wp-json\/wp\/v2\/posts\/203991\/revisions"}],"predecessor-version":[{"id":203994,"href":"https:\/\/www.welovecycling.com\/wide\/wp-json\/wp\/v2\/posts\/203991\/revisions\/203994"}],"wp:featuredmedia":[{"embeddable":true,"href":"https:\/\/www.welovecycling.com\/wide\/wp-json\/wp\/v2\/media\/191747"}],"wp:attachment":[{"href":"https:\/\/www.welovecycling.com\/wide\/wp-json\/wp\/v2\/media?parent=203991"}],"wp:term":[{"taxonomy":"category","embeddable":true,"href":"https:\/\/www.welovecycling.com\/wide\/wp-json\/wp\/v2\/categories?post=203991"},{"taxonomy":"post_tag","embeddable":true,"href":"https:\/\/www.welovecycling.com\/wide\/wp-json\/wp\/v2\/tags?post=203991"},{"taxonomy":"global-categories","embeddable":true,"href":"https:\/\/www.welovecycling.com\/wide\/wp-json\/wp\/v2\/global-categories?post=203991"}],"curies":[{"name":"wp","href":"https:\/\/api.w.org\/{rel}","templated":true}]}}