{"id":203979,"date":"2025-10-17T06:00:54","date_gmt":"2025-10-17T06:00:54","guid":{"rendered":"https:\/\/www.welovecycling.com\/wide\/?p=203979"},"modified":"2025-10-14T12:46:19","modified_gmt":"2025-10-14T12:46:19","slug":"who-packed-the-wind-dressing-for-october-when-the-air-is-made-of-knives","status":"publish","type":"post","link":"https:\/\/www.welovecycling.com\/wide\/2025\/10\/17\/who-packed-the-wind-dressing-for-october-when-the-air-is-made-of-knives\/","title":{"rendered":"Who Packed the Wind? Dressing for October When the Air Is Made of Knives"},"content":{"rendered":"<p><strong>It looks fine. <\/strong><strong>You peek out the window. Leaves are swirling, the sky is calm, the road is dry. You think, <em>\u201cCould be chilly. Maybe I\u2019ll bring a gilet.\u201d<\/em><\/strong><\/p>\n<p><!--more--><\/p>\n<p>You step outside.<br \/>\nAnd immediately regret every decision you\u2019ve ever made.<\/p>\n<p>Because October wind isn\u2019t just <em>wind<\/em>. It\u2019s a full-body attack. It doesn\u2019t push \u2014 it slices. You are now no longer riding a bike. You are participating in a meteorological hazing ritual. Here\u2019s how to (try to) dress for a month where the air has opinions and none of them are nice.<\/p>\n<h2><strong>Trust no forecast<\/strong><\/h2>\n<p>The weather app says 13\u00b0C. That sounds reasonable. Until you realise that:<br \/>\nIt\u2019s 13\u00b0C in the sun.<br \/>\nIt\u2019s 6\u00b0C in the shade.<br \/>\nIt\u2019s 1\u00b0C when you\u2019re descending at 58 km\/h into a headwind that feels like betrayal.<\/p>\n<p>You learn to ignore numbers and base your decisions on vibes. And suffering memory. October is a master of disguise. And you\u2019re the fool who believed it.<\/p>\n<h2><strong>Start cold, regret nothing<\/strong><\/h2>\n<p>Conventional wisdom says \u201cyou should start a little cold.\u201d<br \/>\nOctober wisdom says \u201cyou will never be warm again.\u201d<\/p>\n<p>You layer up. You layer down. You unzip. You zip. You take off gloves and immediately scream.<\/p>\n<p>Every ride starts with shivers and ends with you sweating inside a windproof shell that now smells like cooked despair. But the alternative of being underdressed leads to a personal vendetta with the weather gods.<\/p>\n<p>So you dress big. Then you strip halfway up a climb like you&#8217;re doing interpretive dance with your <a href=\"https:\/\/www.welovecycling.com\/wide\/2023\/03\/03\/expert-answers-your-winter-clothing-and-layering-questions\/\" target=\"_blank\" rel=\"noopener\">base layer.<\/a><\/p>\n<h2><strong>Windproof \u2260 warmproof<\/strong><\/h2>\n<p>You own a windproof jacket. That\u2019s adorable.<\/p>\n<p>October wind doesn\u2019t care about your jacket. It finds seams. It finds zips. It finds your <em>soul<\/em>. No matter how technical the fabric, the wind says: \u201ccute try.\u201d<\/p>\n<p>You could wear a parachute made of industrial insulation and the wind would still slap you across the spine like a disappointed parent.<\/p>\n<h2><strong>Gloves are a gamble<\/strong><\/h2>\n<p>You forget gloves once in October.<br \/>\nOnce.<\/p>\n<p>After that, you hoard them. Light gloves, <a href=\"https:\/\/www.welovecycling.com\/wide\/2023\/02\/10\/secret-winter-cycling-weapons-rechargeable-heated-vests-gloves-socks-and-insoles\/\" target=\"_blank\" rel=\"noopener\">thermal gloves,<\/a> lobster mitts, that weird single-finger ninja thing. You start carrying extras like you\u2019re a glove dealer for the underprepared.<\/p>\n<p>Still, nothing prevents the existential dread of cold fingers wrapped around brake levers at 60 km\/h.<\/p>\n<p>You scream a little. It fogs up your glasses. The wind finds that too.<\/p>\n<h2><strong>The neck warmer becomes religion<\/strong><\/h2>\n<p>It\u2019s not just an accessory. It\u2019s a belief system.<\/p>\n<p>You wear it around your neck. Over your ears. Up to your eyeballs. Inside your helmet. You\u2019d wrap your entire head in it if you could.<\/p>\n<p>It\u2019s the only thing standing between you and an emotional spiral caused by a stiff crosswind and mild drizzle.<\/p>\n<h2><strong>Embrace the crunchy apocalypse look<\/strong><\/h2>\n<p>By mid-October, everyone looks like a post-apocalyptic bike courier.<\/p>\n<p>Nothing matches. Your colours are \u201cwhatever\u2019s dry.\u201d Your fit is \u201cfunctional panic.\u201d You\u2019re wearing shoe covers with holes, a jersey from 2016, and a buff that might actually be a dish towel.<\/p>\n<p>But no one judges you. Because they\u2019re doing the same.<\/p>\n<p>This isn\u2019t about style. It\u2019s about survival.<\/p>\n<p><strong>Eventually, you return home<\/strong><\/p>\n<p>You open the door like someone crawling back from a minor war.<br \/>\nYour household looks at you with a mix of pity and confusion.<br \/>\nYou peel off clothes with the grace of a drowned giraffe.<br \/>\nYou drop one glove in the sink. You\u2019re not sure how it got there.<\/p>\n<p>And as you sit, sipping tea in three blankets and one emotional crisis, you whisper:<\/p>\n<p><em>\u201cNext time, I\u2019m bringing the winter bike.\u201d<\/em><\/p>\n<p>You won\u2019t.<br \/>\nBut it\u2019s cute that you think you will.<\/p>\n","protected":false},"excerpt":{"rendered":"<p>It looks fine. You peek out the window. Leaves are swirling, the sky is calm, the road is dry. You [&hellip;]<\/p>\n","protected":false},"author":99,"featured_media":203980,"comment_status":"closed","ping_status":"open","sticky":false,"template":"","format":"standard","meta":{"footnotes":""},"categories":[8162],"tags":[2668,2306,8725],"global-categories":[3366],"class_list":["post-203979","post","type-post","status-publish","format-standard","has-post-thumbnail","hentry","category-explore-and-travel","tag-cycling-fun","tag-cycling-in-autumn","tag-cycling-in-wind","global-categories-cycling"],"yoast_head":"<!-- This site is optimized with the Yoast SEO Premium plugin v25.3 (Yoast SEO v25.9) - https:\/\/yoast.com\/wordpress\/plugins\/seo\/ -->\n<title>Who Packed the Wind? Dressing for October When the Air Is Made of Knives - \u0160koda We Love Cycling<\/title>\n<meta name=\"description\" content=\"It looks fine. You peek out the window. Leaves are swirling, the sky is calm, the road is dry. You think, \u201cCould be chilly. Maybe I\u2019ll bring a gilet.\u201d You\" \/>\n<meta name=\"robots\" content=\"index, follow, max-snippet:-1, max-image-preview:large, max-video-preview:-1\" \/>\n<link rel=\"canonical\" href=\"https:\/\/www.welovecycling.com\/wide\/2025\/10\/17\/who-packed-the-wind-dressing-for-october-when-the-air-is-made-of-knives\/\" \/>\n<meta property=\"og:locale\" content=\"en_US\" \/>\n<meta property=\"og:type\" content=\"article\" \/>\n<meta property=\"og:title\" content=\"Who Packed the Wind? Dressing for October When the Air Is Made of Knives\" \/>\n<meta property=\"og:description\" content=\"It looks fine. You peek out the window. Leaves are swirling, the sky is calm, the road is dry. You think, \u201cCould be chilly. Maybe I\u2019ll bring a gilet.\u201d You\" \/>\n<meta property=\"og:url\" content=\"https:\/\/www.welovecycling.com\/wide\/2025\/10\/17\/who-packed-the-wind-dressing-for-october-when-the-air-is-made-of-knives\/\" \/>\n<meta property=\"og:site_name\" content=\"\u0160koda We Love Cycling\" \/>\n<meta property=\"article:published_time\" content=\"2025-10-17T06:00:54+00:00\" \/>\n<meta property=\"og:image\" content=\"https:\/\/d2p6e6u75xmxt8.cloudfront.net\/2\/2025\/10\/Wind-Bad-Weather-Cycling-profimedia-1001228568-CVR.webp\" \/>\n\t<meta property=\"og:image:width\" content=\"990\" \/>\n\t<meta property=\"og:image:height\" content=\"660\" \/>\n\t<meta property=\"og:image:type\" content=\"image\/webp\" \/>\n<meta name=\"author\" content=\"tereza\" \/>\n<meta name=\"twitter:card\" content=\"summary_large_image\" \/>\n<meta name=\"twitter:label1\" content=\"Written by\" \/>\n\t<meta name=\"twitter:data1\" content=\"Monica Buck\" \/>\n\t<meta name=\"twitter:label2\" content=\"Est. reading time\" \/>\n\t<meta name=\"twitter:data2\" content=\"2\" \/>\n<script type=\"application\/ld+json\" class=\"yoast-schema-graph\">{\"@context\":\"https:\/\/schema.org\",\"@graph\":[{\"@type\":\"WebPage\",\"@id\":\"https:\/\/www.welovecycling.com\/wide\/2025\/10\/17\/who-packed-the-wind-dressing-for-october-when-the-air-is-made-of-knives\/\",\"url\":\"https:\/\/www.welovecycling.com\/wide\/2025\/10\/17\/who-packed-the-wind-dressing-for-october-when-the-air-is-made-of-knives\/\",\"name\":\"Who Packed the Wind? Dressing for October When the Air Is Made of Knives - \u0160koda We Love Cycling\",\"isPartOf\":{\"@id\":\"https:\/\/www.welovecycling.com\/wide\/#website\"},\"primaryImageOfPage\":{\"@id\":\"https:\/\/www.welovecycling.com\/wide\/2025\/10\/17\/who-packed-the-wind-dressing-for-october-when-the-air-is-made-of-knives\/#primaryimage\"},\"image\":{\"@id\":\"https:\/\/www.welovecycling.com\/wide\/2025\/10\/17\/who-packed-the-wind-dressing-for-october-when-the-air-is-made-of-knives\/#primaryimage\"},\"thumbnailUrl\":\"https:\/\/d2p6e6u75xmxt8.cloudfront.net\/2\/2025\/10\/Wind-Bad-Weather-Cycling-profimedia-1001228568-CVR.webp\",\"datePublished\":\"2025-10-17T06:00:54+00:00\",\"author\":{\"@id\":\"https:\/\/www.welovecycling.com\/wide\/#\/schema\/person\/50f01ecd18718d2333cf72e823c4f926\"},\"description\":\"It looks fine. You peek out the window. Leaves are swirling, the sky is calm, the road is dry. You think, \u201cCould be chilly. Maybe I\u2019ll bring a gilet.\u201d You\",\"breadcrumb\":{\"@id\":\"https:\/\/www.welovecycling.com\/wide\/2025\/10\/17\/who-packed-the-wind-dressing-for-october-when-the-air-is-made-of-knives\/#breadcrumb\"},\"inLanguage\":\"en-US\",\"potentialAction\":[{\"@type\":\"ReadAction\",\"target\":[\"https:\/\/www.welovecycling.com\/wide\/2025\/10\/17\/who-packed-the-wind-dressing-for-october-when-the-air-is-made-of-knives\/\"]}]},{\"@type\":\"ImageObject\",\"inLanguage\":\"en-US\",\"@id\":\"https:\/\/www.welovecycling.com\/wide\/2025\/10\/17\/who-packed-the-wind-dressing-for-october-when-the-air-is-made-of-knives\/#primaryimage\",\"url\":\"https:\/\/d2p6e6u75xmxt8.cloudfront.net\/2\/2025\/10\/Wind-Bad-Weather-Cycling-profimedia-1001228568-CVR.webp\",\"contentUrl\":\"https:\/\/d2p6e6u75xmxt8.cloudfront.net\/2\/2025\/10\/Wind-Bad-Weather-Cycling-profimedia-1001228568-CVR.webp\",\"width\":990,\"height\":660,\"caption\":\"Autumn cycling\"},{\"@type\":\"BreadcrumbList\",\"@id\":\"https:\/\/www.welovecycling.com\/wide\/2025\/10\/17\/who-packed-the-wind-dressing-for-october-when-the-air-is-made-of-knives\/#breadcrumb\",\"itemListElement\":[{\"@type\":\"ListItem\",\"position\":1,\"name\":\"Home\",\"item\":\"https:\/\/www.welovecycling.com\/wide\/\"},{\"@type\":\"ListItem\",\"position\":2,\"name\":\"Who Packed the Wind? Dressing for October When the Air Is Made of Knives\"}]},{\"@type\":\"WebSite\",\"@id\":\"https:\/\/www.welovecycling.com\/wide\/#website\",\"url\":\"https:\/\/www.welovecycling.com\/wide\/\",\"name\":\"\u0160koda We Love Cycling\",\"description\":\"\u0160koda We Love Cycling magazine\",\"alternateName\":\"\u0160koda WLC\",\"potentialAction\":[{\"@type\":\"SearchAction\",\"target\":{\"@type\":\"EntryPoint\",\"urlTemplate\":\"https:\/\/www.welovecycling.com\/wide\/?s={search_term_string}\"},\"query-input\":{\"@type\":\"PropertyValueSpecification\",\"valueRequired\":true,\"valueName\":\"search_term_string\"}}],\"inLanguage\":\"en-US\"},{\"@type\":\"Person\",\"@id\":\"https:\/\/www.welovecycling.com\/wide\/#\/schema\/person\/50f01ecd18718d2333cf72e823c4f926\",\"name\":\"tereza\",\"image\":{\"@type\":\"ImageObject\",\"inLanguage\":\"en-US\",\"@id\":\"https:\/\/www.welovecycling.com\/wide\/#\/schema\/person\/image\/\",\"url\":\"https:\/\/secure.gravatar.com\/avatar\/1f9eb71be33845f0afabce3791bc1c58ecdb0a25c62964987e5dbcf7a20d2ec7?s=96&d=mm&r=g\",\"contentUrl\":\"https:\/\/secure.gravatar.com\/avatar\/1f9eb71be33845f0afabce3791bc1c58ecdb0a25c62964987e5dbcf7a20d2ec7?s=96&d=mm&r=g\",\"caption\":\"tereza\"},\"url\":\"https:\/\/www.welovecycling.com\/wide\/author\/tereza\/\"}]}<\/script>\n<!-- \/ Yoast SEO Premium plugin. -->","yoast_head_json":{"title":"Who Packed the Wind? Dressing for October When the Air Is Made of Knives - \u0160koda We Love Cycling","description":"It looks fine. You peek out the window. Leaves are swirling, the sky is calm, the road is dry. You think, \u201cCould be chilly. Maybe I\u2019ll bring a gilet.\u201d You","robots":{"index":"index","follow":"follow","max-snippet":"max-snippet:-1","max-image-preview":"max-image-preview:large","max-video-preview":"max-video-preview:-1"},"canonical":"https:\/\/www.welovecycling.com\/wide\/2025\/10\/17\/who-packed-the-wind-dressing-for-october-when-the-air-is-made-of-knives\/","og_locale":"en_US","og_type":"article","og_title":"Who Packed the Wind? Dressing for October When the Air Is Made of Knives","og_description":"It looks fine. You peek out the window. Leaves are swirling, the sky is calm, the road is dry. You think, \u201cCould be chilly. Maybe I\u2019ll bring a gilet.\u201d You","og_url":"https:\/\/www.welovecycling.com\/wide\/2025\/10\/17\/who-packed-the-wind-dressing-for-october-when-the-air-is-made-of-knives\/","og_site_name":"\u0160koda We Love Cycling","article_published_time":"2025-10-17T06:00:54+00:00","og_image":[{"width":990,"height":660,"url":"https:\/\/d2p6e6u75xmxt8.cloudfront.net\/2\/2025\/10\/Wind-Bad-Weather-Cycling-profimedia-1001228568-CVR.webp","type":"image\/webp"}],"author":"tereza","twitter_card":"summary_large_image","twitter_misc":{"Written by":"Monica Buck","Est. reading time":"2"},"schema":{"@context":"https:\/\/schema.org","@graph":[{"@type":"WebPage","@id":"https:\/\/www.welovecycling.com\/wide\/2025\/10\/17\/who-packed-the-wind-dressing-for-october-when-the-air-is-made-of-knives\/","url":"https:\/\/www.welovecycling.com\/wide\/2025\/10\/17\/who-packed-the-wind-dressing-for-october-when-the-air-is-made-of-knives\/","name":"Who Packed the Wind? Dressing for October When the Air Is Made of Knives - \u0160koda We Love Cycling","isPartOf":{"@id":"https:\/\/www.welovecycling.com\/wide\/#website"},"primaryImageOfPage":{"@id":"https:\/\/www.welovecycling.com\/wide\/2025\/10\/17\/who-packed-the-wind-dressing-for-october-when-the-air-is-made-of-knives\/#primaryimage"},"image":{"@id":"https:\/\/www.welovecycling.com\/wide\/2025\/10\/17\/who-packed-the-wind-dressing-for-october-when-the-air-is-made-of-knives\/#primaryimage"},"thumbnailUrl":"https:\/\/d2p6e6u75xmxt8.cloudfront.net\/2\/2025\/10\/Wind-Bad-Weather-Cycling-profimedia-1001228568-CVR.webp","datePublished":"2025-10-17T06:00:54+00:00","author":{"@id":"https:\/\/www.welovecycling.com\/wide\/#\/schema\/person\/50f01ecd18718d2333cf72e823c4f926"},"description":"It looks fine. You peek out the window. Leaves are swirling, the sky is calm, the road is dry. You think, \u201cCould be chilly. Maybe I\u2019ll bring a gilet.\u201d You","breadcrumb":{"@id":"https:\/\/www.welovecycling.com\/wide\/2025\/10\/17\/who-packed-the-wind-dressing-for-october-when-the-air-is-made-of-knives\/#breadcrumb"},"inLanguage":"en-US","potentialAction":[{"@type":"ReadAction","target":["https:\/\/www.welovecycling.com\/wide\/2025\/10\/17\/who-packed-the-wind-dressing-for-october-when-the-air-is-made-of-knives\/"]}]},{"@type":"ImageObject","inLanguage":"en-US","@id":"https:\/\/www.welovecycling.com\/wide\/2025\/10\/17\/who-packed-the-wind-dressing-for-october-when-the-air-is-made-of-knives\/#primaryimage","url":"https:\/\/d2p6e6u75xmxt8.cloudfront.net\/2\/2025\/10\/Wind-Bad-Weather-Cycling-profimedia-1001228568-CVR.webp","contentUrl":"https:\/\/d2p6e6u75xmxt8.cloudfront.net\/2\/2025\/10\/Wind-Bad-Weather-Cycling-profimedia-1001228568-CVR.webp","width":990,"height":660,"caption":"Autumn cycling"},{"@type":"BreadcrumbList","@id":"https:\/\/www.welovecycling.com\/wide\/2025\/10\/17\/who-packed-the-wind-dressing-for-october-when-the-air-is-made-of-knives\/#breadcrumb","itemListElement":[{"@type":"ListItem","position":1,"name":"Home","item":"https:\/\/www.welovecycling.com\/wide\/"},{"@type":"ListItem","position":2,"name":"Who Packed the Wind? Dressing for October When the Air Is Made of Knives"}]},{"@type":"WebSite","@id":"https:\/\/www.welovecycling.com\/wide\/#website","url":"https:\/\/www.welovecycling.com\/wide\/","name":"\u0160koda We Love Cycling","description":"\u0160koda We Love Cycling magazine","alternateName":"\u0160koda WLC","potentialAction":[{"@type":"SearchAction","target":{"@type":"EntryPoint","urlTemplate":"https:\/\/www.welovecycling.com\/wide\/?s={search_term_string}"},"query-input":{"@type":"PropertyValueSpecification","valueRequired":true,"valueName":"search_term_string"}}],"inLanguage":"en-US"},{"@type":"Person","@id":"https:\/\/www.welovecycling.com\/wide\/#\/schema\/person\/50f01ecd18718d2333cf72e823c4f926","name":"tereza","image":{"@type":"ImageObject","inLanguage":"en-US","@id":"https:\/\/www.welovecycling.com\/wide\/#\/schema\/person\/image\/","url":"https:\/\/secure.gravatar.com\/avatar\/1f9eb71be33845f0afabce3791bc1c58ecdb0a25c62964987e5dbcf7a20d2ec7?s=96&d=mm&r=g","contentUrl":"https:\/\/secure.gravatar.com\/avatar\/1f9eb71be33845f0afabce3791bc1c58ecdb0a25c62964987e5dbcf7a20d2ec7?s=96&d=mm&r=g","caption":"tereza"},"url":"https:\/\/www.welovecycling.com\/wide\/author\/tereza\/"}]}},"_links":{"self":[{"href":"https:\/\/www.welovecycling.com\/wide\/wp-json\/wp\/v2\/posts\/203979","targetHints":{"allow":["GET"]}}],"collection":[{"href":"https:\/\/www.welovecycling.com\/wide\/wp-json\/wp\/v2\/posts"}],"about":[{"href":"https:\/\/www.welovecycling.com\/wide\/wp-json\/wp\/v2\/types\/post"}],"author":[{"embeddable":true,"href":"https:\/\/www.welovecycling.com\/wide\/wp-json\/wp\/v2\/users\/99"}],"replies":[{"embeddable":true,"href":"https:\/\/www.welovecycling.com\/wide\/wp-json\/wp\/v2\/comments?post=203979"}],"version-history":[{"count":1,"href":"https:\/\/www.welovecycling.com\/wide\/wp-json\/wp\/v2\/posts\/203979\/revisions"}],"predecessor-version":[{"id":203981,"href":"https:\/\/www.welovecycling.com\/wide\/wp-json\/wp\/v2\/posts\/203979\/revisions\/203981"}],"wp:featuredmedia":[{"embeddable":true,"href":"https:\/\/www.welovecycling.com\/wide\/wp-json\/wp\/v2\/media\/203980"}],"wp:attachment":[{"href":"https:\/\/www.welovecycling.com\/wide\/wp-json\/wp\/v2\/media?parent=203979"}],"wp:term":[{"taxonomy":"category","embeddable":true,"href":"https:\/\/www.welovecycling.com\/wide\/wp-json\/wp\/v2\/categories?post=203979"},{"taxonomy":"post_tag","embeddable":true,"href":"https:\/\/www.welovecycling.com\/wide\/wp-json\/wp\/v2\/tags?post=203979"},{"taxonomy":"global-categories","embeddable":true,"href":"https:\/\/www.welovecycling.com\/wide\/wp-json\/wp\/v2\/global-categories?post=203979"}],"curies":[{"name":"wp","href":"https:\/\/api.w.org\/{rel}","templated":true}]}}