{"id":203971,"date":"2025-10-16T06:00:20","date_gmt":"2025-10-16T06:00:20","guid":{"rendered":"https:\/\/www.welovecycling.com\/wide\/?p=203971"},"modified":"2025-10-16T06:16:58","modified_gmt":"2025-10-16T06:16:58","slug":"heli-e-bike-camp-in-romania-with-richard-gasperotti","status":"publish","type":"post","link":"https:\/\/www.welovecycling.com\/wide\/2025\/10\/16\/heli-e-bike-camp-in-romania-with-richard-gasperotti\/","title":{"rendered":"Heli E-Bike Camp in Romania? \u201cIt\u2019s exactly as good as you think it is,\u201d Says Guide Richard Gasperotti"},"content":{"rendered":"<p><strong>Can an e-bike camp be pushed even further? Absolutely \u2013 if the participants are flown to the top of the mountain by helicopter. That\u2019s exactly what happened at the e-Bike Camp in Romania in the summer of 2025, guided by professional e-biker Richard Gasperotti. In this article, he explains why it\u2019s not the kind of snobbery it might look like at first glance.<\/strong><\/p>\n<p><!--more--><\/p>\n<h2><strong>The place<\/strong><\/h2>\n<p>The idea didn\u2019t come overnight \u2013 it grew over time. We\u2019ve already written about how professional <a href=\"https:\/\/www.welovecycling.com\/wide\/2024\/08\/27\/gaspis-romanian-adventure-discovering-a-new-playground-for-heli-biking\/\" target=\"_blank\" rel=\"noopener\">e-biker Richard Gasperotti met former motocross rider Cristian Dunca.<\/a> It all started in the Romanian resort of Muntele Mic in the Carpathians, about a two-hour drive from Timi\u0219oara.<\/p>\n<p>It\u2019s a stunning spot in breathtaking mountains where you can wander for days without meeting another soul \u2013 except maybe a few goat herders. The peaks are round, but the climbs are steep. Some are crisscrossed by dirt tracks, while others simply disappear, dropping you into pure wilderness before you even realise it. That feeling can\u2019t be explained \u2013 you have to experience it.<\/p>\n<p>Multiple-time <a href=\"https:\/\/www.redbull.com\/int-en\/events\/red-bull-rampage\">Red Bull Rampage<\/a> participant Richard Gasperotti and former motocross racer and Red Bull Romaniacs competitor Cristian Dunca agreed during an adventure trip last year that this was too good to keep to themselves. They decided to open the experience to a wider audience.<\/p>\n<figure id=\"attachment_203972\" aria-describedby=\"caption-attachment-203972\" style=\"width: 990px\" class=\"wp-caption alignnone\"><a href=\"https:\/\/d2p6e6u75xmxt8.cloudfront.net\/2\/2025\/10\/Gaspi-HeliBike-1.webp\"><img loading=\"lazy\" decoding=\"async\" class=\"wp-image-203972 size-full\" src=\"https:\/\/d2p6e6u75xmxt8.cloudfront.net\/2\/2025\/10\/Gaspi-HeliBike-1.webp\" alt=\"Heli Biking\" width=\"990\" height=\"660\" srcset=\"https:\/\/d2p6e6u75xmxt8.cloudfront.net\/2\/2025\/10\/Gaspi-HeliBike-1.webp 990w, https:\/\/d2p6e6u75xmxt8.cloudfront.net\/2\/2025\/10\/Gaspi-HeliBike-1-300x200.webp 300w, https:\/\/d2p6e6u75xmxt8.cloudfront.net\/2\/2025\/10\/Gaspi-HeliBike-1-768x512.webp 768w, https:\/\/d2p6e6u75xmxt8.cloudfront.net\/2\/2025\/10\/Gaspi-HeliBike-1-400x267.webp 400w, https:\/\/d2p6e6u75xmxt8.cloudfront.net\/2\/2025\/10\/Gaspi-HeliBike-1-272x182.webp 272w\" sizes=\"auto, (max-width: 990px) 100vw, 990px\" \/><\/a><figcaption id=\"caption-attachment-203972\" class=\"wp-caption-text\">Would you dare to join and fly?<\/figcaption><\/figure>\n<p>\u201cA special thank you goes to\u00a0Richard Gasperotti\u00a0for trusting our team. Without his experience and his strong connections in the MTB world, it would have been impossible to give this project the international exposure it deserves. Most of the guests who joined us came thanks to Gaspi\u2019s reputation, and I\u2019m sure they\u2019ll now carry the word further \u2014 that\u00a0Romania has some of the most beautiful wild MTB trails waiting to be explored,\u201d says Cristian Dunca.<\/p>\n<p>The group\u2019s base was a mountain chalet in a saddle that can only be reached by bike \u2013 the Dunca family supplies it by helicopter. Gaspi and Cristian had scouted the trails in the surrounding area the year before, so they knew exactly where to take the participants. The highlights were supposed to be a trip to the sacred mountain of the ancient Dacians \u2013 Mount Gugu \u2013 or a daring descent down a rocky trail Gaspi named Coffee Lady.<\/p>\n<h2><strong>The concept<\/strong><\/h2>\n<p>On paper, flying e-bike owners up the mountains by helicopter sounds like sheer madness. But if you\u2019ve ever been to the Carpathians, you understand why it makes sense.<\/p>\n<p>\u201cFirst of all, it\u2019s about the terrain profile. Trails here often go straight up incredibly steep slopes. No matter your fitness or skills, on a normal bio-bike, you\u2019d end up dismounting and pushing. An e-bike changes everything. I can\u2019t tell you by what percentage more climbs you can ride, but the difference is huge,\u201d Gaspi explains. \u201cIt\u2019s simple: either you push or you ride.\u201d<\/p>\n<p>The brutally steep ascents and endless distances led to the second part of the idea: what if you could be dropped deeper into the mountains with an e-bike so you\u2019d still have enough power and energy left for the return? And that\u2019s how heli e-biking was born.<\/p>\n<p>Gaspi had already flown into the wilderness of British Columbia in the past \u2013 by helicopter and even by floatplane. With Cristian Dunca, it was even easier to plan because Cristian\u2019s father, Romeo Dunca, is a top-class helicopter pilot with over 7,500 flight hours \u2013 more than many military pilots. With Airbus helicopters, he handles all kinds of logistical missions in remote mountains, and he also flies for skiers and bikers.<\/p>\n<p><a href=\"https:\/\/d2p6e6u75xmxt8.cloudfront.net\/2\/2025\/10\/Gaspi-HeliBike-4.webp\"><img loading=\"lazy\" decoding=\"async\" class=\"alignnone size-full wp-image-203975\" src=\"https:\/\/d2p6e6u75xmxt8.cloudfront.net\/2\/2025\/10\/Gaspi-HeliBike-4.webp\" alt=\"\" width=\"990\" height=\"660\" srcset=\"https:\/\/d2p6e6u75xmxt8.cloudfront.net\/2\/2025\/10\/Gaspi-HeliBike-4.webp 990w, https:\/\/d2p6e6u75xmxt8.cloudfront.net\/2\/2025\/10\/Gaspi-HeliBike-4-300x200.webp 300w, https:\/\/d2p6e6u75xmxt8.cloudfront.net\/2\/2025\/10\/Gaspi-HeliBike-4-768x512.webp 768w, https:\/\/d2p6e6u75xmxt8.cloudfront.net\/2\/2025\/10\/Gaspi-HeliBike-4-400x267.webp 400w, https:\/\/d2p6e6u75xmxt8.cloudfront.net\/2\/2025\/10\/Gaspi-HeliBike-4-272x182.webp 272w\" sizes=\"auto, (max-width: 990px) 100vw, 990px\" \/><\/a><\/p>\n<div id='gallery-1' class='gallery galleryid-203971 gallery-columns-2 gallery-size-large'><figure class='gallery-item'>\n\t\t\t<div class='gallery-icon landscape'>\n\t\t\t\t<a href='https:\/\/d2p6e6u75xmxt8.cloudfront.net\/2\/2025\/10\/Gaspi-HeliBike-5.webp'><img loading=\"lazy\" decoding=\"async\" width=\"990\" height=\"660\" src=\"https:\/\/d2p6e6u75xmxt8.cloudfront.net\/2\/2025\/10\/Gaspi-HeliBike-5.webp\" class=\"attachment-large size-large\" alt=\"\" srcset=\"https:\/\/d2p6e6u75xmxt8.cloudfront.net\/2\/2025\/10\/Gaspi-HeliBike-5.webp 990w, https:\/\/d2p6e6u75xmxt8.cloudfront.net\/2\/2025\/10\/Gaspi-HeliBike-5-300x200.webp 300w, https:\/\/d2p6e6u75xmxt8.cloudfront.net\/2\/2025\/10\/Gaspi-HeliBike-5-768x512.webp 768w, https:\/\/d2p6e6u75xmxt8.cloudfront.net\/2\/2025\/10\/Gaspi-HeliBike-5-400x267.webp 400w, https:\/\/d2p6e6u75xmxt8.cloudfront.net\/2\/2025\/10\/Gaspi-HeliBike-5-272x182.webp 272w\" sizes=\"auto, (max-width: 990px) 100vw, 990px\" \/><\/a>\n\t\t\t<\/div><\/figure><figure class='gallery-item'>\n\t\t\t<div class='gallery-icon landscape'>\n\t\t\t\t<a href='https:\/\/d2p6e6u75xmxt8.cloudfront.net\/2\/2025\/10\/Gaspi-HeliBike-3.webp'><img loading=\"lazy\" decoding=\"async\" width=\"990\" height=\"660\" src=\"https:\/\/d2p6e6u75xmxt8.cloudfront.net\/2\/2025\/10\/Gaspi-HeliBike-3.webp\" class=\"attachment-large size-large\" alt=\"\" srcset=\"https:\/\/d2p6e6u75xmxt8.cloudfront.net\/2\/2025\/10\/Gaspi-HeliBike-3.webp 990w, https:\/\/d2p6e6u75xmxt8.cloudfront.net\/2\/2025\/10\/Gaspi-HeliBike-3-300x200.webp 300w, https:\/\/d2p6e6u75xmxt8.cloudfront.net\/2\/2025\/10\/Gaspi-HeliBike-3-768x512.webp 768w, https:\/\/d2p6e6u75xmxt8.cloudfront.net\/2\/2025\/10\/Gaspi-HeliBike-3-400x267.webp 400w, https:\/\/d2p6e6u75xmxt8.cloudfront.net\/2\/2025\/10\/Gaspi-HeliBike-3-272x182.webp 272w\" sizes=\"auto, (max-width: 990px) 100vw, 990px\" \/><\/a>\n\t\t\t<\/div><\/figure>\n\t\t<\/div>\n\n<p>&nbsp;<\/p>\n<h2><strong>Equality<\/strong><\/h2>\n<p>According to Gaspi, e-bikes solve a lot of problems: \u201cWhen you run a bike camp in a bike park or on a single mountain, differences in fitness don\u2019t matter that much. If someone can\u2019t go on, they just head back to the hotel. But in high mountains, far away from civilisation, that\u2019s not an option. That\u2019s where the motor helps \u2013 the whole group can stick together.\u201d<\/p>\n<p>There\u2019s no need to split into sub-groups \u2013 everyone can keep up. \u201cNobody complains that they\u2019re done. They just increase the level of assistance. People don\u2019t moan, they don\u2019t curse, and instead, they can help each other more. Overall, it\u2019s a much more collective experience than on a bio-bike, where, deep down, everyone worries they\u2019ll run out of strength and hold the group back,\u201d says Gaspi.<\/p>\n<h2><strong>The experience<\/strong><\/h2>\n<p>\u201cThe flight itself is already an experience \u2013 and we had several planned for the participants,\u201d Gaspi says. The first rule everyone had to learn: never walk towards the tail where the tail rotor spins. \u201cAt all times, we have to keep steady eye contact with the pilot when boarding,\u201d he adds.<\/p>\n<p>The helicopter can carry up to six people, which means each trip had to be flown in two runs. The bikes travelled underneath, suspended in a special metal box that can hold up to twelve.<\/p>\n<p>Besides the riding in the mountains, there were plenty of other highlights. Apart from the occasional fear of meeting a bear \u2013 since they roam freely here \u2013 there were positive ones too: grilling fish caught in the local lake or wine tasting with local producers.<\/p>\n<p>\u201cHow do I rate it? We had nothing but positive feedback. And we already have sign-ups for next year from Norway, Germany, Austria and Switzerland. I\u2019m afraid I\u2019ll have to move here for at least a month next season,\u201d Gaspi laughs.<\/p>\n<p>\u201cThe vibe in the camp was amazing. Passions unite people, and in just five days, we became more than a group of riders.\u00a0 We became a community.\u00a0Spending time together, riding hard, sharing meals, and closing each day with real stories reminded me of the good old days before technology took over most of our attention. For me, that\u2019s the true meaning of adventure: being present, living the moment, and connecting through our love for the mountains and the ride,\u201d says Cristian Dunca and promises looking forward to the future adventures in the Carpathian Mountains in 2026.<\/p>\n","protected":false},"excerpt":{"rendered":"<p>Can an e-bike camp be pushed even further? Absolutely \u2013 if the participants are flown to the top of the [&hellip;]<\/p>\n","protected":false},"author":99,"featured_media":203973,"comment_status":"closed","ping_status":"open","sticky":false,"template":"","format":"standard","meta":{"footnotes":""},"categories":[8162],"tags":[7303,6948,464,8724,465],"global-categories":[3366],"class_list":["post-203971","post","type-post","status-publish","format-standard","has-post-thumbnail","hentry","category-explore-and-travel","tag-cycling-in-romania","tag-e-biking","tag-gaspi","tag-heli-e-biking","tag-richard-gasperotti","global-categories-cycling"],"yoast_head":"<!-- This site is optimized with the Yoast SEO Premium plugin v25.3 (Yoast SEO v25.9) - https:\/\/yoast.com\/wordpress\/plugins\/seo\/ -->\n<title>Heli E-Bike Camp in Romania With Richard Gasperotti<\/title>\n<meta name=\"description\" content=\"Can an e-bike camp be pushed even further? Absolutely \u2013 if the participants are flown to the top of the mountain by helicopter. That\u2019s exactly what\" \/>\n<meta name=\"robots\" content=\"index, follow, max-snippet:-1, max-image-preview:large, max-video-preview:-1\" \/>\n<link rel=\"canonical\" href=\"https:\/\/www.welovecycling.com\/wide\/2025\/10\/16\/heli-e-bike-camp-in-romania-with-richard-gasperotti\/\" \/>\n<meta property=\"og:locale\" content=\"en_US\" \/>\n<meta property=\"og:type\" content=\"article\" \/>\n<meta property=\"og:title\" content=\"Heli E-Bike Camp in Romania? \u201cIt\u2019s exactly as good as you think it is,\u201d Says Guide Richard Gasperotti\" \/>\n<meta property=\"og:description\" content=\"Can an e-bike camp be pushed even further? Absolutely \u2013 if the participants are flown to the top of the mountain by helicopter. That\u2019s exactly what\" \/>\n<meta property=\"og:url\" content=\"https:\/\/www.welovecycling.com\/wide\/2025\/10\/16\/heli-e-bike-camp-in-romania-with-richard-gasperotti\/\" \/>\n<meta property=\"og:site_name\" content=\"\u0160koda We Love Cycling\" \/>\n<meta property=\"article:published_time\" content=\"2025-10-16T06:00:20+00:00\" \/>\n<meta property=\"article:modified_time\" content=\"2025-10-16T06:16:58+00:00\" \/>\n<meta property=\"og:image\" content=\"https:\/\/d2p6e6u75xmxt8.cloudfront.net\/2\/2025\/10\/Gaspi-HeliBike-2.webp\" \/>\n\t<meta property=\"og:image:width\" content=\"990\" \/>\n\t<meta property=\"og:image:height\" content=\"660\" \/>\n\t<meta property=\"og:image:type\" content=\"image\/webp\" \/>\n<meta name=\"author\" content=\"tereza\" \/>\n<meta name=\"twitter:card\" content=\"summary_large_image\" \/>\n<meta name=\"twitter:label1\" content=\"Written by\" \/>\n\t<meta name=\"twitter:data1\" content=\"Adam Marsal\" \/>\n\t<meta name=\"twitter:label2\" content=\"Est. reading time\" \/>\n\t<meta name=\"twitter:data2\" content=\"2\" \/>\n<script type=\"application\/ld+json\" class=\"yoast-schema-graph\">{\"@context\":\"https:\/\/schema.org\",\"@graph\":[{\"@type\":\"WebPage\",\"@id\":\"https:\/\/www.welovecycling.com\/wide\/2025\/10\/16\/heli-e-bike-camp-in-romania-with-richard-gasperotti\/\",\"url\":\"https:\/\/www.welovecycling.com\/wide\/2025\/10\/16\/heli-e-bike-camp-in-romania-with-richard-gasperotti\/\",\"name\":\"Heli E-Bike Camp in Romania With Richard Gasperotti\",\"isPartOf\":{\"@id\":\"https:\/\/www.welovecycling.com\/wide\/#website\"},\"primaryImageOfPage\":{\"@id\":\"https:\/\/www.welovecycling.com\/wide\/2025\/10\/16\/heli-e-bike-camp-in-romania-with-richard-gasperotti\/#primaryimage\"},\"image\":{\"@id\":\"https:\/\/www.welovecycling.com\/wide\/2025\/10\/16\/heli-e-bike-camp-in-romania-with-richard-gasperotti\/#primaryimage\"},\"thumbnailUrl\":\"https:\/\/d2p6e6u75xmxt8.cloudfront.net\/2\/2025\/10\/Gaspi-HeliBike-2.webp\",\"datePublished\":\"2025-10-16T06:00:20+00:00\",\"dateModified\":\"2025-10-16T06:16:58+00:00\",\"author\":{\"@id\":\"https:\/\/www.welovecycling.com\/wide\/#\/schema\/person\/50f01ecd18718d2333cf72e823c4f926\"},\"description\":\"Can an e-bike camp be pushed even further? Absolutely \u2013 if the participants are flown to the top of the mountain by helicopter. That\u2019s exactly what\",\"breadcrumb\":{\"@id\":\"https:\/\/www.welovecycling.com\/wide\/2025\/10\/16\/heli-e-bike-camp-in-romania-with-richard-gasperotti\/#breadcrumb\"},\"inLanguage\":\"en-US\",\"potentialAction\":[{\"@type\":\"ReadAction\",\"target\":[\"https:\/\/www.welovecycling.com\/wide\/2025\/10\/16\/heli-e-bike-camp-in-romania-with-richard-gasperotti\/\"]}]},{\"@type\":\"ImageObject\",\"inLanguage\":\"en-US\",\"@id\":\"https:\/\/www.welovecycling.com\/wide\/2025\/10\/16\/heli-e-bike-camp-in-romania-with-richard-gasperotti\/#primaryimage\",\"url\":\"https:\/\/d2p6e6u75xmxt8.cloudfront.net\/2\/2025\/10\/Gaspi-HeliBike-2.webp\",\"contentUrl\":\"https:\/\/d2p6e6u75xmxt8.cloudfront.net\/2\/2025\/10\/Gaspi-HeliBike-2.webp\",\"width\":990,\"height\":660},{\"@type\":\"BreadcrumbList\",\"@id\":\"https:\/\/www.welovecycling.com\/wide\/2025\/10\/16\/heli-e-bike-camp-in-romania-with-richard-gasperotti\/#breadcrumb\",\"itemListElement\":[{\"@type\":\"ListItem\",\"position\":1,\"name\":\"Home\",\"item\":\"https:\/\/www.welovecycling.com\/wide\/\"},{\"@type\":\"ListItem\",\"position\":2,\"name\":\"Heli E-Bike Camp in Romania? \u201cIt\u2019s exactly as good as you think it is,\u201d Says Guide Richard Gasperotti\"}]},{\"@type\":\"WebSite\",\"@id\":\"https:\/\/www.welovecycling.com\/wide\/#website\",\"url\":\"https:\/\/www.welovecycling.com\/wide\/\",\"name\":\"\u0160koda We Love Cycling\",\"description\":\"\u0160koda We Love Cycling magazine\",\"alternateName\":\"\u0160koda WLC\",\"potentialAction\":[{\"@type\":\"SearchAction\",\"target\":{\"@type\":\"EntryPoint\",\"urlTemplate\":\"https:\/\/www.welovecycling.com\/wide\/?s={search_term_string}\"},\"query-input\":{\"@type\":\"PropertyValueSpecification\",\"valueRequired\":true,\"valueName\":\"search_term_string\"}}],\"inLanguage\":\"en-US\"},{\"@type\":\"Person\",\"@id\":\"https:\/\/www.welovecycling.com\/wide\/#\/schema\/person\/50f01ecd18718d2333cf72e823c4f926\",\"name\":\"tereza\",\"image\":{\"@type\":\"ImageObject\",\"inLanguage\":\"en-US\",\"@id\":\"https:\/\/www.welovecycling.com\/wide\/#\/schema\/person\/image\/\",\"url\":\"https:\/\/secure.gravatar.com\/avatar\/1f9eb71be33845f0afabce3791bc1c58ecdb0a25c62964987e5dbcf7a20d2ec7?s=96&d=mm&r=g\",\"contentUrl\":\"https:\/\/secure.gravatar.com\/avatar\/1f9eb71be33845f0afabce3791bc1c58ecdb0a25c62964987e5dbcf7a20d2ec7?s=96&d=mm&r=g\",\"caption\":\"tereza\"},\"url\":\"https:\/\/www.welovecycling.com\/wide\/author\/tereza\/\"}]}<\/script>\n<!-- \/ Yoast SEO Premium plugin. -->","yoast_head_json":{"title":"Heli E-Bike Camp in Romania With Richard Gasperotti","description":"Can an e-bike camp be pushed even further? Absolutely \u2013 if the participants are flown to the top of the mountain by helicopter. That\u2019s exactly what","robots":{"index":"index","follow":"follow","max-snippet":"max-snippet:-1","max-image-preview":"max-image-preview:large","max-video-preview":"max-video-preview:-1"},"canonical":"https:\/\/www.welovecycling.com\/wide\/2025\/10\/16\/heli-e-bike-camp-in-romania-with-richard-gasperotti\/","og_locale":"en_US","og_type":"article","og_title":"Heli E-Bike Camp in Romania? \u201cIt\u2019s exactly as good as you think it is,\u201d Says Guide Richard Gasperotti","og_description":"Can an e-bike camp be pushed even further? Absolutely \u2013 if the participants are flown to the top of the mountain by helicopter. That\u2019s exactly what","og_url":"https:\/\/www.welovecycling.com\/wide\/2025\/10\/16\/heli-e-bike-camp-in-romania-with-richard-gasperotti\/","og_site_name":"\u0160koda We Love Cycling","article_published_time":"2025-10-16T06:00:20+00:00","article_modified_time":"2025-10-16T06:16:58+00:00","og_image":[{"width":990,"height":660,"url":"https:\/\/d2p6e6u75xmxt8.cloudfront.net\/2\/2025\/10\/Gaspi-HeliBike-2.webp","type":"image\/webp"}],"author":"tereza","twitter_card":"summary_large_image","twitter_misc":{"Written by":"Adam Marsal","Est. reading time":"2"},"schema":{"@context":"https:\/\/schema.org","@graph":[{"@type":"WebPage","@id":"https:\/\/www.welovecycling.com\/wide\/2025\/10\/16\/heli-e-bike-camp-in-romania-with-richard-gasperotti\/","url":"https:\/\/www.welovecycling.com\/wide\/2025\/10\/16\/heli-e-bike-camp-in-romania-with-richard-gasperotti\/","name":"Heli E-Bike Camp in Romania With Richard Gasperotti","isPartOf":{"@id":"https:\/\/www.welovecycling.com\/wide\/#website"},"primaryImageOfPage":{"@id":"https:\/\/www.welovecycling.com\/wide\/2025\/10\/16\/heli-e-bike-camp-in-romania-with-richard-gasperotti\/#primaryimage"},"image":{"@id":"https:\/\/www.welovecycling.com\/wide\/2025\/10\/16\/heli-e-bike-camp-in-romania-with-richard-gasperotti\/#primaryimage"},"thumbnailUrl":"https:\/\/d2p6e6u75xmxt8.cloudfront.net\/2\/2025\/10\/Gaspi-HeliBike-2.webp","datePublished":"2025-10-16T06:00:20+00:00","dateModified":"2025-10-16T06:16:58+00:00","author":{"@id":"https:\/\/www.welovecycling.com\/wide\/#\/schema\/person\/50f01ecd18718d2333cf72e823c4f926"},"description":"Can an e-bike camp be pushed even further? Absolutely \u2013 if the participants are flown to the top of the mountain by helicopter. That\u2019s exactly what","breadcrumb":{"@id":"https:\/\/www.welovecycling.com\/wide\/2025\/10\/16\/heli-e-bike-camp-in-romania-with-richard-gasperotti\/#breadcrumb"},"inLanguage":"en-US","potentialAction":[{"@type":"ReadAction","target":["https:\/\/www.welovecycling.com\/wide\/2025\/10\/16\/heli-e-bike-camp-in-romania-with-richard-gasperotti\/"]}]},{"@type":"ImageObject","inLanguage":"en-US","@id":"https:\/\/www.welovecycling.com\/wide\/2025\/10\/16\/heli-e-bike-camp-in-romania-with-richard-gasperotti\/#primaryimage","url":"https:\/\/d2p6e6u75xmxt8.cloudfront.net\/2\/2025\/10\/Gaspi-HeliBike-2.webp","contentUrl":"https:\/\/d2p6e6u75xmxt8.cloudfront.net\/2\/2025\/10\/Gaspi-HeliBike-2.webp","width":990,"height":660},{"@type":"BreadcrumbList","@id":"https:\/\/www.welovecycling.com\/wide\/2025\/10\/16\/heli-e-bike-camp-in-romania-with-richard-gasperotti\/#breadcrumb","itemListElement":[{"@type":"ListItem","position":1,"name":"Home","item":"https:\/\/www.welovecycling.com\/wide\/"},{"@type":"ListItem","position":2,"name":"Heli E-Bike Camp in Romania? \u201cIt\u2019s exactly as good as you think it is,\u201d Says Guide Richard Gasperotti"}]},{"@type":"WebSite","@id":"https:\/\/www.welovecycling.com\/wide\/#website","url":"https:\/\/www.welovecycling.com\/wide\/","name":"\u0160koda We Love Cycling","description":"\u0160koda We Love Cycling magazine","alternateName":"\u0160koda WLC","potentialAction":[{"@type":"SearchAction","target":{"@type":"EntryPoint","urlTemplate":"https:\/\/www.welovecycling.com\/wide\/?s={search_term_string}"},"query-input":{"@type":"PropertyValueSpecification","valueRequired":true,"valueName":"search_term_string"}}],"inLanguage":"en-US"},{"@type":"Person","@id":"https:\/\/www.welovecycling.com\/wide\/#\/schema\/person\/50f01ecd18718d2333cf72e823c4f926","name":"tereza","image":{"@type":"ImageObject","inLanguage":"en-US","@id":"https:\/\/www.welovecycling.com\/wide\/#\/schema\/person\/image\/","url":"https:\/\/secure.gravatar.com\/avatar\/1f9eb71be33845f0afabce3791bc1c58ecdb0a25c62964987e5dbcf7a20d2ec7?s=96&d=mm&r=g","contentUrl":"https:\/\/secure.gravatar.com\/avatar\/1f9eb71be33845f0afabce3791bc1c58ecdb0a25c62964987e5dbcf7a20d2ec7?s=96&d=mm&r=g","caption":"tereza"},"url":"https:\/\/www.welovecycling.com\/wide\/author\/tereza\/"}]}},"_links":{"self":[{"href":"https:\/\/www.welovecycling.com\/wide\/wp-json\/wp\/v2\/posts\/203971","targetHints":{"allow":["GET"]}}],"collection":[{"href":"https:\/\/www.welovecycling.com\/wide\/wp-json\/wp\/v2\/posts"}],"about":[{"href":"https:\/\/www.welovecycling.com\/wide\/wp-json\/wp\/v2\/types\/post"}],"author":[{"embeddable":true,"href":"https:\/\/www.welovecycling.com\/wide\/wp-json\/wp\/v2\/users\/99"}],"replies":[{"embeddable":true,"href":"https:\/\/www.welovecycling.com\/wide\/wp-json\/wp\/v2\/comments?post=203971"}],"version-history":[{"count":2,"href":"https:\/\/www.welovecycling.com\/wide\/wp-json\/wp\/v2\/posts\/203971\/revisions"}],"predecessor-version":[{"id":203978,"href":"https:\/\/www.welovecycling.com\/wide\/wp-json\/wp\/v2\/posts\/203971\/revisions\/203978"}],"wp:featuredmedia":[{"embeddable":true,"href":"https:\/\/www.welovecycling.com\/wide\/wp-json\/wp\/v2\/media\/203973"}],"wp:attachment":[{"href":"https:\/\/www.welovecycling.com\/wide\/wp-json\/wp\/v2\/media?parent=203971"}],"wp:term":[{"taxonomy":"category","embeddable":true,"href":"https:\/\/www.welovecycling.com\/wide\/wp-json\/wp\/v2\/categories?post=203971"},{"taxonomy":"post_tag","embeddable":true,"href":"https:\/\/www.welovecycling.com\/wide\/wp-json\/wp\/v2\/tags?post=203971"},{"taxonomy":"global-categories","embeddable":true,"href":"https:\/\/www.welovecycling.com\/wide\/wp-json\/wp\/v2\/global-categories?post=203971"}],"curies":[{"name":"wp","href":"https:\/\/api.w.org\/{rel}","templated":true}]}}