{"id":203956,"date":"2025-10-13T11:05:23","date_gmt":"2025-10-13T11:05:23","guid":{"rendered":"https:\/\/www.welovecycling.com\/wide\/?p=203956"},"modified":"2025-10-13T11:05:23","modified_gmt":"2025-10-13T11:05:23","slug":"vermeersch-and-wiebes-win-uci-gravel-world-championships","status":"publish","type":"post","link":"https:\/\/www.welovecycling.com\/wide\/2025\/10\/13\/vermeersch-and-wiebes-win-uci-gravel-world-championships\/","title":{"rendered":"Vermeersch (Dominant) and Wiebes (Dramatic) Win UCI Gravel World Championships"},"content":{"rendered":"<p><strong>Three times was a charm for Florian Vermeersch, who won Sunday\u2019s Elite Men\u2019s Gravel World Championship after finishing second the previous two years. The 26-year-old UAE Team Emirates\u2013XRG rider won by provoking a four-rider breakaway with about 120 km left to ride in the tricky 181 km course from Beek to Maastricht and then outlasting his three fellow breakaway travellers all the way to the finish line.<\/strong><\/p>\n<p><!--more--><\/p>\n<p>He dropped the last of them, the surprising Frits Biesterbos, on a gravel climb 18 km from the finish line and gradually wore down the persistent Dutch rider to win by 40 seconds. Slovenia\u2019s Matej Mohori\u010d, who beat Vermeersch in 2023, took the final podium spot, 1:23 behind the winner.<\/p>\n<h2><strong>A comeback victory<\/strong><\/h2>\n<p>\u201cIt was a really hectic start,\u201d said Vermeersch, who lost last year\u2019s championship to Mathieu van der Poel. \u201cAfter 10 km, I had a puncture, but luckily, 20 km later, I could get back to the peloton, and I saw a good moment, and I went for it. I didn\u2019t see much of the peloton; I was always chasing or in the front, and then once we got away with three and then ultimately four, I knew it was only one way to the finish.\u201d<\/p>\n<p>Vermeersch broke his leg in February of last year in a crash and missed the next four months of the season. Though he has had some good results with UAE this year \u2013 after riding with Lotto for seven years \u2013 this was his first win in two years.<\/p>\n<p>\u201cIt was a bit of a mental thing because I came from my leg fracture last year, and I&#8217;ve done some really nice results this year,\u201d he told <a href=\"https:\/\/www.msn.com\/en-us\/sports\/other\/two-decisive-attacks-not-the-easiest-but-definitely-the-most-beautiful-way-for-florian-vermeersch-to-win-first-rainbow-jersey-at-uci-gravel-worlds\/ar-AA1Okloy?ocid=msedgdhp&amp;pc=U531&amp;cvid=79702f27f04f41079f27f5bbff338ab9&amp;ei=14\">Cyclingnews<\/a>. \u201cAnd I definitely had a good year. But to win, for me, now it is the end point of the injury, and now, hopefully, I can continue in winning ways next season.\u201d<\/p>\n<p>Pre-race favourite Tom Pidcock came to the start after finishing sixth in Saturday\u2019s Il Lombardia and started the race without having seen the course. This was also his first-ever gravel world championship, and he has spent very little time on his gravel bike recently due to his busy road schedule. \u201cIt&#8217;s a bit of everything. It&#8217;s something new for me, something different,\u201d he told\u00a0<a href=\"https:\/\/www.cyclingnews.com\/news\/tom-pidcock-starting-gravel-world-championships-without-seeing-course-and-only-riding-new-pinarello-bike-a-little-bit\/?utm_medium=referral&amp;utm_source=pushly&amp;utm_campaign=All%20Push%20Subscribers\">Cyclingnews<\/a>.<\/p>\n<p>He was caught out by Vermeersch\u2019s early attack and probably a bit undone by the many narrow trails and paths and repeated changes of direction, all of which did not help the chasers. He finished sixth, 1:41 behind, a decent finish considering all the riding he has done in the second half of the season.<\/p>\n<figure id=\"attachment_203957\" aria-describedby=\"caption-attachment-203957\" style=\"width: 990px\" class=\"wp-caption alignnone\"><a href=\"https:\/\/d2p6e6u75xmxt8.cloudfront.net\/2\/2025\/10\/UCI-Gravel-Championships-profimedia-1045004452.webp\"><img loading=\"lazy\" decoding=\"async\" class=\"wp-image-203957 size-full\" src=\"https:\/\/d2p6e6u75xmxt8.cloudfront.net\/2\/2025\/10\/UCI-Gravel-Championships-profimedia-1045004452.webp\" alt=\"UCI Gravel Championships\" width=\"990\" height=\"660\" srcset=\"https:\/\/d2p6e6u75xmxt8.cloudfront.net\/2\/2025\/10\/UCI-Gravel-Championships-profimedia-1045004452.webp 990w, https:\/\/d2p6e6u75xmxt8.cloudfront.net\/2\/2025\/10\/UCI-Gravel-Championships-profimedia-1045004452-300x200.webp 300w, https:\/\/d2p6e6u75xmxt8.cloudfront.net\/2\/2025\/10\/UCI-Gravel-Championships-profimedia-1045004452-768x512.webp 768w, https:\/\/d2p6e6u75xmxt8.cloudfront.net\/2\/2025\/10\/UCI-Gravel-Championships-profimedia-1045004452-400x267.webp 400w, https:\/\/d2p6e6u75xmxt8.cloudfront.net\/2\/2025\/10\/UCI-Gravel-Championships-profimedia-1045004452-272x182.webp 272w\" sizes=\"auto, (max-width: 990px) 100vw, 990px\" \/><\/a><figcaption id=\"caption-attachment-203957\" class=\"wp-caption-text\">Three times was a charm for Florian Vermeersch, who won Sunday\u2019s Elite Men\u2019s Gravel World Championship after finishing second the previous two years. \u00a9 Profimedia<\/figcaption><\/figure>\n<h2><strong>Drama, suspense and disappointment<\/strong><\/h2>\n<p>The women\u2019s race, run on Saturday, was dramatic, suspenseful, thrilling, shocking and even baffling. With 35 km left to ride on the 131 km course from Beek to Maastricht, the race was down to two lead groups of five and seven riders, respectively, nine of whom were Dutch. The three exceptions were Romy Kasper of Germany, Italy\u2019s Silvia Persico and the 21-year-old Czech Julia Kopeck\u00fd.<\/p>\n<p>In those final 35 km, the lead group of five consistently held a lead of around 20 seconds on the seven-rider chase group. About 20 km from the finish, Lorena Wiebes and defending champion Marianne Vos attacked from the lead group, which changed everything. Because Persico chased and caught them at 16 km, and she dragged riders from both groups with her. Eventually, a lead group of eight riders formed, which was temporarily cut in half on a short, steep climb.<\/p>\n<p>With 12 km left to ride, the young Dutch rider Shirin van Anrooij burst out of a lead group of six and soon opened a gap. With 9 km left to ride, she led by 21 seconds; at 7 km, the lead was down to 17 seconds as the young Kopeck\u00fd led the chase, clearly giving up her own chances for one or more of the Dutch riders. But for whom?<\/p>\n<p>Well, Kopeck\u00fd rides for the SD Worx\u2013Protime team, as does Wiebes. It was the Czech rider who dragged the Dutch riders after van Anrooij, who looked to be on the verge of the first major victory of her career. But when Kopeck\u00fd tired with 2 km left to ride, van Anrooij\u2019s Dutch teammate Yara Kastelijn took up the chase until, 200 meters from the line, Wiebes burst past her and van Anrooij, as did the irrepressible Vos. Wiebes was too strong and held off the legend, preventing her from taking the 259th win of her amazing career. Wiebes may yet catch her in that race too, because the victory was her 118th, that\u2019s 10 more than <a href=\"https:\/\/www.welovecycling.com\/wide\/2025\/08\/11\/i-have-to-enjoy-the-moment-pogacar-targets-hilly-european-championships-while-counting-down-to-retirement\/\" target=\"_blank\" rel=\"noopener\">Tadej Poga\u010dar,<\/a> and the Dutch rider is six months younger.<\/p>\n<p>Van Anrooij was crushed after being chased down and overtaken by her fellow Dutch riders and finishing fifth, 10 seconds behind the winner. \u201cMy chance to win the world title has been taken away from me,\u201d she told <a href=\"https:\/\/nos.nl\/artikel\/2586090-ontgoochelde-van-anrooij-snapt-niets-van-landgenoten-kans-op-titel-mij-ontnomen\"><em>NOS<\/em><\/a>. \u201cI just don&#8217;t understand why it has to be closed down now. It&#8217;s clear: if someone is leading the race and is certain to become world champion, and they&#8217;re from the same country, you let them go.\u201d<\/p>\n<p>Well, no. Not always. Dutch team head coach Laurens ten Dam told <a href=\"https:\/\/www.msn.com\/en-us\/sports\/other\/shirin-van-anrooij-feels-my-chance-at-the-world-title-was-taken-away-as-another-dutch-rider-helped-close-her-solo-lead-at-gravel-world-championships\/ar-AA1Oi5ri?ocid=msedgdhp&amp;pc=U531&amp;cvid=a1acbdb5224b4335889f1fc1b5564eee&amp;ei=16\"><em>Cyclingnews<\/em><\/a><em>, <\/em>\u201cIt&#8217;s a gravel race, so tactics look strange, but at the end, it&#8217;s also more or less individual [racing]\u2026 I feel for [van Anrooij] too, you know, like for that disappointment. So the feelings are mixed. It&#8217;s just half an hour after the finish, those feelings are all dashed. I really feel for her.\u201d<\/p>\n<p>That didn\u2019t do it for the unhappy van Anrooij, who went on to say: \u201cUltimately, I think I was strong enough to stay ahead of them and become world champion here. I don&#8217;t want to say too much about it; I don&#8217;t want to say anything wrong. But I think this was my chance at the world title, and it was taken away from me.\u201d<\/p>\n<p>On Sunday, Kastelijn apologised for her part in her teammate\u2019s defeat. \u201cI absolutely didn&#8217;t want to make Shirin lose,\u201d she said through her\u00a0<a href=\"https:\/\/www.cyclingnews.com\/road\/teams\/uci-womens-worldtour\/2025\/fenix-deceuninck\/\">Fenix-Deceunick<\/a>\u00a0team, according to <a href=\"https:\/\/www.wielerflits.nl\/nieuws\/yara-kastelijn-heeft-spijt-van-opmerkelijke-actie-op-wk-gravel\/\"><em>Wielerflits<\/em><\/a>.\u00a0\u201cI just wanted to get the most out of myself. Laurens ten Dam, our national coach, had also made clear before the race that the Gravel World Championships aren&#8217;t raced with the same mindset as the European Road Championships. I took that a bit too literally in the final. I regret it now, though.\u201d<\/p>\n<p><strong>Results 2025 Elite Men\u2019s Gravel World Championship<\/strong><\/p>\n<ol>\n<li>Florian Vermeersch, Belgium 4:39:12<\/li>\n<li>Frits Biesterbos, Netherlands +0:40<\/li>\n<li>Matej Mohori\u010d, Slovenia +1:23<\/li>\n<li>Floris Van Tricht, Belgium +1:40<\/li>\n<li>F\u00e9lix Stehli, Switzerland +1:41<\/li>\n<li>Tom Pidcock, Great Britain \u201c<\/li>\n<li>Tim Wellens, Belgium +1:46<\/li>\n<li>Rick Ottema, Netherlands +2:46<\/li>\n<li>Timo Kielich, Belgium \u201c<\/li>\n<li>Magnus Bak Klaris, Denmark +3:59<\/li>\n<\/ol>\n<p><strong>Results 2025 Elite Women\u2019s Gravel World Championship<\/strong><\/p>\n<ol>\n<li>Lorena Wiebes, Netherlands \u00a0\u00a03:58:16<\/li>\n<li>Marianne Vos, Netherlands \u00a0\u00a0\u201c<\/li>\n<li>Silvia Persico, Italy \u00a0\u00a0+0:02<\/li>\n<li>Yara Kastelijn, Netherlands +0:04<\/li>\n<li>Shirin van Anrooij, Netherlands +0:10<\/li>\n<li>Julia Kopeck\u00fd, Czechia +0:19<\/li>\n<li>Femke Markus, Netherlands +0:43<\/li>\n<li>Femke De Vries, Netherlands \u201c<\/li>\n<li>Larissa Hartog, Netherlands +1:36<\/li>\n<li>Romy Kasper, Germany +1:38<\/li>\n<\/ol>\n","protected":false},"excerpt":{"rendered":"<p>Three times was a charm for Florian Vermeersch, who won Sunday\u2019s Elite Men\u2019s Gravel World Championship after finishing second the [&hellip;]<\/p>\n","protected":false},"author":99,"featured_media":203958,"comment_status":"closed","ping_status":"open","sticky":false,"template":"","format":"standard","meta":{"footnotes":""},"categories":[328,329],"tags":[8720,7402,8721,3773,4453],"global-categories":[3366],"class_list":["post-203956","post","type-post","status-publish","format-standard","has-post-thumbnail","hentry","category-outdoor-mountain","category-road-cycling","tag-2025-uci-gravel-world-championships","tag-florian-vermeersch","tag-julia-kopecky","tag-lorena-wiebes","tag-matej-mohoric","global-categories-cycling"],"yoast_head":"<!-- This site is optimized with the Yoast SEO Premium plugin v25.3 (Yoast SEO v25.9) - https:\/\/yoast.com\/wordpress\/plugins\/seo\/ -->\n<title>Vermeersch and Wiebes Win UCI Gravel World Championships<\/title>\n<meta name=\"description\" content=\"Three times was a charm for Florian Vermeersch, who won Sunday\u2019s Elite Men\u2019s Gravel World Championship after finishing second the previous two years. The\" \/>\n<meta name=\"robots\" content=\"index, follow, max-snippet:-1, max-image-preview:large, max-video-preview:-1\" \/>\n<link rel=\"canonical\" href=\"https:\/\/www.welovecycling.com\/wide\/2025\/10\/13\/vermeersch-and-wiebes-win-uci-gravel-world-championships\/\" \/>\n<meta property=\"og:locale\" content=\"en_US\" \/>\n<meta property=\"og:type\" content=\"article\" \/>\n<meta property=\"og:title\" content=\"Vermeersch (Dominant) and Wiebes (Dramatic) Win UCI Gravel World Championships\" \/>\n<meta property=\"og:description\" content=\"Three times was a charm for Florian Vermeersch, who won Sunday\u2019s Elite Men\u2019s Gravel World Championship after finishing second the previous two years. The\" \/>\n<meta property=\"og:url\" content=\"https:\/\/www.welovecycling.com\/wide\/2025\/10\/13\/vermeersch-and-wiebes-win-uci-gravel-world-championships\/\" \/>\n<meta property=\"og:site_name\" content=\"\u0160koda We Love Cycling\" \/>\n<meta property=\"article:published_time\" content=\"2025-10-13T11:05:23+00:00\" \/>\n<meta property=\"og:image\" content=\"https:\/\/d2p6e6u75xmxt8.cloudfront.net\/2\/2025\/10\/Florian-Vermeersch-profimedia-1045004353-CVR.webp\" \/>\n\t<meta property=\"og:image:width\" content=\"990\" \/>\n\t<meta property=\"og:image:height\" content=\"660\" \/>\n\t<meta property=\"og:image:type\" content=\"image\/webp\" \/>\n<meta name=\"author\" content=\"tereza\" \/>\n<meta name=\"twitter:card\" content=\"summary_large_image\" \/>\n<meta name=\"twitter:label1\" content=\"Written by\" \/>\n\t<meta name=\"twitter:data1\" content=\"Siegfried Mortkowitz\" \/>\n\t<meta name=\"twitter:label2\" content=\"Est. reading time\" \/>\n\t<meta name=\"twitter:data2\" content=\"2\" \/>\n<script type=\"application\/ld+json\" class=\"yoast-schema-graph\">{\"@context\":\"https:\/\/schema.org\",\"@graph\":[{\"@type\":\"WebPage\",\"@id\":\"https:\/\/www.welovecycling.com\/wide\/2025\/10\/13\/vermeersch-and-wiebes-win-uci-gravel-world-championships\/\",\"url\":\"https:\/\/www.welovecycling.com\/wide\/2025\/10\/13\/vermeersch-and-wiebes-win-uci-gravel-world-championships\/\",\"name\":\"Vermeersch and Wiebes Win UCI Gravel World Championships\",\"isPartOf\":{\"@id\":\"https:\/\/www.welovecycling.com\/wide\/#website\"},\"primaryImageOfPage\":{\"@id\":\"https:\/\/www.welovecycling.com\/wide\/2025\/10\/13\/vermeersch-and-wiebes-win-uci-gravel-world-championships\/#primaryimage\"},\"image\":{\"@id\":\"https:\/\/www.welovecycling.com\/wide\/2025\/10\/13\/vermeersch-and-wiebes-win-uci-gravel-world-championships\/#primaryimage\"},\"thumbnailUrl\":\"https:\/\/d2p6e6u75xmxt8.cloudfront.net\/2\/2025\/10\/Florian-Vermeersch-profimedia-1045004353-CVR.webp\",\"datePublished\":\"2025-10-13T11:05:23+00:00\",\"author\":{\"@id\":\"https:\/\/www.welovecycling.com\/wide\/#\/schema\/person\/50f01ecd18718d2333cf72e823c4f926\"},\"description\":\"Three times was a charm for Florian Vermeersch, who won Sunday\u2019s Elite Men\u2019s Gravel World Championship after finishing second the previous two years. The\",\"breadcrumb\":{\"@id\":\"https:\/\/www.welovecycling.com\/wide\/2025\/10\/13\/vermeersch-and-wiebes-win-uci-gravel-world-championships\/#breadcrumb\"},\"inLanguage\":\"en-US\",\"potentialAction\":[{\"@type\":\"ReadAction\",\"target\":[\"https:\/\/www.welovecycling.com\/wide\/2025\/10\/13\/vermeersch-and-wiebes-win-uci-gravel-world-championships\/\"]}]},{\"@type\":\"ImageObject\",\"inLanguage\":\"en-US\",\"@id\":\"https:\/\/www.welovecycling.com\/wide\/2025\/10\/13\/vermeersch-and-wiebes-win-uci-gravel-world-championships\/#primaryimage\",\"url\":\"https:\/\/d2p6e6u75xmxt8.cloudfront.net\/2\/2025\/10\/Florian-Vermeersch-profimedia-1045004353-CVR.webp\",\"contentUrl\":\"https:\/\/d2p6e6u75xmxt8.cloudfront.net\/2\/2025\/10\/Florian-Vermeersch-profimedia-1045004353-CVR.webp\",\"width\":990,\"height\":660,\"caption\":\"Florian Vermeersch\"},{\"@type\":\"BreadcrumbList\",\"@id\":\"https:\/\/www.welovecycling.com\/wide\/2025\/10\/13\/vermeersch-and-wiebes-win-uci-gravel-world-championships\/#breadcrumb\",\"itemListElement\":[{\"@type\":\"ListItem\",\"position\":1,\"name\":\"Home\",\"item\":\"https:\/\/www.welovecycling.com\/wide\/\"},{\"@type\":\"ListItem\",\"position\":2,\"name\":\"Vermeersch (Dominant) and Wiebes (Dramatic) Win UCI Gravel World Championships\"}]},{\"@type\":\"WebSite\",\"@id\":\"https:\/\/www.welovecycling.com\/wide\/#website\",\"url\":\"https:\/\/www.welovecycling.com\/wide\/\",\"name\":\"\u0160koda We Love Cycling\",\"description\":\"\u0160koda We Love Cycling magazine\",\"alternateName\":\"\u0160koda WLC\",\"potentialAction\":[{\"@type\":\"SearchAction\",\"target\":{\"@type\":\"EntryPoint\",\"urlTemplate\":\"https:\/\/www.welovecycling.com\/wide\/?s={search_term_string}\"},\"query-input\":{\"@type\":\"PropertyValueSpecification\",\"valueRequired\":true,\"valueName\":\"search_term_string\"}}],\"inLanguage\":\"en-US\"},{\"@type\":\"Person\",\"@id\":\"https:\/\/www.welovecycling.com\/wide\/#\/schema\/person\/50f01ecd18718d2333cf72e823c4f926\",\"name\":\"tereza\",\"image\":{\"@type\":\"ImageObject\",\"inLanguage\":\"en-US\",\"@id\":\"https:\/\/www.welovecycling.com\/wide\/#\/schema\/person\/image\/\",\"url\":\"https:\/\/secure.gravatar.com\/avatar\/1f9eb71be33845f0afabce3791bc1c58ecdb0a25c62964987e5dbcf7a20d2ec7?s=96&d=mm&r=g\",\"contentUrl\":\"https:\/\/secure.gravatar.com\/avatar\/1f9eb71be33845f0afabce3791bc1c58ecdb0a25c62964987e5dbcf7a20d2ec7?s=96&d=mm&r=g\",\"caption\":\"tereza\"},\"url\":\"https:\/\/www.welovecycling.com\/wide\/author\/tereza\/\"}]}<\/script>\n<!-- \/ Yoast SEO Premium plugin. -->","yoast_head_json":{"title":"Vermeersch and Wiebes Win UCI Gravel World Championships","description":"Three times was a charm for Florian Vermeersch, who won Sunday\u2019s Elite Men\u2019s Gravel World Championship after finishing second the previous two years. The","robots":{"index":"index","follow":"follow","max-snippet":"max-snippet:-1","max-image-preview":"max-image-preview:large","max-video-preview":"max-video-preview:-1"},"canonical":"https:\/\/www.welovecycling.com\/wide\/2025\/10\/13\/vermeersch-and-wiebes-win-uci-gravel-world-championships\/","og_locale":"en_US","og_type":"article","og_title":"Vermeersch (Dominant) and Wiebes (Dramatic) Win UCI Gravel World Championships","og_description":"Three times was a charm for Florian Vermeersch, who won Sunday\u2019s Elite Men\u2019s Gravel World Championship after finishing second the previous two years. The","og_url":"https:\/\/www.welovecycling.com\/wide\/2025\/10\/13\/vermeersch-and-wiebes-win-uci-gravel-world-championships\/","og_site_name":"\u0160koda We Love Cycling","article_published_time":"2025-10-13T11:05:23+00:00","og_image":[{"width":990,"height":660,"url":"https:\/\/d2p6e6u75xmxt8.cloudfront.net\/2\/2025\/10\/Florian-Vermeersch-profimedia-1045004353-CVR.webp","type":"image\/webp"}],"author":"tereza","twitter_card":"summary_large_image","twitter_misc":{"Written by":"Siegfried Mortkowitz","Est. reading time":"2"},"schema":{"@context":"https:\/\/schema.org","@graph":[{"@type":"WebPage","@id":"https:\/\/www.welovecycling.com\/wide\/2025\/10\/13\/vermeersch-and-wiebes-win-uci-gravel-world-championships\/","url":"https:\/\/www.welovecycling.com\/wide\/2025\/10\/13\/vermeersch-and-wiebes-win-uci-gravel-world-championships\/","name":"Vermeersch and Wiebes Win UCI Gravel World Championships","isPartOf":{"@id":"https:\/\/www.welovecycling.com\/wide\/#website"},"primaryImageOfPage":{"@id":"https:\/\/www.welovecycling.com\/wide\/2025\/10\/13\/vermeersch-and-wiebes-win-uci-gravel-world-championships\/#primaryimage"},"image":{"@id":"https:\/\/www.welovecycling.com\/wide\/2025\/10\/13\/vermeersch-and-wiebes-win-uci-gravel-world-championships\/#primaryimage"},"thumbnailUrl":"https:\/\/d2p6e6u75xmxt8.cloudfront.net\/2\/2025\/10\/Florian-Vermeersch-profimedia-1045004353-CVR.webp","datePublished":"2025-10-13T11:05:23+00:00","author":{"@id":"https:\/\/www.welovecycling.com\/wide\/#\/schema\/person\/50f01ecd18718d2333cf72e823c4f926"},"description":"Three times was a charm for Florian Vermeersch, who won Sunday\u2019s Elite Men\u2019s Gravel World Championship after finishing second the previous two years. The","breadcrumb":{"@id":"https:\/\/www.welovecycling.com\/wide\/2025\/10\/13\/vermeersch-and-wiebes-win-uci-gravel-world-championships\/#breadcrumb"},"inLanguage":"en-US","potentialAction":[{"@type":"ReadAction","target":["https:\/\/www.welovecycling.com\/wide\/2025\/10\/13\/vermeersch-and-wiebes-win-uci-gravel-world-championships\/"]}]},{"@type":"ImageObject","inLanguage":"en-US","@id":"https:\/\/www.welovecycling.com\/wide\/2025\/10\/13\/vermeersch-and-wiebes-win-uci-gravel-world-championships\/#primaryimage","url":"https:\/\/d2p6e6u75xmxt8.cloudfront.net\/2\/2025\/10\/Florian-Vermeersch-profimedia-1045004353-CVR.webp","contentUrl":"https:\/\/d2p6e6u75xmxt8.cloudfront.net\/2\/2025\/10\/Florian-Vermeersch-profimedia-1045004353-CVR.webp","width":990,"height":660,"caption":"Florian Vermeersch"},{"@type":"BreadcrumbList","@id":"https:\/\/www.welovecycling.com\/wide\/2025\/10\/13\/vermeersch-and-wiebes-win-uci-gravel-world-championships\/#breadcrumb","itemListElement":[{"@type":"ListItem","position":1,"name":"Home","item":"https:\/\/www.welovecycling.com\/wide\/"},{"@type":"ListItem","position":2,"name":"Vermeersch (Dominant) and Wiebes (Dramatic) Win UCI Gravel World Championships"}]},{"@type":"WebSite","@id":"https:\/\/www.welovecycling.com\/wide\/#website","url":"https:\/\/www.welovecycling.com\/wide\/","name":"\u0160koda We Love Cycling","description":"\u0160koda We Love Cycling magazine","alternateName":"\u0160koda WLC","potentialAction":[{"@type":"SearchAction","target":{"@type":"EntryPoint","urlTemplate":"https:\/\/www.welovecycling.com\/wide\/?s={search_term_string}"},"query-input":{"@type":"PropertyValueSpecification","valueRequired":true,"valueName":"search_term_string"}}],"inLanguage":"en-US"},{"@type":"Person","@id":"https:\/\/www.welovecycling.com\/wide\/#\/schema\/person\/50f01ecd18718d2333cf72e823c4f926","name":"tereza","image":{"@type":"ImageObject","inLanguage":"en-US","@id":"https:\/\/www.welovecycling.com\/wide\/#\/schema\/person\/image\/","url":"https:\/\/secure.gravatar.com\/avatar\/1f9eb71be33845f0afabce3791bc1c58ecdb0a25c62964987e5dbcf7a20d2ec7?s=96&d=mm&r=g","contentUrl":"https:\/\/secure.gravatar.com\/avatar\/1f9eb71be33845f0afabce3791bc1c58ecdb0a25c62964987e5dbcf7a20d2ec7?s=96&d=mm&r=g","caption":"tereza"},"url":"https:\/\/www.welovecycling.com\/wide\/author\/tereza\/"}]}},"_links":{"self":[{"href":"https:\/\/www.welovecycling.com\/wide\/wp-json\/wp\/v2\/posts\/203956","targetHints":{"allow":["GET"]}}],"collection":[{"href":"https:\/\/www.welovecycling.com\/wide\/wp-json\/wp\/v2\/posts"}],"about":[{"href":"https:\/\/www.welovecycling.com\/wide\/wp-json\/wp\/v2\/types\/post"}],"author":[{"embeddable":true,"href":"https:\/\/www.welovecycling.com\/wide\/wp-json\/wp\/v2\/users\/99"}],"replies":[{"embeddable":true,"href":"https:\/\/www.welovecycling.com\/wide\/wp-json\/wp\/v2\/comments?post=203956"}],"version-history":[{"count":2,"href":"https:\/\/www.welovecycling.com\/wide\/wp-json\/wp\/v2\/posts\/203956\/revisions"}],"predecessor-version":[{"id":203960,"href":"https:\/\/www.welovecycling.com\/wide\/wp-json\/wp\/v2\/posts\/203956\/revisions\/203960"}],"wp:featuredmedia":[{"embeddable":true,"href":"https:\/\/www.welovecycling.com\/wide\/wp-json\/wp\/v2\/media\/203958"}],"wp:attachment":[{"href":"https:\/\/www.welovecycling.com\/wide\/wp-json\/wp\/v2\/media?parent=203956"}],"wp:term":[{"taxonomy":"category","embeddable":true,"href":"https:\/\/www.welovecycling.com\/wide\/wp-json\/wp\/v2\/categories?post=203956"},{"taxonomy":"post_tag","embeddable":true,"href":"https:\/\/www.welovecycling.com\/wide\/wp-json\/wp\/v2\/tags?post=203956"},{"taxonomy":"global-categories","embeddable":true,"href":"https:\/\/www.welovecycling.com\/wide\/wp-json\/wp\/v2\/global-categories?post=203956"}],"curies":[{"name":"wp","href":"https:\/\/api.w.org\/{rel}","templated":true}]}}