{"id":203947,"date":"2025-10-13T10:06:27","date_gmt":"2025-10-13T10:06:27","guid":{"rendered":"https:\/\/www.welovecycling.com\/wide\/?p=203947"},"modified":"2025-10-13T10:07:32","modified_gmt":"2025-10-13T10:07:32","slug":"tadej-pogacar-wins-record-fifth-straight-il-lombardia","status":"publish","type":"post","link":"https:\/\/www.welovecycling.com\/wide\/2025\/10\/13\/tadej-pogacar-wins-record-fifth-straight-il-lombardia\/","title":{"rendered":"Poga\u010dar Wins Record Fifth Straight Il Lombardia in Typical Solo Fashion"},"content":{"rendered":"<p><strong>This year\u2019s edition of the last Monument of the season, Il Lombardia, was d\u00e9j\u00e0 vu all over again: It was won by Tadej Poga\u010dar after a 36.6km solo ride that no one could follow, with Remco Evenepoel (Soudal Quick-Step) finishing second, at 1:48, and \u2013 the only surprise \u2013 Tudor\u2019s Michael Storer completing the podium, 3:14 behind. The fourth-place finisher, Quinn Simmons of Lidl-Trek, also deserves an honorable mention, for he was the last survivor of a long 14-rider breakaway and rode at the front of the race for 207km of the 241km course from Como to Bergamo, a massive performance by the 24-year-old American.<\/strong><\/p>\n<p><!--more--><\/p>\n<h2><strong>D\u00e9j\u00e0 vu again<\/strong><\/h2>\n<p>When Poga\u010dar took off on the hardest climb of the day, the Passo di Ganda (9.3km @ 7.1%), no one even tried to follow him. (I saw the same passivity in Tuesday\u2019s Tre Valli Varesine<strong>, <\/strong>also won by the UAE Team Emirates\u2013XRG leader after a 30-something solo.) Perhaps it\u2019s because it\u2019s the end of the year and everyone (except Poga\u010dar) is tired, or they decided that chasing an impossible dream is not worth risking a potential spot on the podium.<\/p>\n<p>Evenepoel told <a href=\"https:\/\/cyclinguptodate.com\/cycling\/a-power-effort-that-he-executes-perfectly-remco-evenepoel-on-tadej-pogacars-attacks\">Het Laatste Nieuws<\/a> that he simply couldn\u2019t keep up. \u201cWhen Tadej attacked, I had to go into survival mode. It was not even the steepest part of the climb. It is special to see how he can still accelerate despite that brutal opening tempo from [Jay] Vine.\u201d This was the time trial world champion\u2019s last ride for Soudal Quick-Step, following a seven-year collaboration that had many highs and a few lows. It will be interesting to watch his progress with Red Bull\u2013BORA hansgrohe.<\/p>\n<p>According to TNT Sports, this was the fiftieth (yes, 50th) solo-ride win of Poga\u010dar\u2019s career. More importantly, the Slovenian superstar became the second rider, with the great <a href=\"https:\/\/www.welovecycling.com\/wide\/2025\/08\/08\/the-history-of-the-worlds-pettiest-cycling-rivalries\/\" target=\"_blank\" rel=\"noopener\">Fausto Coppi,<\/a> to win Il Lombardia five times. But he is the only rider to record the five wins in five years. He is also only the second rider to win three Monuments in one season; Eddy Merckx is the other. At 27 years of age, he has now won 10 of the sport&#8217;s Monuments \u2013 the five toughest one-day races on the calendar. Merckx won 19, including three in 1969, 1971, 1972 and 1975.\u00a0At the rate he\u2019s going, Poga\u010dar will catch him in three years.<\/p>\n<blockquote class=\"instagram-media\" style=\"background: #FFF; border: 0; border-radius: 3px; box-shadow: 0 0 1px 0 rgba(0,0,0,0.5),0 1px 10px 0 rgba(0,0,0,0.15); margin: 1px; max-width: 540px; min-width: 326px; padding: 0; width: calc(100% - 2px);\" data-instgrm-captioned=\"\" data-instgrm-permalink=\"https:\/\/www.instagram.com\/p\/DPrbwZOjD2k\/?utm_source=ig_embed&amp;utm_campaign=loading\" data-instgrm-version=\"14\">\n<div style=\"padding: 16px;\">\n<p>&nbsp;<\/p>\n<div style=\"display: flex; flex-direction: row; align-items: center;\">\n<div style=\"background-color: #f4f4f4; border-radius: 50%; flex-grow: 0; height: 40px; margin-right: 14px; width: 40px;\"><\/div>\n<div style=\"display: flex; flex-direction: column; flex-grow: 1; justify-content: center;\">\n<div style=\"background-color: #f4f4f4; border-radius: 4px; flex-grow: 0; height: 14px; margin-bottom: 6px; width: 100px;\"><\/div>\n<div style=\"background-color: #f4f4f4; border-radius: 4px; flex-grow: 0; height: 14px; width: 60px;\"><\/div>\n<\/div>\n<\/div>\n<div style=\"padding: 19% 0;\"><\/div>\n<div style=\"display: block; height: 50px; margin: 0 auto 12px; width: 50px;\"><\/div>\n<div style=\"padding-top: 8px;\">\n<div style=\"color: #3897f0; font-family: Arial,sans-serif; font-size: 14px; font-style: normal; font-weight: 550; line-height: 18px;\">View this post on Instagram<\/div>\n<\/div>\n<div style=\"padding: 12.5% 0;\"><\/div>\n<div style=\"display: flex; flex-direction: row; margin-bottom: 14px; align-items: center;\">\n<div>\n<div style=\"background-color: #f4f4f4; border-radius: 50%; height: 12.5px; width: 12.5px; transform: translateX(0px) translateY(7px);\"><\/div>\n<div style=\"background-color: #f4f4f4; height: 12.5px; transform: rotate(-45deg) translateX(3px) translateY(1px); width: 12.5px; flex-grow: 0; margin-right: 14px; margin-left: 2px;\"><\/div>\n<div style=\"background-color: #f4f4f4; border-radius: 50%; height: 12.5px; width: 12.5px; transform: translateX(9px) translateY(-18px);\"><\/div>\n<\/div>\n<div style=\"margin-left: 8px;\">\n<div style=\"background-color: #f4f4f4; border-radius: 50%; flex-grow: 0; height: 20px; width: 20px;\"><\/div>\n<div style=\"width: 0; height: 0; border-top: 2px solid transparent; border-left: 6px solid #f4f4f4; border-bottom: 2px solid transparent; transform: translateX(16px) translateY(-4px) rotate(30deg);\"><\/div>\n<\/div>\n<div style=\"margin-left: auto;\">\n<div style=\"width: 0px; border-top: 8px solid #F4F4F4; border-right: 8px solid transparent; transform: translateY(16px);\"><\/div>\n<div style=\"background-color: #f4f4f4; flex-grow: 0; height: 12px; width: 16px; transform: translateY(-4px);\"><\/div>\n<div style=\"width: 0; height: 0; border-top: 8px solid #F4F4F4; border-left: 8px solid transparent; transform: translateY(-4px) translateX(8px);\"><\/div>\n<\/div>\n<\/div>\n<div style=\"display: flex; flex-direction: column; flex-grow: 1; justify-content: center; margin-bottom: 24px;\">\n<div style=\"background-color: #f4f4f4; border-radius: 4px; flex-grow: 0; height: 14px; margin-bottom: 6px; width: 224px;\"><\/div>\n<div style=\"background-color: #f4f4f4; border-radius: 4px; flex-grow: 0; height: 14px; width: 144px;\"><\/div>\n<\/div>\n<p>&nbsp;<\/p>\n<p style=\"color: #c9c8cd; font-family: Arial,sans-serif; font-size: 14px; line-height: 17px; margin-bottom: 0; margin-top: 8px; overflow: hidden; padding: 8px 0 7px; text-align: center; text-overflow: ellipsis; white-space: nowrap;\"><a style=\"color: #c9c8cd; font-family: Arial,sans-serif; font-size: 14px; font-style: normal; font-weight: normal; line-height: 17px; text-decoration: none;\" href=\"https:\/\/www.instagram.com\/p\/DPrbwZOjD2k\/?utm_source=ig_embed&amp;utm_campaign=loading\" target=\"_blank\" rel=\"noopener\">A post shared by Il Lombardia (@ilombardia)<\/a><\/p>\n<\/div>\n<\/blockquote>\n<h2><script async src=\"\/\/www.instagram.com\/embed.js\"><\/script><strong>The smiling killer<\/strong><\/h2>\n<p>Because he is not only the best rider in the peloton, but also one of the nicest, Poga\u010dar went out of his way to thank his UAE teammates. \u201cTo win five times in a row and every time I\u2019ve started, well, this race is really suited to me,\u201d he said. \u201cBut at the same time I had such a good team around me to enable me to pull it off and a big thanks goes to all my teammates.\u201d The retiring Rafal Majka and Jay Vine set a blistering pace on the Ganda ascent, reducing the peloton to a handful of riders and hurting the legs of those who remained.<\/p>\n<p>Asked if this season was his best ever, with a fourth Tour de France win, the three Monument victories and the World and European road race championships, Poga\u010dar said, \u201cFor seven years in a row I\u2019ve said, \u2018This is my best season so far.\u2019 And once again I can say that this is my best season so far.\u201d<\/p>\n<p>Majka, who rode his last race with Poga\u010dar after five years of invaluable support for him and the team, <a href=\"https:\/\/www.idlprocycling.com\/cycling\/-beautiful-farewell-for-majka-in-lombardy-honor-guard-for-the-pole-and-for-serry-meintjes-puccio-and-petilli\">said of his team leader<\/a> at a pre-race ceremony honoring the Pole, \u201cHe can attack anywhere, win anywhere, and I\u2019ve never seen that in my life. I\u2019ve worked for Peter Sagan and Alberto Contador, but this guy is a machine. A killer.\u201d<\/p>\n<h2><strong>Honorable mentions<\/strong><\/h2>\n<p>As for the third-place Storer, he gave his Pro-level Tudor team its first Monument podium ever and, as he put it, gifted himself an unexpected highlight. &#8220;I&#8217;m super grateful for everything,\u201d he said. \u201cThe team will be super happy. I&#8217;m sure my phone will be exploded now. Fabian [Cancellara, the team\u2019s owner and manager] went on the recon with us and was super motivated for this race, even though he wasn&#8217;t racing. It&#8217;s the highlight I wasn&#8217;t expecting to come at the very end. I feel like there have been a lot of highlights this year. As I said before, I can be proud of my season, proud of today, and proud of my team.&#8221;<\/p>\n<p>One more honorable mention from this last major race of the year should go to 19-year-old Paul Seixas, who finished seventh and therefore, according to <a href=\"https:\/\/www.lequipe.fr\/Cyclisme-sur-route\/Actualites\/A-19-ans-et-17-jours-paul-seixas-est-le-plus-jeune-coureur-a-terminer-dans-le-top-10-d-un-monument-depuis-1917\/1600857\">L\u2019Equipe<\/a>, became the youngest rider in a men&#8217;s Monument top 10 since 1917, when Luigi Cuppi finished fourth in Milan-San Remo at the age of 18. &#8220;I&#8217;m a bit disappointed because I was in the right group,\u201d <a href=\"https:\/\/www.cyclingnews.com\/news\/19-year-old-paul-seixas-becomes-youngest-rider-in-100-years-to-finish-top-10-in-a-mens-monument-but-still-a-bit-disappointed-with-il-lombardia-debut\/\">he said<\/a>. \u201cBut then I was done, and the riders in front were stronger. I fought until the end, I gave everything, and that&#8217;s what I wanted to do today.&#8221;<\/p>\n<h4><strong>Results of the 2025 Il Lombardia<\/strong><\/h4>\n<ol>\n<li>Tadej Poga\u010dar, UAE Team Emirates\u2013XRG 5:45:53<\/li>\n<li>Remco Evenepoel, Soudal Quick-Step +1:48<\/li>\n<li>Michael Storer, Tudor +3:14<\/li>\n<li>Quinn Simmons, Lidl-Trek +3:39<\/li>\n<li>Isaac Del Toro, UAE Team Emirates\u2013XRG \u00a0+4:16<\/li>\n<li>Tom Pidcock, Q36.5 \u00a0\u00a0\u00a0\u00a0\u00a0\u00a0\u00a0\u00a0\u201c<\/li>\n<li>Paul Seixas, Decathlon AG2R La Mondiale \u201c<\/li>\n<li>Egan Bernal, INEOSGrenadiers \u00a0\u00a0\u00a0\u201c<\/li>\n<li>Jay Vine, UAE Team Emirates\u2013XRG +4:18<\/li>\n<li>Cian Uijtdebroecks, Visma\u2013Lease a Bike +4:30<\/li>\n<\/ol>\n","protected":false},"excerpt":{"rendered":"<p>This year\u2019s edition of the last Monument of the season, Il Lombardia, was d\u00e9j\u00e0 vu all over again: It was [&hellip;]<\/p>\n","protected":false},"author":99,"featured_media":203949,"comment_status":"closed","ping_status":"open","sticky":false,"template":"","format":"standard","meta":{"footnotes":""},"categories":[329],"tags":[8717,5755,8718,8571,3544,3415],"global-categories":[3366],"class_list":["post-203947","post","type-post","status-publish","format-standard","has-post-thumbnail","hentry","category-road-cycling","tag-2025-il-lombardia","tag-il-lombardia","tag-michael-storer","tag-quinn-simmons","tag-remco-evenepoel","tag-tadej-pogacar","global-categories-cycling"],"yoast_head":"<!-- This site is optimized with the Yoast SEO Premium plugin v25.3 (Yoast SEO v25.9) - https:\/\/yoast.com\/wordpress\/plugins\/seo\/ -->\n<title>Tadej Poga\u010dar Wins Record Fifth Straight Il Lombardia<\/title>\n<meta name=\"description\" content=\"This year\u2019s edition of the last Monument of the season, Il Lombardia, was d\u00e9j\u00e0 vu all over again: It was won by Tadej Poga\u010dar after a 36.6km solo ride\" \/>\n<meta name=\"robots\" content=\"index, follow, max-snippet:-1, max-image-preview:large, max-video-preview:-1\" \/>\n<link rel=\"canonical\" href=\"https:\/\/www.welovecycling.com\/wide\/2025\/10\/13\/tadej-pogacar-wins-record-fifth-straight-il-lombardia\/\" \/>\n<meta property=\"og:locale\" content=\"en_US\" \/>\n<meta property=\"og:type\" content=\"article\" \/>\n<meta property=\"og:title\" content=\"Poga\u010dar Wins Record Fifth Straight Il Lombardia in Typical Solo Fashion\" \/>\n<meta property=\"og:description\" content=\"This year\u2019s edition of the last Monument of the season, Il Lombardia, was d\u00e9j\u00e0 vu all over again: It was won by Tadej Poga\u010dar after a 36.6km solo ride\" \/>\n<meta property=\"og:url\" content=\"https:\/\/www.welovecycling.com\/wide\/2025\/10\/13\/tadej-pogacar-wins-record-fifth-straight-il-lombardia\/\" \/>\n<meta property=\"og:site_name\" content=\"\u0160koda We Love Cycling\" \/>\n<meta property=\"article:published_time\" content=\"2025-10-13T10:06:27+00:00\" \/>\n<meta property=\"article:modified_time\" content=\"2025-10-13T10:07:32+00:00\" \/>\n<meta property=\"og:image\" content=\"https:\/\/d2p6e6u75xmxt8.cloudfront.net\/2\/2025\/10\/Tadej-Pogacar-profimedia-1044847523-CVR.webp\" \/>\n\t<meta property=\"og:image:width\" content=\"990\" \/>\n\t<meta property=\"og:image:height\" content=\"660\" \/>\n\t<meta property=\"og:image:type\" content=\"image\/webp\" \/>\n<meta name=\"author\" content=\"tereza\" \/>\n<meta name=\"twitter:card\" content=\"summary_large_image\" \/>\n<meta name=\"twitter:label1\" content=\"Written by\" \/>\n\t<meta name=\"twitter:data1\" content=\"Siegfried Mortkowitz\" \/>\n\t<meta name=\"twitter:label2\" content=\"Est. reading time\" \/>\n\t<meta name=\"twitter:data2\" content=\"2\" \/>\n<script type=\"application\/ld+json\" class=\"yoast-schema-graph\">{\"@context\":\"https:\/\/schema.org\",\"@graph\":[{\"@type\":\"WebPage\",\"@id\":\"https:\/\/www.welovecycling.com\/wide\/2025\/10\/13\/tadej-pogacar-wins-record-fifth-straight-il-lombardia\/\",\"url\":\"https:\/\/www.welovecycling.com\/wide\/2025\/10\/13\/tadej-pogacar-wins-record-fifth-straight-il-lombardia\/\",\"name\":\"Tadej Poga\u010dar Wins Record Fifth Straight Il Lombardia\",\"isPartOf\":{\"@id\":\"https:\/\/www.welovecycling.com\/wide\/#website\"},\"primaryImageOfPage\":{\"@id\":\"https:\/\/www.welovecycling.com\/wide\/2025\/10\/13\/tadej-pogacar-wins-record-fifth-straight-il-lombardia\/#primaryimage\"},\"image\":{\"@id\":\"https:\/\/www.welovecycling.com\/wide\/2025\/10\/13\/tadej-pogacar-wins-record-fifth-straight-il-lombardia\/#primaryimage\"},\"thumbnailUrl\":\"https:\/\/d2p6e6u75xmxt8.cloudfront.net\/2\/2025\/10\/Tadej-Pogacar-profimedia-1044847523-CVR.webp\",\"datePublished\":\"2025-10-13T10:06:27+00:00\",\"dateModified\":\"2025-10-13T10:07:32+00:00\",\"author\":{\"@id\":\"https:\/\/www.welovecycling.com\/wide\/#\/schema\/person\/50f01ecd18718d2333cf72e823c4f926\"},\"description\":\"This year\u2019s edition of the last Monument of the season, Il Lombardia, was d\u00e9j\u00e0 vu all over again: It was won by Tadej Poga\u010dar after a 36.6km solo ride\",\"breadcrumb\":{\"@id\":\"https:\/\/www.welovecycling.com\/wide\/2025\/10\/13\/tadej-pogacar-wins-record-fifth-straight-il-lombardia\/#breadcrumb\"},\"inLanguage\":\"en-US\",\"potentialAction\":[{\"@type\":\"ReadAction\",\"target\":[\"https:\/\/www.welovecycling.com\/wide\/2025\/10\/13\/tadej-pogacar-wins-record-fifth-straight-il-lombardia\/\"]}]},{\"@type\":\"ImageObject\",\"inLanguage\":\"en-US\",\"@id\":\"https:\/\/www.welovecycling.com\/wide\/2025\/10\/13\/tadej-pogacar-wins-record-fifth-straight-il-lombardia\/#primaryimage\",\"url\":\"https:\/\/d2p6e6u75xmxt8.cloudfront.net\/2\/2025\/10\/Tadej-Pogacar-profimedia-1044847523-CVR.webp\",\"contentUrl\":\"https:\/\/d2p6e6u75xmxt8.cloudfront.net\/2\/2025\/10\/Tadej-Pogacar-profimedia-1044847523-CVR.webp\",\"width\":990,\"height\":660,\"caption\":\"Tadej Poga\u010dar\"},{\"@type\":\"BreadcrumbList\",\"@id\":\"https:\/\/www.welovecycling.com\/wide\/2025\/10\/13\/tadej-pogacar-wins-record-fifth-straight-il-lombardia\/#breadcrumb\",\"itemListElement\":[{\"@type\":\"ListItem\",\"position\":1,\"name\":\"Home\",\"item\":\"https:\/\/www.welovecycling.com\/wide\/\"},{\"@type\":\"ListItem\",\"position\":2,\"name\":\"Poga\u010dar Wins Record Fifth Straight Il Lombardia in Typical Solo Fashion\"}]},{\"@type\":\"WebSite\",\"@id\":\"https:\/\/www.welovecycling.com\/wide\/#website\",\"url\":\"https:\/\/www.welovecycling.com\/wide\/\",\"name\":\"\u0160koda We Love Cycling\",\"description\":\"\u0160koda We Love Cycling magazine\",\"alternateName\":\"\u0160koda WLC\",\"potentialAction\":[{\"@type\":\"SearchAction\",\"target\":{\"@type\":\"EntryPoint\",\"urlTemplate\":\"https:\/\/www.welovecycling.com\/wide\/?s={search_term_string}\"},\"query-input\":{\"@type\":\"PropertyValueSpecification\",\"valueRequired\":true,\"valueName\":\"search_term_string\"}}],\"inLanguage\":\"en-US\"},{\"@type\":\"Person\",\"@id\":\"https:\/\/www.welovecycling.com\/wide\/#\/schema\/person\/50f01ecd18718d2333cf72e823c4f926\",\"name\":\"tereza\",\"image\":{\"@type\":\"ImageObject\",\"inLanguage\":\"en-US\",\"@id\":\"https:\/\/www.welovecycling.com\/wide\/#\/schema\/person\/image\/\",\"url\":\"https:\/\/secure.gravatar.com\/avatar\/1f9eb71be33845f0afabce3791bc1c58ecdb0a25c62964987e5dbcf7a20d2ec7?s=96&d=mm&r=g\",\"contentUrl\":\"https:\/\/secure.gravatar.com\/avatar\/1f9eb71be33845f0afabce3791bc1c58ecdb0a25c62964987e5dbcf7a20d2ec7?s=96&d=mm&r=g\",\"caption\":\"tereza\"},\"url\":\"https:\/\/www.welovecycling.com\/wide\/author\/tereza\/\"}]}<\/script>\n<!-- \/ Yoast SEO Premium plugin. -->","yoast_head_json":{"title":"Tadej Poga\u010dar Wins Record Fifth Straight Il Lombardia","description":"This year\u2019s edition of the last Monument of the season, Il Lombardia, was d\u00e9j\u00e0 vu all over again: It was won by Tadej Poga\u010dar after a 36.6km solo ride","robots":{"index":"index","follow":"follow","max-snippet":"max-snippet:-1","max-image-preview":"max-image-preview:large","max-video-preview":"max-video-preview:-1"},"canonical":"https:\/\/www.welovecycling.com\/wide\/2025\/10\/13\/tadej-pogacar-wins-record-fifth-straight-il-lombardia\/","og_locale":"en_US","og_type":"article","og_title":"Poga\u010dar Wins Record Fifth Straight Il Lombardia in Typical Solo Fashion","og_description":"This year\u2019s edition of the last Monument of the season, Il Lombardia, was d\u00e9j\u00e0 vu all over again: It was won by Tadej Poga\u010dar after a 36.6km solo ride","og_url":"https:\/\/www.welovecycling.com\/wide\/2025\/10\/13\/tadej-pogacar-wins-record-fifth-straight-il-lombardia\/","og_site_name":"\u0160koda We Love Cycling","article_published_time":"2025-10-13T10:06:27+00:00","article_modified_time":"2025-10-13T10:07:32+00:00","og_image":[{"width":990,"height":660,"url":"https:\/\/d2p6e6u75xmxt8.cloudfront.net\/2\/2025\/10\/Tadej-Pogacar-profimedia-1044847523-CVR.webp","type":"image\/webp"}],"author":"tereza","twitter_card":"summary_large_image","twitter_misc":{"Written by":"Siegfried Mortkowitz","Est. reading time":"2"},"schema":{"@context":"https:\/\/schema.org","@graph":[{"@type":"WebPage","@id":"https:\/\/www.welovecycling.com\/wide\/2025\/10\/13\/tadej-pogacar-wins-record-fifth-straight-il-lombardia\/","url":"https:\/\/www.welovecycling.com\/wide\/2025\/10\/13\/tadej-pogacar-wins-record-fifth-straight-il-lombardia\/","name":"Tadej Poga\u010dar Wins Record Fifth Straight Il Lombardia","isPartOf":{"@id":"https:\/\/www.welovecycling.com\/wide\/#website"},"primaryImageOfPage":{"@id":"https:\/\/www.welovecycling.com\/wide\/2025\/10\/13\/tadej-pogacar-wins-record-fifth-straight-il-lombardia\/#primaryimage"},"image":{"@id":"https:\/\/www.welovecycling.com\/wide\/2025\/10\/13\/tadej-pogacar-wins-record-fifth-straight-il-lombardia\/#primaryimage"},"thumbnailUrl":"https:\/\/d2p6e6u75xmxt8.cloudfront.net\/2\/2025\/10\/Tadej-Pogacar-profimedia-1044847523-CVR.webp","datePublished":"2025-10-13T10:06:27+00:00","dateModified":"2025-10-13T10:07:32+00:00","author":{"@id":"https:\/\/www.welovecycling.com\/wide\/#\/schema\/person\/50f01ecd18718d2333cf72e823c4f926"},"description":"This year\u2019s edition of the last Monument of the season, Il Lombardia, was d\u00e9j\u00e0 vu all over again: It was won by Tadej Poga\u010dar after a 36.6km solo ride","breadcrumb":{"@id":"https:\/\/www.welovecycling.com\/wide\/2025\/10\/13\/tadej-pogacar-wins-record-fifth-straight-il-lombardia\/#breadcrumb"},"inLanguage":"en-US","potentialAction":[{"@type":"ReadAction","target":["https:\/\/www.welovecycling.com\/wide\/2025\/10\/13\/tadej-pogacar-wins-record-fifth-straight-il-lombardia\/"]}]},{"@type":"ImageObject","inLanguage":"en-US","@id":"https:\/\/www.welovecycling.com\/wide\/2025\/10\/13\/tadej-pogacar-wins-record-fifth-straight-il-lombardia\/#primaryimage","url":"https:\/\/d2p6e6u75xmxt8.cloudfront.net\/2\/2025\/10\/Tadej-Pogacar-profimedia-1044847523-CVR.webp","contentUrl":"https:\/\/d2p6e6u75xmxt8.cloudfront.net\/2\/2025\/10\/Tadej-Pogacar-profimedia-1044847523-CVR.webp","width":990,"height":660,"caption":"Tadej Poga\u010dar"},{"@type":"BreadcrumbList","@id":"https:\/\/www.welovecycling.com\/wide\/2025\/10\/13\/tadej-pogacar-wins-record-fifth-straight-il-lombardia\/#breadcrumb","itemListElement":[{"@type":"ListItem","position":1,"name":"Home","item":"https:\/\/www.welovecycling.com\/wide\/"},{"@type":"ListItem","position":2,"name":"Poga\u010dar Wins Record Fifth Straight Il Lombardia in Typical Solo Fashion"}]},{"@type":"WebSite","@id":"https:\/\/www.welovecycling.com\/wide\/#website","url":"https:\/\/www.welovecycling.com\/wide\/","name":"\u0160koda We Love Cycling","description":"\u0160koda We Love Cycling magazine","alternateName":"\u0160koda WLC","potentialAction":[{"@type":"SearchAction","target":{"@type":"EntryPoint","urlTemplate":"https:\/\/www.welovecycling.com\/wide\/?s={search_term_string}"},"query-input":{"@type":"PropertyValueSpecification","valueRequired":true,"valueName":"search_term_string"}}],"inLanguage":"en-US"},{"@type":"Person","@id":"https:\/\/www.welovecycling.com\/wide\/#\/schema\/person\/50f01ecd18718d2333cf72e823c4f926","name":"tereza","image":{"@type":"ImageObject","inLanguage":"en-US","@id":"https:\/\/www.welovecycling.com\/wide\/#\/schema\/person\/image\/","url":"https:\/\/secure.gravatar.com\/avatar\/1f9eb71be33845f0afabce3791bc1c58ecdb0a25c62964987e5dbcf7a20d2ec7?s=96&d=mm&r=g","contentUrl":"https:\/\/secure.gravatar.com\/avatar\/1f9eb71be33845f0afabce3791bc1c58ecdb0a25c62964987e5dbcf7a20d2ec7?s=96&d=mm&r=g","caption":"tereza"},"url":"https:\/\/www.welovecycling.com\/wide\/author\/tereza\/"}]}},"_links":{"self":[{"href":"https:\/\/www.welovecycling.com\/wide\/wp-json\/wp\/v2\/posts\/203947","targetHints":{"allow":["GET"]}}],"collection":[{"href":"https:\/\/www.welovecycling.com\/wide\/wp-json\/wp\/v2\/posts"}],"about":[{"href":"https:\/\/www.welovecycling.com\/wide\/wp-json\/wp\/v2\/types\/post"}],"author":[{"embeddable":true,"href":"https:\/\/www.welovecycling.com\/wide\/wp-json\/wp\/v2\/users\/99"}],"replies":[{"embeddable":true,"href":"https:\/\/www.welovecycling.com\/wide\/wp-json\/wp\/v2\/comments?post=203947"}],"version-history":[{"count":4,"href":"https:\/\/www.welovecycling.com\/wide\/wp-json\/wp\/v2\/posts\/203947\/revisions"}],"predecessor-version":[{"id":203955,"href":"https:\/\/www.welovecycling.com\/wide\/wp-json\/wp\/v2\/posts\/203947\/revisions\/203955"}],"wp:featuredmedia":[{"embeddable":true,"href":"https:\/\/www.welovecycling.com\/wide\/wp-json\/wp\/v2\/media\/203949"}],"wp:attachment":[{"href":"https:\/\/www.welovecycling.com\/wide\/wp-json\/wp\/v2\/media?parent=203947"}],"wp:term":[{"taxonomy":"category","embeddable":true,"href":"https:\/\/www.welovecycling.com\/wide\/wp-json\/wp\/v2\/categories?post=203947"},{"taxonomy":"post_tag","embeddable":true,"href":"https:\/\/www.welovecycling.com\/wide\/wp-json\/wp\/v2\/tags?post=203947"},{"taxonomy":"global-categories","embeddable":true,"href":"https:\/\/www.welovecycling.com\/wide\/wp-json\/wp\/v2\/global-categories?post=203947"}],"curies":[{"name":"wp","href":"https:\/\/api.w.org\/{rel}","templated":true}]}}