{"id":203254,"date":"2025-10-06T10:14:19","date_gmt":"2025-10-06T10:14:19","guid":{"rendered":"https:\/\/www.welovecycling.com\/wide\/?p=203254"},"modified":"2025-10-06T10:14:19","modified_gmt":"2025-10-06T10:14:19","slug":"pogacar-and-vollering-ride-solo-to-european-championship-triumphs","status":"publish","type":"post","link":"https:\/\/www.welovecycling.com\/wide\/2025\/10\/06\/pogacar-and-vollering-ride-solo-to-european-championship-triumphs\/","title":{"rendered":"Poga\u010dar and Vollering Ride Solo to European Championship Triumphs"},"content":{"rendered":"<p style=\"font-weight: 400;\"><strong>From now on, I will use a template to write the first line of every story about a Grand Tour or one-day race in which world, and now European, champion Tadej Poga\u010dar rides. It will read like this: Tadej Poga\u010dar won the [<em>name of race<\/em>] with a [<em>distance in km<\/em>] solo to defeat [<em>Remco Evenepoel or Jonas Vingegaard<\/em>] by [<em>time of winning margin<\/em>].<\/strong><\/p>\n<p><!--more--><\/p>\n<p style=\"font-weight: 400;\">In Sunday\u2019s <a href=\"https:\/\/www.uec.ch\/en\/event\/260\/2025-uec-road-european-championships\">Elite Men\u2019s European Continental Road Race Championship,<\/a> the name was Evenepoel, the distance was 75km and the margin turned out to be 31 seconds, though the Slovenian\u2019s lead over his Belgian rival was over a minute for much of the final 30km of the 202.5km race from Privas to Guilherand-Granges in the southeastern French department of Dr\u00f4me.<\/p>\n<h2 style=\"font-weight: 400;\"><strong>The inevitable <\/strong><\/h2>\n<p style=\"font-weight: 400;\">This was after the cheeky Poga\u010dar told TNT Sports before the race that a 70km\u00a0 solo was too difficult in view of the headwinds that would be a disadvantage on the long flat stretches of road between the climbs. As the French say, \u201c<em>Mon oeuil<\/em>!\u201d [my eye]. The irrepressible Slovenian took off on the last of three ascents of the Saint Romain de Lerps (7km @ 7.2%), with only Evenepoel, Spain\u2019s Juan Ayuso and Paul Seixas of France able to stay with him. But not for long.<\/p>\n<p style=\"font-weight: 400;\">Ayuso was the first to be dropped, then the Frenchman and finally Evenepoel was gapped at 73km. Poga\u010dar slowly increased his lead while Evenepoel waited for his fellow droppees to help him with the chase. But they were helpless and depended on Remco to do all the work because he was the best rider in the group. So the gap to Poga\u010dar gradually grew bigger, to 38 seconds at one point \u2013 until Poga\u010dar hit the flats and those nasty headwinds. His lead shrank to 23 seconds with 60km left to ride. But then he hit the last three of six climbs of the Val d\u2019Enfer (translation: Valley of Hell) (1.6km @ 9.7%), and his lead grew out again, to 44 seconds at 48km and eventually to 1:05.<\/p>\n<p style=\"font-weight: 400;\">&#8220;I [found] myself in the front and I tried to keep a good gap around one minute,\u201d Poga\u010dar said. \u201cIt was a comfortable gap. I don&#8217;t think it was super dominant. Remco was chasing me and I couldn&#8217;t give up until the finish line. I had to push really, really hard. I&#8217;m happy it&#8217;s over and another title.\u201d He went on to say, &#8220;On the third lap I saw there [were] four or five Belgians and I was alone, so it was better to be on the attack than together with too many guys who can attack you. So I tried and I succeeded.&#8221; As usual.<\/p>\n<h2 style=\"font-weight: 400;\"><strong>Remco is second again<\/strong><\/h2>\n<p style=\"font-weight: 400;\">Eventually, Evenepoel dropped his unhelpful fellow travelers, but \u2013 as in the World Championships \u2013 it was too little and too late. The result answered the question of if he would have had a chance to beat Poga\u010dar in the Kigali road race world championship if he hadn\u2019t had the alleged problems with his saddle. The answer is: No. At this stage of Evenepoel\u2019s career, Poga\u010dar remains the better climber. The very promising 19-year-old Seixas, who looks like yet another potential French Grand Tour winner, dropped Ayuso and, eventually, Italy\u2019s Christian Scaroni, to win a valuable bronze medal for the home country, 3:41 behind the all-conquering winner.<\/p>\n<p style=\"font-weight: 400;\">This race was supposed to be a showdown between racing\u2019s Big Three, Poga\u010dar, Evenepoel and <a href=\"https:\/\/www.welovecycling.com\/wide\/2025\/09\/17\/who-is-three-time-grand-tour-winner-jonas-vingegaard\/\" target=\"_blank\" rel=\"noopener\">Jonas Vingegaard.<\/a> But the Danish superstar was dropped on the second ascent of the Saint Romain de Lerps, near the halfway point of the race, and abandoned soon afterwards. This was just more proof that Vingegaard is not a one-day racer and likely will never be.<\/p>\n<figure id=\"attachment_203257\" aria-describedby=\"caption-attachment-203257\" style=\"width: 990px\" class=\"wp-caption alignnone\"><a href=\"https:\/\/d2p6e6u75xmxt8.cloudfront.net\/2\/2025\/10\/Tadej-Pogacar-profimedia-1043727598.webp\"><img loading=\"lazy\" decoding=\"async\" class=\"wp-image-203257 size-full\" src=\"https:\/\/d2p6e6u75xmxt8.cloudfront.net\/2\/2025\/10\/Tadej-Pogacar-profimedia-1043727598.webp\" alt=\"Tadej Poga\u010dar\" width=\"990\" height=\"660\" srcset=\"https:\/\/d2p6e6u75xmxt8.cloudfront.net\/2\/2025\/10\/Tadej-Pogacar-profimedia-1043727598.webp 990w, https:\/\/d2p6e6u75xmxt8.cloudfront.net\/2\/2025\/10\/Tadej-Pogacar-profimedia-1043727598-300x200.webp 300w, https:\/\/d2p6e6u75xmxt8.cloudfront.net\/2\/2025\/10\/Tadej-Pogacar-profimedia-1043727598-768x512.webp 768w, https:\/\/d2p6e6u75xmxt8.cloudfront.net\/2\/2025\/10\/Tadej-Pogacar-profimedia-1043727598-400x267.webp 400w, https:\/\/d2p6e6u75xmxt8.cloudfront.net\/2\/2025\/10\/Tadej-Pogacar-profimedia-1043727598-272x182.webp 272w\" sizes=\"auto, (max-width: 990px) 100vw, 990px\" \/><\/a><figcaption id=\"caption-attachment-203257\" class=\"wp-caption-text\">The triumphant Poga\u010dar. \u00a9 Profimedia<\/figcaption><\/figure>\n<h2 style=\"font-weight: 400;\"><strong>A major win for Vollering<\/strong><\/h2>\n<p style=\"font-weight: 400;\">In Saturday\u2019s Elite Women\u2019s race, Vollering broke away from the peloton with 40km left to ride on the 116km circuit, on the Saint Romain de Lerps, the race\u2019s longest climb, which perfectly suited her skillset \u2013 unlike the short, steep climbs of the World Championships, where she finished seventh. She was followed only by Dutch teammate Anna van der Breggen, Poland\u2019s <a href=\"https:\/\/www.welovecycling.com\/wide\/2025\/09\/16\/finding-balance-mental-health-and-managing-nerves-in-cycling-by-kasia-niewiadoma\/\" target=\"_blank\" rel=\"noopener\">Kasia Niewiadoma-Phinney<\/a> and Elisa Longo Borghini of Italy. Some 2.5km down the road, she accelerated again and this time no one could follow. \u00a0Vollering gradually increased her lead over her pursuers until it became a one-on-one against Niewiadoma-Phinney, who was riding with van der Breggen \u2013 but van der Breggen was not interesting in lifting so much as a toe to help her catch her teammate.<\/p>\n<p style=\"font-weight: 400;\">Gaps and times here are just guesses as the organizers suffered a total technological breakdown, which led to some flatly ridiculous data, such as showing 50.6km left to ride when Vollering was less than 2km from the finish line. This left spectators and commentators as much in the dark as were the riders, who were not allowed to use team radios. This was one of the most important races of the year. If this is typical of Europe\u2019s technological nous, the Continent is in big trouble. Fortunately, everything worked perfectly during the Elite Men\u2019s race. Hmm.<\/p>\n<p style=\"font-weight: 400;\">But it didn\u2019t faze Vollering, of course, who celebrated joyously at the finish after winning the first major jersey of her career. She had never won a European or world title, so it was a big win for the Dutch rider after what has been\u00a0 an occasionally frustrating season. She will now be allowed to wear the jersey of the European champion in all her races until next year\u2019s edition of the race.<\/p>\n<p style=\"font-weight: 400;\">&#8220;I&#8217;m really proud to take the jersey home for the Dutch team, because we did the perfect race today together,&#8221; Vollering said. &#8220;And also I felt really good today and the last few days. I was really confident, and I wanted to try to go early, because I knew that all the [time trial] training I did for World Championships, I knew that it was still in me. So I wanted to try to go early and do the last part all by myself, to be sure of the victory. And also, because we did such a good race with the whole team, I really wanted to finish it off for them.&#8221;<\/p>\n<p style=\"font-weight: 400;\">Niewiadoma-Phinney finished second, 1:18 behind, as van der Breggen did not contest the sprint, out of fairness for her Polish rival, who did all the riding. Good for her! Vollering\u2019s victory was the ninth Dutch win in the 10 editions of the European Championship, a remarkable record.<\/p>\n<h4 style=\"font-weight: 400;\"><strong>Results of 2025 Elite Men\u2019s European Championship Road Race <\/strong><\/h4>\n<ol>\n<li>Tadej Poga\u010dar, Slovenia 4:59:29<\/li>\n<li>Remco Evenepoel, Belgium\u00a0\u00a0\u00a0\u00a0 \u00a0+0:39<\/li>\n<li>Paul Seixas, France +3:41<\/li>\n<li>Christian Scaroni, Italy +4:04<\/li>\n<li>Toms Skuji\u0146\u0161, Latvia +4:16<\/li>\n<\/ol>\n<h4 style=\"font-weight: 400;\"><strong>Results of 2025 Elite Women\u2019s European Championship Road Race <\/strong><\/h4>\n<ol>\n<li style=\"font-weight: 400;\">Demi Vollering, Netherlands 2:57:53<\/li>\n<li style=\"font-weight: 400;\">Kasia Niewiadoma-Phinney, Poland +1:18<\/li>\n<li style=\"font-weight: 400;\">Anna van der Breggen, Netherlands +1:24<\/li>\n<li style=\"font-weight: 400;\">Elise Chabbey, Switzerland +2:31<\/li>\n<li style=\"font-weight: 400;\">Franziska Koch, Germany \u201c<\/li>\n<\/ol>\n","protected":false},"excerpt":{"rendered":"<p>From now on, I will use a template to write the first line of every story about a Grand Tour [&hellip;]<\/p>\n","protected":false},"author":99,"featured_media":203255,"comment_status":"closed","ping_status":"open","sticky":false,"template":"","format":"standard","meta":{"footnotes":""},"categories":[329],"tags":[8706,2158,3771,8705,3544,3415],"global-categories":[3366],"class_list":["post-203254","post","type-post","status-publish","format-standard","has-post-thumbnail","hentry","category-road-cycling","tag-2025-uec-road-european-championships","tag-anna-van-der-breggen","tag-demi-vollering","tag-elite-mens-european-continental-road-race-championship","tag-remco-evenepoel","tag-tadej-pogacar","global-categories-cycling"],"yoast_head":"<!-- This site is optimized with the Yoast SEO Premium plugin v25.3 (Yoast SEO v25.9) - https:\/\/yoast.com\/wordpress\/plugins\/seo\/ -->\n<title>Poga\u010dar and Vollering Ride Solo to European Championship Triumphs<\/title>\n<meta name=\"description\" content=\"From now on, I will use a template to write the first line of every story about a Grand Tour or one-day race in which world, and now European, champion\" \/>\n<meta name=\"robots\" content=\"index, follow, max-snippet:-1, max-image-preview:large, max-video-preview:-1\" \/>\n<link rel=\"canonical\" href=\"https:\/\/www.welovecycling.com\/wide\/2025\/10\/06\/pogacar-and-vollering-ride-solo-to-european-championship-triumphs\/\" \/>\n<meta property=\"og:locale\" content=\"en_US\" \/>\n<meta property=\"og:type\" content=\"article\" \/>\n<meta property=\"og:title\" content=\"Poga\u010dar and Vollering Ride Solo to European Championship Triumphs\" \/>\n<meta property=\"og:description\" content=\"From now on, I will use a template to write the first line of every story about a Grand Tour or one-day race in which world, and now European, champion\" \/>\n<meta property=\"og:url\" content=\"https:\/\/www.welovecycling.com\/wide\/2025\/10\/06\/pogacar-and-vollering-ride-solo-to-european-championship-triumphs\/\" \/>\n<meta property=\"og:site_name\" content=\"\u0160koda We Love Cycling\" \/>\n<meta property=\"article:published_time\" content=\"2025-10-06T10:14:19+00:00\" \/>\n<meta property=\"og:image\" content=\"https:\/\/d2p6e6u75xmxt8.cloudfront.net\/2\/2025\/10\/Demi-Vollering-profimedia-1043500858-CVR.webp\" \/>\n\t<meta property=\"og:image:width\" content=\"990\" \/>\n\t<meta property=\"og:image:height\" content=\"660\" \/>\n\t<meta property=\"og:image:type\" content=\"image\/webp\" \/>\n<meta name=\"author\" content=\"tereza\" \/>\n<meta name=\"twitter:card\" content=\"summary_large_image\" \/>\n<meta name=\"twitter:label1\" content=\"Written by\" \/>\n\t<meta name=\"twitter:data1\" content=\"Siegfried Mortkowitz\" \/>\n\t<meta name=\"twitter:label2\" content=\"Est. reading time\" \/>\n\t<meta name=\"twitter:data2\" content=\"2\" \/>\n<script type=\"application\/ld+json\" class=\"yoast-schema-graph\">{\"@context\":\"https:\/\/schema.org\",\"@graph\":[{\"@type\":\"WebPage\",\"@id\":\"https:\/\/www.welovecycling.com\/wide\/2025\/10\/06\/pogacar-and-vollering-ride-solo-to-european-championship-triumphs\/\",\"url\":\"https:\/\/www.welovecycling.com\/wide\/2025\/10\/06\/pogacar-and-vollering-ride-solo-to-european-championship-triumphs\/\",\"name\":\"Poga\u010dar and Vollering Ride Solo to European Championship Triumphs\",\"isPartOf\":{\"@id\":\"https:\/\/www.welovecycling.com\/wide\/#website\"},\"primaryImageOfPage\":{\"@id\":\"https:\/\/www.welovecycling.com\/wide\/2025\/10\/06\/pogacar-and-vollering-ride-solo-to-european-championship-triumphs\/#primaryimage\"},\"image\":{\"@id\":\"https:\/\/www.welovecycling.com\/wide\/2025\/10\/06\/pogacar-and-vollering-ride-solo-to-european-championship-triumphs\/#primaryimage\"},\"thumbnailUrl\":\"https:\/\/d2p6e6u75xmxt8.cloudfront.net\/2\/2025\/10\/Demi-Vollering-profimedia-1043500858-CVR.webp\",\"datePublished\":\"2025-10-06T10:14:19+00:00\",\"author\":{\"@id\":\"https:\/\/www.welovecycling.com\/wide\/#\/schema\/person\/50f01ecd18718d2333cf72e823c4f926\"},\"description\":\"From now on, I will use a template to write the first line of every story about a Grand Tour or one-day race in which world, and now European, champion\",\"breadcrumb\":{\"@id\":\"https:\/\/www.welovecycling.com\/wide\/2025\/10\/06\/pogacar-and-vollering-ride-solo-to-european-championship-triumphs\/#breadcrumb\"},\"inLanguage\":\"en-US\",\"potentialAction\":[{\"@type\":\"ReadAction\",\"target\":[\"https:\/\/www.welovecycling.com\/wide\/2025\/10\/06\/pogacar-and-vollering-ride-solo-to-european-championship-triumphs\/\"]}]},{\"@type\":\"ImageObject\",\"inLanguage\":\"en-US\",\"@id\":\"https:\/\/www.welovecycling.com\/wide\/2025\/10\/06\/pogacar-and-vollering-ride-solo-to-european-championship-triumphs\/#primaryimage\",\"url\":\"https:\/\/d2p6e6u75xmxt8.cloudfront.net\/2\/2025\/10\/Demi-Vollering-profimedia-1043500858-CVR.webp\",\"contentUrl\":\"https:\/\/d2p6e6u75xmxt8.cloudfront.net\/2\/2025\/10\/Demi-Vollering-profimedia-1043500858-CVR.webp\",\"width\":990,\"height\":660,\"caption\":\"Demi Vollering\"},{\"@type\":\"BreadcrumbList\",\"@id\":\"https:\/\/www.welovecycling.com\/wide\/2025\/10\/06\/pogacar-and-vollering-ride-solo-to-european-championship-triumphs\/#breadcrumb\",\"itemListElement\":[{\"@type\":\"ListItem\",\"position\":1,\"name\":\"Home\",\"item\":\"https:\/\/www.welovecycling.com\/wide\/\"},{\"@type\":\"ListItem\",\"position\":2,\"name\":\"Poga\u010dar and Vollering Ride Solo to European Championship Triumphs\"}]},{\"@type\":\"WebSite\",\"@id\":\"https:\/\/www.welovecycling.com\/wide\/#website\",\"url\":\"https:\/\/www.welovecycling.com\/wide\/\",\"name\":\"\u0160koda We Love Cycling\",\"description\":\"\u0160koda We Love Cycling magazine\",\"alternateName\":\"\u0160koda WLC\",\"potentialAction\":[{\"@type\":\"SearchAction\",\"target\":{\"@type\":\"EntryPoint\",\"urlTemplate\":\"https:\/\/www.welovecycling.com\/wide\/?s={search_term_string}\"},\"query-input\":{\"@type\":\"PropertyValueSpecification\",\"valueRequired\":true,\"valueName\":\"search_term_string\"}}],\"inLanguage\":\"en-US\"},{\"@type\":\"Person\",\"@id\":\"https:\/\/www.welovecycling.com\/wide\/#\/schema\/person\/50f01ecd18718d2333cf72e823c4f926\",\"name\":\"tereza\",\"image\":{\"@type\":\"ImageObject\",\"inLanguage\":\"en-US\",\"@id\":\"https:\/\/www.welovecycling.com\/wide\/#\/schema\/person\/image\/\",\"url\":\"https:\/\/secure.gravatar.com\/avatar\/1f9eb71be33845f0afabce3791bc1c58ecdb0a25c62964987e5dbcf7a20d2ec7?s=96&d=mm&r=g\",\"contentUrl\":\"https:\/\/secure.gravatar.com\/avatar\/1f9eb71be33845f0afabce3791bc1c58ecdb0a25c62964987e5dbcf7a20d2ec7?s=96&d=mm&r=g\",\"caption\":\"tereza\"},\"url\":\"https:\/\/www.welovecycling.com\/wide\/author\/tereza\/\"}]}<\/script>\n<!-- \/ Yoast SEO Premium plugin. -->","yoast_head_json":{"title":"Poga\u010dar and Vollering Ride Solo to European Championship Triumphs","description":"From now on, I will use a template to write the first line of every story about a Grand Tour or one-day race in which world, and now European, champion","robots":{"index":"index","follow":"follow","max-snippet":"max-snippet:-1","max-image-preview":"max-image-preview:large","max-video-preview":"max-video-preview:-1"},"canonical":"https:\/\/www.welovecycling.com\/wide\/2025\/10\/06\/pogacar-and-vollering-ride-solo-to-european-championship-triumphs\/","og_locale":"en_US","og_type":"article","og_title":"Poga\u010dar and Vollering Ride Solo to European Championship Triumphs","og_description":"From now on, I will use a template to write the first line of every story about a Grand Tour or one-day race in which world, and now European, champion","og_url":"https:\/\/www.welovecycling.com\/wide\/2025\/10\/06\/pogacar-and-vollering-ride-solo-to-european-championship-triumphs\/","og_site_name":"\u0160koda We Love Cycling","article_published_time":"2025-10-06T10:14:19+00:00","og_image":[{"width":990,"height":660,"url":"https:\/\/d2p6e6u75xmxt8.cloudfront.net\/2\/2025\/10\/Demi-Vollering-profimedia-1043500858-CVR.webp","type":"image\/webp"}],"author":"tereza","twitter_card":"summary_large_image","twitter_misc":{"Written by":"Siegfried Mortkowitz","Est. reading time":"2"},"schema":{"@context":"https:\/\/schema.org","@graph":[{"@type":"WebPage","@id":"https:\/\/www.welovecycling.com\/wide\/2025\/10\/06\/pogacar-and-vollering-ride-solo-to-european-championship-triumphs\/","url":"https:\/\/www.welovecycling.com\/wide\/2025\/10\/06\/pogacar-and-vollering-ride-solo-to-european-championship-triumphs\/","name":"Poga\u010dar and Vollering Ride Solo to European Championship Triumphs","isPartOf":{"@id":"https:\/\/www.welovecycling.com\/wide\/#website"},"primaryImageOfPage":{"@id":"https:\/\/www.welovecycling.com\/wide\/2025\/10\/06\/pogacar-and-vollering-ride-solo-to-european-championship-triumphs\/#primaryimage"},"image":{"@id":"https:\/\/www.welovecycling.com\/wide\/2025\/10\/06\/pogacar-and-vollering-ride-solo-to-european-championship-triumphs\/#primaryimage"},"thumbnailUrl":"https:\/\/d2p6e6u75xmxt8.cloudfront.net\/2\/2025\/10\/Demi-Vollering-profimedia-1043500858-CVR.webp","datePublished":"2025-10-06T10:14:19+00:00","author":{"@id":"https:\/\/www.welovecycling.com\/wide\/#\/schema\/person\/50f01ecd18718d2333cf72e823c4f926"},"description":"From now on, I will use a template to write the first line of every story about a Grand Tour or one-day race in which world, and now European, champion","breadcrumb":{"@id":"https:\/\/www.welovecycling.com\/wide\/2025\/10\/06\/pogacar-and-vollering-ride-solo-to-european-championship-triumphs\/#breadcrumb"},"inLanguage":"en-US","potentialAction":[{"@type":"ReadAction","target":["https:\/\/www.welovecycling.com\/wide\/2025\/10\/06\/pogacar-and-vollering-ride-solo-to-european-championship-triumphs\/"]}]},{"@type":"ImageObject","inLanguage":"en-US","@id":"https:\/\/www.welovecycling.com\/wide\/2025\/10\/06\/pogacar-and-vollering-ride-solo-to-european-championship-triumphs\/#primaryimage","url":"https:\/\/d2p6e6u75xmxt8.cloudfront.net\/2\/2025\/10\/Demi-Vollering-profimedia-1043500858-CVR.webp","contentUrl":"https:\/\/d2p6e6u75xmxt8.cloudfront.net\/2\/2025\/10\/Demi-Vollering-profimedia-1043500858-CVR.webp","width":990,"height":660,"caption":"Demi Vollering"},{"@type":"BreadcrumbList","@id":"https:\/\/www.welovecycling.com\/wide\/2025\/10\/06\/pogacar-and-vollering-ride-solo-to-european-championship-triumphs\/#breadcrumb","itemListElement":[{"@type":"ListItem","position":1,"name":"Home","item":"https:\/\/www.welovecycling.com\/wide\/"},{"@type":"ListItem","position":2,"name":"Poga\u010dar and Vollering Ride Solo to European Championship Triumphs"}]},{"@type":"WebSite","@id":"https:\/\/www.welovecycling.com\/wide\/#website","url":"https:\/\/www.welovecycling.com\/wide\/","name":"\u0160koda We Love Cycling","description":"\u0160koda We Love Cycling magazine","alternateName":"\u0160koda WLC","potentialAction":[{"@type":"SearchAction","target":{"@type":"EntryPoint","urlTemplate":"https:\/\/www.welovecycling.com\/wide\/?s={search_term_string}"},"query-input":{"@type":"PropertyValueSpecification","valueRequired":true,"valueName":"search_term_string"}}],"inLanguage":"en-US"},{"@type":"Person","@id":"https:\/\/www.welovecycling.com\/wide\/#\/schema\/person\/50f01ecd18718d2333cf72e823c4f926","name":"tereza","image":{"@type":"ImageObject","inLanguage":"en-US","@id":"https:\/\/www.welovecycling.com\/wide\/#\/schema\/person\/image\/","url":"https:\/\/secure.gravatar.com\/avatar\/1f9eb71be33845f0afabce3791bc1c58ecdb0a25c62964987e5dbcf7a20d2ec7?s=96&d=mm&r=g","contentUrl":"https:\/\/secure.gravatar.com\/avatar\/1f9eb71be33845f0afabce3791bc1c58ecdb0a25c62964987e5dbcf7a20d2ec7?s=96&d=mm&r=g","caption":"tereza"},"url":"https:\/\/www.welovecycling.com\/wide\/author\/tereza\/"}]}},"_links":{"self":[{"href":"https:\/\/www.welovecycling.com\/wide\/wp-json\/wp\/v2\/posts\/203254","targetHints":{"allow":["GET"]}}],"collection":[{"href":"https:\/\/www.welovecycling.com\/wide\/wp-json\/wp\/v2\/posts"}],"about":[{"href":"https:\/\/www.welovecycling.com\/wide\/wp-json\/wp\/v2\/types\/post"}],"author":[{"embeddable":true,"href":"https:\/\/www.welovecycling.com\/wide\/wp-json\/wp\/v2\/users\/99"}],"replies":[{"embeddable":true,"href":"https:\/\/www.welovecycling.com\/wide\/wp-json\/wp\/v2\/comments?post=203254"}],"version-history":[{"count":3,"href":"https:\/\/www.welovecycling.com\/wide\/wp-json\/wp\/v2\/posts\/203254\/revisions"}],"predecessor-version":[{"id":203266,"href":"https:\/\/www.welovecycling.com\/wide\/wp-json\/wp\/v2\/posts\/203254\/revisions\/203266"}],"wp:featuredmedia":[{"embeddable":true,"href":"https:\/\/www.welovecycling.com\/wide\/wp-json\/wp\/v2\/media\/203255"}],"wp:attachment":[{"href":"https:\/\/www.welovecycling.com\/wide\/wp-json\/wp\/v2\/media?parent=203254"}],"wp:term":[{"taxonomy":"category","embeddable":true,"href":"https:\/\/www.welovecycling.com\/wide\/wp-json\/wp\/v2\/categories?post=203254"},{"taxonomy":"post_tag","embeddable":true,"href":"https:\/\/www.welovecycling.com\/wide\/wp-json\/wp\/v2\/tags?post=203254"},{"taxonomy":"global-categories","embeddable":true,"href":"https:\/\/www.welovecycling.com\/wide\/wp-json\/wp\/v2\/global-categories?post=203254"}],"curies":[{"name":"wp","href":"https:\/\/api.w.org\/{rel}","templated":true}]}}