{"id":203242,"date":"2025-10-06T09:30:22","date_gmt":"2025-10-06T09:30:22","guid":{"rendered":"https:\/\/www.welovecycling.com\/wide\/?p=203242"},"modified":"2025-10-06T09:30:22","modified_gmt":"2025-10-06T09:30:22","slug":"del-toro-snatches-giro-dellemilia-win-from-pidcock","status":"publish","type":"post","link":"https:\/\/www.welovecycling.com\/wide\/2025\/10\/06\/del-toro-snatches-giro-dellemilia-win-from-pidcock\/","title":{"rendered":"Del Toro Snatches Giro dell\u2019Emilia Win from Pidcock with Late Burst"},"content":{"rendered":"<p style=\"font-weight: 400;\"><strong>UAE Team Emirates\u2013XRG\u2019s rising young superstar Isaac del Toro added another triumph to his growing Palmares by catching Tom Pidcock (Q36.5) in the final kilometre of Saturday\u2019s Giro dell&#8217;Emilia and beating him to the finish line.<\/strong><\/p>\n<p><!--more--><\/p>\n<p style=\"font-weight: 400;\">The Briton had launched a promising solo break with 1.8 km left to ride in the 199.2 km race from Mirandola to San Luca, outside Bologna, halfway up the fifth ascent of the San Luca climb (2.1 km @ 9.4%), and quickly built a decent gap on the other favourites, including del Toro, Primo\u017e Rogli\u010d (Red Bull\u2013BORA\u2013hansgrohe), Richard Carapaz (EF Education\u2013EasyPost) and Lenny Martinez (Bahrain-Victorious). But he tired on the steep slopes of the climb, which had gradients up to 20.6%.<\/p>\n<p style=\"font-weight: 400;\">And del Toro is very good at doing nothing. He did nothing as his powerful UAE team took the steam out of his rivals by riding at a high pace much of the race, he did nothing as rider after rider initiated breaks on the final two ascents of the San Luca, and he did nothing but ride calmly in back of the chase group while Pidcock rode away to what looked like a certain victory. But he finally did something when the Briton rode under the Flamme Rouge, bursting out of the chase group and catching Pidcock 700 m from the line.<\/p>\n<p style=\"font-weight: 400;\">And then he did nothing again, as he calmly rode on his rival\u2019s wheel until, with 250 m left to ride, he burst past him and took his 14th victory of the year, without seemingly breaking a sweat. Pidcock crossed the line a scant second behind the 21-year-old Mexican, and Martinez finished third, at 5 seconds, an impressive result in view of the fact that he rode after almost every attempted break on the final two climbs.<\/p>\n<blockquote class=\"instagram-media\" style=\"background: #FFF; border: 0; border-radius: 3px; box-shadow: 0 0 1px 0 rgba(0,0,0,0.5),0 1px 10px 0 rgba(0,0,0,0.15); margin: 1px; max-width: 540px; min-width: 326px; padding: 0; width: calc(100% - 2px);\" data-instgrm-captioned=\"\" data-instgrm-permalink=\"https:\/\/www.instagram.com\/p\/DPZsJ1IjMIj\/?utm_source=ig_embed&amp;utm_campaign=loading\" data-instgrm-version=\"14\">\n<div style=\"padding: 16px;\">\n<p>&nbsp;<\/p>\n<div style=\"display: flex; flex-direction: row; align-items: center;\">\n<div style=\"background-color: #f4f4f4; border-radius: 50%; flex-grow: 0; height: 40px; margin-right: 14px; width: 40px;\"><\/div>\n<div style=\"display: flex; flex-direction: column; flex-grow: 1; justify-content: center;\">\n<div style=\"background-color: #f4f4f4; border-radius: 4px; flex-grow: 0; height: 14px; margin-bottom: 6px; width: 100px;\"><\/div>\n<div style=\"background-color: #f4f4f4; border-radius: 4px; flex-grow: 0; height: 14px; width: 60px;\"><\/div>\n<\/div>\n<\/div>\n<div style=\"padding: 19% 0;\"><\/div>\n<div style=\"display: block; height: 50px; margin: 0 auto 12px; width: 50px;\"><\/div>\n<div style=\"padding-top: 8px;\">\n<div style=\"color: #3897f0; font-family: Arial,sans-serif; font-size: 14px; font-style: normal; font-weight: 550; line-height: 18px;\">View this post on Instagram<\/div>\n<\/div>\n<div style=\"padding: 12.5% 0;\"><\/div>\n<div style=\"display: flex; flex-direction: row; margin-bottom: 14px; align-items: center;\">\n<div>\n<div style=\"background-color: #f4f4f4; border-radius: 50%; height: 12.5px; width: 12.5px; transform: translateX(0px) translateY(7px);\"><\/div>\n<div style=\"background-color: #f4f4f4; height: 12.5px; transform: rotate(-45deg) translateX(3px) translateY(1px); width: 12.5px; flex-grow: 0; margin-right: 14px; margin-left: 2px;\"><\/div>\n<div style=\"background-color: #f4f4f4; border-radius: 50%; height: 12.5px; width: 12.5px; transform: translateX(9px) translateY(-18px);\"><\/div>\n<\/div>\n<div style=\"margin-left: 8px;\">\n<div style=\"background-color: #f4f4f4; border-radius: 50%; flex-grow: 0; height: 20px; width: 20px;\"><\/div>\n<div style=\"width: 0; height: 0; border-top: 2px solid transparent; border-left: 6px solid #f4f4f4; border-bottom: 2px solid transparent; transform: translateX(16px) translateY(-4px) rotate(30deg);\"><\/div>\n<\/div>\n<div style=\"margin-left: auto;\">\n<div style=\"width: 0px; border-top: 8px solid #F4F4F4; border-right: 8px solid transparent; transform: translateY(16px);\"><\/div>\n<div style=\"background-color: #f4f4f4; flex-grow: 0; height: 12px; width: 16px; transform: translateY(-4px);\"><\/div>\n<div style=\"width: 0; height: 0; border-top: 8px solid #F4F4F4; border-left: 8px solid transparent; transform: translateY(-4px) translateX(8px);\"><\/div>\n<\/div>\n<\/div>\n<div style=\"display: flex; flex-direction: column; flex-grow: 1; justify-content: center; margin-bottom: 24px;\">\n<div style=\"background-color: #f4f4f4; border-radius: 4px; flex-grow: 0; height: 14px; margin-bottom: 6px; width: 224px;\"><\/div>\n<div style=\"background-color: #f4f4f4; border-radius: 4px; flex-grow: 0; height: 14px; width: 144px;\"><\/div>\n<\/div>\n<p>&nbsp;<\/p>\n<p style=\"color: #c9c8cd; font-family: Arial,sans-serif; font-size: 14px; line-height: 17px; margin-bottom: 0; margin-top: 8px; overflow: hidden; padding: 8px 0 7px; text-align: center; text-overflow: ellipsis; white-space: nowrap;\"><a style=\"color: #c9c8cd; font-family: Arial,sans-serif; font-size: 14px; font-style: normal; font-weight: normal; line-height: 17px; text-decoration: none;\" href=\"https:\/\/www.instagram.com\/p\/DPZsJ1IjMIj\/?utm_source=ig_embed&amp;utm_campaign=loading\" target=\"_blank\" rel=\"noopener\">A post shared by Isaac Del Toro Romero (@isaac_deltoro_romero1)<\/a><\/p>\n<\/div>\n<\/blockquote>\n<p><script async src=\"\/\/www.instagram.com\/embed.js\"><\/script>\u201cI was well protected the whole day, and the team did amazing work for me on each lap,\u201d del Toro said after the race. \u201cI was able to save energy and focus on the last climb, where, in the end, it was decided. I had the strength to close the last attack and win the race. I wasn\u2019t sure I had it until about 50 m to go, and it\u2019s a great feeling.\u201d<\/p>\n<p style=\"font-weight: 400;\">As for Pidcock, he was left with mixed feelings after riding a strong race. \u201cI&#8217;m happy to feel good again after La Vuelta,\u201d he said. \u201cFinishing second again is a bitter pill to swallow, but it&#8217;s always positive to be on the podium and a good way to start the final week of the season.\u201d<\/p>\n<p style=\"font-weight: 400;\">The Q36.5 leader has a tough schedule next week as he will ride in the <a href=\"https:\/\/www.ilombardia.it\/en\/\">Tour of Lombardy<\/a> on Saturday and the World Gravel Championships the following day. The narrow loss notwithstanding, he has had a breakout year, with an excellent podium finish in the Vuelta and numerous second places, such as in the Arctic Race of Norway. Though the victories have eluded him, he has impressed everyone with his newfound climbing ability, which he also demonstrated on Saturday. He is only 26 and will certainly get even better. It\u2019s definitely not out of the question that, barring injury, he will challenge for Grand Tour and spring Classics victories in the near future.<\/p>\n<p style=\"font-weight: 400;\">And this was a high-profile race with many of the world\u2019s best riders at the start line, not counting the top three \u2013 defending champion Tadej Poga\u010dar,\u00a0 Remco Evenepoel and Jonas Vingegaard, who are all riding in the European Road Championships. Egan Bernal (INEOS Grenadiers) and Rogli\u010d finished fourth and fifth, respectively, just behind Martinez, while Carapaz was 11th, at 24 seconds.<\/p>\n<p style=\"font-weight: 400;\"><strong>2025 Men&#8217;s Giro dell&#8217;Emilia Results<\/strong><\/p>\n<ol>\n<li style=\"font-weight: 400;\">Isaac del Toro, UAE Team Emirates\u2013XRG \u00a04:46:10<\/li>\n<li style=\"font-weight: 400;\">Tom Pidcock, Q36.5 +0:01<\/li>\n<li style=\"font-weight: 400;\">Lenny Martinez, Bahrain-Victorious +0.05<\/li>\n<li style=\"font-weight: 400;\">Egan Bernal, INEOS Grenadiers \u201c<\/li>\n<li style=\"font-weight: 400;\">Primo\u017e Rogli\u010d, Red Bull\u2013BORA\u2013hansgrohe \u201c<\/li>\n<li style=\"font-weight: 400;\">Ben Tullett, Visma\u2013Lease a Bike \u201c<\/li>\n<li style=\"font-weight: 400;\">Michael Storer,\u00a0 Tudor \u00a0\u00a0\u00a0\u00a0\u00a0\u00a0\u00a0\u00a0\u00a0\u00a0\u00a0\u00a0\u00a0\u00a0\u00a0\u00a0\u00a0\u00a0\u00a0\u00a0\u00a0\u00a0\u00a0\u00a0\u00a0\u00a0\u00a0\u00a0\u00a0\u00a0\u00a0\u00a0\u00a0\u00a0\u00a0\u00a0\u00a0\u00a0\u00a0\u00a0\u00a0\u00a0\u00a0\u00a0\u00a0\u00a0\u00a0\u00a0\u00a0\u00a0\u00a0\u201c<\/li>\n<\/ol>\n<ol start=\"8\">\n<li style=\"font-weight: 400;\">Cian Uijtdebroeks, Visma\u2013Lease a Bike \u201c<\/li>\n<li style=\"font-weight: 400;\">Adam Yates, UAE Team Emirates\u2013XRG \u00a0\u00a0+0:21<\/li>\n<li style=\"font-weight: 400;\">Albert Philipsen, Lidl-Trek +0:24<\/li>\n<\/ol>\n","protected":false},"excerpt":{"rendered":"<p>UAE Team Emirates\u2013XRG\u2019s rising young superstar Isaac del Toro added another triumph to his growing Palmares by catching Tom Pidcock [&hellip;]<\/p>\n","protected":false},"author":99,"featured_media":203246,"comment_status":"closed","ping_status":"open","sticky":false,"template":"","format":"standard","meta":{"footnotes":""},"categories":[329],"tags":[8704,7389,7603,7368,3871],"global-categories":[3366],"class_list":["post-203242","post","type-post","status-publish","format-standard","has-post-thumbnail","hentry","category-road-cycling","tag-2025-giro-dellemilia","tag-giro-dellemilia","tag-isaac-del-toro","tag-lenny-martinez","tag-tom-pidcock","global-categories-cycling"],"yoast_head":"<!-- This site is optimized with the Yoast SEO Premium plugin v25.3 (Yoast SEO v25.9) - https:\/\/yoast.com\/wordpress\/plugins\/seo\/ -->\n<title>Del Toro Snatches Giro dell\u2019Emilia Win from Pidcock<\/title>\n<meta name=\"description\" content=\"UAE Team Emirates\u2013XRG\u2019s rising young superstar Isaac del Toro added another triumph to his growing Palmares by catching Tom Pidcock (Q36.5) in the final\" \/>\n<meta name=\"robots\" content=\"index, follow, max-snippet:-1, max-image-preview:large, max-video-preview:-1\" \/>\n<link rel=\"canonical\" href=\"https:\/\/www.welovecycling.com\/wide\/2025\/10\/06\/del-toro-snatches-giro-dellemilia-win-from-pidcock\/\" \/>\n<meta property=\"og:locale\" content=\"en_US\" \/>\n<meta property=\"og:type\" content=\"article\" \/>\n<meta property=\"og:title\" content=\"Del Toro Snatches Giro dell\u2019Emilia Win from Pidcock with Late Burst\" \/>\n<meta property=\"og:description\" content=\"UAE Team Emirates\u2013XRG\u2019s rising young superstar Isaac del Toro added another triumph to his growing Palmares by catching Tom Pidcock (Q36.5) in the final\" \/>\n<meta property=\"og:url\" content=\"https:\/\/www.welovecycling.com\/wide\/2025\/10\/06\/del-toro-snatches-giro-dellemilia-win-from-pidcock\/\" \/>\n<meta property=\"og:site_name\" content=\"\u0160koda We Love Cycling\" \/>\n<meta property=\"article:published_time\" content=\"2025-10-06T09:30:22+00:00\" \/>\n<meta property=\"og:image\" content=\"https:\/\/d2p6e6u75xmxt8.cloudfront.net\/2\/2025\/10\/Isaac-del-Torro-profimedia-1027547243-CVR.webp\" \/>\n\t<meta property=\"og:image:width\" content=\"990\" \/>\n\t<meta property=\"og:image:height\" content=\"660\" \/>\n\t<meta property=\"og:image:type\" content=\"image\/webp\" \/>\n<meta name=\"author\" content=\"tereza\" \/>\n<meta name=\"twitter:card\" content=\"summary_large_image\" \/>\n<meta name=\"twitter:label1\" content=\"Written by\" \/>\n\t<meta name=\"twitter:data1\" content=\"Siegfried Mortkowitz\" \/>\n\t<meta name=\"twitter:label2\" content=\"Est. reading time\" \/>\n\t<meta name=\"twitter:data2\" content=\"2\" \/>\n<script type=\"application\/ld+json\" class=\"yoast-schema-graph\">{\"@context\":\"https:\/\/schema.org\",\"@graph\":[{\"@type\":\"WebPage\",\"@id\":\"https:\/\/www.welovecycling.com\/wide\/2025\/10\/06\/del-toro-snatches-giro-dellemilia-win-from-pidcock\/\",\"url\":\"https:\/\/www.welovecycling.com\/wide\/2025\/10\/06\/del-toro-snatches-giro-dellemilia-win-from-pidcock\/\",\"name\":\"Del Toro Snatches Giro dell\u2019Emilia Win from Pidcock\",\"isPartOf\":{\"@id\":\"https:\/\/www.welovecycling.com\/wide\/#website\"},\"primaryImageOfPage\":{\"@id\":\"https:\/\/www.welovecycling.com\/wide\/2025\/10\/06\/del-toro-snatches-giro-dellemilia-win-from-pidcock\/#primaryimage\"},\"image\":{\"@id\":\"https:\/\/www.welovecycling.com\/wide\/2025\/10\/06\/del-toro-snatches-giro-dellemilia-win-from-pidcock\/#primaryimage\"},\"thumbnailUrl\":\"https:\/\/d2p6e6u75xmxt8.cloudfront.net\/2\/2025\/10\/Isaac-del-Torro-profimedia-1027547243-CVR.webp\",\"datePublished\":\"2025-10-06T09:30:22+00:00\",\"author\":{\"@id\":\"https:\/\/www.welovecycling.com\/wide\/#\/schema\/person\/50f01ecd18718d2333cf72e823c4f926\"},\"description\":\"UAE Team Emirates\u2013XRG\u2019s rising young superstar Isaac del Toro added another triumph to his growing Palmares by catching Tom Pidcock (Q36.5) in the final\",\"breadcrumb\":{\"@id\":\"https:\/\/www.welovecycling.com\/wide\/2025\/10\/06\/del-toro-snatches-giro-dellemilia-win-from-pidcock\/#breadcrumb\"},\"inLanguage\":\"en-US\",\"potentialAction\":[{\"@type\":\"ReadAction\",\"target\":[\"https:\/\/www.welovecycling.com\/wide\/2025\/10\/06\/del-toro-snatches-giro-dellemilia-win-from-pidcock\/\"]}]},{\"@type\":\"ImageObject\",\"inLanguage\":\"en-US\",\"@id\":\"https:\/\/www.welovecycling.com\/wide\/2025\/10\/06\/del-toro-snatches-giro-dellemilia-win-from-pidcock\/#primaryimage\",\"url\":\"https:\/\/d2p6e6u75xmxt8.cloudfront.net\/2\/2025\/10\/Isaac-del-Torro-profimedia-1027547243-CVR.webp\",\"contentUrl\":\"https:\/\/d2p6e6u75xmxt8.cloudfront.net\/2\/2025\/10\/Isaac-del-Torro-profimedia-1027547243-CVR.webp\",\"width\":990,\"height\":660,\"caption\":\"Isaac del Torro\"},{\"@type\":\"BreadcrumbList\",\"@id\":\"https:\/\/www.welovecycling.com\/wide\/2025\/10\/06\/del-toro-snatches-giro-dellemilia-win-from-pidcock\/#breadcrumb\",\"itemListElement\":[{\"@type\":\"ListItem\",\"position\":1,\"name\":\"Home\",\"item\":\"https:\/\/www.welovecycling.com\/wide\/\"},{\"@type\":\"ListItem\",\"position\":2,\"name\":\"Del Toro Snatches Giro dell\u2019Emilia Win from Pidcock with Late Burst\"}]},{\"@type\":\"WebSite\",\"@id\":\"https:\/\/www.welovecycling.com\/wide\/#website\",\"url\":\"https:\/\/www.welovecycling.com\/wide\/\",\"name\":\"\u0160koda We Love Cycling\",\"description\":\"\u0160koda We Love Cycling magazine\",\"alternateName\":\"\u0160koda WLC\",\"potentialAction\":[{\"@type\":\"SearchAction\",\"target\":{\"@type\":\"EntryPoint\",\"urlTemplate\":\"https:\/\/www.welovecycling.com\/wide\/?s={search_term_string}\"},\"query-input\":{\"@type\":\"PropertyValueSpecification\",\"valueRequired\":true,\"valueName\":\"search_term_string\"}}],\"inLanguage\":\"en-US\"},{\"@type\":\"Person\",\"@id\":\"https:\/\/www.welovecycling.com\/wide\/#\/schema\/person\/50f01ecd18718d2333cf72e823c4f926\",\"name\":\"tereza\",\"image\":{\"@type\":\"ImageObject\",\"inLanguage\":\"en-US\",\"@id\":\"https:\/\/www.welovecycling.com\/wide\/#\/schema\/person\/image\/\",\"url\":\"https:\/\/secure.gravatar.com\/avatar\/1f9eb71be33845f0afabce3791bc1c58ecdb0a25c62964987e5dbcf7a20d2ec7?s=96&d=mm&r=g\",\"contentUrl\":\"https:\/\/secure.gravatar.com\/avatar\/1f9eb71be33845f0afabce3791bc1c58ecdb0a25c62964987e5dbcf7a20d2ec7?s=96&d=mm&r=g\",\"caption\":\"tereza\"},\"url\":\"https:\/\/www.welovecycling.com\/wide\/author\/tereza\/\"}]}<\/script>\n<!-- \/ Yoast SEO Premium plugin. -->","yoast_head_json":{"title":"Del Toro Snatches Giro dell\u2019Emilia Win from Pidcock","description":"UAE Team Emirates\u2013XRG\u2019s rising young superstar Isaac del Toro added another triumph to his growing Palmares by catching Tom Pidcock (Q36.5) in the final","robots":{"index":"index","follow":"follow","max-snippet":"max-snippet:-1","max-image-preview":"max-image-preview:large","max-video-preview":"max-video-preview:-1"},"canonical":"https:\/\/www.welovecycling.com\/wide\/2025\/10\/06\/del-toro-snatches-giro-dellemilia-win-from-pidcock\/","og_locale":"en_US","og_type":"article","og_title":"Del Toro Snatches Giro dell\u2019Emilia Win from Pidcock with Late Burst","og_description":"UAE Team Emirates\u2013XRG\u2019s rising young superstar Isaac del Toro added another triumph to his growing Palmares by catching Tom Pidcock (Q36.5) in the final","og_url":"https:\/\/www.welovecycling.com\/wide\/2025\/10\/06\/del-toro-snatches-giro-dellemilia-win-from-pidcock\/","og_site_name":"\u0160koda We Love Cycling","article_published_time":"2025-10-06T09:30:22+00:00","og_image":[{"width":990,"height":660,"url":"https:\/\/d2p6e6u75xmxt8.cloudfront.net\/2\/2025\/10\/Isaac-del-Torro-profimedia-1027547243-CVR.webp","type":"image\/webp"}],"author":"tereza","twitter_card":"summary_large_image","twitter_misc":{"Written by":"Siegfried Mortkowitz","Est. reading time":"2"},"schema":{"@context":"https:\/\/schema.org","@graph":[{"@type":"WebPage","@id":"https:\/\/www.welovecycling.com\/wide\/2025\/10\/06\/del-toro-snatches-giro-dellemilia-win-from-pidcock\/","url":"https:\/\/www.welovecycling.com\/wide\/2025\/10\/06\/del-toro-snatches-giro-dellemilia-win-from-pidcock\/","name":"Del Toro Snatches Giro dell\u2019Emilia Win from Pidcock","isPartOf":{"@id":"https:\/\/www.welovecycling.com\/wide\/#website"},"primaryImageOfPage":{"@id":"https:\/\/www.welovecycling.com\/wide\/2025\/10\/06\/del-toro-snatches-giro-dellemilia-win-from-pidcock\/#primaryimage"},"image":{"@id":"https:\/\/www.welovecycling.com\/wide\/2025\/10\/06\/del-toro-snatches-giro-dellemilia-win-from-pidcock\/#primaryimage"},"thumbnailUrl":"https:\/\/d2p6e6u75xmxt8.cloudfront.net\/2\/2025\/10\/Isaac-del-Torro-profimedia-1027547243-CVR.webp","datePublished":"2025-10-06T09:30:22+00:00","author":{"@id":"https:\/\/www.welovecycling.com\/wide\/#\/schema\/person\/50f01ecd18718d2333cf72e823c4f926"},"description":"UAE Team Emirates\u2013XRG\u2019s rising young superstar Isaac del Toro added another triumph to his growing Palmares by catching Tom Pidcock (Q36.5) in the final","breadcrumb":{"@id":"https:\/\/www.welovecycling.com\/wide\/2025\/10\/06\/del-toro-snatches-giro-dellemilia-win-from-pidcock\/#breadcrumb"},"inLanguage":"en-US","potentialAction":[{"@type":"ReadAction","target":["https:\/\/www.welovecycling.com\/wide\/2025\/10\/06\/del-toro-snatches-giro-dellemilia-win-from-pidcock\/"]}]},{"@type":"ImageObject","inLanguage":"en-US","@id":"https:\/\/www.welovecycling.com\/wide\/2025\/10\/06\/del-toro-snatches-giro-dellemilia-win-from-pidcock\/#primaryimage","url":"https:\/\/d2p6e6u75xmxt8.cloudfront.net\/2\/2025\/10\/Isaac-del-Torro-profimedia-1027547243-CVR.webp","contentUrl":"https:\/\/d2p6e6u75xmxt8.cloudfront.net\/2\/2025\/10\/Isaac-del-Torro-profimedia-1027547243-CVR.webp","width":990,"height":660,"caption":"Isaac del Torro"},{"@type":"BreadcrumbList","@id":"https:\/\/www.welovecycling.com\/wide\/2025\/10\/06\/del-toro-snatches-giro-dellemilia-win-from-pidcock\/#breadcrumb","itemListElement":[{"@type":"ListItem","position":1,"name":"Home","item":"https:\/\/www.welovecycling.com\/wide\/"},{"@type":"ListItem","position":2,"name":"Del Toro Snatches Giro dell\u2019Emilia Win from Pidcock with Late Burst"}]},{"@type":"WebSite","@id":"https:\/\/www.welovecycling.com\/wide\/#website","url":"https:\/\/www.welovecycling.com\/wide\/","name":"\u0160koda We Love Cycling","description":"\u0160koda We Love Cycling magazine","alternateName":"\u0160koda WLC","potentialAction":[{"@type":"SearchAction","target":{"@type":"EntryPoint","urlTemplate":"https:\/\/www.welovecycling.com\/wide\/?s={search_term_string}"},"query-input":{"@type":"PropertyValueSpecification","valueRequired":true,"valueName":"search_term_string"}}],"inLanguage":"en-US"},{"@type":"Person","@id":"https:\/\/www.welovecycling.com\/wide\/#\/schema\/person\/50f01ecd18718d2333cf72e823c4f926","name":"tereza","image":{"@type":"ImageObject","inLanguage":"en-US","@id":"https:\/\/www.welovecycling.com\/wide\/#\/schema\/person\/image\/","url":"https:\/\/secure.gravatar.com\/avatar\/1f9eb71be33845f0afabce3791bc1c58ecdb0a25c62964987e5dbcf7a20d2ec7?s=96&d=mm&r=g","contentUrl":"https:\/\/secure.gravatar.com\/avatar\/1f9eb71be33845f0afabce3791bc1c58ecdb0a25c62964987e5dbcf7a20d2ec7?s=96&d=mm&r=g","caption":"tereza"},"url":"https:\/\/www.welovecycling.com\/wide\/author\/tereza\/"}]}},"_links":{"self":[{"href":"https:\/\/www.welovecycling.com\/wide\/wp-json\/wp\/v2\/posts\/203242","targetHints":{"allow":["GET"]}}],"collection":[{"href":"https:\/\/www.welovecycling.com\/wide\/wp-json\/wp\/v2\/posts"}],"about":[{"href":"https:\/\/www.welovecycling.com\/wide\/wp-json\/wp\/v2\/types\/post"}],"author":[{"embeddable":true,"href":"https:\/\/www.welovecycling.com\/wide\/wp-json\/wp\/v2\/users\/99"}],"replies":[{"embeddable":true,"href":"https:\/\/www.welovecycling.com\/wide\/wp-json\/wp\/v2\/comments?post=203242"}],"version-history":[{"count":2,"href":"https:\/\/www.welovecycling.com\/wide\/wp-json\/wp\/v2\/posts\/203242\/revisions"}],"predecessor-version":[{"id":203249,"href":"https:\/\/www.welovecycling.com\/wide\/wp-json\/wp\/v2\/posts\/203242\/revisions\/203249"}],"wp:featuredmedia":[{"embeddable":true,"href":"https:\/\/www.welovecycling.com\/wide\/wp-json\/wp\/v2\/media\/203246"}],"wp:attachment":[{"href":"https:\/\/www.welovecycling.com\/wide\/wp-json\/wp\/v2\/media?parent=203242"}],"wp:term":[{"taxonomy":"category","embeddable":true,"href":"https:\/\/www.welovecycling.com\/wide\/wp-json\/wp\/v2\/categories?post=203242"},{"taxonomy":"post_tag","embeddable":true,"href":"https:\/\/www.welovecycling.com\/wide\/wp-json\/wp\/v2\/tags?post=203242"},{"taxonomy":"global-categories","embeddable":true,"href":"https:\/\/www.welovecycling.com\/wide\/wp-json\/wp\/v2\/global-categories?post=203242"}],"curies":[{"name":"wp","href":"https:\/\/api.w.org\/{rel}","templated":true}]}}