{"id":203075,"date":"2025-10-02T10:47:16","date_gmt":"2025-10-02T10:47:16","guid":{"rendered":"https:\/\/www.welovecycling.com\/wide\/?p=203075"},"modified":"2025-10-02T10:47:16","modified_gmt":"2025-10-02T10:47:16","slug":"evenepoel-and-reusser-repeat-worlds-wins-in-european-itt-championships","status":"publish","type":"post","link":"https:\/\/www.welovecycling.com\/wide\/2025\/10\/02\/evenepoel-and-reusser-repeat-worlds-wins-in-european-itt-championships\/","title":{"rendered":"Evenepoel and Reusser Repeat Worlds Wins in European ITT Championships"},"content":{"rendered":"<p><strong>The 2025 EUC Road European Championships opened on Wednesday, with the Elite Men\u2019s and Women\u2019s Time Trials, only three days after the conclusion of the UCI Road World Championships. Which was surely the reason that most of the riders who finished in the top 10 of the Elite Men\u2019s and Women\u2019s ITT races in Kigali were not at the start in the French town of Loriol-sur-Dr\u00f4me. \u00a0<\/strong><\/p>\n<p><!--more--><\/p>\n<h2><strong>Reusser beat the wind and her rivals<\/strong><\/h2>\n<p>But the newly crowned ITT world champions, Merlen Reusser and Remco Evenepoel, didn\u2019t care. Both doubled down and again dominated their respective races on Wednesday. Reusser easily lived up to her top favourite\u2019s role by decimating the field, beating the second-place finisher, Norway\u2019s Mie Ottestad, by 49 seconds. Mischa Bredewold of the Netherlands finished third, at 51 seconds, and a mere 0.2 seconds in front of another Norwegian, Katrine Aalerud. It was Reusser\u2019s fourth European time trial championship, but she said it wasn\u2019t easy because of the 30 kph head- and crosswinds that buffeted the riders and caused many to lose their lines as they tried to stay in the saddle.<\/p>\n<p>\u201cI think everybody\u2019s biggest opponent today was the wind,\u201d Reusser said. \u201cI didn\u2019t really know how to find myself today. It was quite a crazy week in Rwanda, and then a big travel, and I\u2019m really tired.\u201d\u00a0 She went on to say that she didn\u2019t feel super-confident despite her world championship win.<\/p>\n<p>\u201cI think it\u2019s not something you should take for granted,\u201d she said. \u201cI was also not sure to win because sometimes it\u2019s tight, sometimes somebody has a super-good day, and somebody [else] does not. I can also be the one with not a good day. I was not confident that I was going to win this.\u201d<\/p>\n<p>That merely increased her satisfaction. \u201cI\u2019m super happy that I can keep up the level,\u201d she said. \u201cLast year, I was sick, and [in the past] I could win this a few times.\u201d Reusser also won the European Championship in 2021, 2022 and 2023. \u201cI\u2019m really happy. It\u2019s hard to race time trials, so I\u2019m happy it\u2019s rewarded.\u201d<\/p>\n<blockquote class=\"instagram-media\" style=\"background: #FFF; border: 0; border-radius: 3px; box-shadow: 0 0 1px 0 rgba(0,0,0,0.5),0 1px 10px 0 rgba(0,0,0,0.15); margin: 1px; max-width: 540px; min-width: 326px; padding: 0; width: calc(100% - 2px);\" data-instgrm-captioned=\"\" data-instgrm-permalink=\"https:\/\/www.instagram.com\/p\/DPRP6jgAs4C\/?utm_source=ig_embed&amp;utm_campaign=loading\" data-instgrm-version=\"14\">\n<div style=\"padding: 16px;\">\n<p>&nbsp;<\/p>\n<div style=\"display: flex; flex-direction: row; align-items: center;\">\n<div style=\"background-color: #f4f4f4; border-radius: 50%; flex-grow: 0; height: 40px; margin-right: 14px; width: 40px;\"><\/div>\n<div style=\"display: flex; flex-direction: column; flex-grow: 1; justify-content: center;\">\n<div style=\"background-color: #f4f4f4; border-radius: 4px; flex-grow: 0; height: 14px; margin-bottom: 6px; width: 100px;\"><\/div>\n<div style=\"background-color: #f4f4f4; border-radius: 4px; flex-grow: 0; height: 14px; width: 60px;\"><\/div>\n<\/div>\n<\/div>\n<div style=\"padding: 19% 0;\"><\/div>\n<div style=\"display: block; height: 50px; margin: 0 auto 12px; width: 50px;\"><\/div>\n<div style=\"padding-top: 8px;\">\n<div style=\"color: #3897f0; font-family: Arial,sans-serif; font-size: 14px; font-style: normal; font-weight: 550; line-height: 18px;\">View this post on Instagram<\/div>\n<\/div>\n<div style=\"padding: 12.5% 0;\"><\/div>\n<div style=\"display: flex; flex-direction: row; margin-bottom: 14px; align-items: center;\">\n<div>\n<div style=\"background-color: #f4f4f4; border-radius: 50%; height: 12.5px; width: 12.5px; transform: translateX(0px) translateY(7px);\"><\/div>\n<div style=\"background-color: #f4f4f4; height: 12.5px; transform: rotate(-45deg) translateX(3px) translateY(1px); width: 12.5px; flex-grow: 0; margin-right: 14px; margin-left: 2px;\"><\/div>\n<div style=\"background-color: #f4f4f4; border-radius: 50%; height: 12.5px; width: 12.5px; transform: translateX(9px) translateY(-18px);\"><\/div>\n<\/div>\n<div style=\"margin-left: 8px;\">\n<div style=\"background-color: #f4f4f4; border-radius: 50%; flex-grow: 0; height: 20px; width: 20px;\"><\/div>\n<div style=\"width: 0; height: 0; border-top: 2px solid transparent; border-left: 6px solid #f4f4f4; border-bottom: 2px solid transparent; transform: translateX(16px) translateY(-4px) rotate(30deg);\"><\/div>\n<\/div>\n<div style=\"margin-left: auto;\">\n<div style=\"width: 0px; border-top: 8px solid #F4F4F4; border-right: 8px solid transparent; transform: translateY(16px);\"><\/div>\n<div style=\"background-color: #f4f4f4; flex-grow: 0; height: 12px; width: 16px; transform: translateY(-4px);\"><\/div>\n<div style=\"width: 0; height: 0; border-top: 8px solid #F4F4F4; border-left: 8px solid transparent; transform: translateY(-4px) translateX(8px);\"><\/div>\n<\/div>\n<\/div>\n<div style=\"display: flex; flex-direction: column; flex-grow: 1; justify-content: center; margin-bottom: 24px;\">\n<div style=\"background-color: #f4f4f4; border-radius: 4px; flex-grow: 0; height: 14px; margin-bottom: 6px; width: 224px;\"><\/div>\n<div style=\"background-color: #f4f4f4; border-radius: 4px; flex-grow: 0; height: 14px; width: 144px;\"><\/div>\n<\/div>\n<p>&nbsp;<\/p>\n<p style=\"color: #c9c8cd; font-family: Arial,sans-serif; font-size: 14px; line-height: 17px; margin-bottom: 0; margin-top: 8px; overflow: hidden; padding: 8px 0 7px; text-align: center; text-overflow: ellipsis; white-space: nowrap;\"><a style=\"color: #c9c8cd; font-family: Arial,sans-serif; font-size: 14px; font-style: normal; font-weight: normal; line-height: 17px; text-decoration: none;\" href=\"https:\/\/www.instagram.com\/p\/DPRP6jgAs4C\/?utm_source=ig_embed&amp;utm_campaign=loading\" target=\"_blank\" rel=\"noopener\">A post shared by Movistar Team (@movistar_team)<\/a><\/p>\n<\/div>\n<\/blockquote>\n<h2><script async src=\"\/\/www.instagram.com\/embed.js\"><\/script><strong>Remco is simply the best<\/strong><\/h2>\n<p>In the Elite Men\u2019s race, most of the riders who finished in the top 10 in Kigali, <a href=\"https:\/\/www.welovecycling.com\/wide\/2025\/09\/29\/pogacar-wins-world-championship-road-race-vallieres-wins-womens-title\/\" target=\"_blank\" rel=\"noopener\">including Tadej Poga\u010dar,<\/a> were not in France. But Remco Evenepoel, who won his third consecutive ITT world championship in Kigali was. As were all of the best ITT riders in the world who had skipped the Worlds, including Filippo Ganna, Joshua Tarling and Mads Pedersen. The question was whether the triple world ITT champion could beat these very quick riders just 72 hours after finishing second in the brutal world road race championship. The answer came after only 7 km of the 24 km course.<\/p>\n<p>At that first timing point, the Belgian already had a lead of 14 seconds over Ganna, 16 seconds over Tarling and 18 seconds over Pedersen. The lead ballooned to 25 seconds at the second timing point, and at the end, his gap over the Italian was a stunning 43 seconds. A remarkable recovery and a real Wow! performance. The Danish rider Niklas Larsen was the surprise third-place finisher, 1:08 adrift and just 0.7 seconds ahead of the Briton Ethan Hayter.<\/p>\n<p>It was Evenepoel\u2019s second European ITT title, after winning in 2019, and confirmed \u2013 if confirmation was still needed \u2013 that he is the best time trial rider in the world, and perhaps the best ever, such is his domination of the discipline. He is clearly in the form of his life now and has more than a slim chance of turning the tables on Poga\u010dar in Sunday\u2019s road race.<\/p>\n<p>\u201cI&#8217;m super happy to take another title today,\u201d he said. \u201cI think the wind was pretty strong, always on the head or a little bit on the side, so it was really difficult sometimes to control the bike and to take the corner properly, but I think we managed everything well and it all went perfectly.\u201d<\/p>\n<p>He said he would now take a day to rest before training for the double that escaped him in the Worlds in Sunday&#8217;s road race. \u201cThere is a bit more time in between the events, so tomorrow I&#8217;m going to rest and then have some good training here, and I hope to be ready for Sunday,\u201d he said.<\/p>\n<p>Ganna, who stands 1.93 m and weighs 82 kg, fell victim to the winds because of his size. \u201cFor sure, the wind didn\u2019t help me,\u201d he said. \u201cI think Remco was maybe 60\u201370 kilos, so today the [aerodynamic drag] was more important than usual.\u201d<\/p>\n<p>Evenepoel stands only 1.71 m and his weight is listed as between 61 and 63kg. That and his near-perfect riding position make him the most aerodynamic rider on the road.<\/p>\n<h4><strong>Results of Elite Women\u2019s UEC Road European Championships Time Trial <\/strong><\/h4>\n<ol>\n<li>Marlen Reusser, Switzerland 33:06<br \/>\n2. Mie Bj\u00f8rndal Ottestad, Norway +0:49<br \/>\n3. Mischa Bredewold, Netherlands\u00a0\u00a0\u00a0\u00a0\u00a0\u00a0\u00a0\u00a0 +0:51<br \/>\n4. Katrine Aalerud, Norway\u00a0\u00a0\u00a0\u00a0\u00a0\u00a0\u00a0\u00a0\u00a0\u00a0\u00a0\u00a0\u00a0\u00a0\u00a0\u00a0\u00a0\u00a0 \u00a0+0:51<br \/>\n5. Lieke Nooijen, Netherlands\u00a0\u00a0\u00a0\u00a0\u00a0\u00a0\u00a0\u00a0\u00a0\u00a0\u00a0\u00a0\u00a0\u00a0\u00a0 +0:58<br \/>\n6. Juliette Labous, France\u00a0\u00a0\u00a0\u00a0\u00a0\u00a0\u00a0\u00a0\u00a0\u00a0\u00a0\u00a0\u00a0\u00a0\u00a0\u00a0\u00a0\u00a0\u00a0 \u00a0\u00a0\u00a0+1:04<br \/>\n7. Anna Henderson, Great Britain\u00a0\u00a0\u00a0\u00a0\u00a0 \u00a0\u00a0\u00a0\u00a0+1:05<br \/>\n8. Christina Schweinberger, Austria\u00a0\u00a0\u00a0\u00a0\u00a0 +1:30<br \/>\n9. C\u00e9drine Kerbaol, France\u00a0\u00a0\u00a0\u00a0\u00a0\u00a0\u00a0\u00a0\u00a0\u00a0\u00a0\u00a0\u00a0\u00a0\u00a0\u00a0\u00a0\u00a0\u00a0 +1:51<br \/>\n10. Yuliia Biriukova, Ukraine\u00a0\u00a0\u00a0\u00a0\u00a0\u00a0\u00a0\u00a0\u00a0\u00a0\u00a0\u00a0\u00a0\u00a0 +2:06<\/li>\n<\/ol>\n<p><strong>Results of Elite Men&#8217;s UEC Road European Championships Time Trial <\/strong><\/p>\n<ol>\n<li>Remco Evenepoel, Belgium 28:26<\/li>\n<li>Filippo Ganna, Italy +0:43<\/li>\n<li>Niklas Larsen, Denmark +1:08<\/li>\n<li>Ethan Hayter, Great Britain +1:09<\/li>\n<li>Josh Tarling, Great Britain +1:10<\/li>\n<li>Daan Hoole, Netherlands +1:38<\/li>\n<li>Mathias Vacek, Czechia +1:43<\/li>\n<li>Stefan K\u00fcng, Switzerland +1:47<\/li>\n<li>Bruno Armirail, France +1:48<\/li>\n<li>Alec Segaert, Belgium +1:51<\/li>\n<\/ol>\n","protected":false},"excerpt":{"rendered":"<p>The 2025 EUC Road European Championships opened on Wednesday, with the Elite Men\u2019s and Women\u2019s Time Trials, only three days [&hellip;]<\/p>\n","protected":false},"author":99,"featured_media":203082,"comment_status":"closed","ping_status":"open","sticky":false,"template":"","format":"standard","meta":{"footnotes":""},"categories":[329],"tags":[8701,5518,3544],"global-categories":[3366],"class_list":["post-203075","post","type-post","status-publish","format-standard","has-post-thumbnail","hentry","category-road-cycling","tag-2025-euc-road-european-championships","tag-marlen-reusser","tag-remco-evenepoel","global-categories-cycling"],"yoast_head":"<!-- This site is optimized with the Yoast SEO Premium plugin v25.3 (Yoast SEO v25.9) - https:\/\/yoast.com\/wordpress\/plugins\/seo\/ -->\n<title>Evenepoel and Reusser Repeat Worlds Wins in European ITT Championships - \u0160koda We Love Cycling<\/title>\n<meta name=\"description\" content=\"The 2025 EUC Road European Championships opened on Wednesday, with the Elite Men\u2019s and Women\u2019s Time Trials, only three days after the conclusion of the\" \/>\n<meta name=\"robots\" content=\"index, follow, max-snippet:-1, max-image-preview:large, max-video-preview:-1\" \/>\n<link rel=\"canonical\" href=\"https:\/\/www.welovecycling.com\/wide\/2025\/10\/02\/evenepoel-and-reusser-repeat-worlds-wins-in-european-itt-championships\/\" \/>\n<meta property=\"og:locale\" content=\"en_US\" \/>\n<meta property=\"og:type\" content=\"article\" \/>\n<meta property=\"og:title\" content=\"Evenepoel and Reusser Repeat Worlds Wins in European ITT Championships\" \/>\n<meta property=\"og:description\" content=\"The 2025 EUC Road European Championships opened on Wednesday, with the Elite Men\u2019s and Women\u2019s Time Trials, only three days after the conclusion of the\" \/>\n<meta property=\"og:url\" content=\"https:\/\/www.welovecycling.com\/wide\/2025\/10\/02\/evenepoel-and-reusser-repeat-worlds-wins-in-european-itt-championships\/\" \/>\n<meta property=\"og:site_name\" content=\"\u0160koda We Love Cycling\" \/>\n<meta property=\"article:published_time\" content=\"2025-10-02T10:47:16+00:00\" \/>\n<meta property=\"og:image\" content=\"https:\/\/d2p6e6u75xmxt8.cloudfront.net\/2\/2025\/10\/Remco-Evenepoel-ITT-profimedia-1042436166-CVR.webp\" \/>\n\t<meta property=\"og:image:width\" content=\"990\" \/>\n\t<meta property=\"og:image:height\" content=\"660\" \/>\n\t<meta property=\"og:image:type\" content=\"image\/webp\" \/>\n<meta name=\"author\" content=\"tereza\" \/>\n<meta name=\"twitter:card\" content=\"summary_large_image\" \/>\n<meta name=\"twitter:label1\" content=\"Written by\" \/>\n\t<meta name=\"twitter:data1\" content=\"Siegfried Mortkowitz\" \/>\n\t<meta name=\"twitter:label2\" content=\"Est. reading time\" \/>\n\t<meta name=\"twitter:data2\" content=\"3\" \/>\n<script type=\"application\/ld+json\" class=\"yoast-schema-graph\">{\"@context\":\"https:\/\/schema.org\",\"@graph\":[{\"@type\":\"WebPage\",\"@id\":\"https:\/\/www.welovecycling.com\/wide\/2025\/10\/02\/evenepoel-and-reusser-repeat-worlds-wins-in-european-itt-championships\/\",\"url\":\"https:\/\/www.welovecycling.com\/wide\/2025\/10\/02\/evenepoel-and-reusser-repeat-worlds-wins-in-european-itt-championships\/\",\"name\":\"Evenepoel and Reusser Repeat Worlds Wins in European ITT Championships - \u0160koda We Love Cycling\",\"isPartOf\":{\"@id\":\"https:\/\/www.welovecycling.com\/wide\/#website\"},\"primaryImageOfPage\":{\"@id\":\"https:\/\/www.welovecycling.com\/wide\/2025\/10\/02\/evenepoel-and-reusser-repeat-worlds-wins-in-european-itt-championships\/#primaryimage\"},\"image\":{\"@id\":\"https:\/\/www.welovecycling.com\/wide\/2025\/10\/02\/evenepoel-and-reusser-repeat-worlds-wins-in-european-itt-championships\/#primaryimage\"},\"thumbnailUrl\":\"https:\/\/d2p6e6u75xmxt8.cloudfront.net\/2\/2025\/10\/Remco-Evenepoel-ITT-profimedia-1042436166-CVR.webp\",\"datePublished\":\"2025-10-02T10:47:16+00:00\",\"author\":{\"@id\":\"https:\/\/www.welovecycling.com\/wide\/#\/schema\/person\/50f01ecd18718d2333cf72e823c4f926\"},\"description\":\"The 2025 EUC Road European Championships opened on Wednesday, with the Elite Men\u2019s and Women\u2019s Time Trials, only three days after the conclusion of the\",\"breadcrumb\":{\"@id\":\"https:\/\/www.welovecycling.com\/wide\/2025\/10\/02\/evenepoel-and-reusser-repeat-worlds-wins-in-european-itt-championships\/#breadcrumb\"},\"inLanguage\":\"en-US\",\"potentialAction\":[{\"@type\":\"ReadAction\",\"target\":[\"https:\/\/www.welovecycling.com\/wide\/2025\/10\/02\/evenepoel-and-reusser-repeat-worlds-wins-in-european-itt-championships\/\"]}]},{\"@type\":\"ImageObject\",\"inLanguage\":\"en-US\",\"@id\":\"https:\/\/www.welovecycling.com\/wide\/2025\/10\/02\/evenepoel-and-reusser-repeat-worlds-wins-in-european-itt-championships\/#primaryimage\",\"url\":\"https:\/\/d2p6e6u75xmxt8.cloudfront.net\/2\/2025\/10\/Remco-Evenepoel-ITT-profimedia-1042436166-CVR.webp\",\"contentUrl\":\"https:\/\/d2p6e6u75xmxt8.cloudfront.net\/2\/2025\/10\/Remco-Evenepoel-ITT-profimedia-1042436166-CVR.webp\",\"width\":990,\"height\":660,\"caption\":\"Remco Evenepoel\"},{\"@type\":\"BreadcrumbList\",\"@id\":\"https:\/\/www.welovecycling.com\/wide\/2025\/10\/02\/evenepoel-and-reusser-repeat-worlds-wins-in-european-itt-championships\/#breadcrumb\",\"itemListElement\":[{\"@type\":\"ListItem\",\"position\":1,\"name\":\"Home\",\"item\":\"https:\/\/www.welovecycling.com\/wide\/\"},{\"@type\":\"ListItem\",\"position\":2,\"name\":\"Evenepoel and Reusser Repeat Worlds Wins in European ITT Championships\"}]},{\"@type\":\"WebSite\",\"@id\":\"https:\/\/www.welovecycling.com\/wide\/#website\",\"url\":\"https:\/\/www.welovecycling.com\/wide\/\",\"name\":\"\u0160koda We Love Cycling\",\"description\":\"\u0160koda We Love Cycling magazine\",\"alternateName\":\"\u0160koda WLC\",\"potentialAction\":[{\"@type\":\"SearchAction\",\"target\":{\"@type\":\"EntryPoint\",\"urlTemplate\":\"https:\/\/www.welovecycling.com\/wide\/?s={search_term_string}\"},\"query-input\":{\"@type\":\"PropertyValueSpecification\",\"valueRequired\":true,\"valueName\":\"search_term_string\"}}],\"inLanguage\":\"en-US\"},{\"@type\":\"Person\",\"@id\":\"https:\/\/www.welovecycling.com\/wide\/#\/schema\/person\/50f01ecd18718d2333cf72e823c4f926\",\"name\":\"tereza\",\"image\":{\"@type\":\"ImageObject\",\"inLanguage\":\"en-US\",\"@id\":\"https:\/\/www.welovecycling.com\/wide\/#\/schema\/person\/image\/\",\"url\":\"https:\/\/secure.gravatar.com\/avatar\/1f9eb71be33845f0afabce3791bc1c58ecdb0a25c62964987e5dbcf7a20d2ec7?s=96&d=mm&r=g\",\"contentUrl\":\"https:\/\/secure.gravatar.com\/avatar\/1f9eb71be33845f0afabce3791bc1c58ecdb0a25c62964987e5dbcf7a20d2ec7?s=96&d=mm&r=g\",\"caption\":\"tereza\"},\"url\":\"https:\/\/www.welovecycling.com\/wide\/author\/tereza\/\"}]}<\/script>\n<!-- \/ Yoast SEO Premium plugin. -->","yoast_head_json":{"title":"Evenepoel and Reusser Repeat Worlds Wins in European ITT Championships - \u0160koda We Love Cycling","description":"The 2025 EUC Road European Championships opened on Wednesday, with the Elite Men\u2019s and Women\u2019s Time Trials, only three days after the conclusion of the","robots":{"index":"index","follow":"follow","max-snippet":"max-snippet:-1","max-image-preview":"max-image-preview:large","max-video-preview":"max-video-preview:-1"},"canonical":"https:\/\/www.welovecycling.com\/wide\/2025\/10\/02\/evenepoel-and-reusser-repeat-worlds-wins-in-european-itt-championships\/","og_locale":"en_US","og_type":"article","og_title":"Evenepoel and Reusser Repeat Worlds Wins in European ITT Championships","og_description":"The 2025 EUC Road European Championships opened on Wednesday, with the Elite Men\u2019s and Women\u2019s Time Trials, only three days after the conclusion of the","og_url":"https:\/\/www.welovecycling.com\/wide\/2025\/10\/02\/evenepoel-and-reusser-repeat-worlds-wins-in-european-itt-championships\/","og_site_name":"\u0160koda We Love Cycling","article_published_time":"2025-10-02T10:47:16+00:00","og_image":[{"width":990,"height":660,"url":"https:\/\/d2p6e6u75xmxt8.cloudfront.net\/2\/2025\/10\/Remco-Evenepoel-ITT-profimedia-1042436166-CVR.webp","type":"image\/webp"}],"author":"tereza","twitter_card":"summary_large_image","twitter_misc":{"Written by":"Siegfried Mortkowitz","Est. reading time":"3"},"schema":{"@context":"https:\/\/schema.org","@graph":[{"@type":"WebPage","@id":"https:\/\/www.welovecycling.com\/wide\/2025\/10\/02\/evenepoel-and-reusser-repeat-worlds-wins-in-european-itt-championships\/","url":"https:\/\/www.welovecycling.com\/wide\/2025\/10\/02\/evenepoel-and-reusser-repeat-worlds-wins-in-european-itt-championships\/","name":"Evenepoel and Reusser Repeat Worlds Wins in European ITT Championships - \u0160koda We Love Cycling","isPartOf":{"@id":"https:\/\/www.welovecycling.com\/wide\/#website"},"primaryImageOfPage":{"@id":"https:\/\/www.welovecycling.com\/wide\/2025\/10\/02\/evenepoel-and-reusser-repeat-worlds-wins-in-european-itt-championships\/#primaryimage"},"image":{"@id":"https:\/\/www.welovecycling.com\/wide\/2025\/10\/02\/evenepoel-and-reusser-repeat-worlds-wins-in-european-itt-championships\/#primaryimage"},"thumbnailUrl":"https:\/\/d2p6e6u75xmxt8.cloudfront.net\/2\/2025\/10\/Remco-Evenepoel-ITT-profimedia-1042436166-CVR.webp","datePublished":"2025-10-02T10:47:16+00:00","author":{"@id":"https:\/\/www.welovecycling.com\/wide\/#\/schema\/person\/50f01ecd18718d2333cf72e823c4f926"},"description":"The 2025 EUC Road European Championships opened on Wednesday, with the Elite Men\u2019s and Women\u2019s Time Trials, only three days after the conclusion of the","breadcrumb":{"@id":"https:\/\/www.welovecycling.com\/wide\/2025\/10\/02\/evenepoel-and-reusser-repeat-worlds-wins-in-european-itt-championships\/#breadcrumb"},"inLanguage":"en-US","potentialAction":[{"@type":"ReadAction","target":["https:\/\/www.welovecycling.com\/wide\/2025\/10\/02\/evenepoel-and-reusser-repeat-worlds-wins-in-european-itt-championships\/"]}]},{"@type":"ImageObject","inLanguage":"en-US","@id":"https:\/\/www.welovecycling.com\/wide\/2025\/10\/02\/evenepoel-and-reusser-repeat-worlds-wins-in-european-itt-championships\/#primaryimage","url":"https:\/\/d2p6e6u75xmxt8.cloudfront.net\/2\/2025\/10\/Remco-Evenepoel-ITT-profimedia-1042436166-CVR.webp","contentUrl":"https:\/\/d2p6e6u75xmxt8.cloudfront.net\/2\/2025\/10\/Remco-Evenepoel-ITT-profimedia-1042436166-CVR.webp","width":990,"height":660,"caption":"Remco Evenepoel"},{"@type":"BreadcrumbList","@id":"https:\/\/www.welovecycling.com\/wide\/2025\/10\/02\/evenepoel-and-reusser-repeat-worlds-wins-in-european-itt-championships\/#breadcrumb","itemListElement":[{"@type":"ListItem","position":1,"name":"Home","item":"https:\/\/www.welovecycling.com\/wide\/"},{"@type":"ListItem","position":2,"name":"Evenepoel and Reusser Repeat Worlds Wins in European ITT Championships"}]},{"@type":"WebSite","@id":"https:\/\/www.welovecycling.com\/wide\/#website","url":"https:\/\/www.welovecycling.com\/wide\/","name":"\u0160koda We Love Cycling","description":"\u0160koda We Love Cycling magazine","alternateName":"\u0160koda WLC","potentialAction":[{"@type":"SearchAction","target":{"@type":"EntryPoint","urlTemplate":"https:\/\/www.welovecycling.com\/wide\/?s={search_term_string}"},"query-input":{"@type":"PropertyValueSpecification","valueRequired":true,"valueName":"search_term_string"}}],"inLanguage":"en-US"},{"@type":"Person","@id":"https:\/\/www.welovecycling.com\/wide\/#\/schema\/person\/50f01ecd18718d2333cf72e823c4f926","name":"tereza","image":{"@type":"ImageObject","inLanguage":"en-US","@id":"https:\/\/www.welovecycling.com\/wide\/#\/schema\/person\/image\/","url":"https:\/\/secure.gravatar.com\/avatar\/1f9eb71be33845f0afabce3791bc1c58ecdb0a25c62964987e5dbcf7a20d2ec7?s=96&d=mm&r=g","contentUrl":"https:\/\/secure.gravatar.com\/avatar\/1f9eb71be33845f0afabce3791bc1c58ecdb0a25c62964987e5dbcf7a20d2ec7?s=96&d=mm&r=g","caption":"tereza"},"url":"https:\/\/www.welovecycling.com\/wide\/author\/tereza\/"}]}},"_links":{"self":[{"href":"https:\/\/www.welovecycling.com\/wide\/wp-json\/wp\/v2\/posts\/203075","targetHints":{"allow":["GET"]}}],"collection":[{"href":"https:\/\/www.welovecycling.com\/wide\/wp-json\/wp\/v2\/posts"}],"about":[{"href":"https:\/\/www.welovecycling.com\/wide\/wp-json\/wp\/v2\/types\/post"}],"author":[{"embeddable":true,"href":"https:\/\/www.welovecycling.com\/wide\/wp-json\/wp\/v2\/users\/99"}],"replies":[{"embeddable":true,"href":"https:\/\/www.welovecycling.com\/wide\/wp-json\/wp\/v2\/comments?post=203075"}],"version-history":[{"count":1,"href":"https:\/\/www.welovecycling.com\/wide\/wp-json\/wp\/v2\/posts\/203075\/revisions"}],"predecessor-version":[{"id":203085,"href":"https:\/\/www.welovecycling.com\/wide\/wp-json\/wp\/v2\/posts\/203075\/revisions\/203085"}],"wp:featuredmedia":[{"embeddable":true,"href":"https:\/\/www.welovecycling.com\/wide\/wp-json\/wp\/v2\/media\/203082"}],"wp:attachment":[{"href":"https:\/\/www.welovecycling.com\/wide\/wp-json\/wp\/v2\/media?parent=203075"}],"wp:term":[{"taxonomy":"category","embeddable":true,"href":"https:\/\/www.welovecycling.com\/wide\/wp-json\/wp\/v2\/categories?post=203075"},{"taxonomy":"post_tag","embeddable":true,"href":"https:\/\/www.welovecycling.com\/wide\/wp-json\/wp\/v2\/tags?post=203075"},{"taxonomy":"global-categories","embeddable":true,"href":"https:\/\/www.welovecycling.com\/wide\/wp-json\/wp\/v2\/global-categories?post=203075"}],"curies":[{"name":"wp","href":"https:\/\/api.w.org\/{rel}","templated":true}]}}