{"id":202946,"date":"2025-09-30T09:50:55","date_gmt":"2025-09-30T09:50:55","guid":{"rendered":"https:\/\/www.welovecycling.com\/wide\/?p=202946"},"modified":"2025-09-30T10:07:08","modified_gmt":"2025-09-30T10:07:08","slug":"the-legacy-of-the-2025-uci-womens-world-championships","status":"publish","type":"post","link":"https:\/\/www.welovecycling.com\/wide\/2025\/09\/30\/the-legacy-of-the-2025-uci-womens-world-championships\/","title":{"rendered":"The Legacy of the 2025 UCI Women\u2019s World Championships"},"content":{"rendered":"<p><strong>When the 2025 UCI Road World Championships arrived in Kigali, Rwanda, it was clear that we were about to witness something special. It was the first time the Worlds had ever landed in Africa, and the build-up was full of big promises. In the end, the week delivered even more than expected: hard, unpredictable racing, streets packed with fans, and a women\u2019s programme that finally got some of the attention it has long deserved.\u00a0 It felt like the sport planting a flag, proof that cycling can truly be global, and that its future will be shaped far beyond its traditional European heartlands.<\/strong><\/p>\n<p><!--more--><\/p>\n<h2><b>A first for Africa<\/b><\/h2>\n<p><span style=\"font-weight: 400;\">Cycling\u2019s world championships had visited Europe, the Americas, Asia, and Oceania, but until now, Africa had been left out of the century-long story. Kigali changed that. Over eight days of competition, 108 nations sent riders to Rwanda, with 38 from Africa, the highest representation of any continent.<\/span><\/p>\n<p><span style=\"font-weight: 400;\">The city embraced the moment wholeheartedly. The streets were lined with thousands of fans, many of whom were attending their first international cycling event. Their cheers carried riders over punishing climbs and through sun-soaked circuits that tested every ounce of tactical brilliance and endurance.<\/span><\/p>\n<p><span style=\"font-weight: 400;\">The symbolism was powerful. Rwanda\u2019s flagship stage race, the Tour du Rwanda, had already proven the nation\u2019s passion for cycling. But this was something different: the sport\u2019s crown jewel transplanted into Africa, and delivered with near-flawless organisation. <a href=\"https:\/\/ucikigali2025.rw\/\">The Kigali Worlds<\/a> showed that major championships can, and should, extend beyond the traditional European heartlands.<\/span><\/p>\n<h2><b>Building the foundations<\/b><\/h2>\n<p><span style=\"font-weight: 400;\">This championship was the culmination of decades of groundwork. Much of that credit goes to the UCI\u2019s World Cycling Centre (WCC), which has quietly but consistently shaped opportunities for riders from emerging cycling nations.<\/span><\/p>\n<p><span style=\"font-weight: 400;\">Founded in 2002 in Aigle, Switzerland, the WCC has long been a hub for spotting and nurturing raw talent. Riders identified by their national federations, often in areas without structured racing infrastructure, have been awarded full scholarships that cover training, equipment, racing opportunities, and even lodging. Over the years, many of those alumni have graduated to the highest levels of the sport.<\/span><\/p>\n<p><span style=\"font-weight: 400;\">That commitment was on full display in Kigali. Ethiopia\u2019s Tsige Kahsay Kiros, trained through the WCC satellite system, lit up the junior women\u2019s road race, finishing seventh and earning the highest African placing at these Worlds. Canada\u2019s <a href=\"https:\/\/www.welovecycling.com\/wide\/2025\/09\/29\/pogacar-wins-world-championship-road-race-vallieres-wins-womens-title\/\" target=\"_blank\" rel=\"noopener\">Magdeleine Vallieres<\/a>, who had trained at the WCC during her development years, went on to write her name into the record books with a breakthrough elite win.<\/span><\/p>\n<p><span style=\"font-weight: 400;\">The UCI doubled down on its development promises ahead of the championships by launching a new Regional Development Satellite in Rwanda itself, with facilities in Musanze, Bugesera, and Rwamagana. These centres are intended for training athletes, as well as developing mechanics, coaches, and event staff, creating the ecosystem that a sustainable cycling culture needs.<\/span><\/p>\n<p><span style=\"font-weight: 400;\">When you consider that Africa now hosts two of these WCC satellites (the other in Paarl, South Africa), alongside hubs in Canada, New Zealand, Portugal, and beyond, it\u2019s clear the governing body is serious about its global vision. Kigali 2025 felt like proof that investing in long-term development pays off.<\/span><\/p>\n<blockquote class=\"instagram-media\" style=\"background: #FFF; border: 0; border-radius: 3px; box-shadow: 0 0 1px 0 rgba(0,0,0,0.5),0 1px 10px 0 rgba(0,0,0,0.15); margin: 1px; max-width: 540px; min-width: 326px; padding: 0; width: calc(100% - 2px);\" data-instgrm-captioned=\"\" data-instgrm-permalink=\"https:\/\/www.instagram.com\/reel\/DPMEWQmAvt8\/?utm_source=ig_embed&amp;utm_campaign=loading\" data-instgrm-version=\"14\">\n<div style=\"padding: 16px;\">\n<p>&nbsp;<\/p>\n<div style=\"display: flex; flex-direction: row; align-items: center;\">\n<div style=\"background-color: #f4f4f4; border-radius: 50%; flex-grow: 0; height: 40px; margin-right: 14px; width: 40px;\"><\/div>\n<div style=\"display: flex; flex-direction: column; flex-grow: 1; justify-content: center;\">\n<div style=\"background-color: #f4f4f4; border-radius: 4px; flex-grow: 0; height: 14px; margin-bottom: 6px; width: 100px;\"><\/div>\n<div style=\"background-color: #f4f4f4; border-radius: 4px; flex-grow: 0; height: 14px; width: 60px;\"><\/div>\n<\/div>\n<\/div>\n<div style=\"padding: 19% 0;\"><\/div>\n<div style=\"display: block; height: 50px; margin: 0 auto 12px; width: 50px;\"><\/div>\n<div style=\"padding-top: 8px;\">\n<div style=\"color: #3897f0; font-family: Arial,sans-serif; font-size: 14px; font-style: normal; font-weight: 550; line-height: 18px;\">Zobrazit p\u0159\u00edsp\u011bvek na Instagramu<\/div>\n<\/div>\n<div style=\"padding: 12.5% 0;\"><\/div>\n<div style=\"display: flex; flex-direction: row; margin-bottom: 14px; align-items: center;\">\n<div>\n<div style=\"background-color: #f4f4f4; border-radius: 50%; height: 12.5px; width: 12.5px; transform: translateX(0px) translateY(7px);\"><\/div>\n<div style=\"background-color: #f4f4f4; height: 12.5px; transform: rotate(-45deg) translateX(3px) translateY(1px); width: 12.5px; flex-grow: 0; margin-right: 14px; margin-left: 2px;\"><\/div>\n<div style=\"background-color: #f4f4f4; border-radius: 50%; height: 12.5px; width: 12.5px; transform: translateX(9px) translateY(-18px);\"><\/div>\n<\/div>\n<div style=\"margin-left: 8px;\">\n<div style=\"background-color: #f4f4f4; border-radius: 50%; flex-grow: 0; height: 20px; width: 20px;\"><\/div>\n<div style=\"width: 0; height: 0; border-top: 2px solid transparent; border-left: 6px solid #f4f4f4; border-bottom: 2px solid transparent; transform: translateX(16px) translateY(-4px) rotate(30deg);\"><\/div>\n<\/div>\n<div style=\"margin-left: auto;\">\n<div style=\"width: 0px; border-top: 8px solid #F4F4F4; border-right: 8px solid transparent; transform: translateY(16px);\"><\/div>\n<div style=\"background-color: #f4f4f4; flex-grow: 0; height: 12px; width: 16px; transform: translateY(-4px);\"><\/div>\n<div style=\"width: 0; height: 0; border-top: 8px solid #F4F4F4; border-left: 8px solid transparent; transform: translateY(-4px) translateX(8px);\"><\/div>\n<\/div>\n<\/div>\n<div style=\"display: flex; flex-direction: column; flex-grow: 1; justify-content: center; margin-bottom: 24px;\">\n<div style=\"background-color: #f4f4f4; border-radius: 4px; flex-grow: 0; height: 14px; margin-bottom: 6px; width: 224px;\"><\/div>\n<div style=\"background-color: #f4f4f4; border-radius: 4px; flex-grow: 0; height: 14px; width: 144px;\"><\/div>\n<\/div>\n<p>&nbsp;<\/p>\n<p style=\"color: #c9c8cd; font-family: Arial,sans-serif; font-size: 14px; line-height: 17px; margin-bottom: 0; margin-top: 8px; overflow: hidden; padding: 8px 0 7px; text-align: center; text-overflow: ellipsis; white-space: nowrap;\"><a style=\"color: #c9c8cd; font-family: Arial,sans-serif; font-size: 14px; font-style: normal; font-weight: normal; line-height: 17px; text-decoration: none;\" href=\"https:\/\/www.instagram.com\/reel\/DPMEWQmAvt8\/?utm_source=ig_embed&amp;utm_campaign=loading\" target=\"_blank\" rel=\"noopener\">P\u0159\u00edsp\u011bvek sd\u00edlen\u00fd Visit Rwanda (@visitrwanda_now)<\/a><\/p>\n<\/div>\n<\/blockquote>\n<p><script async src=\"\/\/www.instagram.com\/embed.js\"><\/script><b style=\"font-family: 'SKODA Next', 'Adjusted Arial Fallback', sans-serif; font-size: 1.8em;\">Racing that matched the moment<\/b><\/p>\n<p><span style=\"font-weight: 400;\">Of course, history and infrastructure are one thing, and racing is another. And Kigali delivered some of the most compelling contests we\u2019ve seen in years.<\/span><\/p>\n<p><span style=\"font-weight: 400;\">The elite women\u2019s road race turned into the defining story of the week. On the brutal final climb of the Kigali circuit, 24-year-old Magdeleine Vallieres launched a perfectly timed attack, holding off New Zealand\u2019s Niamh Fisher-Black and Spain\u2019s Mavi Garc\u00eda to take an unforgettable victory.<\/span><\/p>\n<p><span style=\"font-weight: 400;\">For Vallieres, the win was more than just a personal triumph; it was a first for her country. No Canadian woman had ever won the elite road race world title until Kigali. Her ride was brave, strategic, and deeply emotional.<\/span><\/p>\n<p><span style=\"font-weight: 400;\">\u201cThe girls believed in me, so I believed in myself,\u201d Vallieres <\/span><a href=\"https:\/\/www.cbc.ca\/sports\/olympics\/summer\/cycling\/road\/magdeleine-vallieres-wins-elite-road-race-world-championships-1.7645717\"><span style=\"font-weight: 400;\">said afterwards<\/span><\/a><span style=\"font-weight: 400;\">. \u201cI prepared well. I knew I was in good form, so I just told myself I didn\u2019t want to have any regrets.\u201d<\/span><\/p>\n<p><span style=\"font-weight: 400;\">For Canada, her rainbow jersey felt like the culmination of years of development work. For Vallieres personally, it was the realisation of a dream. With next year\u2019s Worlds set for Montreal, the timing could not be more perfect.<\/span><\/p>\n<h2><b>Women\u2019s U23 finally gets its stage<\/b><\/h2>\n<p><span style=\"font-weight: 400;\">If Vallieres\u2019 win was the emotional headline, the introduction of standalone under-23 women\u2019s events was the structural breakthrough. After years of lobbying and three seasons of awkward \u201craces within races,\u201d the Kigali Worlds finally gave U23 women their own road and time trial events.<\/span><\/p>\n<p><span style=\"font-weight: 400;\">The result? Two of the most dynamic, competitive races of the week.<\/span><\/p>\n<p><span style=\"font-weight: 400;\">In the time trial, Britain\u2019s Zoe B\u00e4ckstedt showed once again why she\u2019s one of the sport\u2019s brightest stars. Already a multi-discipline world champion at just 20, she stormed to gold over the shorter, age-appropriate course designed specifically for this new category. It was a performance that validated the need for a separate U23 event, proof that riders at this stage of development deserve their own platform to shine.<\/span><\/p>\n<p><span style=\"font-weight: 400;\">The road race, meanwhile, delivered fireworks. France rode a tactically perfect race to set up C\u00e9lia Gery, who launched her winning move in the closing kilometres to claim a historic title. The race was fast, aggressive, and thrilling to watch; precisely the kind of showcase the U23 women\u2019s field needed.<\/span><\/p>\n<p><span style=\"font-weight: 400;\">Yes, some riders and coaches pointed out the category\u2019s lack of depth in this first edition. But that\u2019s to be expected. The important thing is that the foundation is now in place. The more federations support their U23 women, the stronger and deeper the fields will become. Kigali marked the beginning of that process, and the racing we saw suggests an exciting future.<\/span><\/p>\n<p><span style=\"font-weight: 400;\">For many observers, the U23 women\u2019s debut in Rwanda was almost as historic as the championships\u2019 arrival in Africa. It was a long-overdue recognition that development pathways for women need to be aligned with those for men. In Kigali, that vision finally became reality.<\/span><\/p>\n<h2><b>Junior racing: The future looks different<\/b><\/h2>\n<p><span style=\"font-weight: 400;\">If the U23 races signalled a step forward, the junior competitions revealed just how much the sport has changed in recent years. Kigali made it clear that junior racing is no longer just the first rung on the ladder; it\u2019s now a professional proving ground.<\/span><\/p>\n<p><span style=\"font-weight: 400;\">Many of the junior champions and medallists arrived in Rwanda with preparation that would have seemed unthinkable a decade ago. Several had already attended altitude camps, some trained with WorldTour-level equipment, and others even slept in altitude tents provided by their respective federations. These are 16- and 17-year-olds, preparing with the same seriousness as seasoned pros.<\/span><\/p>\n<p><span style=\"font-weight: 400;\">The results speak for themselves. The racing was sharp, aggressive, and international in scope. Riders like Megan Arens of the Netherlands and Paula Ostiz of Spain confirmed that junior racing is now where WorldTour teams go talent spotting. Increasingly, the transition to professional contracts occurs directly after the junior level, with the U23 category becoming less of a developmental step and more of a competitive option for those already on the WorldTour pathway. The change is underscored by the UCI\u2019s decision to discontinue the Under-23 Nations\u2019 Cup after this season.\u00a0<\/span><\/p>\n<p><span style=\"font-weight: 400;\">For better or worse, the sport is evolving. The junior Worlds in Kigali showed that cycling\u2019s future stars are being identified and developed faster than ever.<\/span><\/p>\n<h2><b>The atmosphere in Kigali<\/b><\/h2>\n<p><span style=\"font-weight: 400;\">Anyone who has attended the Tour du Rwanda will know the country\u2019s appetite for cycling is unlike almost anywhere else in the world. However, even seasoned observers were struck by the scale of enthusiasm during World Championship week.<\/span><\/p>\n<p><span style=\"font-weight: 400;\">For every race, the city\u2019s roadsides were overflowing. From the first time trial to the grand finale of the road races, the sound was deafening, the energy contagious. The decisive 5.6-kilometre climb on the road circuit became a theatre of noise, with fans urging on every last rider, whether they were a global superstar or an underdog from a tiny federation.<\/span><\/p>\n<h2><b>Legacy beyond the podium<\/b><\/h2>\n<p><span style=\"font-weight: 400;\">Kigali\u2019s preparations have spurred improvements in infrastructure, from roads to sporting facilities, that will benefit local communities long after the peloton has departed. The international spotlight elevated Rwanda\u2019s profile as a sports destination, aligning with its broader vision of becoming a hub for global events.<\/span><\/p>\n<p><span style=\"font-weight: 400;\">But perhaps the most important legacy is intangible. Children across Rwanda, and across Africa, watched riders from their continent compete shoulder to shoulder with the best in the world. They saw that cycling is not just a European pastime, but a sport where they, too, can aspire to wear the rainbow jersey.<\/span><\/p>\n<p><span style=\"font-weight: 400;\">Of course, the event wasn\u2019t without its complexities. International advocacy groups rightly raised questions about Rwanda\u2019s human rights record, and the UCI will continue to face scrutiny over whether hosting in countries with political controversies risks veering into sportswashing.\u00a0<\/span><\/p>\n<h2><b>An optimistic forecast for what is to come\u00a0<\/b><\/h2>\n<p><span style=\"font-weight: 400;\">The 2025 Worlds weren\u2019t perfect, but they were a significant step away from the norm in a sport that has always cherished its traditions. Kigali showed us that expanding those traditions doesn\u2019t mean losing them. Rather, it\u2019s an opportunity to bolster the existing framework by making space for new voices, new nations, and new champions. That is the true legacy of the 2025 Women\u2019s World Championships.<\/span><\/p>\n","protected":false},"excerpt":{"rendered":"<p>When the 2025 UCI Road World Championships arrived in Kigali, Rwanda, it was clear that we were about to witness [&hellip;]<\/p>\n","protected":false},"author":99,"featured_media":202948,"comment_status":"closed","ping_status":"open","sticky":false,"template":"","format":"standard","meta":{"footnotes":""},"categories":[329],"tags":[8698,8699,8678,8697,4328,7244,6079],"global-categories":[3366],"class_list":["post-202946","post","type-post","status-publish","format-standard","has-post-thumbnail","hentry","category-road-cycling","tag-2025-uci-womens-world-championships","tag-2025-uci-world-championships","tag-kigali-2025","tag-magdeleine-vallieres","tag-mavi-garcia","tag-niamh-fisher-black","tag-zoe-backstedt","global-categories-cycling"],"yoast_head":"<!-- This site is optimized with the Yoast SEO Premium plugin v25.3 (Yoast SEO v25.9) - https:\/\/yoast.com\/wordpress\/plugins\/seo\/ -->\n<title>The Legacy of the 2025 UCI Women\u2019s World Championships - \u0160koda We Love Cycling<\/title>\n<meta name=\"description\" content=\"When the 2025 UCI Road World Championships arrived in Kigali, Rwanda, it was clear that we were about to witness something special. It was the first time\" \/>\n<meta name=\"robots\" content=\"index, follow, max-snippet:-1, max-image-preview:large, max-video-preview:-1\" \/>\n<link rel=\"canonical\" href=\"https:\/\/www.welovecycling.com\/wide\/2025\/09\/30\/the-legacy-of-the-2025-uci-womens-world-championships\/\" \/>\n<meta property=\"og:locale\" content=\"en_US\" \/>\n<meta property=\"og:type\" content=\"article\" \/>\n<meta property=\"og:title\" content=\"The Legacy of the 2025 UCI Women\u2019s World Championships\" \/>\n<meta property=\"og:description\" content=\"When the 2025 UCI Road World Championships arrived in Kigali, Rwanda, it was clear that we were about to witness something special. It was the first time\" \/>\n<meta property=\"og:url\" content=\"https:\/\/www.welovecycling.com\/wide\/2025\/09\/30\/the-legacy-of-the-2025-uci-womens-world-championships\/\" \/>\n<meta property=\"og:site_name\" content=\"\u0160koda We Love Cycling\" \/>\n<meta property=\"article:published_time\" content=\"2025-09-30T09:50:55+00:00\" \/>\n<meta property=\"article:modified_time\" content=\"2025-09-30T10:07:08+00:00\" \/>\n<meta property=\"og:image\" content=\"https:\/\/d2p6e6u75xmxt8.cloudfront.net\/2\/2025\/09\/Women-Elite-Kigali-Vallieres-profimedia-1041083055-CVR.webp\" \/>\n\t<meta property=\"og:image:width\" content=\"990\" \/>\n\t<meta property=\"og:image:height\" content=\"660\" \/>\n\t<meta property=\"og:image:type\" content=\"image\/webp\" \/>\n<meta name=\"author\" content=\"tereza\" \/>\n<meta name=\"twitter:card\" content=\"summary_large_image\" \/>\n<meta name=\"twitter:label1\" content=\"Written by\" \/>\n\t<meta name=\"twitter:data1\" content=\"Megan Flottorp\" \/>\n\t<meta name=\"twitter:label2\" content=\"Est. reading time\" \/>\n\t<meta name=\"twitter:data2\" content=\"3\" \/>\n<script type=\"application\/ld+json\" class=\"yoast-schema-graph\">{\"@context\":\"https:\/\/schema.org\",\"@graph\":[{\"@type\":\"WebPage\",\"@id\":\"https:\/\/www.welovecycling.com\/wide\/2025\/09\/30\/the-legacy-of-the-2025-uci-womens-world-championships\/\",\"url\":\"https:\/\/www.welovecycling.com\/wide\/2025\/09\/30\/the-legacy-of-the-2025-uci-womens-world-championships\/\",\"name\":\"The Legacy of the 2025 UCI Women\u2019s World Championships - \u0160koda We Love Cycling\",\"isPartOf\":{\"@id\":\"https:\/\/www.welovecycling.com\/wide\/#website\"},\"primaryImageOfPage\":{\"@id\":\"https:\/\/www.welovecycling.com\/wide\/2025\/09\/30\/the-legacy-of-the-2025-uci-womens-world-championships\/#primaryimage\"},\"image\":{\"@id\":\"https:\/\/www.welovecycling.com\/wide\/2025\/09\/30\/the-legacy-of-the-2025-uci-womens-world-championships\/#primaryimage\"},\"thumbnailUrl\":\"https:\/\/d2p6e6u75xmxt8.cloudfront.net\/2\/2025\/09\/Women-Elite-Kigali-Vallieres-profimedia-1041083055-CVR.webp\",\"datePublished\":\"2025-09-30T09:50:55+00:00\",\"dateModified\":\"2025-09-30T10:07:08+00:00\",\"author\":{\"@id\":\"https:\/\/www.welovecycling.com\/wide\/#\/schema\/person\/50f01ecd18718d2333cf72e823c4f926\"},\"description\":\"When the 2025 UCI Road World Championships arrived in Kigali, Rwanda, it was clear that we were about to witness something special. It was the first time\",\"breadcrumb\":{\"@id\":\"https:\/\/www.welovecycling.com\/wide\/2025\/09\/30\/the-legacy-of-the-2025-uci-womens-world-championships\/#breadcrumb\"},\"inLanguage\":\"en-US\",\"potentialAction\":[{\"@type\":\"ReadAction\",\"target\":[\"https:\/\/www.welovecycling.com\/wide\/2025\/09\/30\/the-legacy-of-the-2025-uci-womens-world-championships\/\"]}]},{\"@type\":\"ImageObject\",\"inLanguage\":\"en-US\",\"@id\":\"https:\/\/www.welovecycling.com\/wide\/2025\/09\/30\/the-legacy-of-the-2025-uci-womens-world-championships\/#primaryimage\",\"url\":\"https:\/\/d2p6e6u75xmxt8.cloudfront.net\/2\/2025\/09\/Women-Elite-Kigali-Vallieres-profimedia-1041083055-CVR.webp\",\"contentUrl\":\"https:\/\/d2p6e6u75xmxt8.cloudfront.net\/2\/2025\/09\/Women-Elite-Kigali-Vallieres-profimedia-1041083055-CVR.webp\",\"width\":990,\"height\":660,\"caption\":\"Magdeleine Vallieres\"},{\"@type\":\"BreadcrumbList\",\"@id\":\"https:\/\/www.welovecycling.com\/wide\/2025\/09\/30\/the-legacy-of-the-2025-uci-womens-world-championships\/#breadcrumb\",\"itemListElement\":[{\"@type\":\"ListItem\",\"position\":1,\"name\":\"Home\",\"item\":\"https:\/\/www.welovecycling.com\/wide\/\"},{\"@type\":\"ListItem\",\"position\":2,\"name\":\"The Legacy of the 2025 UCI Women\u2019s World Championships\"}]},{\"@type\":\"WebSite\",\"@id\":\"https:\/\/www.welovecycling.com\/wide\/#website\",\"url\":\"https:\/\/www.welovecycling.com\/wide\/\",\"name\":\"\u0160koda We Love Cycling\",\"description\":\"\u0160koda We Love Cycling magazine\",\"alternateName\":\"\u0160koda WLC\",\"potentialAction\":[{\"@type\":\"SearchAction\",\"target\":{\"@type\":\"EntryPoint\",\"urlTemplate\":\"https:\/\/www.welovecycling.com\/wide\/?s={search_term_string}\"},\"query-input\":{\"@type\":\"PropertyValueSpecification\",\"valueRequired\":true,\"valueName\":\"search_term_string\"}}],\"inLanguage\":\"en-US\"},{\"@type\":\"Person\",\"@id\":\"https:\/\/www.welovecycling.com\/wide\/#\/schema\/person\/50f01ecd18718d2333cf72e823c4f926\",\"name\":\"tereza\",\"image\":{\"@type\":\"ImageObject\",\"inLanguage\":\"en-US\",\"@id\":\"https:\/\/www.welovecycling.com\/wide\/#\/schema\/person\/image\/\",\"url\":\"https:\/\/secure.gravatar.com\/avatar\/1f9eb71be33845f0afabce3791bc1c58ecdb0a25c62964987e5dbcf7a20d2ec7?s=96&d=mm&r=g\",\"contentUrl\":\"https:\/\/secure.gravatar.com\/avatar\/1f9eb71be33845f0afabce3791bc1c58ecdb0a25c62964987e5dbcf7a20d2ec7?s=96&d=mm&r=g\",\"caption\":\"tereza\"},\"url\":\"https:\/\/www.welovecycling.com\/wide\/author\/tereza\/\"}]}<\/script>\n<!-- \/ Yoast SEO Premium plugin. -->","yoast_head_json":{"title":"The Legacy of the 2025 UCI Women\u2019s World Championships - \u0160koda We Love Cycling","description":"When the 2025 UCI Road World Championships arrived in Kigali, Rwanda, it was clear that we were about to witness something special. It was the first time","robots":{"index":"index","follow":"follow","max-snippet":"max-snippet:-1","max-image-preview":"max-image-preview:large","max-video-preview":"max-video-preview:-1"},"canonical":"https:\/\/www.welovecycling.com\/wide\/2025\/09\/30\/the-legacy-of-the-2025-uci-womens-world-championships\/","og_locale":"en_US","og_type":"article","og_title":"The Legacy of the 2025 UCI Women\u2019s World Championships","og_description":"When the 2025 UCI Road World Championships arrived in Kigali, Rwanda, it was clear that we were about to witness something special. It was the first time","og_url":"https:\/\/www.welovecycling.com\/wide\/2025\/09\/30\/the-legacy-of-the-2025-uci-womens-world-championships\/","og_site_name":"\u0160koda We Love Cycling","article_published_time":"2025-09-30T09:50:55+00:00","article_modified_time":"2025-09-30T10:07:08+00:00","og_image":[{"width":990,"height":660,"url":"https:\/\/d2p6e6u75xmxt8.cloudfront.net\/2\/2025\/09\/Women-Elite-Kigali-Vallieres-profimedia-1041083055-CVR.webp","type":"image\/webp"}],"author":"tereza","twitter_card":"summary_large_image","twitter_misc":{"Written by":"Megan Flottorp","Est. reading time":"3"},"schema":{"@context":"https:\/\/schema.org","@graph":[{"@type":"WebPage","@id":"https:\/\/www.welovecycling.com\/wide\/2025\/09\/30\/the-legacy-of-the-2025-uci-womens-world-championships\/","url":"https:\/\/www.welovecycling.com\/wide\/2025\/09\/30\/the-legacy-of-the-2025-uci-womens-world-championships\/","name":"The Legacy of the 2025 UCI Women\u2019s World Championships - \u0160koda We Love Cycling","isPartOf":{"@id":"https:\/\/www.welovecycling.com\/wide\/#website"},"primaryImageOfPage":{"@id":"https:\/\/www.welovecycling.com\/wide\/2025\/09\/30\/the-legacy-of-the-2025-uci-womens-world-championships\/#primaryimage"},"image":{"@id":"https:\/\/www.welovecycling.com\/wide\/2025\/09\/30\/the-legacy-of-the-2025-uci-womens-world-championships\/#primaryimage"},"thumbnailUrl":"https:\/\/d2p6e6u75xmxt8.cloudfront.net\/2\/2025\/09\/Women-Elite-Kigali-Vallieres-profimedia-1041083055-CVR.webp","datePublished":"2025-09-30T09:50:55+00:00","dateModified":"2025-09-30T10:07:08+00:00","author":{"@id":"https:\/\/www.welovecycling.com\/wide\/#\/schema\/person\/50f01ecd18718d2333cf72e823c4f926"},"description":"When the 2025 UCI Road World Championships arrived in Kigali, Rwanda, it was clear that we were about to witness something special. It was the first time","breadcrumb":{"@id":"https:\/\/www.welovecycling.com\/wide\/2025\/09\/30\/the-legacy-of-the-2025-uci-womens-world-championships\/#breadcrumb"},"inLanguage":"en-US","potentialAction":[{"@type":"ReadAction","target":["https:\/\/www.welovecycling.com\/wide\/2025\/09\/30\/the-legacy-of-the-2025-uci-womens-world-championships\/"]}]},{"@type":"ImageObject","inLanguage":"en-US","@id":"https:\/\/www.welovecycling.com\/wide\/2025\/09\/30\/the-legacy-of-the-2025-uci-womens-world-championships\/#primaryimage","url":"https:\/\/d2p6e6u75xmxt8.cloudfront.net\/2\/2025\/09\/Women-Elite-Kigali-Vallieres-profimedia-1041083055-CVR.webp","contentUrl":"https:\/\/d2p6e6u75xmxt8.cloudfront.net\/2\/2025\/09\/Women-Elite-Kigali-Vallieres-profimedia-1041083055-CVR.webp","width":990,"height":660,"caption":"Magdeleine Vallieres"},{"@type":"BreadcrumbList","@id":"https:\/\/www.welovecycling.com\/wide\/2025\/09\/30\/the-legacy-of-the-2025-uci-womens-world-championships\/#breadcrumb","itemListElement":[{"@type":"ListItem","position":1,"name":"Home","item":"https:\/\/www.welovecycling.com\/wide\/"},{"@type":"ListItem","position":2,"name":"The Legacy of the 2025 UCI Women\u2019s World Championships"}]},{"@type":"WebSite","@id":"https:\/\/www.welovecycling.com\/wide\/#website","url":"https:\/\/www.welovecycling.com\/wide\/","name":"\u0160koda We Love Cycling","description":"\u0160koda We Love Cycling magazine","alternateName":"\u0160koda WLC","potentialAction":[{"@type":"SearchAction","target":{"@type":"EntryPoint","urlTemplate":"https:\/\/www.welovecycling.com\/wide\/?s={search_term_string}"},"query-input":{"@type":"PropertyValueSpecification","valueRequired":true,"valueName":"search_term_string"}}],"inLanguage":"en-US"},{"@type":"Person","@id":"https:\/\/www.welovecycling.com\/wide\/#\/schema\/person\/50f01ecd18718d2333cf72e823c4f926","name":"tereza","image":{"@type":"ImageObject","inLanguage":"en-US","@id":"https:\/\/www.welovecycling.com\/wide\/#\/schema\/person\/image\/","url":"https:\/\/secure.gravatar.com\/avatar\/1f9eb71be33845f0afabce3791bc1c58ecdb0a25c62964987e5dbcf7a20d2ec7?s=96&d=mm&r=g","contentUrl":"https:\/\/secure.gravatar.com\/avatar\/1f9eb71be33845f0afabce3791bc1c58ecdb0a25c62964987e5dbcf7a20d2ec7?s=96&d=mm&r=g","caption":"tereza"},"url":"https:\/\/www.welovecycling.com\/wide\/author\/tereza\/"}]}},"_links":{"self":[{"href":"https:\/\/www.welovecycling.com\/wide\/wp-json\/wp\/v2\/posts\/202946","targetHints":{"allow":["GET"]}}],"collection":[{"href":"https:\/\/www.welovecycling.com\/wide\/wp-json\/wp\/v2\/posts"}],"about":[{"href":"https:\/\/www.welovecycling.com\/wide\/wp-json\/wp\/v2\/types\/post"}],"author":[{"embeddable":true,"href":"https:\/\/www.welovecycling.com\/wide\/wp-json\/wp\/v2\/users\/99"}],"replies":[{"embeddable":true,"href":"https:\/\/www.welovecycling.com\/wide\/wp-json\/wp\/v2\/comments?post=202946"}],"version-history":[{"count":2,"href":"https:\/\/www.welovecycling.com\/wide\/wp-json\/wp\/v2\/posts\/202946\/revisions"}],"predecessor-version":[{"id":202949,"href":"https:\/\/www.welovecycling.com\/wide\/wp-json\/wp\/v2\/posts\/202946\/revisions\/202949"}],"wp:featuredmedia":[{"embeddable":true,"href":"https:\/\/www.welovecycling.com\/wide\/wp-json\/wp\/v2\/media\/202948"}],"wp:attachment":[{"href":"https:\/\/www.welovecycling.com\/wide\/wp-json\/wp\/v2\/media?parent=202946"}],"wp:term":[{"taxonomy":"category","embeddable":true,"href":"https:\/\/www.welovecycling.com\/wide\/wp-json\/wp\/v2\/categories?post=202946"},{"taxonomy":"post_tag","embeddable":true,"href":"https:\/\/www.welovecycling.com\/wide\/wp-json\/wp\/v2\/tags?post=202946"},{"taxonomy":"global-categories","embeddable":true,"href":"https:\/\/www.welovecycling.com\/wide\/wp-json\/wp\/v2\/global-categories?post=202946"}],"curies":[{"name":"wp","href":"https:\/\/api.w.org\/{rel}","templated":true}]}}