{"id":202937,"date":"2025-09-30T06:16:04","date_gmt":"2025-09-30T06:16:04","guid":{"rendered":"https:\/\/www.welovecycling.com\/wide\/?p=202937"},"modified":"2025-09-30T06:16:04","modified_gmt":"2025-09-30T06:16:04","slug":"lycra-layers-lies-dressing-for-a-ride-in-september","status":"publish","type":"post","link":"https:\/\/www.welovecycling.com\/wide\/2025\/09\/30\/lycra-layers-lies-dressing-for-a-ride-in-september\/","title":{"rendered":"Lycra, Layers &#038; Lies: Dressing for a Ride in September"},"content":{"rendered":"<p><strong>There\u2019s a moment. A quiet, chilly moment. You\u2019re standing in the doorway, bike ready, snacks packed, one arm in your jersey \u2014 and you&#8217;re just <em>staring<\/em> at the sky. It looks\u2026 grey? But not <em>mean<\/em> grey. Kind grey. A little damp around the edges. Possibly a liar. You check the weather app.<\/strong><\/p>\n<p><!--more--><\/p>\n<p>&#8220;Partly cloudy, 14\u00b0C, feels like 6\u00b0C, rising to 21\u00b0C, with possible wind, sun, fog, sleet and a small chance of meteorological betrayal.\u201d<\/p>\n<p>You sigh. You open your wardrobe. And you <a href=\"https:\/\/www.welovecycling.com\/wide\/2023\/03\/03\/expert-answers-your-winter-clothing-and-layering-questions\/\" target=\"_blank\" rel=\"noopener\">begin to layer.<\/a><\/p>\n<p>Welcome to September \u2014 cycling\u2019s most treacherous fashion season.<\/p>\n<h2><strong>The great layering lie<\/strong><\/h2>\n<p>Layering <em>sounds<\/em> smart. Practical. Scientific, even.<\/p>\n<p>Until you realise that you\u2019ve just wrapped yourself in \u20ac400 worth of breathable, sweat-wicking technical fabrics that now feel like a mobile sauna ten minutes into a climb.<\/p>\n<p>And yet, every September ride begins with someone declaring:<br \/>\n\u201cBetter to overdress than underdress.\u201d<\/p>\n<p>This is the biggest lie in cycling. Right after \u201cIt\u2019s a recovery ride\u201d and \u201cI\u2019m just getting into it.\u201d<\/p>\n<h2><strong>What you wear vs. what you regret<\/strong><\/h2>\n<table width=\"492\">\n<tbody>\n<tr>\n<td width=\"162\"><strong>You Wear<\/strong><\/td>\n<td width=\"216\"><strong>10 Mins In<\/strong><\/td>\n<td width=\"113\"><strong>Regret Level<\/strong><\/td>\n<\/tr>\n<tr>\n<td width=\"162\">Long-sleeve base layer<\/td>\n<td width=\"216\">You\u2019re boiling like a ravioli<\/td>\n<td width=\"113\">9\/10<\/td>\n<\/tr>\n<tr>\n<td width=\"162\">Gilet + arm warmers<\/td>\n<td width=\"216\">Removed and shoved in pocket<\/td>\n<td width=\"113\">7\/10<\/td>\n<\/tr>\n<tr>\n<td width=\"162\">Leg warmers<\/td>\n<td width=\"216\">Fall down immediately<\/td>\n<td width=\"113\">6\/10<\/td>\n<\/tr>\n<tr>\n<td width=\"162\">Short sleeves only<\/td>\n<td width=\"216\">Body temp = freezer burrito<\/td>\n<td width=\"113\">8\/10<\/td>\n<\/tr>\n<tr>\n<td width=\"162\">Rain cape<\/td>\n<td width=\"216\">No rain, 100% sweat<\/td>\n<td width=\"113\">11\/10<\/td>\n<\/tr>\n<tr>\n<td width=\"162\">Everything at once<\/td>\n<td width=\"216\">Michelin man vibes<\/td>\n<td width=\"113\">\u201cI hate myself\u201d<\/td>\n<\/tr>\n<\/tbody>\n<\/table>\n<p>The goal is <em>versatility<\/em>. The result is <em>a <\/em>slow strip-tease on the side of a country road while trying not to drop your gloves into a hedge.<\/p>\n<h2><strong>The morning-freeze-to-noon-sweat pipeline<\/strong><\/h2>\n<p>September rides follow a cruel pattern:<\/p>\n<ol>\n<li><strong>Start:<\/strong> You are a shivering husk, questioning why you ever took up this cursed sport.<\/li>\n<li><strong>Mid-ride:<\/strong> You\u2019re sweaty, cooking, squinting at the sun like it betrayed you personally.<\/li>\n<li><strong>Final 30 mins:<\/strong> The temperature drops again. You\u2019re wet. You\u2019re cold. Your body is steaming. You can <em>see<\/em> your breath. Your socks are sad.<\/li>\n<\/ol>\n<p>You finish the ride colder than you started and somehow still <em>too hot inside<\/em>. You are simultaneously a fire pit and a fridge.<\/p>\n<h2><strong>Dressing according to the group chat<\/strong><\/h2>\n<p>Never trust the group chat.<\/p>\n<p>\u201cI\u2019ll just wear a jersey, it\u2019s fine.\u201d<br \/>\n\u201cGuys, no layers. The sun\u2019s coming out.\u201d<br \/>\n\u201cIt\u2019s always warm on that climb.\u201d<\/p>\n<p>All lies. Every single one.<\/p>\n<p>These people will show up looking like alpine climbers. Or worse: they\u2019ll actually <em>be fine<\/em> while you descend like a shivering, caffeinated lizard in a mesh base layer.<\/p>\n<h2><strong>Advanced techniques for survival<\/strong><\/h2>\n<p><strong>The Pocket Stuff System\u2122<br \/>\n<\/strong>Wear minimal gear and shove five backup layers in your pockets like you&#8217;re moving house. Just don\u2019t crash \u2014 you\u2019ll explode like a technical fabric pi\u00f1ata.<\/p>\n<p><strong>The Sacrificial Layer<br \/>\n<\/strong>Start with an old gilet you <em>intend<\/em> to overheat in, then ditch it dramatically in a hedge halfway up a climb like a sweaty, Lycra-clad Cinderella.<\/p>\n<p><strong>The Committed Minimalist<br \/>\n<\/strong>No layers. No regrets. You <em>will<\/em> be cold. But your jersey will look sharp and your suffering will be <em>aesthetic<\/em>.<\/p>\n<p><strong>The \u201cI Brought a Backpack\u201d Guy<br \/>\n<\/strong>Don\u2019t be this person. We don\u2019t talk to this person. This person is living outside the code.<\/p>\n<h2><strong>Conclusion: fashion is pain, especially when it\u2019s weatherproof<\/strong><\/h2>\n<p>There is no perfect kit combo for a September ride.<br \/>\nYou will get it wrong. Everyone gets it wrong.<br \/>\nSome days you\u2019ll look like a <a href=\"https:\/\/www.rapha.cc\/gb\/en\">Rapha<\/a> model.<br \/>\nOther days you\u2019ll look like a soggy performance burrito taped together with arm warmers and denial.<\/p>\n<p>But you\u2019ll ride.<br \/>\nYou\u2019ll unzip, rezip, stuff, curse, freeze, and maybe \u2014 just maybe \u2014 get the layers right for 12 glorious minutes before the weather changes again.<\/p>\n<p>Because in the end, cycling isn\u2019t about comfort. It\u2019s about looking marginally fast while suffering stylishly.<\/p>\n","protected":false},"excerpt":{"rendered":"<p>There\u2019s a moment. A quiet, chilly moment. You\u2019re standing in the doorway, bike ready, snacks packed, one arm in your [&hellip;]<\/p>\n","protected":false},"author":99,"featured_media":202939,"comment_status":"closed","ping_status":"open","sticky":false,"template":"","format":"standard","meta":{"footnotes":""},"categories":[334],"tags":[2356,6077,2668,2876],"global-categories":[3366],"class_list":["post-202937","post","type-post","status-publish","format-standard","has-post-thumbnail","hentry","category-socialising-and-culture","tag-autumn-cycling","tag-cycling-base-layers","tag-cycling-fun","tag-cycling-wear","global-categories-cycling"],"yoast_head":"<!-- This site is optimized with the Yoast SEO Premium plugin v25.3 (Yoast SEO v25.9) - https:\/\/yoast.com\/wordpress\/plugins\/seo\/ -->\n<title>Lycra, Layers &amp; Lies: Dressing for a Ride in September - \u0160koda We Love Cycling<\/title>\n<meta name=\"description\" content=\"There\u2019s a moment. A quiet, chilly moment. You\u2019re standing in the doorway, bike ready, snacks packed, one arm in your jersey \u2014 and you&#039;re just staring at\" \/>\n<meta name=\"robots\" content=\"index, follow, max-snippet:-1, max-image-preview:large, max-video-preview:-1\" \/>\n<link rel=\"canonical\" href=\"https:\/\/www.welovecycling.com\/wide\/2025\/09\/30\/lycra-layers-lies-dressing-for-a-ride-in-september\/\" \/>\n<meta property=\"og:locale\" content=\"en_US\" \/>\n<meta property=\"og:type\" content=\"article\" \/>\n<meta property=\"og:title\" content=\"Lycra, Layers &amp; Lies: Dressing for a Ride in September\" \/>\n<meta property=\"og:description\" content=\"There\u2019s a moment. A quiet, chilly moment. You\u2019re standing in the doorway, bike ready, snacks packed, one arm in your jersey \u2014 and you&#039;re just staring at\" \/>\n<meta property=\"og:url\" content=\"https:\/\/www.welovecycling.com\/wide\/2025\/09\/30\/lycra-layers-lies-dressing-for-a-ride-in-september\/\" \/>\n<meta property=\"og:site_name\" content=\"\u0160koda We Love Cycling\" \/>\n<meta property=\"article:published_time\" content=\"2025-09-30T06:16:04+00:00\" \/>\n<meta property=\"og:image\" content=\"https:\/\/d2p6e6u75xmxt8.cloudfront.net\/2\/2025\/09\/Autumn-Cyclist-Fields-Nature-Storm-profimedia-1040878135-CVR.webp\" \/>\n\t<meta property=\"og:image:width\" content=\"990\" \/>\n\t<meta property=\"og:image:height\" content=\"660\" \/>\n\t<meta property=\"og:image:type\" content=\"image\/webp\" \/>\n<meta name=\"author\" content=\"tereza\" \/>\n<meta name=\"twitter:card\" content=\"summary_large_image\" \/>\n<meta name=\"twitter:label1\" content=\"Written by\" \/>\n\t<meta name=\"twitter:data1\" content=\"Monica Buck\" \/>\n\t<meta name=\"twitter:label2\" content=\"Est. reading time\" \/>\n\t<meta name=\"twitter:data2\" content=\"2\" \/>\n<script type=\"application\/ld+json\" class=\"yoast-schema-graph\">{\"@context\":\"https:\/\/schema.org\",\"@graph\":[{\"@type\":\"WebPage\",\"@id\":\"https:\/\/www.welovecycling.com\/wide\/2025\/09\/30\/lycra-layers-lies-dressing-for-a-ride-in-september\/\",\"url\":\"https:\/\/www.welovecycling.com\/wide\/2025\/09\/30\/lycra-layers-lies-dressing-for-a-ride-in-september\/\",\"name\":\"Lycra, Layers & Lies: Dressing for a Ride in September - \u0160koda We Love Cycling\",\"isPartOf\":{\"@id\":\"https:\/\/www.welovecycling.com\/wide\/#website\"},\"primaryImageOfPage\":{\"@id\":\"https:\/\/www.welovecycling.com\/wide\/2025\/09\/30\/lycra-layers-lies-dressing-for-a-ride-in-september\/#primaryimage\"},\"image\":{\"@id\":\"https:\/\/www.welovecycling.com\/wide\/2025\/09\/30\/lycra-layers-lies-dressing-for-a-ride-in-september\/#primaryimage\"},\"thumbnailUrl\":\"https:\/\/d2p6e6u75xmxt8.cloudfront.net\/2\/2025\/09\/Autumn-Cyclist-Fields-Nature-Storm-profimedia-1040878135-CVR.webp\",\"datePublished\":\"2025-09-30T06:16:04+00:00\",\"author\":{\"@id\":\"https:\/\/www.welovecycling.com\/wide\/#\/schema\/person\/50f01ecd18718d2333cf72e823c4f926\"},\"description\":\"There\u2019s a moment. A quiet, chilly moment. You\u2019re standing in the doorway, bike ready, snacks packed, one arm in your jersey \u2014 and you're just staring at\",\"breadcrumb\":{\"@id\":\"https:\/\/www.welovecycling.com\/wide\/2025\/09\/30\/lycra-layers-lies-dressing-for-a-ride-in-september\/#breadcrumb\"},\"inLanguage\":\"en-US\",\"potentialAction\":[{\"@type\":\"ReadAction\",\"target\":[\"https:\/\/www.welovecycling.com\/wide\/2025\/09\/30\/lycra-layers-lies-dressing-for-a-ride-in-september\/\"]}]},{\"@type\":\"ImageObject\",\"inLanguage\":\"en-US\",\"@id\":\"https:\/\/www.welovecycling.com\/wide\/2025\/09\/30\/lycra-layers-lies-dressing-for-a-ride-in-september\/#primaryimage\",\"url\":\"https:\/\/d2p6e6u75xmxt8.cloudfront.net\/2\/2025\/09\/Autumn-Cyclist-Fields-Nature-Storm-profimedia-1040878135-CVR.webp\",\"contentUrl\":\"https:\/\/d2p6e6u75xmxt8.cloudfront.net\/2\/2025\/09\/Autumn-Cyclist-Fields-Nature-Storm-profimedia-1040878135-CVR.webp\",\"width\":990,\"height\":660,\"caption\":\"Autumn Cycling\"},{\"@type\":\"BreadcrumbList\",\"@id\":\"https:\/\/www.welovecycling.com\/wide\/2025\/09\/30\/lycra-layers-lies-dressing-for-a-ride-in-september\/#breadcrumb\",\"itemListElement\":[{\"@type\":\"ListItem\",\"position\":1,\"name\":\"Home\",\"item\":\"https:\/\/www.welovecycling.com\/wide\/\"},{\"@type\":\"ListItem\",\"position\":2,\"name\":\"Lycra, Layers &#038; Lies: Dressing for a Ride in September\"}]},{\"@type\":\"WebSite\",\"@id\":\"https:\/\/www.welovecycling.com\/wide\/#website\",\"url\":\"https:\/\/www.welovecycling.com\/wide\/\",\"name\":\"\u0160koda We Love Cycling\",\"description\":\"\u0160koda We Love Cycling magazine\",\"alternateName\":\"\u0160koda WLC\",\"potentialAction\":[{\"@type\":\"SearchAction\",\"target\":{\"@type\":\"EntryPoint\",\"urlTemplate\":\"https:\/\/www.welovecycling.com\/wide\/?s={search_term_string}\"},\"query-input\":{\"@type\":\"PropertyValueSpecification\",\"valueRequired\":true,\"valueName\":\"search_term_string\"}}],\"inLanguage\":\"en-US\"},{\"@type\":\"Person\",\"@id\":\"https:\/\/www.welovecycling.com\/wide\/#\/schema\/person\/50f01ecd18718d2333cf72e823c4f926\",\"name\":\"tereza\",\"image\":{\"@type\":\"ImageObject\",\"inLanguage\":\"en-US\",\"@id\":\"https:\/\/www.welovecycling.com\/wide\/#\/schema\/person\/image\/\",\"url\":\"https:\/\/secure.gravatar.com\/avatar\/1f9eb71be33845f0afabce3791bc1c58ecdb0a25c62964987e5dbcf7a20d2ec7?s=96&d=mm&r=g\",\"contentUrl\":\"https:\/\/secure.gravatar.com\/avatar\/1f9eb71be33845f0afabce3791bc1c58ecdb0a25c62964987e5dbcf7a20d2ec7?s=96&d=mm&r=g\",\"caption\":\"tereza\"},\"url\":\"https:\/\/www.welovecycling.com\/wide\/author\/tereza\/\"}]}<\/script>\n<!-- \/ Yoast SEO Premium plugin. -->","yoast_head_json":{"title":"Lycra, Layers & Lies: Dressing for a Ride in September - \u0160koda We Love Cycling","description":"There\u2019s a moment. A quiet, chilly moment. You\u2019re standing in the doorway, bike ready, snacks packed, one arm in your jersey \u2014 and you're just staring at","robots":{"index":"index","follow":"follow","max-snippet":"max-snippet:-1","max-image-preview":"max-image-preview:large","max-video-preview":"max-video-preview:-1"},"canonical":"https:\/\/www.welovecycling.com\/wide\/2025\/09\/30\/lycra-layers-lies-dressing-for-a-ride-in-september\/","og_locale":"en_US","og_type":"article","og_title":"Lycra, Layers & Lies: Dressing for a Ride in September","og_description":"There\u2019s a moment. A quiet, chilly moment. You\u2019re standing in the doorway, bike ready, snacks packed, one arm in your jersey \u2014 and you're just staring at","og_url":"https:\/\/www.welovecycling.com\/wide\/2025\/09\/30\/lycra-layers-lies-dressing-for-a-ride-in-september\/","og_site_name":"\u0160koda We Love Cycling","article_published_time":"2025-09-30T06:16:04+00:00","og_image":[{"width":990,"height":660,"url":"https:\/\/d2p6e6u75xmxt8.cloudfront.net\/2\/2025\/09\/Autumn-Cyclist-Fields-Nature-Storm-profimedia-1040878135-CVR.webp","type":"image\/webp"}],"author":"tereza","twitter_card":"summary_large_image","twitter_misc":{"Written by":"Monica Buck","Est. reading time":"2"},"schema":{"@context":"https:\/\/schema.org","@graph":[{"@type":"WebPage","@id":"https:\/\/www.welovecycling.com\/wide\/2025\/09\/30\/lycra-layers-lies-dressing-for-a-ride-in-september\/","url":"https:\/\/www.welovecycling.com\/wide\/2025\/09\/30\/lycra-layers-lies-dressing-for-a-ride-in-september\/","name":"Lycra, Layers & Lies: Dressing for a Ride in September - \u0160koda We Love Cycling","isPartOf":{"@id":"https:\/\/www.welovecycling.com\/wide\/#website"},"primaryImageOfPage":{"@id":"https:\/\/www.welovecycling.com\/wide\/2025\/09\/30\/lycra-layers-lies-dressing-for-a-ride-in-september\/#primaryimage"},"image":{"@id":"https:\/\/www.welovecycling.com\/wide\/2025\/09\/30\/lycra-layers-lies-dressing-for-a-ride-in-september\/#primaryimage"},"thumbnailUrl":"https:\/\/d2p6e6u75xmxt8.cloudfront.net\/2\/2025\/09\/Autumn-Cyclist-Fields-Nature-Storm-profimedia-1040878135-CVR.webp","datePublished":"2025-09-30T06:16:04+00:00","author":{"@id":"https:\/\/www.welovecycling.com\/wide\/#\/schema\/person\/50f01ecd18718d2333cf72e823c4f926"},"description":"There\u2019s a moment. A quiet, chilly moment. You\u2019re standing in the doorway, bike ready, snacks packed, one arm in your jersey \u2014 and you're just staring at","breadcrumb":{"@id":"https:\/\/www.welovecycling.com\/wide\/2025\/09\/30\/lycra-layers-lies-dressing-for-a-ride-in-september\/#breadcrumb"},"inLanguage":"en-US","potentialAction":[{"@type":"ReadAction","target":["https:\/\/www.welovecycling.com\/wide\/2025\/09\/30\/lycra-layers-lies-dressing-for-a-ride-in-september\/"]}]},{"@type":"ImageObject","inLanguage":"en-US","@id":"https:\/\/www.welovecycling.com\/wide\/2025\/09\/30\/lycra-layers-lies-dressing-for-a-ride-in-september\/#primaryimage","url":"https:\/\/d2p6e6u75xmxt8.cloudfront.net\/2\/2025\/09\/Autumn-Cyclist-Fields-Nature-Storm-profimedia-1040878135-CVR.webp","contentUrl":"https:\/\/d2p6e6u75xmxt8.cloudfront.net\/2\/2025\/09\/Autumn-Cyclist-Fields-Nature-Storm-profimedia-1040878135-CVR.webp","width":990,"height":660,"caption":"Autumn Cycling"},{"@type":"BreadcrumbList","@id":"https:\/\/www.welovecycling.com\/wide\/2025\/09\/30\/lycra-layers-lies-dressing-for-a-ride-in-september\/#breadcrumb","itemListElement":[{"@type":"ListItem","position":1,"name":"Home","item":"https:\/\/www.welovecycling.com\/wide\/"},{"@type":"ListItem","position":2,"name":"Lycra, Layers &#038; Lies: Dressing for a Ride in September"}]},{"@type":"WebSite","@id":"https:\/\/www.welovecycling.com\/wide\/#website","url":"https:\/\/www.welovecycling.com\/wide\/","name":"\u0160koda We Love Cycling","description":"\u0160koda We Love Cycling magazine","alternateName":"\u0160koda WLC","potentialAction":[{"@type":"SearchAction","target":{"@type":"EntryPoint","urlTemplate":"https:\/\/www.welovecycling.com\/wide\/?s={search_term_string}"},"query-input":{"@type":"PropertyValueSpecification","valueRequired":true,"valueName":"search_term_string"}}],"inLanguage":"en-US"},{"@type":"Person","@id":"https:\/\/www.welovecycling.com\/wide\/#\/schema\/person\/50f01ecd18718d2333cf72e823c4f926","name":"tereza","image":{"@type":"ImageObject","inLanguage":"en-US","@id":"https:\/\/www.welovecycling.com\/wide\/#\/schema\/person\/image\/","url":"https:\/\/secure.gravatar.com\/avatar\/1f9eb71be33845f0afabce3791bc1c58ecdb0a25c62964987e5dbcf7a20d2ec7?s=96&d=mm&r=g","contentUrl":"https:\/\/secure.gravatar.com\/avatar\/1f9eb71be33845f0afabce3791bc1c58ecdb0a25c62964987e5dbcf7a20d2ec7?s=96&d=mm&r=g","caption":"tereza"},"url":"https:\/\/www.welovecycling.com\/wide\/author\/tereza\/"}]}},"_links":{"self":[{"href":"https:\/\/www.welovecycling.com\/wide\/wp-json\/wp\/v2\/posts\/202937","targetHints":{"allow":["GET"]}}],"collection":[{"href":"https:\/\/www.welovecycling.com\/wide\/wp-json\/wp\/v2\/posts"}],"about":[{"href":"https:\/\/www.welovecycling.com\/wide\/wp-json\/wp\/v2\/types\/post"}],"author":[{"embeddable":true,"href":"https:\/\/www.welovecycling.com\/wide\/wp-json\/wp\/v2\/users\/99"}],"replies":[{"embeddable":true,"href":"https:\/\/www.welovecycling.com\/wide\/wp-json\/wp\/v2\/comments?post=202937"}],"version-history":[{"count":2,"href":"https:\/\/www.welovecycling.com\/wide\/wp-json\/wp\/v2\/posts\/202937\/revisions"}],"predecessor-version":[{"id":202940,"href":"https:\/\/www.welovecycling.com\/wide\/wp-json\/wp\/v2\/posts\/202937\/revisions\/202940"}],"wp:featuredmedia":[{"embeddable":true,"href":"https:\/\/www.welovecycling.com\/wide\/wp-json\/wp\/v2\/media\/202939"}],"wp:attachment":[{"href":"https:\/\/www.welovecycling.com\/wide\/wp-json\/wp\/v2\/media?parent=202937"}],"wp:term":[{"taxonomy":"category","embeddable":true,"href":"https:\/\/www.welovecycling.com\/wide\/wp-json\/wp\/v2\/categories?post=202937"},{"taxonomy":"post_tag","embeddable":true,"href":"https:\/\/www.welovecycling.com\/wide\/wp-json\/wp\/v2\/tags?post=202937"},{"taxonomy":"global-categories","embeddable":true,"href":"https:\/\/www.welovecycling.com\/wide\/wp-json\/wp\/v2\/global-categories?post=202937"}],"curies":[{"name":"wp","href":"https:\/\/api.w.org\/{rel}","templated":true}]}}