{"id":202718,"date":"2025-09-26T11:31:13","date_gmt":"2025-09-26T11:31:13","guid":{"rendered":"https:\/\/www.welovecycling.com\/wide\/?p=202718"},"modified":"2025-09-26T11:31:13","modified_gmt":"2025-09-26T11:31:13","slug":"reusser-saves-swiss-medal-as-australia-again-wins-mixed-relay-itt-world-championship","status":"publish","type":"post","link":"https:\/\/www.welovecycling.com\/wide\/2025\/09\/26\/reusser-saves-swiss-medal-as-australia-again-wins-mixed-relay-itt-world-championship\/","title":{"rendered":"Reusser Saves Swiss Medal as Australia Again Wins Mixed Relay ITT World Championship"},"content":{"rendered":"<p><strong>The final climb of the time trials in the UCI World Championships in Kigali didn\u2019t cause any significant mechanical issues on its long stretch of bone-rattling cobblestones, as I had feared, but the C\u00f4te de Kimihurura (1.3 km @ 6.3%), did prove decisive in many of the races.<\/strong><\/p>\n<p><!--more--><\/p>\n<h2><strong>A near-disaster<\/strong><\/h2>\n<p>Ironically, the most dramatic mechanical of the event so far occurred on a stretch of smooth asphalt about halfway through the final lap of Wednesday\u2019s mixed relay race, when newly crowned <a href=\"https:\/\/www.uci.org\/race-hub\/2025-uci-road-world-championships\/6mudIa1JhbCA24Eboefk5M?tab=women-elite-itt0\">Elite Women\u2019s ITT<\/a> world champion Marlen Reusser\u2019s bike broke down. She tried several times to make it work, but was finally forced to change bikes. By that time, she was several hundred meters behind her teammates. This had the potential for absolute disaster because the final time of the time trial races is taken when the second of the three riders crosses the finish line.<\/p>\n<p>But amazingly, she made her way back to her teammates at the foot of the Kimihurura, and just a little later, her teammate Jasmin Liechti\u00a0ran out of gas on the cobbles. Reusser and Noemi R\u00fcegg powered up the climb and managed to save the bronze medal, 10 seconds behind winners Australia, who won their second title in a row, and 5 seconds behind France. Teammate Stefan K\u00fcng was certain that the mechanical cost Switzerland the title.<\/p>\n<p>\u201cIt&#8217;s very unfortunate,\u201d he said. \u201cMarlen didn&#8217;t want to put it in numbers, but I am pretty sure the title was lost there. But with ifs and what ifs, we would have been world champions more times already. It&#8217;s part of the sport, it&#8217;s part of the game, and we are happy for the others. They deserve it, and we did the best we could today.\u201d<\/p>\n<p>Reusser was able to joke about, telling journalists: \u201cWe planned this yesterday, and we said, &#8216;You two go and then I go myself and then we catch up and then you two go&#8217;. It was a masterclass.\u201d Then, more seriously, she added, \u201cI think it&#8217;s hard to judge in this moment what to do, make the right decisions, and now, afterwards, we can discuss and be super smart. But sometimes it&#8217;s more about making experiences, and later, you are always super smart, so we are for sure going to discuss it and find better solutions.\u201d<\/p>\n<p>The winning team was comprised of Michael Matthews, Luke Plapp, Jay Vine, Amanda Spratt, Brodie Chapman, and Felicity Wilson-Haffenden. The Aussie men gave the women a lead of 33 seconds over France, but\u00a0Cedrine Kerbaol, Juliette Labous, and Maeva Squiban rode a fantastic race, and it took a big effort by Spratt and Chapman on the Kimihurura to save the gold.<\/p>\n<blockquote class=\"instagram-media\" style=\"background: #FFF; border: 0; border-radius: 3px; box-shadow: 0 0 1px 0 rgba(0,0,0,0.5),0 1px 10px 0 rgba(0,0,0,0.15); margin: 1px; max-width: 540px; min-width: 326px; padding: 0; width: calc(100% - 2px);\" data-instgrm-captioned=\"\" data-instgrm-permalink=\"https:\/\/www.instagram.com\/p\/DPA64ymigAl\/?utm_source=ig_embed&amp;utm_campaign=loading\" data-instgrm-version=\"14\">\n<div style=\"padding: 16px;\">\n<p>&nbsp;<\/p>\n<div style=\"display: flex; flex-direction: row; align-items: center;\">\n<div style=\"background-color: #f4f4f4; border-radius: 50%; flex-grow: 0; height: 40px; margin-right: 14px; width: 40px;\"><\/div>\n<div style=\"display: flex; flex-direction: column; flex-grow: 1; justify-content: center;\">\n<div style=\"background-color: #f4f4f4; border-radius: 4px; flex-grow: 0; height: 14px; margin-bottom: 6px; width: 100px;\"><\/div>\n<div style=\"background-color: #f4f4f4; border-radius: 4px; flex-grow: 0; height: 14px; width: 60px;\"><\/div>\n<\/div>\n<\/div>\n<div style=\"padding: 19% 0;\"><\/div>\n<div style=\"display: block; height: 50px; margin: 0 auto 12px; width: 50px;\"><\/div>\n<div style=\"padding-top: 8px;\">\n<div style=\"color: #3897f0; font-family: Arial,sans-serif; font-size: 14px; font-style: normal; font-weight: 550; line-height: 18px;\">Zobrazit p\u0159\u00edsp\u011bvek na Instagramu<\/div>\n<\/div>\n<div style=\"padding: 12.5% 0;\"><\/div>\n<div style=\"display: flex; flex-direction: row; margin-bottom: 14px; align-items: center;\">\n<div>\n<div style=\"background-color: #f4f4f4; border-radius: 50%; height: 12.5px; width: 12.5px; transform: translateX(0px) translateY(7px);\"><\/div>\n<div style=\"background-color: #f4f4f4; height: 12.5px; transform: rotate(-45deg) translateX(3px) translateY(1px); width: 12.5px; flex-grow: 0; margin-right: 14px; margin-left: 2px;\"><\/div>\n<div style=\"background-color: #f4f4f4; border-radius: 50%; height: 12.5px; width: 12.5px; transform: translateX(9px) translateY(-18px);\"><\/div>\n<\/div>\n<div style=\"margin-left: 8px;\">\n<div style=\"background-color: #f4f4f4; border-radius: 50%; flex-grow: 0; height: 20px; width: 20px;\"><\/div>\n<div style=\"width: 0; height: 0; border-top: 2px solid transparent; border-left: 6px solid #f4f4f4; border-bottom: 2px solid transparent; transform: translateX(16px) translateY(-4px) rotate(30deg);\"><\/div>\n<\/div>\n<div style=\"margin-left: auto;\">\n<div style=\"width: 0px; border-top: 8px solid #F4F4F4; border-right: 8px solid transparent; transform: translateY(16px);\"><\/div>\n<div style=\"background-color: #f4f4f4; flex-grow: 0; height: 12px; width: 16px; transform: translateY(-4px);\"><\/div>\n<div style=\"width: 0; height: 0; border-top: 8px solid #F4F4F4; border-left: 8px solid transparent; transform: translateY(-4px) translateX(8px);\"><\/div>\n<\/div>\n<\/div>\n<div style=\"display: flex; flex-direction: column; flex-grow: 1; justify-content: center; margin-bottom: 24px;\">\n<div style=\"background-color: #f4f4f4; border-radius: 4px; flex-grow: 0; height: 14px; margin-bottom: 6px; width: 224px;\"><\/div>\n<div style=\"background-color: #f4f4f4; border-radius: 4px; flex-grow: 0; height: 14px; width: 144px;\"><\/div>\n<\/div>\n<p>&nbsp;<\/p>\n<p style=\"color: #c9c8cd; font-family: Arial,sans-serif; font-size: 14px; line-height: 17px; margin-bottom: 0; margin-top: 8px; overflow: hidden; padding: 8px 0 7px; text-align: center; text-overflow: ellipsis; white-space: nowrap;\"><a style=\"color: #c9c8cd; font-family: Arial,sans-serif; font-size: 14px; font-style: normal; font-weight: normal; line-height: 17px; text-decoration: none;\" href=\"https:\/\/www.instagram.com\/p\/DPA64ymigAl\/?utm_source=ig_embed&amp;utm_campaign=loading\" target=\"_blank\" rel=\"noopener\">P\u0159\u00edsp\u011bvek sd\u00edlen\u00fd UCI (@uci_cycling)<\/a><\/p>\n<\/div>\n<\/blockquote>\n<h2><script async src=\"\/\/www.instagram.com\/embed.js\"><\/script><strong>U23 domination<\/strong><\/h2>\n<p>The devilish aspect of that final climb is that it\u2019s not actually the final climb. Riders come to the top and then have a brief chance to rest before two short rises, coming close together, test their tired legs. You can sometimes hear the riders scream in their heads on the final 250 meters of the course.<\/p>\n<p>Fortunately for them, the winners of the men\u2019s and women\u2019s U23 ITT world championships didn\u2019t need that final climb and its diabolical aftermath to dominate their races. Sweden\u2019s Jakob S\u00f6derqvist and Britain\u2019s Zoe B\u00e4ckstedt were heads and shoulders above their rivals in their respective races, leading at each timing point and stretching their leads over the entire course.<\/p>\n<p>The 22-year-old S\u00f6derqvist finished 1:04 ahead of New Zealand\u2019s Nate Pringle, with French rider Maxime Decomble losing silver by a mere 0.17, less than a fifth of a second. That was the only drama of the race. As Decomble laboured over those final two bumps in the road, he seemed to have a good chance of catching the Kiwi. But he apparently misjudged the finish line and stopped pedalling about a foot too early.<\/p>\n<p>This was S\u00f6derqvist\u2019s final race as a U23; he will be riding with Lidl-Trek\u2019s WorldTour team next year.<\/p>\n<p>In Monday\u2019s women\u2019s race, the 20-year-old B\u00e4ckstedt \u2013 the British champion and a former junior world champion in the discipline \u2013 took 30:56 to cover the brutal 22.6 km course, winning by 1:50 over the very impressive (read below to find out why) 18-year-old Vikt\u00f3ria Chlado\u0148ov\u00e1 of Slovakia. That is a gap of Evenepolian dimension. Italy\u2019s Federica Venturelli won bronze at 2:11.<\/p>\n<p>\u201cIt means a lot,\u201d B\u00e4ckstedt said. \u201cHopefully, next time, I can try out for the elites.\u201d<\/p>\n<h2><strong>A French win and an amazing also-ran<\/strong><\/h2>\n<p>I know it\u2019s wildly premature to speak of the future potential of an 18-year-old cyclist, because so much can go wrong or a rider can hit their peak early and never progress much \u2013 but, boy, am I looking forward to seeing Chlado\u0148ov\u00e1 ride on the WorldTour. Three days after winning silver in the ITT, the youngest rider in the race won silver in Thursday\u2019s U23 road race world championship, understandably running out of gas as 19-year-old C\u00e9lia Gery of France powered past her just after the final rise. Chlado\u0148ov\u00e1 finished 2 seconds adrift, while Spain\u2019s Paula Biasi finished third, at 0:12.<\/p>\n<p>If this race is anything to go by, the Elite Men\u2019s and Women\u2019s road races should be real corkers. There were numerous attacks over the last two of seven laps \u2013 yes, they climbed the Kimihurura seven times \u2013 with the young Slovakian being the most active protagonist. But every time she broke away, Gery was on her wheel as the two youngsters fought a thrilling battle. But on the final ascent of the Kimihurura, Gery\u2019s teammate Marion Bunel took charge of the lead group and charged up the ascent at full power, emptying the tank and surely riding on fumes over the final rise, where her compatriot took over.<\/p>\n<p>\u201cIt&#8217;s unbelievable,\u201d Gery said after winning the first-ever standalone U23 women\u2019s world championship road race. Previously, it had been part of the Elite Women\u2019s race. \u201cIt was a long time waiting, but it&#8217;s amazing. It was a masterpiece for the team. There [were] only three of us, but we managed to race perfectly. We had three very strong girls, and Marion was amazing at the finish.\u201d<\/p>\n<p>Chlado\u0148ov\u00e1 was rightfully delighted by her performance, saying: \u201cI think the French team had a really good tactic, and when [Marion] attacked, I tried to follow.\u00a0C\u00e9lia\u00a0was behind me, and we had a gap [on the pursuers], so I was happy that we had a gap. In the last few hundred meters, I think Marion from the French team gave everything for C\u00e9lia. I&#8217;m also super happy that I was in the situation because it secured me a medal.\u201d Another medal, she should have said.<\/p>\n<p>This has been a thrilling <a href=\"https:\/\/ucikigali2025.rw\/\">World Championships<\/a> so far, testing athletes to their limits, and beyond, and showcasing some wonderful young talents. But the best, hopefully, is still to come.<\/p>\n","protected":false},"excerpt":{"rendered":"<p>The final climb of the time trials in the UCI World Championships in Kigali didn\u2019t cause any significant mechanical issues [&hellip;]<\/p>\n","protected":false},"author":99,"featured_media":202719,"comment_status":"closed","ping_status":"open","sticky":false,"template":"","format":"standard","meta":{"footnotes":""},"categories":[329],"tags":[8503,8504,8693,8678,5518,5664,8694,6079],"global-categories":[3366],"class_list":["post-202718","post","type-post","status-publish","format-standard","has-post-thumbnail","hentry","category-road-cycling","tag-2025-uci-road-world-championships","tag-2025-uci-road-world-championships-rwanda","tag-jakob-soderqvist","tag-kigali-2025","tag-marlen-reusser","tag-uci-world-championships","tag-viktoria-chladonova","tag-zoe-backstedt","global-categories-cycling"],"yoast_head":"<!-- This site is optimized with the Yoast SEO Premium plugin v25.3 (Yoast SEO v25.9) - https:\/\/yoast.com\/wordpress\/plugins\/seo\/ -->\n<title>Reusser Saves Swiss Medal as Australia Again Wins Mixed Relay ITT World Championship - \u0160koda We Love Cycling<\/title>\n<meta name=\"description\" content=\"The final climb of the time trials in the UCI World Championships in Kigali didn\u2019t cause any significant mechanical issues on its long stretch of\" \/>\n<meta name=\"robots\" content=\"index, follow, max-snippet:-1, max-image-preview:large, max-video-preview:-1\" \/>\n<link rel=\"canonical\" href=\"https:\/\/www.welovecycling.com\/wide\/2025\/09\/26\/reusser-saves-swiss-medal-as-australia-again-wins-mixed-relay-itt-world-championship\/\" \/>\n<meta property=\"og:locale\" content=\"en_US\" \/>\n<meta property=\"og:type\" content=\"article\" \/>\n<meta property=\"og:title\" content=\"Reusser Saves Swiss Medal as Australia Again Wins Mixed Relay ITT World Championship\" \/>\n<meta property=\"og:description\" content=\"The final climb of the time trials in the UCI World Championships in Kigali didn\u2019t cause any significant mechanical issues on its long stretch of\" \/>\n<meta property=\"og:url\" content=\"https:\/\/www.welovecycling.com\/wide\/2025\/09\/26\/reusser-saves-swiss-medal-as-australia-again-wins-mixed-relay-itt-world-championship\/\" \/>\n<meta property=\"og:site_name\" content=\"\u0160koda We Love Cycling\" \/>\n<meta property=\"article:published_time\" content=\"2025-09-26T11:31:13+00:00\" \/>\n<meta property=\"og:image\" content=\"https:\/\/d2p6e6u75xmxt8.cloudfront.net\/2\/2025\/09\/Marlen-Reusser-Kigali-ITT-profimedia-1039891278-CVR.webp\" \/>\n\t<meta property=\"og:image:width\" content=\"990\" \/>\n\t<meta property=\"og:image:height\" content=\"660\" \/>\n\t<meta property=\"og:image:type\" content=\"image\/webp\" \/>\n<meta name=\"author\" content=\"tereza\" \/>\n<meta name=\"twitter:card\" content=\"summary_large_image\" \/>\n<meta name=\"twitter:label1\" content=\"Written by\" \/>\n\t<meta name=\"twitter:data1\" content=\"Siegfried Mortkowitz\" \/>\n\t<meta name=\"twitter:label2\" content=\"Est. reading time\" \/>\n\t<meta name=\"twitter:data2\" content=\"3\" \/>\n<script type=\"application\/ld+json\" class=\"yoast-schema-graph\">{\"@context\":\"https:\/\/schema.org\",\"@graph\":[{\"@type\":\"WebPage\",\"@id\":\"https:\/\/www.welovecycling.com\/wide\/2025\/09\/26\/reusser-saves-swiss-medal-as-australia-again-wins-mixed-relay-itt-world-championship\/\",\"url\":\"https:\/\/www.welovecycling.com\/wide\/2025\/09\/26\/reusser-saves-swiss-medal-as-australia-again-wins-mixed-relay-itt-world-championship\/\",\"name\":\"Reusser Saves Swiss Medal as Australia Again Wins Mixed Relay ITT World Championship - \u0160koda We Love Cycling\",\"isPartOf\":{\"@id\":\"https:\/\/www.welovecycling.com\/wide\/#website\"},\"primaryImageOfPage\":{\"@id\":\"https:\/\/www.welovecycling.com\/wide\/2025\/09\/26\/reusser-saves-swiss-medal-as-australia-again-wins-mixed-relay-itt-world-championship\/#primaryimage\"},\"image\":{\"@id\":\"https:\/\/www.welovecycling.com\/wide\/2025\/09\/26\/reusser-saves-swiss-medal-as-australia-again-wins-mixed-relay-itt-world-championship\/#primaryimage\"},\"thumbnailUrl\":\"https:\/\/d2p6e6u75xmxt8.cloudfront.net\/2\/2025\/09\/Marlen-Reusser-Kigali-ITT-profimedia-1039891278-CVR.webp\",\"datePublished\":\"2025-09-26T11:31:13+00:00\",\"author\":{\"@id\":\"https:\/\/www.welovecycling.com\/wide\/#\/schema\/person\/50f01ecd18718d2333cf72e823c4f926\"},\"description\":\"The final climb of the time trials in the UCI World Championships in Kigali didn\u2019t cause any significant mechanical issues on its long stretch of\",\"breadcrumb\":{\"@id\":\"https:\/\/www.welovecycling.com\/wide\/2025\/09\/26\/reusser-saves-swiss-medal-as-australia-again-wins-mixed-relay-itt-world-championship\/#breadcrumb\"},\"inLanguage\":\"en-US\",\"potentialAction\":[{\"@type\":\"ReadAction\",\"target\":[\"https:\/\/www.welovecycling.com\/wide\/2025\/09\/26\/reusser-saves-swiss-medal-as-australia-again-wins-mixed-relay-itt-world-championship\/\"]}]},{\"@type\":\"ImageObject\",\"inLanguage\":\"en-US\",\"@id\":\"https:\/\/www.welovecycling.com\/wide\/2025\/09\/26\/reusser-saves-swiss-medal-as-australia-again-wins-mixed-relay-itt-world-championship\/#primaryimage\",\"url\":\"https:\/\/d2p6e6u75xmxt8.cloudfront.net\/2\/2025\/09\/Marlen-Reusser-Kigali-ITT-profimedia-1039891278-CVR.webp\",\"contentUrl\":\"https:\/\/d2p6e6u75xmxt8.cloudfront.net\/2\/2025\/09\/Marlen-Reusser-Kigali-ITT-profimedia-1039891278-CVR.webp\",\"width\":990,\"height\":660,\"caption\":\"Marlen Reusser\"},{\"@type\":\"BreadcrumbList\",\"@id\":\"https:\/\/www.welovecycling.com\/wide\/2025\/09\/26\/reusser-saves-swiss-medal-as-australia-again-wins-mixed-relay-itt-world-championship\/#breadcrumb\",\"itemListElement\":[{\"@type\":\"ListItem\",\"position\":1,\"name\":\"Home\",\"item\":\"https:\/\/www.welovecycling.com\/wide\/\"},{\"@type\":\"ListItem\",\"position\":2,\"name\":\"Reusser Saves Swiss Medal as Australia Again Wins Mixed Relay ITT World Championship\"}]},{\"@type\":\"WebSite\",\"@id\":\"https:\/\/www.welovecycling.com\/wide\/#website\",\"url\":\"https:\/\/www.welovecycling.com\/wide\/\",\"name\":\"\u0160koda We Love Cycling\",\"description\":\"\u0160koda We Love Cycling magazine\",\"alternateName\":\"\u0160koda WLC\",\"potentialAction\":[{\"@type\":\"SearchAction\",\"target\":{\"@type\":\"EntryPoint\",\"urlTemplate\":\"https:\/\/www.welovecycling.com\/wide\/?s={search_term_string}\"},\"query-input\":{\"@type\":\"PropertyValueSpecification\",\"valueRequired\":true,\"valueName\":\"search_term_string\"}}],\"inLanguage\":\"en-US\"},{\"@type\":\"Person\",\"@id\":\"https:\/\/www.welovecycling.com\/wide\/#\/schema\/person\/50f01ecd18718d2333cf72e823c4f926\",\"name\":\"tereza\",\"image\":{\"@type\":\"ImageObject\",\"inLanguage\":\"en-US\",\"@id\":\"https:\/\/www.welovecycling.com\/wide\/#\/schema\/person\/image\/\",\"url\":\"https:\/\/secure.gravatar.com\/avatar\/1f9eb71be33845f0afabce3791bc1c58ecdb0a25c62964987e5dbcf7a20d2ec7?s=96&d=mm&r=g\",\"contentUrl\":\"https:\/\/secure.gravatar.com\/avatar\/1f9eb71be33845f0afabce3791bc1c58ecdb0a25c62964987e5dbcf7a20d2ec7?s=96&d=mm&r=g\",\"caption\":\"tereza\"},\"url\":\"https:\/\/www.welovecycling.com\/wide\/author\/tereza\/\"}]}<\/script>\n<!-- \/ Yoast SEO Premium plugin. -->","yoast_head_json":{"title":"Reusser Saves Swiss Medal as Australia Again Wins Mixed Relay ITT World Championship - \u0160koda We Love Cycling","description":"The final climb of the time trials in the UCI World Championships in Kigali didn\u2019t cause any significant mechanical issues on its long stretch of","robots":{"index":"index","follow":"follow","max-snippet":"max-snippet:-1","max-image-preview":"max-image-preview:large","max-video-preview":"max-video-preview:-1"},"canonical":"https:\/\/www.welovecycling.com\/wide\/2025\/09\/26\/reusser-saves-swiss-medal-as-australia-again-wins-mixed-relay-itt-world-championship\/","og_locale":"en_US","og_type":"article","og_title":"Reusser Saves Swiss Medal as Australia Again Wins Mixed Relay ITT World Championship","og_description":"The final climb of the time trials in the UCI World Championships in Kigali didn\u2019t cause any significant mechanical issues on its long stretch of","og_url":"https:\/\/www.welovecycling.com\/wide\/2025\/09\/26\/reusser-saves-swiss-medal-as-australia-again-wins-mixed-relay-itt-world-championship\/","og_site_name":"\u0160koda We Love Cycling","article_published_time":"2025-09-26T11:31:13+00:00","og_image":[{"width":990,"height":660,"url":"https:\/\/d2p6e6u75xmxt8.cloudfront.net\/2\/2025\/09\/Marlen-Reusser-Kigali-ITT-profimedia-1039891278-CVR.webp","type":"image\/webp"}],"author":"tereza","twitter_card":"summary_large_image","twitter_misc":{"Written by":"Siegfried Mortkowitz","Est. reading time":"3"},"schema":{"@context":"https:\/\/schema.org","@graph":[{"@type":"WebPage","@id":"https:\/\/www.welovecycling.com\/wide\/2025\/09\/26\/reusser-saves-swiss-medal-as-australia-again-wins-mixed-relay-itt-world-championship\/","url":"https:\/\/www.welovecycling.com\/wide\/2025\/09\/26\/reusser-saves-swiss-medal-as-australia-again-wins-mixed-relay-itt-world-championship\/","name":"Reusser Saves Swiss Medal as Australia Again Wins Mixed Relay ITT World Championship - \u0160koda We Love Cycling","isPartOf":{"@id":"https:\/\/www.welovecycling.com\/wide\/#website"},"primaryImageOfPage":{"@id":"https:\/\/www.welovecycling.com\/wide\/2025\/09\/26\/reusser-saves-swiss-medal-as-australia-again-wins-mixed-relay-itt-world-championship\/#primaryimage"},"image":{"@id":"https:\/\/www.welovecycling.com\/wide\/2025\/09\/26\/reusser-saves-swiss-medal-as-australia-again-wins-mixed-relay-itt-world-championship\/#primaryimage"},"thumbnailUrl":"https:\/\/d2p6e6u75xmxt8.cloudfront.net\/2\/2025\/09\/Marlen-Reusser-Kigali-ITT-profimedia-1039891278-CVR.webp","datePublished":"2025-09-26T11:31:13+00:00","author":{"@id":"https:\/\/www.welovecycling.com\/wide\/#\/schema\/person\/50f01ecd18718d2333cf72e823c4f926"},"description":"The final climb of the time trials in the UCI World Championships in Kigali didn\u2019t cause any significant mechanical issues on its long stretch of","breadcrumb":{"@id":"https:\/\/www.welovecycling.com\/wide\/2025\/09\/26\/reusser-saves-swiss-medal-as-australia-again-wins-mixed-relay-itt-world-championship\/#breadcrumb"},"inLanguage":"en-US","potentialAction":[{"@type":"ReadAction","target":["https:\/\/www.welovecycling.com\/wide\/2025\/09\/26\/reusser-saves-swiss-medal-as-australia-again-wins-mixed-relay-itt-world-championship\/"]}]},{"@type":"ImageObject","inLanguage":"en-US","@id":"https:\/\/www.welovecycling.com\/wide\/2025\/09\/26\/reusser-saves-swiss-medal-as-australia-again-wins-mixed-relay-itt-world-championship\/#primaryimage","url":"https:\/\/d2p6e6u75xmxt8.cloudfront.net\/2\/2025\/09\/Marlen-Reusser-Kigali-ITT-profimedia-1039891278-CVR.webp","contentUrl":"https:\/\/d2p6e6u75xmxt8.cloudfront.net\/2\/2025\/09\/Marlen-Reusser-Kigali-ITT-profimedia-1039891278-CVR.webp","width":990,"height":660,"caption":"Marlen Reusser"},{"@type":"BreadcrumbList","@id":"https:\/\/www.welovecycling.com\/wide\/2025\/09\/26\/reusser-saves-swiss-medal-as-australia-again-wins-mixed-relay-itt-world-championship\/#breadcrumb","itemListElement":[{"@type":"ListItem","position":1,"name":"Home","item":"https:\/\/www.welovecycling.com\/wide\/"},{"@type":"ListItem","position":2,"name":"Reusser Saves Swiss Medal as Australia Again Wins Mixed Relay ITT World Championship"}]},{"@type":"WebSite","@id":"https:\/\/www.welovecycling.com\/wide\/#website","url":"https:\/\/www.welovecycling.com\/wide\/","name":"\u0160koda We Love Cycling","description":"\u0160koda We Love Cycling magazine","alternateName":"\u0160koda WLC","potentialAction":[{"@type":"SearchAction","target":{"@type":"EntryPoint","urlTemplate":"https:\/\/www.welovecycling.com\/wide\/?s={search_term_string}"},"query-input":{"@type":"PropertyValueSpecification","valueRequired":true,"valueName":"search_term_string"}}],"inLanguage":"en-US"},{"@type":"Person","@id":"https:\/\/www.welovecycling.com\/wide\/#\/schema\/person\/50f01ecd18718d2333cf72e823c4f926","name":"tereza","image":{"@type":"ImageObject","inLanguage":"en-US","@id":"https:\/\/www.welovecycling.com\/wide\/#\/schema\/person\/image\/","url":"https:\/\/secure.gravatar.com\/avatar\/1f9eb71be33845f0afabce3791bc1c58ecdb0a25c62964987e5dbcf7a20d2ec7?s=96&d=mm&r=g","contentUrl":"https:\/\/secure.gravatar.com\/avatar\/1f9eb71be33845f0afabce3791bc1c58ecdb0a25c62964987e5dbcf7a20d2ec7?s=96&d=mm&r=g","caption":"tereza"},"url":"https:\/\/www.welovecycling.com\/wide\/author\/tereza\/"}]}},"_links":{"self":[{"href":"https:\/\/www.welovecycling.com\/wide\/wp-json\/wp\/v2\/posts\/202718","targetHints":{"allow":["GET"]}}],"collection":[{"href":"https:\/\/www.welovecycling.com\/wide\/wp-json\/wp\/v2\/posts"}],"about":[{"href":"https:\/\/www.welovecycling.com\/wide\/wp-json\/wp\/v2\/types\/post"}],"author":[{"embeddable":true,"href":"https:\/\/www.welovecycling.com\/wide\/wp-json\/wp\/v2\/users\/99"}],"replies":[{"embeddable":true,"href":"https:\/\/www.welovecycling.com\/wide\/wp-json\/wp\/v2\/comments?post=202718"}],"version-history":[{"count":2,"href":"https:\/\/www.welovecycling.com\/wide\/wp-json\/wp\/v2\/posts\/202718\/revisions"}],"predecessor-version":[{"id":202721,"href":"https:\/\/www.welovecycling.com\/wide\/wp-json\/wp\/v2\/posts\/202718\/revisions\/202721"}],"wp:featuredmedia":[{"embeddable":true,"href":"https:\/\/www.welovecycling.com\/wide\/wp-json\/wp\/v2\/media\/202719"}],"wp:attachment":[{"href":"https:\/\/www.welovecycling.com\/wide\/wp-json\/wp\/v2\/media?parent=202718"}],"wp:term":[{"taxonomy":"category","embeddable":true,"href":"https:\/\/www.welovecycling.com\/wide\/wp-json\/wp\/v2\/categories?post=202718"},{"taxonomy":"post_tag","embeddable":true,"href":"https:\/\/www.welovecycling.com\/wide\/wp-json\/wp\/v2\/tags?post=202718"},{"taxonomy":"global-categories","embeddable":true,"href":"https:\/\/www.welovecycling.com\/wide\/wp-json\/wp\/v2\/global-categories?post=202718"}],"curies":[{"name":"wp","href":"https:\/\/api.w.org\/{rel}","templated":true}]}}